{"id":44556,"date":"2011-03-09T19:58:26","date_gmt":"2011-03-09T18:58:26","guid":{"rendered":"http:\/\/www.visit-ulcinj.com\/blog\/?p=44556"},"modified":"2011-03-09T19:58:49","modified_gmt":"2011-03-09T18:58:49","slug":"u-perfol-per-divorc-meda-serish-me-gruan-ne-publik","status":"publish","type":"post","link":"https:\/\/www.visit-ulcinj.com\/blog\/2011\/03\/09\/u-perfol-per-divorc-meda-serish-me-gruan-ne-publik\/","title":{"rendered":"U p\u00ebrfol p\u00ebr divorc, Meda s\u00ebrish me gruan n\u00eb publik"},"content":{"rendered":"<p><a href=\"http:\/\/www.visit-ulcinj.com\/blog\/wp-content\/uploads\/2011\/03\/Meda-_-Lulja.jpg\"><img loading=\"lazy\" class=\"alignleft size-full wp-image-44557\" title=\"Meda _ Lulja\" src=\"http:\/\/www.visit-ulcinj.com\/blog\/wp-content\/uploads\/2011\/03\/Meda-_-Lulja.jpg\" alt=\"\" width=\"508\" height=\"377\" \/><\/a>N\u00eb gusht t\u00eb vitit 2008 n\u00eb Kosov\u00eb u organizua nj\u00eb das\u00ebm glamuroze e menduar enkas p\u00ebr ceremonin\u00eb e martes\u00ebs s\u00eb hit k\u00ebng\u00ebtarit t\u00eb njohur kosovar Mehedin P\u00ebrgjegjaj, i njohur n\u00eb publik me emrin e artit Meda. Ceremonia zyrtare \u00ebsht\u00eb mbajtur n\u00eb hotel \u201cGrand\u201d n\u00eb qend\u00ebr t\u00eb Prishtin\u00ebs, nd\u00ebrsa aty kan\u00eb marr\u00eb pjes\u00eb nj\u00eb num\u00ebr i madh i koleg\u00ebve t\u00eb estrad\u00ebs. Meda \u00ebsht\u00eb i martuar me Lulen, nj\u00eb fanse e tij nga Kosova, por q\u00eb jeton n\u00eb Suedi, vend ku dhe jan\u00eb njohur \u00e7ifti, kur Meda ka mbajtur disa koncerte atje.<br \/>\nNj\u00eb vit pas martes\u00ebs, mediat n\u00eb Kosov\u00eb filluan t\u00eb hapin thashetheme duke th\u00ebn\u00eb q\u00eb Meda \u00ebsht\u00eb ndar\u00eb nga Lulja, e k\u00ebto fjal\u00eb bazoheshin n\u00eb at\u00eb se k\u00ebng\u00ebtari nuk shfaqej askundi p\u00ebrkrah bashk\u00ebshortes s\u00eb tij, dhe menj\u00ebher\u00eb m\u00eb pas filluan dyshimet n\u00ebs\u00eb v\u00ebrtet\u00eb Meda \u00ebsht\u00eb divorcuar. Dhe si p\u00ebr \u00e7udi k\u00ebto thashetheme nuk i ka mohuar asnj\u00ebher\u00eb Meda n\u00eb ndonj\u00eb intervist\u00eb t\u00eb tij, teksa ne zbulojm\u00eb se k\u00ebng\u00ebtari \u00ebsht\u00eb shfaqur p\u00ebrkrah Lules n\u00eb dasm\u00ebn e Edon\u00ebs (vajz\u00ebs s\u00eb Sinan Vllasaliut) n\u00eb dhjetor t\u00eb vitit t\u00eb kaluar. Meda njihet p\u00ebr zhanrin e tij tallava t\u00eb cilin e kultivon prej vitesh dhe si\u00e7 thuhet fal\u00eb k\u00ebtij zhanri ai \u00ebsht\u00eb pasuruar shum\u00eb dhe nj\u00ebri nga albumet e tij t\u00eb fundit ka pasur nj\u00eb shitje t\u00eb jasht\u00ebzakonshme n\u00eb Kosov\u00eb dhe diaspor\u00eb, duke u b\u00ebr\u00eb pjes\u00eb e historis\u00eb s\u00eb albumeve m\u00eb t\u00eb shitura t\u00eb muzik\u00ebs shqipe, e duke thyer rekord edhe nga albumet e k\u00ebng\u00ebtar\u00ebve m\u00eb t\u00eb njohur. Thuhet se n\u00eb vit Meda fiton deri n\u00eb 300 mij\u00eb euro, nd\u00ebrsa njihet dhe p\u00ebr humanitetin e tij t\u00eb cilin e ka shfaqur gjithmon\u00eb duke nd\u00ebrtuar sht\u00ebpi p\u00ebr familjet n\u00eb nevoj\u00eb.\u00a0\u00a0\u00a0\u00a0\u00a0 bl. Re<\/p>\n<p><strong> <\/strong><\/p>\n<p><strong>Panorama Plus<br \/>\n<!--YouTube Error: bad URL entered--><\/strong><\/p>\n","protected":false},"excerpt":{"rendered":"<p>N\u00eb gusht t\u00eb vitit 2008 n\u00eb Kosov\u00eb u organizua nj\u00eb das\u00ebm glamuroze e menduar enkas p\u00ebr ceremonin\u00eb e martes\u00ebs s\u00eb hit k\u00ebng\u00ebtarit t\u00eb njohur kosovar Mehedin P\u00ebrgjegjaj, i njohur n\u00eb publik me emrin e artit Meda. Ceremonia zyrtare \u00ebsht\u00eb mbajtur n\u00eb hotel \u201cGrand\u201d n\u00eb qend\u00ebr t\u00eb Prishtin\u00ebs, nd\u00ebrsa aty kan\u00eb marr\u00eb pjes\u00eb nj\u00eb num\u00ebr i [&hellip;]<\/p>\n","protected":false},"author":1,"featured_media":0,"comment_status":"open","ping_status":"closed","sticky":false,"template":"","format":"standard","meta":{"spay_email":"","jetpack_publicize_message":"","jetpack_is_tweetstorm":false,"jetpack_publicize_feature_enabled":true},"categories":[1],"tags":[17665,13346],"jetpack_publicize_connections":[],"yoast_head":"<!-- This site is optimized with the Yoast SEO plugin v19.1 - https:\/\/yoast.com\/wordpress\/plugins\/seo\/ -->\n<title>U p\u00ebrfol p\u00ebr divorc, Meda s\u00ebrish me gruan n\u00eb publik - Lajme nga Ulqini<\/title>\n<meta name=\"description\" content=\"N\u00eb gusht t\u00eb vitit 2008 n\u00eb Kosov\u00eb u organizua nj\u00eb das\u00ebm glamuroze e menduar enkas p\u00ebr ceremonin\u00eb e martes\u00ebs s\u00eb hit k\u00ebng\u00ebtarit t\u00eb njohur kosovar Mehedin\" \/>\n<meta name=\"robots\" content=\"index, follow, max-snippet:-1, max-image-preview:large, max-video-preview:-1\" \/>\n<link rel=\"canonical\" href=\"https:\/\/www.visit-ulcinj.com\/blog\/2011\/03\/09\/u-perfol-per-divorc-meda-serish-me-gruan-ne-publik\/\" \/>\n<meta property=\"og:locale\" content=\"en_US\" \/>\n<meta property=\"og:type\" content=\"article\" \/>\n<meta property=\"og:title\" content=\"U p\u00ebrfol p\u00ebr divorc, Meda s\u00ebrish me gruan n\u00eb publik - Lajme nga Ulqini\" \/>\n<meta property=\"og:description\" content=\"N\u00eb gusht t\u00eb vitit 2008 n\u00eb Kosov\u00eb u organizua nj\u00eb das\u00ebm glamuroze e menduar enkas p\u00ebr ceremonin\u00eb e martes\u00ebs s\u00eb hit k\u00ebng\u00ebtarit t\u00eb njohur kosovar Mehedin\" \/>\n<meta property=\"og:url\" content=\"https:\/\/www.visit-ulcinj.com\/blog\/2011\/03\/09\/u-perfol-per-divorc-meda-serish-me-gruan-ne-publik\/\" \/>\n<meta property=\"og:site_name\" content=\"Lajme nga Ulqini\" \/>\n<meta property=\"article:published_time\" content=\"2011-03-09T18:58:26+00:00\" \/>\n<meta property=\"article:modified_time\" content=\"2011-03-09T18:58:49+00:00\" \/>\n<meta property=\"og:image\" content=\"http:\/\/www.visit-ulcinj.com\/blog\/wp-content\/uploads\/2011\/03\/Meda-_-Lulja.jpg\" \/>\n<meta name=\"twitter:label1\" content=\"Written by\" \/>\n\t<meta name=\"twitter:data1\" content=\"ulqini\" \/>\n\t<meta name=\"twitter:label2\" content=\"Est. reading time\" \/>\n\t<meta name=\"twitter:data2\" content=\"2 minutes\" \/>\n<script type=\"application\/ld+json\" class=\"yoast-schema-graph\">{\"@context\":\"https:\/\/schema.org\",\"@graph\":[{\"@type\":\"WebSite\",\"@id\":\"https:\/\/www.visit-ulcinj.com\/blog\/#website\",\"url\":\"https:\/\/www.visit-ulcinj.com\/blog\/\",\"name\":\"Lajme nga Ulqini\",\"description\":\"Lajme,Vijesti,Ulqini,Ulqin,Crna Gora,Mali i Zi\",\"potentialAction\":[{\"@type\":\"SearchAction\",\"target\":{\"@type\":\"EntryPoint\",\"urlTemplate\":\"https:\/\/www.visit-ulcinj.com\/blog\/?s={search_term_string}\"},\"query-input\":\"required name=search_term_string\"}],\"inLanguage\":\"en-US\"},{\"@type\":\"ImageObject\",\"inLanguage\":\"en-US\",\"@id\":\"https:\/\/www.visit-ulcinj.com\/blog\/2011\/03\/09\/u-perfol-per-divorc-meda-serish-me-gruan-ne-publik\/#primaryimage\",\"url\":\"http:\/\/www.visit-ulcinj.com\/blog\/wp-content\/uploads\/2011\/03\/Meda-_-Lulja.jpg\",\"contentUrl\":\"http:\/\/www.visit-ulcinj.com\/blog\/wp-content\/uploads\/2011\/03\/Meda-_-Lulja.jpg\"},{\"@type\":\"WebPage\",\"@id\":\"https:\/\/www.visit-ulcinj.com\/blog\/2011\/03\/09\/u-perfol-per-divorc-meda-serish-me-gruan-ne-publik\/#webpage\",\"url\":\"https:\/\/www.visit-ulcinj.com\/blog\/2011\/03\/09\/u-perfol-per-divorc-meda-serish-me-gruan-ne-publik\/\",\"name\":\"U p\u00ebrfol p\u00ebr divorc, Meda s\u00ebrish me gruan n\u00eb publik - Lajme nga Ulqini\",\"isPartOf\":{\"@id\":\"https:\/\/www.visit-ulcinj.com\/blog\/#website\"},\"primaryImageOfPage\":{\"@id\":\"https:\/\/www.visit-ulcinj.com\/blog\/2011\/03\/09\/u-perfol-per-divorc-meda-serish-me-gruan-ne-publik\/#primaryimage\"},\"datePublished\":\"2011-03-09T18:58:26+00:00\",\"dateModified\":\"2011-03-09T18:58:49+00:00\",\"author\":{\"@id\":\"https:\/\/www.visit-ulcinj.com\/blog\/#\/schema\/person\/dcab619c614d3038751c63bc2aadc06d\"},\"description\":\"N\u00eb gusht t\u00eb vitit 2008 n\u00eb Kosov\u00eb u organizua nj\u00eb das\u00ebm glamuroze e menduar enkas p\u00ebr ceremonin\u00eb e martes\u00ebs s\u00eb hit k\u00ebng\u00ebtarit t\u00eb njohur kosovar Mehedin\",\"breadcrumb\":{\"@id\":\"https:\/\/www.visit-ulcinj.com\/blog\/2011\/03\/09\/u-perfol-per-divorc-meda-serish-me-gruan-ne-publik\/#breadcrumb\"},\"inLanguage\":\"en-US\",\"potentialAction\":[{\"@type\":\"ReadAction\",\"target\":[\"https:\/\/www.visit-ulcinj.com\/blog\/2011\/03\/09\/u-perfol-per-divorc-meda-serish-me-gruan-ne-publik\/\"]}]},{\"@type\":\"BreadcrumbList\",\"@id\":\"https:\/\/www.visit-ulcinj.com\/blog\/2011\/03\/09\/u-perfol-per-divorc-meda-serish-me-gruan-ne-publik\/#breadcrumb\",\"itemListElement\":[{\"@type\":\"ListItem\",\"position\":1,\"name\":\"U p\u00ebrfol p\u00ebr divorc, Meda s\u00ebrish me gruan n\u00eb publik\"}]},{\"@type\":\"Person\",\"@id\":\"https:\/\/www.visit-ulcinj.com\/blog\/#\/schema\/person\/dcab619c614d3038751c63bc2aadc06d\",\"name\":\"ulqini\",\"sameAs\":[\"http:\/\/www.visit-ulcinj.com\"],\"url\":\"https:\/\/www.visit-ulcinj.com\/blog\/author\/admin\/\"}]}<\/script>\n<!-- \/ Yoast SEO plugin. -->","yoast_head_json":{"title":"U p\u00ebrfol p\u00ebr divorc, Meda s\u00ebrish me gruan n\u00eb publik - Lajme nga Ulqini","description":"N\u00eb gusht t\u00eb vitit 2008 n\u00eb Kosov\u00eb u organizua nj\u00eb das\u00ebm glamuroze e menduar enkas p\u00ebr ceremonin\u00eb e martes\u00ebs s\u00eb hit k\u00ebng\u00ebtarit t\u00eb njohur kosovar Mehedin","robots":{"index":"index","follow":"follow","max-snippet":"max-snippet:-1","max-image-preview":"max-image-preview:large","max-video-preview":"max-video-preview:-1"},"canonical":"https:\/\/www.visit-ulcinj.com\/blog\/2011\/03\/09\/u-perfol-per-divorc-meda-serish-me-gruan-ne-publik\/","og_locale":"en_US","og_type":"article","og_title":"U p\u00ebrfol p\u00ebr divorc, Meda s\u00ebrish me gruan n\u00eb publik - Lajme nga Ulqini","og_description":"N\u00eb gusht t\u00eb vitit 2008 n\u00eb Kosov\u00eb u organizua nj\u00eb das\u00ebm glamuroze e menduar enkas p\u00ebr ceremonin\u00eb e martes\u00ebs s\u00eb hit k\u00ebng\u00ebtarit t\u00eb njohur kosovar Mehedin","og_url":"https:\/\/www.visit-ulcinj.com\/blog\/2011\/03\/09\/u-perfol-per-divorc-meda-serish-me-gruan-ne-publik\/","og_site_name":"Lajme nga Ulqini","article_published_time":"2011-03-09T18:58:26+00:00","article_modified_time":"2011-03-09T18:58:49+00:00","og_image":[{"url":"http:\/\/www.visit-ulcinj.com\/blog\/wp-content\/uploads\/2011\/03\/Meda-_-Lulja.jpg"}],"twitter_misc":{"Written by":"ulqini","Est. reading time":"2 minutes"},"schema":{"@context":"https:\/\/schema.org","@graph":[{"@type":"WebSite","@id":"https:\/\/www.visit-ulcinj.com\/blog\/#website","url":"https:\/\/www.visit-ulcinj.com\/blog\/","name":"Lajme nga Ulqini","description":"Lajme,Vijesti,Ulqini,Ulqin,Crna Gora,Mali i Zi","potentialAction":[{"@type":"SearchAction","target":{"@type":"EntryPoint","urlTemplate":"https:\/\/www.visit-ulcinj.com\/blog\/?s={search_term_string}"},"query-input":"required name=search_term_string"}],"inLanguage":"en-US"},{"@type":"ImageObject","inLanguage":"en-US","@id":"https:\/\/www.visit-ulcinj.com\/blog\/2011\/03\/09\/u-perfol-per-divorc-meda-serish-me-gruan-ne-publik\/#primaryimage","url":"http:\/\/www.visit-ulcinj.com\/blog\/wp-content\/uploads\/2011\/03\/Meda-_-Lulja.jpg","contentUrl":"http:\/\/www.visit-ulcinj.com\/blog\/wp-content\/uploads\/2011\/03\/Meda-_-Lulja.jpg"},{"@type":"WebPage","@id":"https:\/\/www.visit-ulcinj.com\/blog\/2011\/03\/09\/u-perfol-per-divorc-meda-serish-me-gruan-ne-publik\/#webpage","url":"https:\/\/www.visit-ulcinj.com\/blog\/2011\/03\/09\/u-perfol-per-divorc-meda-serish-me-gruan-ne-publik\/","name":"U p\u00ebrfol p\u00ebr divorc, Meda s\u00ebrish me gruan n\u00eb publik - Lajme nga Ulqini","isPartOf":{"@id":"https:\/\/www.visit-ulcinj.com\/blog\/#website"},"primaryImageOfPage":{"@id":"https:\/\/www.visit-ulcinj.com\/blog\/2011\/03\/09\/u-perfol-per-divorc-meda-serish-me-gruan-ne-publik\/#primaryimage"},"datePublished":"2011-03-09T18:58:26+00:00","dateModified":"2011-03-09T18:58:49+00:00","author":{"@id":"https:\/\/www.visit-ulcinj.com\/blog\/#\/schema\/person\/dcab619c614d3038751c63bc2aadc06d"},"description":"N\u00eb gusht t\u00eb vitit 2008 n\u00eb Kosov\u00eb u organizua nj\u00eb das\u00ebm glamuroze e menduar enkas p\u00ebr ceremonin\u00eb e martes\u00ebs s\u00eb hit k\u00ebng\u00ebtarit t\u00eb njohur kosovar Mehedin","breadcrumb":{"@id":"https:\/\/www.visit-ulcinj.com\/blog\/2011\/03\/09\/u-perfol-per-divorc-meda-serish-me-gruan-ne-publik\/#breadcrumb"},"inLanguage":"en-US","potentialAction":[{"@type":"ReadAction","target":["https:\/\/www.visit-ulcinj.com\/blog\/2011\/03\/09\/u-perfol-per-divorc-meda-serish-me-gruan-ne-publik\/"]}]},{"@type":"BreadcrumbList","@id":"https:\/\/www.visit-ulcinj.com\/blog\/2011\/03\/09\/u-perfol-per-divorc-meda-serish-me-gruan-ne-publik\/#breadcrumb","itemListElement":[{"@type":"ListItem","position":1,"name":"U p\u00ebrfol p\u00ebr divorc, Meda s\u00ebrish me gruan n\u00eb publik"}]},{"@type":"Person","@id":"https:\/\/www.visit-ulcinj.com\/blog\/#\/schema\/person\/dcab619c614d3038751c63bc2aadc06d","name":"ulqini","sameAs":["http:\/\/www.visit-ulcinj.com"],"url":"https:\/\/www.visit-ulcinj.com\/blog\/author\/admin\/"}]}},"jetpack_featured_media_url":"","jetpack_sharing_enabled":true,"jetpack_shortlink":"https:\/\/wp.me\/pe6lTn-bAE","_links":{"self":[{"href":"https:\/\/www.visit-ulcinj.com\/blog\/wp-json\/wp\/v2\/posts\/44556"}],"collection":[{"href":"https:\/\/www.visit-ulcinj.com\/blog\/wp-json\/wp\/v2\/posts"}],"about":[{"href":"https:\/\/www.visit-ulcinj.com\/blog\/wp-json\/wp\/v2\/types\/post"}],"author":[{"embeddable":true,"href":"https:\/\/www.visit-ulcinj.com\/blog\/wp-json\/wp\/v2\/users\/1"}],"replies":[{"embeddable":true,"href":"https:\/\/www.visit-ulcinj.com\/blog\/wp-json\/wp\/v2\/comments?post=44556"}],"version-history":[{"count":0,"href":"https:\/\/www.visit-ulcinj.com\/blog\/wp-json\/wp\/v2\/posts\/44556\/revisions"}],"wp:attachment":[{"href":"https:\/\/www.visit-ulcinj.com\/blog\/wp-json\/wp\/v2\/media?parent=44556"}],"wp:term":[{"taxonomy":"category","embeddable":true,"href":"https:\/\/www.visit-ulcinj.com\/blog\/wp-json\/wp\/v2\/categories?post=44556"},{"taxonomy":"post_tag","embeddable":true,"href":"https:\/\/www.visit-ulcinj.com\/blog\/wp-json\/wp\/v2\/tags?post=44556"}],"curies":[{"name":"wp","href":"https:\/\/api.w.org\/{rel}","templated":true}]}}