{"id":44572,"date":"2011-03-10T09:34:02","date_gmt":"2011-03-10T08:34:02","guid":{"rendered":"http:\/\/www.visit-ulcinj.com\/blog\/?p=44572"},"modified":"2011-05-02T11:23:16","modified_gmt":"2011-05-02T10:23:16","slug":"intervista-e-avokatit-z-sabri-sam-gjoni-ne-alba-life-tv-video","status":"publish","type":"post","link":"https:\/\/www.visit-ulcinj.com\/blog\/2011\/03\/10\/intervista-e-avokatit-z-sabri-sam-gjoni-ne-alba-life-tv-video\/","title":{"rendered":"Intervista e avokatit z. Sabri Sam Gjoni ne Alba Life TV &#8211; Video"},"content":{"rendered":"<p><strong><a href=\"http:\/\/www.visit-ulcinj.com\/blog\/wp-content\/uploads\/2011\/03\/Sabri-Sam-Gjoni.jpg\"><img loading=\"lazy\" class=\"alignleft size-full wp-image-44573\" title=\"Sabri Sam Gjoni,Amull, Ana Malit, Bojk\u00eb, Brajshe, bratic\u00eb, Colchinium, Darz\u00eb, Dragaj, Dulcigno, Dulcinea, eko sistemi, ekomia e malit te zi, Fraskanjell, Kalimani, katerkoll\u00eb, Klezna e Ep\u00ebrme, Klezna e Poshtme, Kod\u00ebr, Kolonza, Kosiq, kraja, Kravari, Kryth\u00eb, Leskovac, Lisna Bore, Mal i Bardh\u00eb, MALI I BRIS\u00cb, Mali i Zi, mbrojtja,Avokati, Megjure\u00e7, Mill\u00eb,Mozhur\u00eb, Olcinium, ostros, Pistull, Qurkaj, Rastish, Re\u00e7, Sal\u00e7, Shas, Sh\u00ebngjergj, Shtodh\u00ebr, Shtoji i Ep\u00ebrm, Shtoji i Posht\u00ebm, Sukobin\u00eb, Sutjell, tivar, ulcinj, Ulkinon, ulqin, ulqini, Valdanosi, Zogaj\" src=\"http:\/\/www.visit-ulcinj.com\/blog\/wp-content\/uploads\/2011\/03\/Sabri-Sam-Gjoni.jpg\" alt=\"Amull, ana malit, Bojk\u00eb, Brajshe, bratic\u00eb, Colchinium, Darz\u00eb, Dragaj, Dulcigno, Dulcinea, eko sistemi, ekomia e malit te zi, Fraskanjell, Kalimani, katerkoll\u00eb, Klezna e Ep\u00ebrme, Klezna e Poshtme, Kod\u00ebr, Kolonza, Kosiq, kraja, Kravari, Kryth\u00eb, Kuvendi Komunal i Ulqinit, Leskovac, Lisna Bore, Mal i Bardh\u00eb, MALI I BRIS\u00cb, Mali i Zi, mbrojtja, Megjure\u00e7, Mill\u00eb, Montenegro, Mozhur\u00eb, Njoftim, Olcinium, ostros, Peticioni per mbrojtjen e Valdanosit, Pistull, Qurkaj, Rastish, Re\u00e7, Sal\u00e7, Shas, Sh\u00ebngjergj, Shtodh\u00ebr, Shtoji i Ep\u00ebrm, Shtoji i Posht\u00ebm, Sukobin\u00eb, Sutjell, tivar, ulcinj, Ulkinon, ulqin, ulqini, Valdanosi, Zogaj\" width=\"508\" height=\"373\" srcset=\"https:\/\/www.visit-ulcinj.com\/blog\/wp-content\/uploads\/2011\/03\/Sabri-Sam-Gjoni.jpg 508w, https:\/\/www.visit-ulcinj.com\/blog\/wp-content\/uploads\/2011\/03\/Sabri-Sam-Gjoni-300x220.jpg 300w\" sizes=\"(max-width: 508px) 100vw, 508px\" \/><\/a>Sabri Sam Gjoni,\u00ebsht\u00eb avokat ku jeta e nj\u00eb intelektuali shqiptar nga Ulqini n\u00eb SHBA, konkretisht e nj\u00eb avokati asht shum\u00eb e v\u00ebshtir. Sa asht\u00eb gjetur intelektuali shqiptar\u00eb nga Ulqini q\u00eb asht\u00eb larguar nga vendlindja e tij\u00eb na tregon n\u00eb Intervist\u00eb.<\/strong><\/p>\n<p><strong>Sabri Sam Gjoni shprehet n\u00eb intervist\u00eb p\u00ebr Alba Life TV\u00a0:<\/strong><br \/>\nJeta e intelektualit shqiptar n\u00eb SHBA \u00ebsht\u00eb shum\u00eb e v\u00ebshtir\u00eb sepse duhet t\u00eb integrohesh si n\u00eb jet\u00ebn ekonomike, ashtu edhe n\u00eb jet\u00ebn politike. Gjithashtu duhet t\u2019i p\u00ebrshtatesh edhe shkollimit sepse ai ka nj\u00eb dallim t\u00eb madh me shkollimin ton\u00eb. Pastaj duhet ta njoh\u00ebsh mir\u00eb gjuh\u00ebn angleze.<br \/>\nT\u00eb punosh si avokat n\u00eb SHBA \u00ebsht\u00eb nj\u00eb pun\u00eb jasht\u00ebzakonisht e v\u00ebshtir\u00eb p\u00ebr arsye se konkurrenca \u00ebsht\u00eb shum\u00eb e madhe. Duhet t\u00eb b\u00ebsh \u201cluft\u00eb\u201d t\u00eb v\u00ebrtet\u00eb q\u00eb t\u00eb mund t\u00eb b\u00ebsh em\u00ebr.<br \/>\nN\u00ebse flas konkretisht p\u00ebr vete, duke shikuar mbrapa, pyes se si kam mundur ta kaloj at\u00eb rrug\u00eb sepse isha nd\u00ebr t\u00eb par\u00ebt q\u00eb e kam thyer akullin.<br \/>\nUn\u00eb kam d\u00ebshir\u00eb q\u00eb brezat e rinj ta ndjekin rrug\u00ebn time dhe t\u00eb mos jem un\u00eb i vetmuar sepse mua nuk m\u00eb g\u00ebzon kjo vetmi. Mua do t\u00eb m\u00eb g\u00ebzonte, p\u00ebr shembull, fakti sikur ta formonim shoqat\u00ebn intelektuale apo Dhom\u00ebn e Avokat\u00ebve Shqiptar\u00eb n\u00eb SHBA sepse n\u00eb k\u00ebt\u00eb m\u00ebnyr\u00eb kemi mund\u00ebsi t`i shk\u00ebmbejm\u00eb mendimet tona dhe do t\u00eb jemi m\u00eb t\u00eb fort\u00eb.<\/p>\n<p>Sabri Sam Gjoni \u00a0shprehet n\u00eb Alba Life TV\u00a0 se L\u00ebvizja \u201cAtdheu na Bashkon\u201d \u00ebsht\u00eb nj\u00eb organizat\u00eb mjaft e re, por ka q\u00ebllime dhe nj\u00eb program afatgjat\u00eb, q\u00eb n\u00ebse realizohet do t\u00eb jet\u00eb nj\u00eb gj\u00eb shum\u00eb pozitive p\u00ebr diaspor\u00ebn shqiptare. L\u00ebvizja ka d\u00ebshir\u00eb t`i bashkoj\u00eb t\u00eb gjitha forcat intelektuale, por edhe afarist\u00ebt shqiptar\u00eb, n\u00ebn nj\u00eb ombrell\u00eb, q\u00eb t`u p\u00ebrkushtohen problemeve n\u00eb atdhe.<br \/>\nL\u00ebvizja nuk \u00ebsht\u00eb krijuar p\u00ebr t\u00eb na ndihmuar neve n\u00eb SHBA, por ajo \u00ebsht\u00eb krijuar me q\u00ebllimin q\u00eb t\u00eb ket\u00eb kontakte m\u00eb t\u00eb shpeshta me v\u00ebllez\u00ebrit ton\u00eb q\u00eb gjenden sot n\u00eb Mal t\u00eb Zi. N\u00ebse L\u00ebvizja ia arrin q\u00ebllimit t\u00eb vet do t\u00eb b\u00ebj\u00eb shum\u00eb sepse n\u00ebse bashk\u00ebpunojm\u00eb me subjektet si ekonomike, ashtu edhe politike k\u00ebtu n\u00eb atdhe, duke gjetur mir\u00ebkuptim, at\u00ebher\u00eb mund ta \u00e7ojm\u00eb interesin komb\u00ebtar shum\u00eb lart.<\/p>\n<p>Sabri Sam Gjoni \u00a0flet gjithashtu n\u00eb bashkpunimin me z.Naser \u00c7obaj ku aj shprehet se eshte nji puntor i palodhur i \u00e7eshtjes shqiptare, qe me punen dhe kontributin e tij i jep gjallni shoqates ne te cilen ai punon. Ne i jemi mirenjohes atij dhe te gjithe atyre qe veprojne, qe ne nji menyre apo tjeter japin kontributin e vet, per te miren e popullit shqiptare.<\/p>\n<p><!--YouTube Error: bad URL entered--><br \/>\n<a href=\"http:\/\/www.visit-ulcinj.com\/blog\/wp-content\/uploads\/2011\/03\/Sabri_Sam_Gjoni_Avokati-juaj-ne-amerik.jpg\"><img loading=\"lazy\" class=\"alignleft size-full wp-image-46074\" title=\"Sabri_Sam_Gjoni_Avokati juaj ne amerik\" src=\"http:\/\/www.visit-ulcinj.com\/blog\/wp-content\/uploads\/2011\/03\/Sabri_Sam_Gjoni_Avokati-juaj-ne-amerik.jpg\" alt=\"\" width=\"508\" height=\"648\" srcset=\"https:\/\/www.visit-ulcinj.com\/blog\/wp-content\/uploads\/2011\/03\/Sabri_Sam_Gjoni_Avokati-juaj-ne-amerik.jpg 508w, https:\/\/www.visit-ulcinj.com\/blog\/wp-content\/uploads\/2011\/03\/Sabri_Sam_Gjoni_Avokati-juaj-ne-amerik-235x300.jpg 235w\" sizes=\"(max-width: 508px) 100vw, 508px\" \/><\/a><br \/>\n<span style=\"color: #ffffff;\">Amull, Ana Malit, Bojk\u00eb, Brajshe, bratic\u00eb, Darz\u00eb,Dragaj,Fraskanjell, Kalimani, Katerkoll\u00eb, Klezna, Kod\u00ebr, Kolonza, Kosiq, kraj\u00eb, Kravari, Kryth\u00eb, Leskovac, Lisna Bore, Mali i Zi,Megjure\u00e7, Mill\u00eb, Montenegro, Mozhur\u00eb, Ostros, Pistull, Qurkaj, Rastish, Re\u00e7, Sal\u00e7, Shas, Sh\u00ebngjergj, Shtodh\u00ebr, Shtoji,Sukobin\u00eb, Sutjell, ulqin,Zogaj<\/span><\/p>\n","protected":false},"excerpt":{"rendered":"<p>Sabri Sam Gjoni,\u00ebsht\u00eb avokat ku jeta e nj\u00eb intelektuali shqiptar nga Ulqini n\u00eb SHBA, konkretisht e nj\u00eb avokati asht shum\u00eb e v\u00ebshtir. Sa asht\u00eb gjetur intelektuali shqiptar\u00eb nga Ulqini q\u00eb asht\u00eb larguar nga vendlindja e tij\u00eb na tregon n\u00eb Intervist\u00eb. Sabri Sam Gjoni shprehet n\u00eb intervist\u00eb p\u00ebr Alba Life TV\u00a0: Jeta e intelektualit shqiptar n\u00eb [&hellip;]<\/p>\n","protected":false},"author":1,"featured_media":0,"comment_status":"open","ping_status":"closed","sticky":false,"template":"","format":"standard","meta":{"spay_email":"","jetpack_publicize_message":"","jetpack_is_tweetstorm":false,"jetpack_publicize_feature_enabled":true},"categories":[5],"tags":[17671,14351,212,17668,14353,14354,12340,17070,17071,14652,3642,13243,14358,17670,3506,214,14360,14361,14362,14363,3507,2158,3500,14364,119,3327,3512,17072,5116,95,17636,15141,14366,79,17073,1082,17074,1653,14367,14663,14368,14369,17669,14370,2083,14371,14372,17075,17076,17077,14375,1655,19,17078,200,18,561,14376],"jetpack_publicize_connections":[],"yoast_head":"<!-- This site is optimized with the Yoast SEO plugin v19.1 - https:\/\/yoast.com\/wordpress\/plugins\/seo\/ -->\n<title>Intervista e avokatit z. Sabri Sam Gjoni ne Alba Life TV - Video - Lajme nga Ulqini<\/title>\n<meta name=\"description\" content=\"Sabri Sam Gjoni,\u00ebsht\u00eb avokat ku jeta e nj\u00eb intelektuali shqiptar nga Ulqini n\u00eb SHBA, konkretisht e nj\u00eb avokati asht shum\u00eb e v\u00ebshtir. Sa asht\u00eb gjetur\" \/>\n<meta name=\"robots\" content=\"index, follow, max-snippet:-1, max-image-preview:large, max-video-preview:-1\" \/>\n<link rel=\"canonical\" href=\"https:\/\/www.visit-ulcinj.com\/blog\/2011\/03\/10\/intervista-e-avokatit-z-sabri-sam-gjoni-ne-alba-life-tv-video\/\" \/>\n<meta property=\"og:locale\" content=\"en_US\" \/>\n<meta property=\"og:type\" content=\"article\" \/>\n<meta property=\"og:title\" content=\"Intervista e avokatit z. Sabri Sam Gjoni ne Alba Life TV - Video - Lajme nga Ulqini\" \/>\n<meta property=\"og:description\" content=\"Sabri Sam Gjoni,\u00ebsht\u00eb avokat ku jeta e nj\u00eb intelektuali shqiptar nga Ulqini n\u00eb SHBA, konkretisht e nj\u00eb avokati asht shum\u00eb e v\u00ebshtir. Sa asht\u00eb gjetur\" \/>\n<meta property=\"og:url\" content=\"https:\/\/www.visit-ulcinj.com\/blog\/2011\/03\/10\/intervista-e-avokatit-z-sabri-sam-gjoni-ne-alba-life-tv-video\/\" \/>\n<meta property=\"og:site_name\" content=\"Lajme nga Ulqini\" \/>\n<meta property=\"article:published_time\" content=\"2011-03-10T08:34:02+00:00\" \/>\n<meta property=\"article:modified_time\" content=\"2011-05-02T10:23:16+00:00\" \/>\n<meta property=\"og:image\" content=\"http:\/\/www.visit-ulcinj.com\/blog\/wp-content\/uploads\/2011\/03\/Sabri-Sam-Gjoni.jpg\" \/>\n<meta name=\"twitter:label1\" content=\"Written by\" \/>\n\t<meta name=\"twitter:data1\" content=\"ulqini\" \/>\n\t<meta name=\"twitter:label2\" content=\"Est. reading time\" \/>\n\t<meta name=\"twitter:data2\" content=\"3 minutes\" \/>\n<script type=\"application\/ld+json\" class=\"yoast-schema-graph\">{\"@context\":\"https:\/\/schema.org\",\"@graph\":[{\"@type\":\"WebSite\",\"@id\":\"https:\/\/www.visit-ulcinj.com\/blog\/#website\",\"url\":\"https:\/\/www.visit-ulcinj.com\/blog\/\",\"name\":\"Lajme nga Ulqini\",\"description\":\"Lajme,Vijesti,Ulqini,Ulqin,Crna Gora,Mali i Zi\",\"potentialAction\":[{\"@type\":\"SearchAction\",\"target\":{\"@type\":\"EntryPoint\",\"urlTemplate\":\"https:\/\/www.visit-ulcinj.com\/blog\/?s={search_term_string}\"},\"query-input\":\"required name=search_term_string\"}],\"inLanguage\":\"en-US\"},{\"@type\":\"ImageObject\",\"inLanguage\":\"en-US\",\"@id\":\"https:\/\/www.visit-ulcinj.com\/blog\/2011\/03\/10\/intervista-e-avokatit-z-sabri-sam-gjoni-ne-alba-life-tv-video\/#primaryimage\",\"url\":\"https:\/\/www.visit-ulcinj.com\/blog\/wp-content\/uploads\/2011\/03\/Sabri-Sam-Gjoni.jpg\",\"contentUrl\":\"https:\/\/www.visit-ulcinj.com\/blog\/wp-content\/uploads\/2011\/03\/Sabri-Sam-Gjoni.jpg\",\"width\":\"508\",\"height\":\"373\",\"caption\":\"Amull, ana malit, Bojk\u00eb, Brajshe, bratic\u00eb, Colchinium, Darz\u00eb, Dragaj, Dulcigno, Dulcinea, eko sistemi, ekomia e malit te zi, Fraskanjell, Kalimani, katerkoll\u00eb, Klezna e Ep\u00ebrme, Klezna e Poshtme, Kod\u00ebr, Kolonza, Kosiq, kraja, Kravari, Kryth\u00eb, Kuvendi Komunal i Ulqinit, Leskovac, Lisna Bore, Mal i Bardh\u00eb, MALI I BRIS\u00cb, Mali i Zi, mbrojtja, Megjure\u00e7, Mill\u00eb, Montenegro, Mozhur\u00eb, Njoftim, Olcinium, ostros, Peticioni per mbrojtjen e Valdanosit, Pistull, Qurkaj, Rastish, Re\u00e7, Sal\u00e7, Shas, Sh\u00ebngjergj, Shtodh\u00ebr, Shtoji i Ep\u00ebrm, Shtoji i Posht\u00ebm, Sukobin\u00eb, Sutjell, tivar, ulcinj, Ulkinon, ulqin, ulqini, Valdanosi, Zogaj\"},{\"@type\":\"WebPage\",\"@id\":\"https:\/\/www.visit-ulcinj.com\/blog\/2011\/03\/10\/intervista-e-avokatit-z-sabri-sam-gjoni-ne-alba-life-tv-video\/#webpage\",\"url\":\"https:\/\/www.visit-ulcinj.com\/blog\/2011\/03\/10\/intervista-e-avokatit-z-sabri-sam-gjoni-ne-alba-life-tv-video\/\",\"name\":\"Intervista e avokatit z. Sabri Sam Gjoni ne Alba Life TV - Video - Lajme nga Ulqini\",\"isPartOf\":{\"@id\":\"https:\/\/www.visit-ulcinj.com\/blog\/#website\"},\"primaryImageOfPage\":{\"@id\":\"https:\/\/www.visit-ulcinj.com\/blog\/2011\/03\/10\/intervista-e-avokatit-z-sabri-sam-gjoni-ne-alba-life-tv-video\/#primaryimage\"},\"datePublished\":\"2011-03-10T08:34:02+00:00\",\"dateModified\":\"2011-05-02T10:23:16+00:00\",\"author\":{\"@id\":\"https:\/\/www.visit-ulcinj.com\/blog\/#\/schema\/person\/dcab619c614d3038751c63bc2aadc06d\"},\"description\":\"Sabri Sam Gjoni,\u00ebsht\u00eb avokat ku jeta e nj\u00eb intelektuali shqiptar nga Ulqini n\u00eb SHBA, konkretisht e nj\u00eb avokati asht shum\u00eb e v\u00ebshtir. Sa asht\u00eb gjetur\",\"breadcrumb\":{\"@id\":\"https:\/\/www.visit-ulcinj.com\/blog\/2011\/03\/10\/intervista-e-avokatit-z-sabri-sam-gjoni-ne-alba-life-tv-video\/#breadcrumb\"},\"inLanguage\":\"en-US\",\"potentialAction\":[{\"@type\":\"ReadAction\",\"target\":[\"https:\/\/www.visit-ulcinj.com\/blog\/2011\/03\/10\/intervista-e-avokatit-z-sabri-sam-gjoni-ne-alba-life-tv-video\/\"]}]},{\"@type\":\"BreadcrumbList\",\"@id\":\"https:\/\/www.visit-ulcinj.com\/blog\/2011\/03\/10\/intervista-e-avokatit-z-sabri-sam-gjoni-ne-alba-life-tv-video\/#breadcrumb\",\"itemListElement\":[{\"@type\":\"ListItem\",\"position\":1,\"name\":\"Intervista e avokatit z. Sabri Sam Gjoni ne Alba Life TV &#8211; Video\"}]},{\"@type\":\"Person\",\"@id\":\"https:\/\/www.visit-ulcinj.com\/blog\/#\/schema\/person\/dcab619c614d3038751c63bc2aadc06d\",\"name\":\"ulqini\",\"sameAs\":[\"http:\/\/www.visit-ulcinj.com\"],\"url\":\"https:\/\/www.visit-ulcinj.com\/blog\/author\/admin\/\"}]}<\/script>\n<!-- \/ Yoast SEO plugin. -->","yoast_head_json":{"title":"Intervista e avokatit z. Sabri Sam Gjoni ne Alba Life TV - Video - Lajme nga Ulqini","description":"Sabri Sam Gjoni,\u00ebsht\u00eb avokat ku jeta e nj\u00eb intelektuali shqiptar nga Ulqini n\u00eb SHBA, konkretisht e nj\u00eb avokati asht shum\u00eb e v\u00ebshtir. Sa asht\u00eb gjetur","robots":{"index":"index","follow":"follow","max-snippet":"max-snippet:-1","max-image-preview":"max-image-preview:large","max-video-preview":"max-video-preview:-1"},"canonical":"https:\/\/www.visit-ulcinj.com\/blog\/2011\/03\/10\/intervista-e-avokatit-z-sabri-sam-gjoni-ne-alba-life-tv-video\/","og_locale":"en_US","og_type":"article","og_title":"Intervista e avokatit z. Sabri Sam Gjoni ne Alba Life TV - Video - Lajme nga Ulqini","og_description":"Sabri Sam Gjoni,\u00ebsht\u00eb avokat ku jeta e nj\u00eb intelektuali shqiptar nga Ulqini n\u00eb SHBA, konkretisht e nj\u00eb avokati asht shum\u00eb e v\u00ebshtir. Sa asht\u00eb gjetur","og_url":"https:\/\/www.visit-ulcinj.com\/blog\/2011\/03\/10\/intervista-e-avokatit-z-sabri-sam-gjoni-ne-alba-life-tv-video\/","og_site_name":"Lajme nga Ulqini","article_published_time":"2011-03-10T08:34:02+00:00","article_modified_time":"2011-05-02T10:23:16+00:00","og_image":[{"url":"http:\/\/www.visit-ulcinj.com\/blog\/wp-content\/uploads\/2011\/03\/Sabri-Sam-Gjoni.jpg"}],"twitter_misc":{"Written by":"ulqini","Est. reading time":"3 minutes"},"schema":{"@context":"https:\/\/schema.org","@graph":[{"@type":"WebSite","@id":"https:\/\/www.visit-ulcinj.com\/blog\/#website","url":"https:\/\/www.visit-ulcinj.com\/blog\/","name":"Lajme nga Ulqini","description":"Lajme,Vijesti,Ulqini,Ulqin,Crna Gora,Mali i Zi","potentialAction":[{"@type":"SearchAction","target":{"@type":"EntryPoint","urlTemplate":"https:\/\/www.visit-ulcinj.com\/blog\/?s={search_term_string}"},"query-input":"required name=search_term_string"}],"inLanguage":"en-US"},{"@type":"ImageObject","inLanguage":"en-US","@id":"https:\/\/www.visit-ulcinj.com\/blog\/2011\/03\/10\/intervista-e-avokatit-z-sabri-sam-gjoni-ne-alba-life-tv-video\/#primaryimage","url":"https:\/\/www.visit-ulcinj.com\/blog\/wp-content\/uploads\/2011\/03\/Sabri-Sam-Gjoni.jpg","contentUrl":"https:\/\/www.visit-ulcinj.com\/blog\/wp-content\/uploads\/2011\/03\/Sabri-Sam-Gjoni.jpg","width":"508","height":"373","caption":"Amull, ana malit, Bojk\u00eb, Brajshe, bratic\u00eb, Colchinium, Darz\u00eb, Dragaj, Dulcigno, Dulcinea, eko sistemi, ekomia e malit te zi, Fraskanjell, Kalimani, katerkoll\u00eb, Klezna e Ep\u00ebrme, Klezna e Poshtme, Kod\u00ebr, Kolonza, Kosiq, kraja, Kravari, Kryth\u00eb, Kuvendi Komunal i Ulqinit, Leskovac, Lisna Bore, Mal i Bardh\u00eb, MALI I BRIS\u00cb, Mali i Zi, mbrojtja, Megjure\u00e7, Mill\u00eb, Montenegro, Mozhur\u00eb, Njoftim, Olcinium, ostros, Peticioni per mbrojtjen e Valdanosit, Pistull, Qurkaj, Rastish, Re\u00e7, Sal\u00e7, Shas, Sh\u00ebngjergj, Shtodh\u00ebr, Shtoji i Ep\u00ebrm, Shtoji i Posht\u00ebm, Sukobin\u00eb, Sutjell, tivar, ulcinj, Ulkinon, ulqin, ulqini, Valdanosi, Zogaj"},{"@type":"WebPage","@id":"https:\/\/www.visit-ulcinj.com\/blog\/2011\/03\/10\/intervista-e-avokatit-z-sabri-sam-gjoni-ne-alba-life-tv-video\/#webpage","url":"https:\/\/www.visit-ulcinj.com\/blog\/2011\/03\/10\/intervista-e-avokatit-z-sabri-sam-gjoni-ne-alba-life-tv-video\/","name":"Intervista e avokatit z. Sabri Sam Gjoni ne Alba Life TV - Video - Lajme nga Ulqini","isPartOf":{"@id":"https:\/\/www.visit-ulcinj.com\/blog\/#website"},"primaryImageOfPage":{"@id":"https:\/\/www.visit-ulcinj.com\/blog\/2011\/03\/10\/intervista-e-avokatit-z-sabri-sam-gjoni-ne-alba-life-tv-video\/#primaryimage"},"datePublished":"2011-03-10T08:34:02+00:00","dateModified":"2011-05-02T10:23:16+00:00","author":{"@id":"https:\/\/www.visit-ulcinj.com\/blog\/#\/schema\/person\/dcab619c614d3038751c63bc2aadc06d"},"description":"Sabri Sam Gjoni,\u00ebsht\u00eb avokat ku jeta e nj\u00eb intelektuali shqiptar nga Ulqini n\u00eb SHBA, konkretisht e nj\u00eb avokati asht shum\u00eb e v\u00ebshtir. Sa asht\u00eb gjetur","breadcrumb":{"@id":"https:\/\/www.visit-ulcinj.com\/blog\/2011\/03\/10\/intervista-e-avokatit-z-sabri-sam-gjoni-ne-alba-life-tv-video\/#breadcrumb"},"inLanguage":"en-US","potentialAction":[{"@type":"ReadAction","target":["https:\/\/www.visit-ulcinj.com\/blog\/2011\/03\/10\/intervista-e-avokatit-z-sabri-sam-gjoni-ne-alba-life-tv-video\/"]}]},{"@type":"BreadcrumbList","@id":"https:\/\/www.visit-ulcinj.com\/blog\/2011\/03\/10\/intervista-e-avokatit-z-sabri-sam-gjoni-ne-alba-life-tv-video\/#breadcrumb","itemListElement":[{"@type":"ListItem","position":1,"name":"Intervista e avokatit z. Sabri Sam Gjoni ne Alba Life TV &#8211; Video"}]},{"@type":"Person","@id":"https:\/\/www.visit-ulcinj.com\/blog\/#\/schema\/person\/dcab619c614d3038751c63bc2aadc06d","name":"ulqini","sameAs":["http:\/\/www.visit-ulcinj.com"],"url":"https:\/\/www.visit-ulcinj.com\/blog\/author\/admin\/"}]}},"jetpack_featured_media_url":"","jetpack_sharing_enabled":true,"jetpack_shortlink":"https:\/\/wp.me\/pe6lTn-bAU","_links":{"self":[{"href":"https:\/\/www.visit-ulcinj.com\/blog\/wp-json\/wp\/v2\/posts\/44572"}],"collection":[{"href":"https:\/\/www.visit-ulcinj.com\/blog\/wp-json\/wp\/v2\/posts"}],"about":[{"href":"https:\/\/www.visit-ulcinj.com\/blog\/wp-json\/wp\/v2\/types\/post"}],"author":[{"embeddable":true,"href":"https:\/\/www.visit-ulcinj.com\/blog\/wp-json\/wp\/v2\/users\/1"}],"replies":[{"embeddable":true,"href":"https:\/\/www.visit-ulcinj.com\/blog\/wp-json\/wp\/v2\/comments?post=44572"}],"version-history":[{"count":0,"href":"https:\/\/www.visit-ulcinj.com\/blog\/wp-json\/wp\/v2\/posts\/44572\/revisions"}],"wp:attachment":[{"href":"https:\/\/www.visit-ulcinj.com\/blog\/wp-json\/wp\/v2\/media?parent=44572"}],"wp:term":[{"taxonomy":"category","embeddable":true,"href":"https:\/\/www.visit-ulcinj.com\/blog\/wp-json\/wp\/v2\/categories?post=44572"},{"taxonomy":"post_tag","embeddable":true,"href":"https:\/\/www.visit-ulcinj.com\/blog\/wp-json\/wp\/v2\/tags?post=44572"}],"curies":[{"name":"wp","href":"https:\/\/api.w.org\/{rel}","templated":true}]}}