{"id":44581,"date":"2011-03-10T10:15:08","date_gmt":"2011-03-10T09:15:08","guid":{"rendered":"http:\/\/www.visit-ulcinj.com\/blog\/?p=44581"},"modified":"2011-03-10T10:17:40","modified_gmt":"2011-03-10T09:17:40","slug":"pavicevic-trazi-da-deponija-na-mozuru-bude-zavrsena-do-maja-2012","status":"publish","type":"post","link":"https:\/\/www.visit-ulcinj.com\/blog\/2011\/03\/10\/pavicevic-trazi-da-deponija-na-mozuru-bude-zavrsena-do-maja-2012\/","title":{"rendered":"Pavi\u0107evi\u0107 tra\u017ei da deponija na Mo\u017euru bude zavr\u0161ena do maja 2012"},"content":{"rendered":"<p><a href=\"http:\/\/www.visit-ulcinj.com\/blog\/wp-content\/uploads\/2010\/12\/na-brdu-Mozura-ulcinj-bar.jpg\"><img loading=\"lazy\" class=\"alignnone\" title=\"Deponija Bar_Ulcinj\" src=\"http:\/\/www.visit-ulcinj.com\/blog\/wp-content\/uploads\/2010\/12\/na-brdu-Mozura-ulcinj-bar.jpg\" alt=\"\" width=\"508\" height=\"360\" \/><\/a>Regionalna sanitarna deponija Mo\u017eura za op\u0161tine Bar i Ulcinj mora da bude u funkciji narednog maja, prije dolaska turista, ali i zato \u0161to se kredit Svjetske banke za gradnju mora povu\u0107i najkasnije do juna 2012.<\/p>\n<p>Izvo\u0111a\u010d, bosanska firma \u201cIntegral in\u017einjering\u201d, radi na tehni\u010dkoj dokumentaciji i pribavlja saglasnosti dr\u017eavnih slu\u017ebi, a radovi na terenu trebalo bi da po\u010dnu za 10-ak dana, re\u010deno je u Op\u0161tini Bar na prezentaciji tehni\u010dkih rje\u0161enja deponije.<\/p>\n<h4><a href=\"http:\/\/www.vijesti.me\/vijesti\/pavicevic-trazi-da-deponija-mozuru-bude-zavrsena-maja-2012-clanak-10025\" target=\"_blank\"><strong><strong>Pro\u010ditaj vijest do kraja &gt;&gt;Vijesti Online<\/p>\n<p><\/strong><\/strong><\/a><strong><strong><!--YouTube Error: bad URL entered--><\/strong><\/strong><a href=\"http:\/\/www.vijesti.me\/vijesti\/pavicevic-trazi-da-deponija-mozuru-bude-zavrsena-maja-2012-clanak-10025\" target=\"_blank\"><strong><strong><\/strong><\/strong><\/a><\/h4>\n","protected":false},"excerpt":{"rendered":"<p>Regionalna sanitarna deponija Mo\u017eura za op\u0161tine Bar i Ulcinj mora da bude u funkciji narednog maja, prije dolaska turista, ali i zato \u0161to se kredit Svjetske banke za gradnju mora povu\u0107i najkasnije do juna 2012. Izvo\u0111a\u010d, bosanska firma \u201cIntegral in\u017einjering\u201d, radi na tehni\u010dkoj dokumentaciji i pribavlja saglasnosti dr\u017eavnih slu\u017ebi, a radovi na terenu trebalo bi [&hellip;]<\/p>\n","protected":false},"author":1,"featured_media":0,"comment_status":"open","ping_status":"closed","sticky":false,"template":"","format":"standard","meta":{"spay_email":"","jetpack_publicize_message":"","jetpack_is_tweetstorm":false,"jetpack_publicize_feature_enabled":true},"categories":[8337],"tags":[748,5992,4205,749,19,3184],"jetpack_publicize_connections":[],"yoast_head":"<!-- This site is optimized with the Yoast SEO plugin v19.1 - https:\/\/yoast.com\/wordpress\/plugins\/seo\/ -->\n<title>Pavi\u0107evi\u0107 tra\u017ei da deponija na Mo\u017euru bude zavr\u0161ena do maja 2012 - Lajme nga Ulqini<\/title>\n<meta name=\"description\" content=\"Regionalna sanitarna deponija Mo\u017eura za op\u0161tine Bar i Ulcinj mora da bude u funkciji narednog maja, prije dolaska turista, ali i zato \u0161to se kredit\" \/>\n<meta name=\"robots\" content=\"index, follow, max-snippet:-1, max-image-preview:large, max-video-preview:-1\" \/>\n<link rel=\"canonical\" href=\"https:\/\/www.visit-ulcinj.com\/blog\/2011\/03\/10\/pavicevic-trazi-da-deponija-na-mozuru-bude-zavrsena-do-maja-2012\/\" \/>\n<meta property=\"og:locale\" content=\"en_US\" \/>\n<meta property=\"og:type\" content=\"article\" \/>\n<meta property=\"og:title\" content=\"Pavi\u0107evi\u0107 tra\u017ei da deponija na Mo\u017euru bude zavr\u0161ena do maja 2012 - Lajme nga Ulqini\" \/>\n<meta property=\"og:description\" content=\"Regionalna sanitarna deponija Mo\u017eura za op\u0161tine Bar i Ulcinj mora da bude u funkciji narednog maja, prije dolaska turista, ali i zato \u0161to se kredit\" \/>\n<meta property=\"og:url\" content=\"https:\/\/www.visit-ulcinj.com\/blog\/2011\/03\/10\/pavicevic-trazi-da-deponija-na-mozuru-bude-zavrsena-do-maja-2012\/\" \/>\n<meta property=\"og:site_name\" content=\"Lajme nga Ulqini\" \/>\n<meta property=\"article:published_time\" content=\"2011-03-10T09:15:08+00:00\" \/>\n<meta property=\"article:modified_time\" content=\"2011-03-10T09:17:40+00:00\" \/>\n<meta property=\"og:image\" content=\"http:\/\/www.visit-ulcinj.com\/blog\/wp-content\/uploads\/2010\/12\/na-brdu-Mozura-ulcinj-bar.jpg\" \/>\n<meta name=\"twitter:label1\" content=\"Written by\" \/>\n\t<meta name=\"twitter:data1\" content=\"ulqini\" \/>\n\t<meta name=\"twitter:label2\" content=\"Est. reading time\" \/>\n\t<meta name=\"twitter:data2\" content=\"1 minute\" \/>\n<script type=\"application\/ld+json\" class=\"yoast-schema-graph\">{\"@context\":\"https:\/\/schema.org\",\"@graph\":[{\"@type\":\"WebSite\",\"@id\":\"https:\/\/www.visit-ulcinj.com\/blog\/#website\",\"url\":\"https:\/\/www.visit-ulcinj.com\/blog\/\",\"name\":\"Lajme nga Ulqini\",\"description\":\"Lajme,Vijesti,Ulqini,Ulqin,Crna Gora,Mali i Zi\",\"potentialAction\":[{\"@type\":\"SearchAction\",\"target\":{\"@type\":\"EntryPoint\",\"urlTemplate\":\"https:\/\/www.visit-ulcinj.com\/blog\/?s={search_term_string}\"},\"query-input\":\"required name=search_term_string\"}],\"inLanguage\":\"en-US\"},{\"@type\":\"ImageObject\",\"inLanguage\":\"en-US\",\"@id\":\"https:\/\/www.visit-ulcinj.com\/blog\/2011\/03\/10\/pavicevic-trazi-da-deponija-na-mozuru-bude-zavrsena-do-maja-2012\/#primaryimage\",\"url\":\"https:\/\/www.visit-ulcinj.com\/blog\/wp-content\/uploads\/2010\/12\/na-brdu-Mozura-ulcinj-bar.jpg\",\"contentUrl\":\"https:\/\/www.visit-ulcinj.com\/blog\/wp-content\/uploads\/2010\/12\/na-brdu-Mozura-ulcinj-bar.jpg\",\"width\":\"859\",\"height\":\"601\"},{\"@type\":\"WebPage\",\"@id\":\"https:\/\/www.visit-ulcinj.com\/blog\/2011\/03\/10\/pavicevic-trazi-da-deponija-na-mozuru-bude-zavrsena-do-maja-2012\/#webpage\",\"url\":\"https:\/\/www.visit-ulcinj.com\/blog\/2011\/03\/10\/pavicevic-trazi-da-deponija-na-mozuru-bude-zavrsena-do-maja-2012\/\",\"name\":\"Pavi\u0107evi\u0107 tra\u017ei da deponija na Mo\u017euru bude zavr\u0161ena do maja 2012 - Lajme nga Ulqini\",\"isPartOf\":{\"@id\":\"https:\/\/www.visit-ulcinj.com\/blog\/#website\"},\"primaryImageOfPage\":{\"@id\":\"https:\/\/www.visit-ulcinj.com\/blog\/2011\/03\/10\/pavicevic-trazi-da-deponija-na-mozuru-bude-zavrsena-do-maja-2012\/#primaryimage\"},\"datePublished\":\"2011-03-10T09:15:08+00:00\",\"dateModified\":\"2011-03-10T09:17:40+00:00\",\"author\":{\"@id\":\"https:\/\/www.visit-ulcinj.com\/blog\/#\/schema\/person\/dcab619c614d3038751c63bc2aadc06d\"},\"description\":\"Regionalna sanitarna deponija Mo\u017eura za op\u0161tine Bar i Ulcinj mora da bude u funkciji narednog maja, prije dolaska turista, ali i zato \u0161to se kredit\",\"breadcrumb\":{\"@id\":\"https:\/\/www.visit-ulcinj.com\/blog\/2011\/03\/10\/pavicevic-trazi-da-deponija-na-mozuru-bude-zavrsena-do-maja-2012\/#breadcrumb\"},\"inLanguage\":\"en-US\",\"potentialAction\":[{\"@type\":\"ReadAction\",\"target\":[\"https:\/\/www.visit-ulcinj.com\/blog\/2011\/03\/10\/pavicevic-trazi-da-deponija-na-mozuru-bude-zavrsena-do-maja-2012\/\"]}]},{\"@type\":\"BreadcrumbList\",\"@id\":\"https:\/\/www.visit-ulcinj.com\/blog\/2011\/03\/10\/pavicevic-trazi-da-deponija-na-mozuru-bude-zavrsena-do-maja-2012\/#breadcrumb\",\"itemListElement\":[{\"@type\":\"ListItem\",\"position\":1,\"name\":\"Pavi\u0107evi\u0107 tra\u017ei da deponija na Mo\u017euru bude zavr\u0161ena do maja 2012\"}]},{\"@type\":\"Person\",\"@id\":\"https:\/\/www.visit-ulcinj.com\/blog\/#\/schema\/person\/dcab619c614d3038751c63bc2aadc06d\",\"name\":\"ulqini\",\"sameAs\":[\"http:\/\/www.visit-ulcinj.com\"],\"url\":\"https:\/\/www.visit-ulcinj.com\/blog\/author\/admin\/\"}]}<\/script>\n<!-- \/ Yoast SEO plugin. -->","yoast_head_json":{"title":"Pavi\u0107evi\u0107 tra\u017ei da deponija na Mo\u017euru bude zavr\u0161ena do maja 2012 - Lajme nga Ulqini","description":"Regionalna sanitarna deponija Mo\u017eura za op\u0161tine Bar i Ulcinj mora da bude u funkciji narednog maja, prije dolaska turista, ali i zato \u0161to se kredit","robots":{"index":"index","follow":"follow","max-snippet":"max-snippet:-1","max-image-preview":"max-image-preview:large","max-video-preview":"max-video-preview:-1"},"canonical":"https:\/\/www.visit-ulcinj.com\/blog\/2011\/03\/10\/pavicevic-trazi-da-deponija-na-mozuru-bude-zavrsena-do-maja-2012\/","og_locale":"en_US","og_type":"article","og_title":"Pavi\u0107evi\u0107 tra\u017ei da deponija na Mo\u017euru bude zavr\u0161ena do maja 2012 - Lajme nga Ulqini","og_description":"Regionalna sanitarna deponija Mo\u017eura za op\u0161tine Bar i Ulcinj mora da bude u funkciji narednog maja, prije dolaska turista, ali i zato \u0161to se kredit","og_url":"https:\/\/www.visit-ulcinj.com\/blog\/2011\/03\/10\/pavicevic-trazi-da-deponija-na-mozuru-bude-zavrsena-do-maja-2012\/","og_site_name":"Lajme nga Ulqini","article_published_time":"2011-03-10T09:15:08+00:00","article_modified_time":"2011-03-10T09:17:40+00:00","og_image":[{"url":"http:\/\/www.visit-ulcinj.com\/blog\/wp-content\/uploads\/2010\/12\/na-brdu-Mozura-ulcinj-bar.jpg"}],"twitter_misc":{"Written by":"ulqini","Est. reading time":"1 minute"},"schema":{"@context":"https:\/\/schema.org","@graph":[{"@type":"WebSite","@id":"https:\/\/www.visit-ulcinj.com\/blog\/#website","url":"https:\/\/www.visit-ulcinj.com\/blog\/","name":"Lajme nga Ulqini","description":"Lajme,Vijesti,Ulqini,Ulqin,Crna Gora,Mali i Zi","potentialAction":[{"@type":"SearchAction","target":{"@type":"EntryPoint","urlTemplate":"https:\/\/www.visit-ulcinj.com\/blog\/?s={search_term_string}"},"query-input":"required name=search_term_string"}],"inLanguage":"en-US"},{"@type":"ImageObject","inLanguage":"en-US","@id":"https:\/\/www.visit-ulcinj.com\/blog\/2011\/03\/10\/pavicevic-trazi-da-deponija-na-mozuru-bude-zavrsena-do-maja-2012\/#primaryimage","url":"https:\/\/www.visit-ulcinj.com\/blog\/wp-content\/uploads\/2010\/12\/na-brdu-Mozura-ulcinj-bar.jpg","contentUrl":"https:\/\/www.visit-ulcinj.com\/blog\/wp-content\/uploads\/2010\/12\/na-brdu-Mozura-ulcinj-bar.jpg","width":"859","height":"601"},{"@type":"WebPage","@id":"https:\/\/www.visit-ulcinj.com\/blog\/2011\/03\/10\/pavicevic-trazi-da-deponija-na-mozuru-bude-zavrsena-do-maja-2012\/#webpage","url":"https:\/\/www.visit-ulcinj.com\/blog\/2011\/03\/10\/pavicevic-trazi-da-deponija-na-mozuru-bude-zavrsena-do-maja-2012\/","name":"Pavi\u0107evi\u0107 tra\u017ei da deponija na Mo\u017euru bude zavr\u0161ena do maja 2012 - Lajme nga Ulqini","isPartOf":{"@id":"https:\/\/www.visit-ulcinj.com\/blog\/#website"},"primaryImageOfPage":{"@id":"https:\/\/www.visit-ulcinj.com\/blog\/2011\/03\/10\/pavicevic-trazi-da-deponija-na-mozuru-bude-zavrsena-do-maja-2012\/#primaryimage"},"datePublished":"2011-03-10T09:15:08+00:00","dateModified":"2011-03-10T09:17:40+00:00","author":{"@id":"https:\/\/www.visit-ulcinj.com\/blog\/#\/schema\/person\/dcab619c614d3038751c63bc2aadc06d"},"description":"Regionalna sanitarna deponija Mo\u017eura za op\u0161tine Bar i Ulcinj mora da bude u funkciji narednog maja, prije dolaska turista, ali i zato \u0161to se kredit","breadcrumb":{"@id":"https:\/\/www.visit-ulcinj.com\/blog\/2011\/03\/10\/pavicevic-trazi-da-deponija-na-mozuru-bude-zavrsena-do-maja-2012\/#breadcrumb"},"inLanguage":"en-US","potentialAction":[{"@type":"ReadAction","target":["https:\/\/www.visit-ulcinj.com\/blog\/2011\/03\/10\/pavicevic-trazi-da-deponija-na-mozuru-bude-zavrsena-do-maja-2012\/"]}]},{"@type":"BreadcrumbList","@id":"https:\/\/www.visit-ulcinj.com\/blog\/2011\/03\/10\/pavicevic-trazi-da-deponija-na-mozuru-bude-zavrsena-do-maja-2012\/#breadcrumb","itemListElement":[{"@type":"ListItem","position":1,"name":"Pavi\u0107evi\u0107 tra\u017ei da deponija na Mo\u017euru bude zavr\u0161ena do maja 2012"}]},{"@type":"Person","@id":"https:\/\/www.visit-ulcinj.com\/blog\/#\/schema\/person\/dcab619c614d3038751c63bc2aadc06d","name":"ulqini","sameAs":["http:\/\/www.visit-ulcinj.com"],"url":"https:\/\/www.visit-ulcinj.com\/blog\/author\/admin\/"}]}},"jetpack_featured_media_url":"","jetpack_sharing_enabled":true,"jetpack_shortlink":"https:\/\/wp.me\/pe6lTn-bB3","_links":{"self":[{"href":"https:\/\/www.visit-ulcinj.com\/blog\/wp-json\/wp\/v2\/posts\/44581"}],"collection":[{"href":"https:\/\/www.visit-ulcinj.com\/blog\/wp-json\/wp\/v2\/posts"}],"about":[{"href":"https:\/\/www.visit-ulcinj.com\/blog\/wp-json\/wp\/v2\/types\/post"}],"author":[{"embeddable":true,"href":"https:\/\/www.visit-ulcinj.com\/blog\/wp-json\/wp\/v2\/users\/1"}],"replies":[{"embeddable":true,"href":"https:\/\/www.visit-ulcinj.com\/blog\/wp-json\/wp\/v2\/comments?post=44581"}],"version-history":[{"count":0,"href":"https:\/\/www.visit-ulcinj.com\/blog\/wp-json\/wp\/v2\/posts\/44581\/revisions"}],"wp:attachment":[{"href":"https:\/\/www.visit-ulcinj.com\/blog\/wp-json\/wp\/v2\/media?parent=44581"}],"wp:term":[{"taxonomy":"category","embeddable":true,"href":"https:\/\/www.visit-ulcinj.com\/blog\/wp-json\/wp\/v2\/categories?post=44581"},{"taxonomy":"post_tag","embeddable":true,"href":"https:\/\/www.visit-ulcinj.com\/blog\/wp-json\/wp\/v2\/tags?post=44581"}],"curies":[{"name":"wp","href":"https:\/\/api.w.org\/{rel}","templated":true}]}}