{"id":44585,"date":"2011-03-10T20:49:03","date_gmt":"2011-03-10T19:49:03","guid":{"rendered":"http:\/\/www.visit-ulcinj.com\/blog\/?p=44585"},"modified":"2011-03-10T20:49:03","modified_gmt":"2011-03-10T19:49:03","slug":"damjanovic-vlada-spinovala-nvo-u-slucaju-valdanos","status":"publish","type":"post","link":"https:\/\/www.visit-ulcinj.com\/blog\/2011\/03\/10\/damjanovic-vlada-spinovala-nvo-u-slucaju-valdanos\/","title":{"rendered":"Damjanovi\u0107: Vlada spinovala NVO u slu\u010daju Valdanos"},"content":{"rendered":"<p><a href=\"http:\/\/www.visit-ulcinj.com\/blog\/wp-content\/uploads\/2011\/03\/valdanos_ulcinj.jpg\"><img loading=\"lazy\" class=\"alignleft size-full wp-image-44586\" title=\"valdanos_ulcinj\" src=\"http:\/\/www.visit-ulcinj.com\/blog\/wp-content\/uploads\/2011\/03\/valdanos_ulcinj.jpg\" alt=\"\" width=\"508\" height=\"316\" \/><\/a>Pritisak javnosti nije razlog zbog kog je propao tender za zakup Valdanosa.\u00a0Odgovornim se mogu smatrati tenderska komisija , odnosno vlada,jednoglasni su gosti nase danasnje emisije <strong>Vruce stolice<\/strong> \u2013direktor MIP-e Petar Ivanovic ,poslanik Alexandar Damjanovic I novinarka, Jadranka Rabrenovic.Napominju I da je bilo nekompetentnosti NVO sektora.<\/p>\n<p>Kako se prica sa Cubus luxom ne bi ponovila isticu da je neophodno uspostaviti stabilnost sistema , adekvatan zakonski ambijent I transparentnost privatizacionog procesa.<\/p>\n<p>Odgovornom za propast tendera za Valdanos , Petar Ivanovic smatra tendersku komisiju: \u2019\u2019Promjena uslova nije dobar signal investitorima bez obzira kako \u0107e to neko opravdati jer ako nekome date rok po tenderskim pravilima po 55 dana pa odjednom skratite na 10 dana, zna\u010di da to \u010dinite zbog nekog pritiska. A, ako \u0107emo na taj na\u010din da privla\u010dimo strane investitore, i kada do\u0111emo u situaciju da se pozivamo na razne vrste pritisaka, onda tu nema konzistentnog na\u010dina privla\u010denja investicija.\u2019\u2019<\/p>\n<h4><a href=\"http:\/\/antenam.net\/sajt\/index.php?option=com_content&amp;view=article&amp;id=3514:valdanos-kao-upozorenje&amp;catid=36:ekonomija&amp;Itemid=55\" target=\"_blank\"><strong><strong><strong><strong>Pro\u010ditaj vijest do kraja &gt;&gt; <\/strong><\/strong><\/strong><\/strong>Antena M<\/a><\/h4>\n<p><strong>RTCG &#8211; Otvoreno Online Video<\/strong><br \/>\n[flv width=&#8221;508&#8243; height=&#8221;390&#8243;]http:\/\/www.rtcg.me\/images\/biblioteka\/audio_video_arhiva\/otvoreno_07032011.flv[\/flv]<\/p>\n","protected":false},"excerpt":{"rendered":"<p>Pritisak javnosti nije razlog zbog kog je propao tender za zakup Valdanosa.\u00a0Odgovornim se mogu smatrati tenderska komisija , odnosno vlada,jednoglasni su gosti nase danasnje emisije Vruce stolice \u2013direktor MIP-e Petar Ivanovic ,poslanik Alexandar Damjanovic I novinarka, Jadranka Rabrenovic.Napominju I da je bilo nekompetentnosti NVO sektora. Kako se prica sa Cubus luxom ne bi ponovila isticu [&hellip;]<\/p>\n","protected":false},"author":1,"featured_media":0,"comment_status":"open","ping_status":"closed","sticky":false,"template":"","format":"standard","meta":{"spay_email":"","jetpack_publicize_message":"","jetpack_is_tweetstorm":false,"jetpack_publicize_feature_enabled":true},"categories":[8337],"tags":[19,136],"jetpack_publicize_connections":[],"yoast_head":"<!-- This site is optimized with the Yoast SEO plugin v19.1 - https:\/\/yoast.com\/wordpress\/plugins\/seo\/ -->\n<title>Damjanovi\u0107: Vlada spinovala NVO u slu\u010daju Valdanos - Lajme nga Ulqini<\/title>\n<meta name=\"description\" content=\"Pritisak javnosti nije razlog zbog kog je propao tender za zakup Valdanosa.\u00a0Odgovornim se mogu smatrati tenderska komisija , odnosno vlada,jednoglasni su\" \/>\n<meta name=\"robots\" content=\"index, follow, max-snippet:-1, max-image-preview:large, max-video-preview:-1\" \/>\n<link rel=\"canonical\" href=\"https:\/\/www.visit-ulcinj.com\/blog\/2011\/03\/10\/damjanovic-vlada-spinovala-nvo-u-slucaju-valdanos\/\" \/>\n<meta property=\"og:locale\" content=\"en_US\" \/>\n<meta property=\"og:type\" content=\"article\" \/>\n<meta property=\"og:title\" content=\"Damjanovi\u0107: Vlada spinovala NVO u slu\u010daju Valdanos - Lajme nga Ulqini\" \/>\n<meta property=\"og:description\" content=\"Pritisak javnosti nije razlog zbog kog je propao tender za zakup Valdanosa.\u00a0Odgovornim se mogu smatrati tenderska komisija , odnosno vlada,jednoglasni su\" \/>\n<meta property=\"og:url\" content=\"https:\/\/www.visit-ulcinj.com\/blog\/2011\/03\/10\/damjanovic-vlada-spinovala-nvo-u-slucaju-valdanos\/\" \/>\n<meta property=\"og:site_name\" content=\"Lajme nga Ulqini\" \/>\n<meta property=\"article:published_time\" content=\"2011-03-10T19:49:03+00:00\" \/>\n<meta property=\"og:image\" content=\"http:\/\/www.visit-ulcinj.com\/blog\/wp-content\/uploads\/2011\/03\/valdanos_ulcinj.jpg\" \/>\n<meta name=\"twitter:label1\" content=\"Written by\" \/>\n\t<meta name=\"twitter:data1\" content=\"ulqini\" \/>\n\t<meta name=\"twitter:label2\" content=\"Est. reading time\" \/>\n\t<meta name=\"twitter:data2\" content=\"1 minute\" \/>\n<script type=\"application\/ld+json\" class=\"yoast-schema-graph\">{\"@context\":\"https:\/\/schema.org\",\"@graph\":[{\"@type\":\"WebSite\",\"@id\":\"https:\/\/www.visit-ulcinj.com\/blog\/#website\",\"url\":\"https:\/\/www.visit-ulcinj.com\/blog\/\",\"name\":\"Lajme nga Ulqini\",\"description\":\"Lajme,Vijesti,Ulqini,Ulqin,Crna Gora,Mali i Zi\",\"potentialAction\":[{\"@type\":\"SearchAction\",\"target\":{\"@type\":\"EntryPoint\",\"urlTemplate\":\"https:\/\/www.visit-ulcinj.com\/blog\/?s={search_term_string}\"},\"query-input\":\"required name=search_term_string\"}],\"inLanguage\":\"en-US\"},{\"@type\":\"ImageObject\",\"inLanguage\":\"en-US\",\"@id\":\"https:\/\/www.visit-ulcinj.com\/blog\/2011\/03\/10\/damjanovic-vlada-spinovala-nvo-u-slucaju-valdanos\/#primaryimage\",\"url\":\"https:\/\/www.visit-ulcinj.com\/blog\/wp-content\/uploads\/2011\/03\/valdanos_ulcinj.jpg\",\"contentUrl\":\"https:\/\/www.visit-ulcinj.com\/blog\/wp-content\/uploads\/2011\/03\/valdanos_ulcinj.jpg\",\"width\":\"519\",\"height\":\"316\"},{\"@type\":\"WebPage\",\"@id\":\"https:\/\/www.visit-ulcinj.com\/blog\/2011\/03\/10\/damjanovic-vlada-spinovala-nvo-u-slucaju-valdanos\/#webpage\",\"url\":\"https:\/\/www.visit-ulcinj.com\/blog\/2011\/03\/10\/damjanovic-vlada-spinovala-nvo-u-slucaju-valdanos\/\",\"name\":\"Damjanovi\u0107: Vlada spinovala NVO u slu\u010daju Valdanos - Lajme nga Ulqini\",\"isPartOf\":{\"@id\":\"https:\/\/www.visit-ulcinj.com\/blog\/#website\"},\"primaryImageOfPage\":{\"@id\":\"https:\/\/www.visit-ulcinj.com\/blog\/2011\/03\/10\/damjanovic-vlada-spinovala-nvo-u-slucaju-valdanos\/#primaryimage\"},\"datePublished\":\"2011-03-10T19:49:03+00:00\",\"dateModified\":\"2011-03-10T19:49:03+00:00\",\"author\":{\"@id\":\"https:\/\/www.visit-ulcinj.com\/blog\/#\/schema\/person\/dcab619c614d3038751c63bc2aadc06d\"},\"description\":\"Pritisak javnosti nije razlog zbog kog je propao tender za zakup Valdanosa.\u00a0Odgovornim se mogu smatrati tenderska komisija , odnosno vlada,jednoglasni su\",\"breadcrumb\":{\"@id\":\"https:\/\/www.visit-ulcinj.com\/blog\/2011\/03\/10\/damjanovic-vlada-spinovala-nvo-u-slucaju-valdanos\/#breadcrumb\"},\"inLanguage\":\"en-US\",\"potentialAction\":[{\"@type\":\"ReadAction\",\"target\":[\"https:\/\/www.visit-ulcinj.com\/blog\/2011\/03\/10\/damjanovic-vlada-spinovala-nvo-u-slucaju-valdanos\/\"]}]},{\"@type\":\"BreadcrumbList\",\"@id\":\"https:\/\/www.visit-ulcinj.com\/blog\/2011\/03\/10\/damjanovic-vlada-spinovala-nvo-u-slucaju-valdanos\/#breadcrumb\",\"itemListElement\":[{\"@type\":\"ListItem\",\"position\":1,\"name\":\"Damjanovi\u0107: Vlada spinovala NVO u slu\u010daju Valdanos\"}]},{\"@type\":\"Person\",\"@id\":\"https:\/\/www.visit-ulcinj.com\/blog\/#\/schema\/person\/dcab619c614d3038751c63bc2aadc06d\",\"name\":\"ulqini\",\"sameAs\":[\"http:\/\/www.visit-ulcinj.com\"],\"url\":\"https:\/\/www.visit-ulcinj.com\/blog\/author\/admin\/\"}]}<\/script>\n<!-- \/ Yoast SEO plugin. -->","yoast_head_json":{"title":"Damjanovi\u0107: Vlada spinovala NVO u slu\u010daju Valdanos - Lajme nga Ulqini","description":"Pritisak javnosti nije razlog zbog kog je propao tender za zakup Valdanosa.\u00a0Odgovornim se mogu smatrati tenderska komisija , odnosno vlada,jednoglasni su","robots":{"index":"index","follow":"follow","max-snippet":"max-snippet:-1","max-image-preview":"max-image-preview:large","max-video-preview":"max-video-preview:-1"},"canonical":"https:\/\/www.visit-ulcinj.com\/blog\/2011\/03\/10\/damjanovic-vlada-spinovala-nvo-u-slucaju-valdanos\/","og_locale":"en_US","og_type":"article","og_title":"Damjanovi\u0107: Vlada spinovala NVO u slu\u010daju Valdanos - Lajme nga Ulqini","og_description":"Pritisak javnosti nije razlog zbog kog je propao tender za zakup Valdanosa.\u00a0Odgovornim se mogu smatrati tenderska komisija , odnosno vlada,jednoglasni su","og_url":"https:\/\/www.visit-ulcinj.com\/blog\/2011\/03\/10\/damjanovic-vlada-spinovala-nvo-u-slucaju-valdanos\/","og_site_name":"Lajme nga Ulqini","article_published_time":"2011-03-10T19:49:03+00:00","og_image":[{"url":"http:\/\/www.visit-ulcinj.com\/blog\/wp-content\/uploads\/2011\/03\/valdanos_ulcinj.jpg"}],"twitter_misc":{"Written by":"ulqini","Est. reading time":"1 minute"},"schema":{"@context":"https:\/\/schema.org","@graph":[{"@type":"WebSite","@id":"https:\/\/www.visit-ulcinj.com\/blog\/#website","url":"https:\/\/www.visit-ulcinj.com\/blog\/","name":"Lajme nga Ulqini","description":"Lajme,Vijesti,Ulqini,Ulqin,Crna Gora,Mali i Zi","potentialAction":[{"@type":"SearchAction","target":{"@type":"EntryPoint","urlTemplate":"https:\/\/www.visit-ulcinj.com\/blog\/?s={search_term_string}"},"query-input":"required name=search_term_string"}],"inLanguage":"en-US"},{"@type":"ImageObject","inLanguage":"en-US","@id":"https:\/\/www.visit-ulcinj.com\/blog\/2011\/03\/10\/damjanovic-vlada-spinovala-nvo-u-slucaju-valdanos\/#primaryimage","url":"https:\/\/www.visit-ulcinj.com\/blog\/wp-content\/uploads\/2011\/03\/valdanos_ulcinj.jpg","contentUrl":"https:\/\/www.visit-ulcinj.com\/blog\/wp-content\/uploads\/2011\/03\/valdanos_ulcinj.jpg","width":"519","height":"316"},{"@type":"WebPage","@id":"https:\/\/www.visit-ulcinj.com\/blog\/2011\/03\/10\/damjanovic-vlada-spinovala-nvo-u-slucaju-valdanos\/#webpage","url":"https:\/\/www.visit-ulcinj.com\/blog\/2011\/03\/10\/damjanovic-vlada-spinovala-nvo-u-slucaju-valdanos\/","name":"Damjanovi\u0107: Vlada spinovala NVO u slu\u010daju Valdanos - Lajme nga Ulqini","isPartOf":{"@id":"https:\/\/www.visit-ulcinj.com\/blog\/#website"},"primaryImageOfPage":{"@id":"https:\/\/www.visit-ulcinj.com\/blog\/2011\/03\/10\/damjanovic-vlada-spinovala-nvo-u-slucaju-valdanos\/#primaryimage"},"datePublished":"2011-03-10T19:49:03+00:00","dateModified":"2011-03-10T19:49:03+00:00","author":{"@id":"https:\/\/www.visit-ulcinj.com\/blog\/#\/schema\/person\/dcab619c614d3038751c63bc2aadc06d"},"description":"Pritisak javnosti nije razlog zbog kog je propao tender za zakup Valdanosa.\u00a0Odgovornim se mogu smatrati tenderska komisija , odnosno vlada,jednoglasni su","breadcrumb":{"@id":"https:\/\/www.visit-ulcinj.com\/blog\/2011\/03\/10\/damjanovic-vlada-spinovala-nvo-u-slucaju-valdanos\/#breadcrumb"},"inLanguage":"en-US","potentialAction":[{"@type":"ReadAction","target":["https:\/\/www.visit-ulcinj.com\/blog\/2011\/03\/10\/damjanovic-vlada-spinovala-nvo-u-slucaju-valdanos\/"]}]},{"@type":"BreadcrumbList","@id":"https:\/\/www.visit-ulcinj.com\/blog\/2011\/03\/10\/damjanovic-vlada-spinovala-nvo-u-slucaju-valdanos\/#breadcrumb","itemListElement":[{"@type":"ListItem","position":1,"name":"Damjanovi\u0107: Vlada spinovala NVO u slu\u010daju Valdanos"}]},{"@type":"Person","@id":"https:\/\/www.visit-ulcinj.com\/blog\/#\/schema\/person\/dcab619c614d3038751c63bc2aadc06d","name":"ulqini","sameAs":["http:\/\/www.visit-ulcinj.com"],"url":"https:\/\/www.visit-ulcinj.com\/blog\/author\/admin\/"}]}},"jetpack_featured_media_url":"","jetpack_sharing_enabled":true,"jetpack_shortlink":"https:\/\/wp.me\/pe6lTn-bB7","_links":{"self":[{"href":"https:\/\/www.visit-ulcinj.com\/blog\/wp-json\/wp\/v2\/posts\/44585"}],"collection":[{"href":"https:\/\/www.visit-ulcinj.com\/blog\/wp-json\/wp\/v2\/posts"}],"about":[{"href":"https:\/\/www.visit-ulcinj.com\/blog\/wp-json\/wp\/v2\/types\/post"}],"author":[{"embeddable":true,"href":"https:\/\/www.visit-ulcinj.com\/blog\/wp-json\/wp\/v2\/users\/1"}],"replies":[{"embeddable":true,"href":"https:\/\/www.visit-ulcinj.com\/blog\/wp-json\/wp\/v2\/comments?post=44585"}],"version-history":[{"count":0,"href":"https:\/\/www.visit-ulcinj.com\/blog\/wp-json\/wp\/v2\/posts\/44585\/revisions"}],"wp:attachment":[{"href":"https:\/\/www.visit-ulcinj.com\/blog\/wp-json\/wp\/v2\/media?parent=44585"}],"wp:term":[{"taxonomy":"category","embeddable":true,"href":"https:\/\/www.visit-ulcinj.com\/blog\/wp-json\/wp\/v2\/categories?post=44585"},{"taxonomy":"post_tag","embeddable":true,"href":"https:\/\/www.visit-ulcinj.com\/blog\/wp-json\/wp\/v2\/tags?post=44585"}],"curies":[{"name":"wp","href":"https:\/\/api.w.org\/{rel}","templated":true}]}}