{"id":44596,"date":"2011-03-11T09:13:16","date_gmt":"2011-03-11T08:13:16","guid":{"rendered":"http:\/\/www.visit-ulcinj.com\/blog\/?p=44596"},"modified":"2011-03-11T09:13:16","modified_gmt":"2011-03-11T08:13:16","slug":"ne-mal-te-zi-mund-te-mos-deklarohet-perkatesia-kombetare-e-fetare","status":"publish","type":"post","link":"https:\/\/www.visit-ulcinj.com\/blog\/2011\/03\/11\/ne-mal-te-zi-mund-te-mos-deklarohet-perkatesia-kombetare-e-fetare\/","title":{"rendered":"N\u00eb Mal t\u00eb Zi mund t\u00eb mos deklarohet p\u00ebrkat\u00ebsia komb\u00ebtare e fetare"},"content":{"rendered":"<p><a href=\"http:\/\/www.visit-ulcinj.com\/blog\/wp-content\/uploads\/2011\/03\/MonStat.jpg\"><img loading=\"lazy\" class=\"alignleft size-medium wp-image-44597\" title=\"MonStat\" src=\"http:\/\/www.visit-ulcinj.com\/blog\/wp-content\/uploads\/2011\/03\/MonStat-300x230.jpg\" alt=\"\" width=\"300\" height=\"230\" srcset=\"https:\/\/www.visit-ulcinj.com\/blog\/wp-content\/uploads\/2011\/03\/MonStat-300x230.jpg 300w, https:\/\/www.visit-ulcinj.com\/blog\/wp-content\/uploads\/2011\/03\/MonStat.jpg 662w\" sizes=\"(max-width: 300px) 100vw, 300px\" \/><\/a>Podgoric\u00eb, 10 mars &#8211; Edhe n\u00eb Malin e Zi jan\u00eb duke u zhvilluar debate lidhur me deklarimin e qytetar\u00ebve mbi p\u00ebrkat\u00ebsin\u00eb fetare dhe komb\u00ebtare n\u00eb procesin e regjistrimit t\u00eb popullsis\u00eb, i cili mbahet me 1 deri m\u00eb 15 prill. K\u00ebtu m\u00ebdyshjet shfaqen, duhet apo jo t\u00eb p\u00ebrgjigjet rreth p\u00ebrkat\u00ebsis\u00eb fetare dhe nacionale.<br \/>\nDrejtoresha e MONSTAT-it, Gordana Radojeviq thot\u00eb se pyetjet p\u00ebr fen\u00eb, kombin dhe sh\u00ebndetin nuk jan\u00eb obliguese p\u00ebr regjistruesin.<br \/>\nShqiptar\u00ebt nuk theksojn\u00eb ndonj\u00eb dilem\u00eb, ndon\u00ebse n\u00eb disa zona t\u00eb periferis\u00eb s\u00eb Tivarit, Podgoric\u00ebs, Tuzit dhe t\u00eb Plav\u00ebs, asimilimi e ka b\u00ebr\u00eb t\u00eb vet\u00ebm, mund t\u00eb ndodh t\u00eb deklarohen edhe pjes\u00ebtar\u00eb t\u00eb nacionalitetit kroat \/ elementi shqiptar katolik\/, ose mysliman\u00eb \/ shqiptar\u00ebt e zbritur pas viteve 60- t\u00eb shekullit t\u00eb kaluar nga mjedise malore etnikisht t\u00eb past\u00ebrta shqiptare n\u00eb lokalitete urbane. K\u00ebto luhatje hetohen n\u00eb Tivar, Podgoric\u00eb, Tuz, PLav\u00eb, Guci, madje edhe n\u00eb Rozhaj\u00eb.<br \/>\nFunksionari dhe deputeti i Partis\u00eb Demokratike t\u00eb Socialist\u00ebve, Miodrag Vukoviq thot\u00eb se \u201c disponimi i shumic\u00ebs politike n\u00eb Malin e Zi \u00ebsht\u00eb q\u00eb qytetar\u00ebt n\u00eb regjistrimin e ardhsh\u00ebm t\u00eb popullsis\u00eb duhet t\u00eb deklarojn\u00eb edhe p\u00ebrkat\u00ebsin\u00eb e tyre fetare dhe nacionale, p\u00ebrkat\u00ebsisht etnike.<br \/>\nAi kund\u00ebrshton propozimet e kund\u00ebrta q\u00eb rrjedhin nga partit\u00eb politike serbe dhe t\u00eb asociacionit, aksioni p\u00ebr t\u00eb drejtat e njeriut p\u00ebr vler\u00ebsimin e kushtetutshm\u00ebris\u00eb s\u00eb Ligjit mbi regjistrimin.<br \/>\nVukovic k\u00ebto iniciativa i quan t\u00eb panevojshme \u201cp\u00ebr t\u00eb mos shkaktuar debate dhe ndarje t\u00eb reja politike n\u00eb Malin e Zi.\u201d<br \/>\n\u201cKushtetuta nuk thot\u00eb se qytetar\u00ebt duhet t\u00eb deklarojn\u00eb p\u00ebrkat\u00ebsin\u00eb e tyre fetare\u201d,- mendon Vukoviq.<\/p>\n<p><strong>KOHA NET<\/strong><\/p>\n","protected":false},"excerpt":{"rendered":"<p>Podgoric\u00eb, 10 mars &#8211; Edhe n\u00eb Malin e Zi jan\u00eb duke u zhvilluar debate lidhur me deklarimin e qytetar\u00ebve mbi p\u00ebrkat\u00ebsin\u00eb fetare dhe komb\u00ebtare n\u00eb procesin e regjistrimit t\u00eb popullsis\u00eb, i cili mbahet me 1 deri m\u00eb 15 prill. K\u00ebtu m\u00ebdyshjet shfaqen, duhet apo jo t\u00eb p\u00ebrgjigjet rreth p\u00ebrkat\u00ebsis\u00eb fetare dhe nacionale. Drejtoresha e MONSTAT-it, [&hellip;]<\/p>\n","protected":false},"author":1,"featured_media":0,"comment_status":"open","ping_status":"closed","sticky":false,"template":"","format":"standard","meta":{"spay_email":"","jetpack_publicize_message":"","jetpack_is_tweetstorm":false,"jetpack_publicize_feature_enabled":true},"categories":[14],"tags":[95,13471,200,18],"jetpack_publicize_connections":[],"yoast_head":"<!-- This site is optimized with the Yoast SEO plugin v19.1 - https:\/\/yoast.com\/wordpress\/plugins\/seo\/ -->\n<title>N\u00eb Mal t\u00eb Zi mund t\u00eb mos deklarohet p\u00ebrkat\u00ebsia komb\u00ebtare e fetare - Lajme nga Ulqini<\/title>\n<meta name=\"description\" content=\"Podgoric\u00eb, 10 mars - Edhe n\u00eb Malin e Zi jan\u00eb duke u zhvilluar debate lidhur me deklarimin e qytetar\u00ebve mbi p\u00ebrkat\u00ebsin\u00eb fetare dhe komb\u00ebtare n\u00eb procesin e\" \/>\n<meta name=\"robots\" content=\"index, follow, max-snippet:-1, max-image-preview:large, max-video-preview:-1\" \/>\n<link rel=\"canonical\" href=\"https:\/\/www.visit-ulcinj.com\/blog\/2011\/03\/11\/ne-mal-te-zi-mund-te-mos-deklarohet-perkatesia-kombetare-e-fetare\/\" \/>\n<meta property=\"og:locale\" content=\"en_US\" \/>\n<meta property=\"og:type\" content=\"article\" \/>\n<meta property=\"og:title\" content=\"N\u00eb Mal t\u00eb Zi mund t\u00eb mos deklarohet p\u00ebrkat\u00ebsia komb\u00ebtare e fetare - Lajme nga Ulqini\" \/>\n<meta property=\"og:description\" content=\"Podgoric\u00eb, 10 mars - Edhe n\u00eb Malin e Zi jan\u00eb duke u zhvilluar debate lidhur me deklarimin e qytetar\u00ebve mbi p\u00ebrkat\u00ebsin\u00eb fetare dhe komb\u00ebtare n\u00eb procesin e\" \/>\n<meta property=\"og:url\" content=\"https:\/\/www.visit-ulcinj.com\/blog\/2011\/03\/11\/ne-mal-te-zi-mund-te-mos-deklarohet-perkatesia-kombetare-e-fetare\/\" \/>\n<meta property=\"og:site_name\" content=\"Lajme nga Ulqini\" \/>\n<meta property=\"article:published_time\" content=\"2011-03-11T08:13:16+00:00\" \/>\n<meta property=\"og:image\" content=\"http:\/\/www.visit-ulcinj.com\/blog\/wp-content\/uploads\/2011\/03\/MonStat-300x230.jpg\" \/>\n<meta name=\"twitter:label1\" content=\"Written by\" \/>\n\t<meta name=\"twitter:data1\" content=\"ulqini\" \/>\n\t<meta name=\"twitter:label2\" content=\"Est. reading time\" \/>\n\t<meta name=\"twitter:data2\" content=\"1 minute\" \/>\n<script type=\"application\/ld+json\" class=\"yoast-schema-graph\">{\"@context\":\"https:\/\/schema.org\",\"@graph\":[{\"@type\":\"WebSite\",\"@id\":\"https:\/\/www.visit-ulcinj.com\/blog\/#website\",\"url\":\"https:\/\/www.visit-ulcinj.com\/blog\/\",\"name\":\"Lajme nga Ulqini\",\"description\":\"Lajme,Vijesti,Ulqini,Ulqin,Crna Gora,Mali i Zi\",\"potentialAction\":[{\"@type\":\"SearchAction\",\"target\":{\"@type\":\"EntryPoint\",\"urlTemplate\":\"https:\/\/www.visit-ulcinj.com\/blog\/?s={search_term_string}\"},\"query-input\":\"required name=search_term_string\"}],\"inLanguage\":\"en-US\"},{\"@type\":\"ImageObject\",\"inLanguage\":\"en-US\",\"@id\":\"https:\/\/www.visit-ulcinj.com\/blog\/2011\/03\/11\/ne-mal-te-zi-mund-te-mos-deklarohet-perkatesia-kombetare-e-fetare\/#primaryimage\",\"url\":\"https:\/\/www.visit-ulcinj.com\/blog\/wp-content\/uploads\/2011\/03\/MonStat.jpg\",\"contentUrl\":\"https:\/\/www.visit-ulcinj.com\/blog\/wp-content\/uploads\/2011\/03\/MonStat.jpg\",\"width\":\"662\",\"height\":\"508\"},{\"@type\":\"WebPage\",\"@id\":\"https:\/\/www.visit-ulcinj.com\/blog\/2011\/03\/11\/ne-mal-te-zi-mund-te-mos-deklarohet-perkatesia-kombetare-e-fetare\/#webpage\",\"url\":\"https:\/\/www.visit-ulcinj.com\/blog\/2011\/03\/11\/ne-mal-te-zi-mund-te-mos-deklarohet-perkatesia-kombetare-e-fetare\/\",\"name\":\"N\u00eb Mal t\u00eb Zi mund t\u00eb mos deklarohet p\u00ebrkat\u00ebsia komb\u00ebtare e fetare - Lajme nga Ulqini\",\"isPartOf\":{\"@id\":\"https:\/\/www.visit-ulcinj.com\/blog\/#website\"},\"primaryImageOfPage\":{\"@id\":\"https:\/\/www.visit-ulcinj.com\/blog\/2011\/03\/11\/ne-mal-te-zi-mund-te-mos-deklarohet-perkatesia-kombetare-e-fetare\/#primaryimage\"},\"datePublished\":\"2011-03-11T08:13:16+00:00\",\"dateModified\":\"2011-03-11T08:13:16+00:00\",\"author\":{\"@id\":\"https:\/\/www.visit-ulcinj.com\/blog\/#\/schema\/person\/dcab619c614d3038751c63bc2aadc06d\"},\"description\":\"Podgoric\u00eb, 10 mars - Edhe n\u00eb Malin e Zi jan\u00eb duke u zhvilluar debate lidhur me deklarimin e qytetar\u00ebve mbi p\u00ebrkat\u00ebsin\u00eb fetare dhe komb\u00ebtare n\u00eb procesin e\",\"breadcrumb\":{\"@id\":\"https:\/\/www.visit-ulcinj.com\/blog\/2011\/03\/11\/ne-mal-te-zi-mund-te-mos-deklarohet-perkatesia-kombetare-e-fetare\/#breadcrumb\"},\"inLanguage\":\"en-US\",\"potentialAction\":[{\"@type\":\"ReadAction\",\"target\":[\"https:\/\/www.visit-ulcinj.com\/blog\/2011\/03\/11\/ne-mal-te-zi-mund-te-mos-deklarohet-perkatesia-kombetare-e-fetare\/\"]}]},{\"@type\":\"BreadcrumbList\",\"@id\":\"https:\/\/www.visit-ulcinj.com\/blog\/2011\/03\/11\/ne-mal-te-zi-mund-te-mos-deklarohet-perkatesia-kombetare-e-fetare\/#breadcrumb\",\"itemListElement\":[{\"@type\":\"ListItem\",\"position\":1,\"name\":\"N\u00eb Mal t\u00eb Zi mund t\u00eb mos deklarohet p\u00ebrkat\u00ebsia komb\u00ebtare e fetare\"}]},{\"@type\":\"Person\",\"@id\":\"https:\/\/www.visit-ulcinj.com\/blog\/#\/schema\/person\/dcab619c614d3038751c63bc2aadc06d\",\"name\":\"ulqini\",\"sameAs\":[\"http:\/\/www.visit-ulcinj.com\"],\"url\":\"https:\/\/www.visit-ulcinj.com\/blog\/author\/admin\/\"}]}<\/script>\n<!-- \/ Yoast SEO plugin. -->","yoast_head_json":{"title":"N\u00eb Mal t\u00eb Zi mund t\u00eb mos deklarohet p\u00ebrkat\u00ebsia komb\u00ebtare e fetare - Lajme nga Ulqini","description":"Podgoric\u00eb, 10 mars - Edhe n\u00eb Malin e Zi jan\u00eb duke u zhvilluar debate lidhur me deklarimin e qytetar\u00ebve mbi p\u00ebrkat\u00ebsin\u00eb fetare dhe komb\u00ebtare n\u00eb procesin e","robots":{"index":"index","follow":"follow","max-snippet":"max-snippet:-1","max-image-preview":"max-image-preview:large","max-video-preview":"max-video-preview:-1"},"canonical":"https:\/\/www.visit-ulcinj.com\/blog\/2011\/03\/11\/ne-mal-te-zi-mund-te-mos-deklarohet-perkatesia-kombetare-e-fetare\/","og_locale":"en_US","og_type":"article","og_title":"N\u00eb Mal t\u00eb Zi mund t\u00eb mos deklarohet p\u00ebrkat\u00ebsia komb\u00ebtare e fetare - Lajme nga Ulqini","og_description":"Podgoric\u00eb, 10 mars - Edhe n\u00eb Malin e Zi jan\u00eb duke u zhvilluar debate lidhur me deklarimin e qytetar\u00ebve mbi p\u00ebrkat\u00ebsin\u00eb fetare dhe komb\u00ebtare n\u00eb procesin e","og_url":"https:\/\/www.visit-ulcinj.com\/blog\/2011\/03\/11\/ne-mal-te-zi-mund-te-mos-deklarohet-perkatesia-kombetare-e-fetare\/","og_site_name":"Lajme nga Ulqini","article_published_time":"2011-03-11T08:13:16+00:00","og_image":[{"url":"http:\/\/www.visit-ulcinj.com\/blog\/wp-content\/uploads\/2011\/03\/MonStat-300x230.jpg"}],"twitter_misc":{"Written by":"ulqini","Est. reading time":"1 minute"},"schema":{"@context":"https:\/\/schema.org","@graph":[{"@type":"WebSite","@id":"https:\/\/www.visit-ulcinj.com\/blog\/#website","url":"https:\/\/www.visit-ulcinj.com\/blog\/","name":"Lajme nga Ulqini","description":"Lajme,Vijesti,Ulqini,Ulqin,Crna Gora,Mali i Zi","potentialAction":[{"@type":"SearchAction","target":{"@type":"EntryPoint","urlTemplate":"https:\/\/www.visit-ulcinj.com\/blog\/?s={search_term_string}"},"query-input":"required name=search_term_string"}],"inLanguage":"en-US"},{"@type":"ImageObject","inLanguage":"en-US","@id":"https:\/\/www.visit-ulcinj.com\/blog\/2011\/03\/11\/ne-mal-te-zi-mund-te-mos-deklarohet-perkatesia-kombetare-e-fetare\/#primaryimage","url":"https:\/\/www.visit-ulcinj.com\/blog\/wp-content\/uploads\/2011\/03\/MonStat.jpg","contentUrl":"https:\/\/www.visit-ulcinj.com\/blog\/wp-content\/uploads\/2011\/03\/MonStat.jpg","width":"662","height":"508"},{"@type":"WebPage","@id":"https:\/\/www.visit-ulcinj.com\/blog\/2011\/03\/11\/ne-mal-te-zi-mund-te-mos-deklarohet-perkatesia-kombetare-e-fetare\/#webpage","url":"https:\/\/www.visit-ulcinj.com\/blog\/2011\/03\/11\/ne-mal-te-zi-mund-te-mos-deklarohet-perkatesia-kombetare-e-fetare\/","name":"N\u00eb Mal t\u00eb Zi mund t\u00eb mos deklarohet p\u00ebrkat\u00ebsia komb\u00ebtare e fetare - Lajme nga Ulqini","isPartOf":{"@id":"https:\/\/www.visit-ulcinj.com\/blog\/#website"},"primaryImageOfPage":{"@id":"https:\/\/www.visit-ulcinj.com\/blog\/2011\/03\/11\/ne-mal-te-zi-mund-te-mos-deklarohet-perkatesia-kombetare-e-fetare\/#primaryimage"},"datePublished":"2011-03-11T08:13:16+00:00","dateModified":"2011-03-11T08:13:16+00:00","author":{"@id":"https:\/\/www.visit-ulcinj.com\/blog\/#\/schema\/person\/dcab619c614d3038751c63bc2aadc06d"},"description":"Podgoric\u00eb, 10 mars - Edhe n\u00eb Malin e Zi jan\u00eb duke u zhvilluar debate lidhur me deklarimin e qytetar\u00ebve mbi p\u00ebrkat\u00ebsin\u00eb fetare dhe komb\u00ebtare n\u00eb procesin e","breadcrumb":{"@id":"https:\/\/www.visit-ulcinj.com\/blog\/2011\/03\/11\/ne-mal-te-zi-mund-te-mos-deklarohet-perkatesia-kombetare-e-fetare\/#breadcrumb"},"inLanguage":"en-US","potentialAction":[{"@type":"ReadAction","target":["https:\/\/www.visit-ulcinj.com\/blog\/2011\/03\/11\/ne-mal-te-zi-mund-te-mos-deklarohet-perkatesia-kombetare-e-fetare\/"]}]},{"@type":"BreadcrumbList","@id":"https:\/\/www.visit-ulcinj.com\/blog\/2011\/03\/11\/ne-mal-te-zi-mund-te-mos-deklarohet-perkatesia-kombetare-e-fetare\/#breadcrumb","itemListElement":[{"@type":"ListItem","position":1,"name":"N\u00eb Mal t\u00eb Zi mund t\u00eb mos deklarohet p\u00ebrkat\u00ebsia komb\u00ebtare e fetare"}]},{"@type":"Person","@id":"https:\/\/www.visit-ulcinj.com\/blog\/#\/schema\/person\/dcab619c614d3038751c63bc2aadc06d","name":"ulqini","sameAs":["http:\/\/www.visit-ulcinj.com"],"url":"https:\/\/www.visit-ulcinj.com\/blog\/author\/admin\/"}]}},"jetpack_featured_media_url":"","jetpack_sharing_enabled":true,"jetpack_shortlink":"https:\/\/wp.me\/pe6lTn-bBi","_links":{"self":[{"href":"https:\/\/www.visit-ulcinj.com\/blog\/wp-json\/wp\/v2\/posts\/44596"}],"collection":[{"href":"https:\/\/www.visit-ulcinj.com\/blog\/wp-json\/wp\/v2\/posts"}],"about":[{"href":"https:\/\/www.visit-ulcinj.com\/blog\/wp-json\/wp\/v2\/types\/post"}],"author":[{"embeddable":true,"href":"https:\/\/www.visit-ulcinj.com\/blog\/wp-json\/wp\/v2\/users\/1"}],"replies":[{"embeddable":true,"href":"https:\/\/www.visit-ulcinj.com\/blog\/wp-json\/wp\/v2\/comments?post=44596"}],"version-history":[{"count":0,"href":"https:\/\/www.visit-ulcinj.com\/blog\/wp-json\/wp\/v2\/posts\/44596\/revisions"}],"wp:attachment":[{"href":"https:\/\/www.visit-ulcinj.com\/blog\/wp-json\/wp\/v2\/media?parent=44596"}],"wp:term":[{"taxonomy":"category","embeddable":true,"href":"https:\/\/www.visit-ulcinj.com\/blog\/wp-json\/wp\/v2\/categories?post=44596"},{"taxonomy":"post_tag","embeddable":true,"href":"https:\/\/www.visit-ulcinj.com\/blog\/wp-json\/wp\/v2\/tags?post=44596"}],"curies":[{"name":"wp","href":"https:\/\/api.w.org\/{rel}","templated":true}]}}