{"id":44617,"date":"2011-03-11T14:33:55","date_gmt":"2011-03-11T13:33:55","guid":{"rendered":"http:\/\/www.visit-ulcinj.com\/blog\/?p=44617"},"modified":"2011-03-11T14:33:55","modified_gmt":"2011-03-11T13:33:55","slug":"noizy-ha-me-dy-luge-edhe-ciljeten-edhe-eni-kocin","status":"publish","type":"post","link":"https:\/\/www.visit-ulcinj.com\/blog\/2011\/03\/11\/noizy-ha-me-dy-luge-edhe-ciljeten-edhe-eni-kocin\/","title":{"rendered":"Noizy ha me dy lug\u00eb, edhe \u00c7iljet\u00ebn, edhe Eni Ko\u00e7in"},"content":{"rendered":"<p><a href=\"http:\/\/www.visit-ulcinj.com\/blog\/wp-content\/uploads\/2011\/03\/NOIZY_KOCI_CAPITAL-T.jpg\"><img loading=\"lazy\" class=\"alignleft size-medium wp-image-44618\" title=\"NOIZY_KOCI_CAPITAL T\" src=\"http:\/\/www.visit-ulcinj.com\/blog\/wp-content\/uploads\/2011\/03\/NOIZY_KOCI_CAPITAL-T-246x300.jpg\" alt=\"\" width=\"300\" height=\"400\" \/><\/a>Nj\u00eb nga reper\u00ebt m\u00eb t\u00eb njohur dhe m\u00eb t\u00eb diskutuar n\u00eb Shqip\u00ebri, Noizy, duket se i paska pik\u00eb t\u00eb dob\u00ebt bashk\u00ebpunimet dhe po i \u201cshfryt\u00ebzon\u201d shum\u00eb mir\u00eb njohjet n\u00eb muzik\u00eb. Ai e ka kuptuar q\u00eb vet\u00ebm me hip-hop v\u00ebshtir\u00eb t\u00eb b\u00ebsh p\u00ebr vete fansat e t\u00eb gjitha gjinive, ndaj me duetet godet m\u00eb mir\u00eb n\u00eb shenj\u00eb, aq m\u00eb tep\u00ebr kur b\u00ebhet fjal\u00eb p\u00ebr k\u00ebng\u00ebtare seksi q\u00eb t\u00ebrheqin audienc\u00ebn.<\/p>\n<p>Strategjia e tij duket mjaft efikase\u2026 Ai e nisi mbar\u00eb me Rozana Radin, e cila n\u00eb nj\u00eb far\u00eb m\u00ebnyre e promovoi, m\u00eb pas u tha p\u00ebr nj\u00eb k\u00ebng\u00eb me Genta Ismajlin, nd\u00ebrsa k\u00ebto dit\u00eb ai \u00ebsht\u00eb n\u00eb p\u00ebrgatitje e sip\u00ebr t\u00eb nj\u00eb k\u00ebnge t\u00eb re me klip me Eni Ko\u00e7in, motr\u00ebn e vog\u00ebl t\u00eb Gret\u00ebs, e cila e ka nisur mbar\u00eb karrier\u00ebn muzikore. Vet\u00eb Eni ka th\u00ebn\u00eb q\u00eb k\u00ebnga do t\u00eb jet\u00eb shum\u00eb \u201chot\u201d, s\u00eb bashku me videon p\u00ebrkat\u00ebse. Ende pa mbaruar k\u00ebt\u00eb k\u00ebng\u00eb, ai po punon p\u00ebr nj\u00eb tjet\u00ebr me k\u00ebng\u00ebtaren seksi, \u00c7iljeta, e cila k\u00ebto koh\u00eb po ushtrohet p\u00ebr pjes\u00ebmarrjen e saj n\u00eb show-n \u201cDancing with the stars\u201d, nd\u00ebrsa n\u00eb pritje, t\u00eb parashikuar n\u00eb axhend\u00ebn e saj, ka edhe nj\u00eb bashk\u00ebpunim me Besnikun e 2PO2. Nga sa \u00ebsht\u00eb m\u00ebsuar deri m\u00eb tani, klipi i k\u00ebng\u00ebs s\u00eb \u00c7ilit dhe Noizyt, do t\u2019i ngjaj\u00eb nj\u00eb aventure kriminel\u00ebsh, t\u00eb cil\u00ebt bien n\u00eb dashuri me nj\u00ebri-tjetrin gjat\u00eb nj\u00eb prej \u201cveprave\u201d t\u00eb tyre. Sipas \u00c7iljet\u00ebs, k\u00ebnga do t\u00eb shnd\u00ebrrohet shum\u00eb shpejt n\u00eb hit. Le t\u00eb presim e t\u00eb shohim se cili nga dy bashk\u00ebpunimet do jet\u00eb m\u00eb \u201chot\u201d\u2026 Nga ana tjet\u00ebr, rivali m\u00eb i fort\u00eb i Noizy-t, t\u00eb pakt\u00ebn brenda kufijve t\u00eb Shqip\u00ebris\u00eb, Stresi, sapo ka marr\u00eb pjes\u00eb n\u00eb Top Fest 8, n\u00eb nj\u00eb bashk\u00ebpunim me Ronela Hajatin, e cila \u00ebsht\u00eb gjithashtu nj\u00eb nga z\u00ebrat e rinj q\u00eb premton shum\u00eb. Edhe kjo k\u00ebng\u00eb, sikurse n\u00eb rastin e Noizy-\u00c7iljeta, mban firm\u00ebn e Flori Mumajesit.<\/p>\n<p><strong>Gazeta Standard<br \/>\n<!--YouTube Error: bad URL entered--><\/strong><\/p>\n","protected":false},"excerpt":{"rendered":"<p>Nj\u00eb nga reper\u00ebt m\u00eb t\u00eb njohur dhe m\u00eb t\u00eb diskutuar n\u00eb Shqip\u00ebri, Noizy, duket se i paska pik\u00eb t\u00eb dob\u00ebt bashk\u00ebpunimet dhe po i \u201cshfryt\u00ebzon\u201d shum\u00eb mir\u00eb njohjet n\u00eb muzik\u00eb. Ai e ka kuptuar q\u00eb vet\u00ebm me hip-hop v\u00ebshtir\u00eb t\u00eb b\u00ebsh p\u00ebr vete fansat e t\u00eb gjitha gjinive, ndaj me duetet godet m\u00eb mir\u00eb n\u00eb [&hellip;]<\/p>\n","protected":false},"author":1,"featured_media":0,"comment_status":"open","ping_status":"closed","sticky":false,"template":"","format":"standard","meta":{"spay_email":"","jetpack_publicize_message":"","jetpack_is_tweetstorm":false,"jetpack_publicize_feature_enabled":true},"categories":[1],"tags":[12181],"jetpack_publicize_connections":[],"yoast_head":"<!-- This site is optimized with the Yoast SEO plugin v19.1 - https:\/\/yoast.com\/wordpress\/plugins\/seo\/ -->\n<title>Noizy ha me dy lug\u00eb, edhe \u00c7iljet\u00ebn, edhe Eni Ko\u00e7in - Lajme nga Ulqini<\/title>\n<meta name=\"description\" content=\"Nj\u00eb nga reper\u00ebt m\u00eb t\u00eb njohur dhe m\u00eb t\u00eb diskutuar n\u00eb Shqip\u00ebri, Noizy, duket se i paska pik\u00eb t\u00eb dob\u00ebt bashk\u00ebpunimet dhe po i \u201cshfryt\u00ebzon\u201d shum\u00eb mir\u00eb njohjet\" \/>\n<meta name=\"robots\" content=\"index, follow, max-snippet:-1, max-image-preview:large, max-video-preview:-1\" \/>\n<link rel=\"canonical\" href=\"https:\/\/www.visit-ulcinj.com\/blog\/2011\/03\/11\/noizy-ha-me-dy-luge-edhe-ciljeten-edhe-eni-kocin\/\" \/>\n<meta property=\"og:locale\" content=\"en_US\" \/>\n<meta property=\"og:type\" content=\"article\" \/>\n<meta property=\"og:title\" content=\"Noizy ha me dy lug\u00eb, edhe \u00c7iljet\u00ebn, edhe Eni Ko\u00e7in - Lajme nga Ulqini\" \/>\n<meta property=\"og:description\" content=\"Nj\u00eb nga reper\u00ebt m\u00eb t\u00eb njohur dhe m\u00eb t\u00eb diskutuar n\u00eb Shqip\u00ebri, Noizy, duket se i paska pik\u00eb t\u00eb dob\u00ebt bashk\u00ebpunimet dhe po i \u201cshfryt\u00ebzon\u201d shum\u00eb mir\u00eb njohjet\" \/>\n<meta property=\"og:url\" content=\"https:\/\/www.visit-ulcinj.com\/blog\/2011\/03\/11\/noizy-ha-me-dy-luge-edhe-ciljeten-edhe-eni-kocin\/\" \/>\n<meta property=\"og:site_name\" content=\"Lajme nga Ulqini\" \/>\n<meta property=\"article:published_time\" content=\"2011-03-11T13:33:55+00:00\" \/>\n<meta property=\"og:image\" content=\"http:\/\/www.visit-ulcinj.com\/blog\/wp-content\/uploads\/2011\/03\/NOIZY_KOCI_CAPITAL-T-246x300.jpg\" \/>\n<meta name=\"twitter:label1\" content=\"Written by\" \/>\n\t<meta name=\"twitter:data1\" content=\"ulqini\" \/>\n\t<meta name=\"twitter:label2\" content=\"Est. reading time\" \/>\n\t<meta name=\"twitter:data2\" content=\"2 minutes\" \/>\n<script type=\"application\/ld+json\" class=\"yoast-schema-graph\">{\"@context\":\"https:\/\/schema.org\",\"@graph\":[{\"@type\":\"WebSite\",\"@id\":\"https:\/\/www.visit-ulcinj.com\/blog\/#website\",\"url\":\"https:\/\/www.visit-ulcinj.com\/blog\/\",\"name\":\"Lajme nga Ulqini\",\"description\":\"Lajme,Vijesti,Ulqini,Ulqin,Crna Gora,Mali i Zi\",\"potentialAction\":[{\"@type\":\"SearchAction\",\"target\":{\"@type\":\"EntryPoint\",\"urlTemplate\":\"https:\/\/www.visit-ulcinj.com\/blog\/?s={search_term_string}\"},\"query-input\":\"required name=search_term_string\"}],\"inLanguage\":\"en-US\"},{\"@type\":\"ImageObject\",\"inLanguage\":\"en-US\",\"@id\":\"https:\/\/www.visit-ulcinj.com\/blog\/2011\/03\/11\/noizy-ha-me-dy-luge-edhe-ciljeten-edhe-eni-kocin\/#primaryimage\",\"url\":\"http:\/\/www.visit-ulcinj.com\/blog\/wp-content\/uploads\/2011\/03\/NOIZY_KOCI_CAPITAL-T-246x300.jpg\",\"contentUrl\":\"http:\/\/www.visit-ulcinj.com\/blog\/wp-content\/uploads\/2011\/03\/NOIZY_KOCI_CAPITAL-T-246x300.jpg\"},{\"@type\":\"WebPage\",\"@id\":\"https:\/\/www.visit-ulcinj.com\/blog\/2011\/03\/11\/noizy-ha-me-dy-luge-edhe-ciljeten-edhe-eni-kocin\/#webpage\",\"url\":\"https:\/\/www.visit-ulcinj.com\/blog\/2011\/03\/11\/noizy-ha-me-dy-luge-edhe-ciljeten-edhe-eni-kocin\/\",\"name\":\"Noizy ha me dy lug\u00eb, edhe \u00c7iljet\u00ebn, edhe Eni Ko\u00e7in - Lajme nga Ulqini\",\"isPartOf\":{\"@id\":\"https:\/\/www.visit-ulcinj.com\/blog\/#website\"},\"primaryImageOfPage\":{\"@id\":\"https:\/\/www.visit-ulcinj.com\/blog\/2011\/03\/11\/noizy-ha-me-dy-luge-edhe-ciljeten-edhe-eni-kocin\/#primaryimage\"},\"datePublished\":\"2011-03-11T13:33:55+00:00\",\"dateModified\":\"2011-03-11T13:33:55+00:00\",\"author\":{\"@id\":\"https:\/\/www.visit-ulcinj.com\/blog\/#\/schema\/person\/dcab619c614d3038751c63bc2aadc06d\"},\"description\":\"Nj\u00eb nga reper\u00ebt m\u00eb t\u00eb njohur dhe m\u00eb t\u00eb diskutuar n\u00eb Shqip\u00ebri, Noizy, duket se i paska pik\u00eb t\u00eb dob\u00ebt bashk\u00ebpunimet dhe po i \u201cshfryt\u00ebzon\u201d shum\u00eb mir\u00eb njohjet\",\"breadcrumb\":{\"@id\":\"https:\/\/www.visit-ulcinj.com\/blog\/2011\/03\/11\/noizy-ha-me-dy-luge-edhe-ciljeten-edhe-eni-kocin\/#breadcrumb\"},\"inLanguage\":\"en-US\",\"potentialAction\":[{\"@type\":\"ReadAction\",\"target\":[\"https:\/\/www.visit-ulcinj.com\/blog\/2011\/03\/11\/noizy-ha-me-dy-luge-edhe-ciljeten-edhe-eni-kocin\/\"]}]},{\"@type\":\"BreadcrumbList\",\"@id\":\"https:\/\/www.visit-ulcinj.com\/blog\/2011\/03\/11\/noizy-ha-me-dy-luge-edhe-ciljeten-edhe-eni-kocin\/#breadcrumb\",\"itemListElement\":[{\"@type\":\"ListItem\",\"position\":1,\"name\":\"Noizy ha me dy lug\u00eb, edhe \u00c7iljet\u00ebn, edhe Eni Ko\u00e7in\"}]},{\"@type\":\"Person\",\"@id\":\"https:\/\/www.visit-ulcinj.com\/blog\/#\/schema\/person\/dcab619c614d3038751c63bc2aadc06d\",\"name\":\"ulqini\",\"sameAs\":[\"http:\/\/www.visit-ulcinj.com\"],\"url\":\"https:\/\/www.visit-ulcinj.com\/blog\/author\/admin\/\"}]}<\/script>\n<!-- \/ Yoast SEO plugin. -->","yoast_head_json":{"title":"Noizy ha me dy lug\u00eb, edhe \u00c7iljet\u00ebn, edhe Eni Ko\u00e7in - Lajme nga Ulqini","description":"Nj\u00eb nga reper\u00ebt m\u00eb t\u00eb njohur dhe m\u00eb t\u00eb diskutuar n\u00eb Shqip\u00ebri, Noizy, duket se i paska pik\u00eb t\u00eb dob\u00ebt bashk\u00ebpunimet dhe po i \u201cshfryt\u00ebzon\u201d shum\u00eb mir\u00eb njohjet","robots":{"index":"index","follow":"follow","max-snippet":"max-snippet:-1","max-image-preview":"max-image-preview:large","max-video-preview":"max-video-preview:-1"},"canonical":"https:\/\/www.visit-ulcinj.com\/blog\/2011\/03\/11\/noizy-ha-me-dy-luge-edhe-ciljeten-edhe-eni-kocin\/","og_locale":"en_US","og_type":"article","og_title":"Noizy ha me dy lug\u00eb, edhe \u00c7iljet\u00ebn, edhe Eni Ko\u00e7in - Lajme nga Ulqini","og_description":"Nj\u00eb nga reper\u00ebt m\u00eb t\u00eb njohur dhe m\u00eb t\u00eb diskutuar n\u00eb Shqip\u00ebri, Noizy, duket se i paska pik\u00eb t\u00eb dob\u00ebt bashk\u00ebpunimet dhe po i \u201cshfryt\u00ebzon\u201d shum\u00eb mir\u00eb njohjet","og_url":"https:\/\/www.visit-ulcinj.com\/blog\/2011\/03\/11\/noizy-ha-me-dy-luge-edhe-ciljeten-edhe-eni-kocin\/","og_site_name":"Lajme nga Ulqini","article_published_time":"2011-03-11T13:33:55+00:00","og_image":[{"url":"http:\/\/www.visit-ulcinj.com\/blog\/wp-content\/uploads\/2011\/03\/NOIZY_KOCI_CAPITAL-T-246x300.jpg"}],"twitter_misc":{"Written by":"ulqini","Est. reading time":"2 minutes"},"schema":{"@context":"https:\/\/schema.org","@graph":[{"@type":"WebSite","@id":"https:\/\/www.visit-ulcinj.com\/blog\/#website","url":"https:\/\/www.visit-ulcinj.com\/blog\/","name":"Lajme nga Ulqini","description":"Lajme,Vijesti,Ulqini,Ulqin,Crna Gora,Mali i Zi","potentialAction":[{"@type":"SearchAction","target":{"@type":"EntryPoint","urlTemplate":"https:\/\/www.visit-ulcinj.com\/blog\/?s={search_term_string}"},"query-input":"required name=search_term_string"}],"inLanguage":"en-US"},{"@type":"ImageObject","inLanguage":"en-US","@id":"https:\/\/www.visit-ulcinj.com\/blog\/2011\/03\/11\/noizy-ha-me-dy-luge-edhe-ciljeten-edhe-eni-kocin\/#primaryimage","url":"http:\/\/www.visit-ulcinj.com\/blog\/wp-content\/uploads\/2011\/03\/NOIZY_KOCI_CAPITAL-T-246x300.jpg","contentUrl":"http:\/\/www.visit-ulcinj.com\/blog\/wp-content\/uploads\/2011\/03\/NOIZY_KOCI_CAPITAL-T-246x300.jpg"},{"@type":"WebPage","@id":"https:\/\/www.visit-ulcinj.com\/blog\/2011\/03\/11\/noizy-ha-me-dy-luge-edhe-ciljeten-edhe-eni-kocin\/#webpage","url":"https:\/\/www.visit-ulcinj.com\/blog\/2011\/03\/11\/noizy-ha-me-dy-luge-edhe-ciljeten-edhe-eni-kocin\/","name":"Noizy ha me dy lug\u00eb, edhe \u00c7iljet\u00ebn, edhe Eni Ko\u00e7in - Lajme nga Ulqini","isPartOf":{"@id":"https:\/\/www.visit-ulcinj.com\/blog\/#website"},"primaryImageOfPage":{"@id":"https:\/\/www.visit-ulcinj.com\/blog\/2011\/03\/11\/noizy-ha-me-dy-luge-edhe-ciljeten-edhe-eni-kocin\/#primaryimage"},"datePublished":"2011-03-11T13:33:55+00:00","dateModified":"2011-03-11T13:33:55+00:00","author":{"@id":"https:\/\/www.visit-ulcinj.com\/blog\/#\/schema\/person\/dcab619c614d3038751c63bc2aadc06d"},"description":"Nj\u00eb nga reper\u00ebt m\u00eb t\u00eb njohur dhe m\u00eb t\u00eb diskutuar n\u00eb Shqip\u00ebri, Noizy, duket se i paska pik\u00eb t\u00eb dob\u00ebt bashk\u00ebpunimet dhe po i \u201cshfryt\u00ebzon\u201d shum\u00eb mir\u00eb njohjet","breadcrumb":{"@id":"https:\/\/www.visit-ulcinj.com\/blog\/2011\/03\/11\/noizy-ha-me-dy-luge-edhe-ciljeten-edhe-eni-kocin\/#breadcrumb"},"inLanguage":"en-US","potentialAction":[{"@type":"ReadAction","target":["https:\/\/www.visit-ulcinj.com\/blog\/2011\/03\/11\/noizy-ha-me-dy-luge-edhe-ciljeten-edhe-eni-kocin\/"]}]},{"@type":"BreadcrumbList","@id":"https:\/\/www.visit-ulcinj.com\/blog\/2011\/03\/11\/noizy-ha-me-dy-luge-edhe-ciljeten-edhe-eni-kocin\/#breadcrumb","itemListElement":[{"@type":"ListItem","position":1,"name":"Noizy ha me dy lug\u00eb, edhe \u00c7iljet\u00ebn, edhe Eni Ko\u00e7in"}]},{"@type":"Person","@id":"https:\/\/www.visit-ulcinj.com\/blog\/#\/schema\/person\/dcab619c614d3038751c63bc2aadc06d","name":"ulqini","sameAs":["http:\/\/www.visit-ulcinj.com"],"url":"https:\/\/www.visit-ulcinj.com\/blog\/author\/admin\/"}]}},"jetpack_featured_media_url":"","jetpack_sharing_enabled":true,"jetpack_shortlink":"https:\/\/wp.me\/pe6lTn-bBD","_links":{"self":[{"href":"https:\/\/www.visit-ulcinj.com\/blog\/wp-json\/wp\/v2\/posts\/44617"}],"collection":[{"href":"https:\/\/www.visit-ulcinj.com\/blog\/wp-json\/wp\/v2\/posts"}],"about":[{"href":"https:\/\/www.visit-ulcinj.com\/blog\/wp-json\/wp\/v2\/types\/post"}],"author":[{"embeddable":true,"href":"https:\/\/www.visit-ulcinj.com\/blog\/wp-json\/wp\/v2\/users\/1"}],"replies":[{"embeddable":true,"href":"https:\/\/www.visit-ulcinj.com\/blog\/wp-json\/wp\/v2\/comments?post=44617"}],"version-history":[{"count":0,"href":"https:\/\/www.visit-ulcinj.com\/blog\/wp-json\/wp\/v2\/posts\/44617\/revisions"}],"wp:attachment":[{"href":"https:\/\/www.visit-ulcinj.com\/blog\/wp-json\/wp\/v2\/media?parent=44617"}],"wp:term":[{"taxonomy":"category","embeddable":true,"href":"https:\/\/www.visit-ulcinj.com\/blog\/wp-json\/wp\/v2\/categories?post=44617"},{"taxonomy":"post_tag","embeddable":true,"href":"https:\/\/www.visit-ulcinj.com\/blog\/wp-json\/wp\/v2\/tags?post=44617"}],"curies":[{"name":"wp","href":"https:\/\/api.w.org\/{rel}","templated":true}]}}