{"id":44620,"date":"2011-03-11T15:47:21","date_gmt":"2011-03-11T14:47:21","guid":{"rendered":"http:\/\/www.visit-ulcinj.com\/blog\/?p=44620"},"modified":"2011-03-11T15:51:24","modified_gmt":"2011-03-11T14:51:24","slug":"shqiptarja-edita-abdiu-realizon-duet-me-ricky-martin","status":"publish","type":"post","link":"https:\/\/www.visit-ulcinj.com\/blog\/2011\/03\/11\/shqiptarja-edita-abdiu-realizon-duet-me-ricky-martin\/","title":{"rendered":"Shqiptarja Edita Abdiu realizon duet me Ricky Martin"},"content":{"rendered":"<p><a href=\"http:\/\/www.visit-ulcinj.com\/blog\/wp-content\/uploads\/2011\/03\/Edita-Abdiu-Abdieski_Ricky-Martin.jpg\"><img loading=\"lazy\" class=\"alignleft size-full wp-image-44621\" title=\"Edita Abdiu -Abdieski_Ricky Martin\" src=\"http:\/\/www.visit-ulcinj.com\/blog\/wp-content\/uploads\/2011\/03\/Edita-Abdiu-Abdieski_Ricky-Martin.jpg\" alt=\"\" width=\"508\" height=\"330\" \/><\/a>K\u00ebnga m\u00eb e re e yllit bot\u00ebror \u201cThe Best Thing About Me Is You\u201d ka koh\u00eb q\u00eb \u00ebsht\u00eb lansuar n\u00ebp\u00ebr mediet e njohura n\u00eb bot\u00eb, por p\u00ebr tregun gjerman, k\u00ebng\u00ebtari nga Porto-Riko ka zgjedhur shqiptaren Abdiu p\u00ebr ta realizuar k\u00ebt\u00eb k\u00ebng\u00eb n\u00eb duet.<\/p>\n<p>Nd\u00ebrsa p\u00ebr shum\u00eb k\u00ebng\u00ebtar\u00eb t\u00eb njohur n\u00eb bot\u00eb, t\u00eb realizosh nj\u00eb duet me Ricky Martin, mbetet vet\u00ebm \u00ebnd\u00ebrr, p\u00ebr shqiptaren Edita Abdiu, kjo tashm\u00eb \u00ebsht\u00eb b\u00ebr\u00eb realitet. Fituesja e vitit t\u00eb kaluar n\u00eb sezonin e par\u00eb t\u00eb emisionit t\u00eb njohur muzikor n\u00eb Gjermani \u201cX Factor\u201d, Edita Abdiu (Abdieski) ka p\u00ebrfunduar duetin me k\u00ebng\u00ebtarin e famsh\u00ebm Ricky Martin.<\/p>\n<p>K\u00ebnga m\u00eb e re e yllit bot\u00ebror \u201cThe Best Thing About Me Is You\u201d ka koh\u00eb q\u00eb \u00ebsht\u00eb lansuar n\u00ebp\u00ebr mediet e njohura n\u00eb bot\u00eb, por p\u00ebr tregun gjerman, k\u00ebng\u00ebtari nga Porto-Riko ka zgjedhur shqiptaren Abdiu p\u00ebr ta realizuar k\u00ebt\u00eb k\u00ebng\u00eb n\u00eb duet.<\/p>\n<p>Jav\u00eb m\u00eb par\u00eb ata jan\u00eb takuar n\u00eb Keln t\u00eb Gjermanis\u00eb ku kan\u00eb p\u00ebrfunduar incizimet e k\u00ebng\u00ebs n\u00eb studion e suedezit Jorgen Eloffsen, nj\u00eb producent ky i cili ka realizuar k\u00ebng\u00eb edhe p\u00ebr Briteny Spears e shum\u00eb k\u00ebng\u00ebtar\u00eb t\u00eb tjer\u00eb me nam bot\u00ebror\u00eb. Mediet gjermane i kan\u00eb kushtuar v\u00ebmendje t\u00eb posa\u00e7me duetit t\u00eb Ricky-t dhe Edit\u00ebs, nd\u00ebrsa k\u00ebng\u00ebtaren shqiptare e kan\u00eb krahasuar si nj\u00eb nga z\u00ebrat m\u00eb t\u00eb mir\u00eb n\u00eb Gjermani.<\/p>\n<p>Pas p\u00ebrfundimit t\u00eb k\u00ebng\u00ebs, q\u00eb t\u00eb dy jan\u00eb ndar\u00eb shum\u00eb t\u00eb k\u00ebnaqur me pun\u00ebn e p\u00ebrbashk\u00ebt. \u201cT\u00eb fal\u00ebnderoj p\u00ebr bashk\u00ebpunimin\u201d, thuhet t\u2019i ket\u00eb th\u00ebn\u00eb pop-ylli Ricky Martin k\u00ebng\u00ebtares son\u00eb. N\u00eb an\u00ebn tjet\u00ebr, Edita e cila n\u00eb koh\u00ebn e adoleshenc\u00ebs e kishte si idhullin m\u00eb t\u00eb madh, \u00ebsht\u00eb shprehur shum\u00eb e emocionuar p\u00ebr realizimin e \u00ebndrr\u00ebs s\u00eb saj, si dhe p\u00ebr takimin q\u00eb ka pasur me k\u00ebng\u00ebtarin Martin. \u201cAi \u00ebsht\u00eb nj\u00eb tip shum\u00eb miq\u00ebsor, njeri i thjesht\u00eb, me t\u00eb cilin mund t\u00eb diskutosh p\u00ebr \u00e7far\u00ebdo bisede\u201d, ka treguar 26-vje\u00e7arja Edita.<\/p>\n<p>Pasi kan\u00eb p\u00ebrfunduar incizimet e k\u00ebng\u00ebs, ata jan\u00eb ndar\u00eb, por jo edhe p\u00ebr t\u00eb ndar\u00eb miq\u00ebsin\u00eb e tyre. T\u00eb dy k\u00ebng\u00ebtar\u00ebt pritet q\u00eb t\u00eb takohen s\u00ebrish n\u00eb Porto-Riko, ku Ricky Martin ka ftuar Edit\u00ebn q\u00eb t\u00eb jet\u00eb pjes\u00eb e miqve p\u00ebr t\u00eb festuar dit\u00eblindjen e 40-t\u00eb t\u00eb tij.<\/p>\n<p><strong>M\u00eb 18 mars albumi i Edit\u00ebs n\u00eb shitje<\/strong><\/p>\n<p>Edita ka qen\u00eb tej mase e angazhuar gjat\u00eb k\u00ebtij viti. Ajo me hapa shum\u00eb t\u00eb shpejt dhe duke punuar me kompozitor\u00ebt m\u00eb t\u00eb njohur n\u00eb Gjermani dhe jasht\u00eb saj, ka arritur q\u00eb t\u00eb grumbulloj\u00eb k\u00ebng\u00ebt p\u00ebr t\u00eb edituar albumin e par\u00eb me titull \u201cOne\u201d. Albumi do t\u00eb dal\u00eb n\u00eb treg me dat\u00ebn 18 mars, nd\u00ebrkaq pjes\u00eb e albumit \u00ebsht\u00eb edhe dueti me Ricky Martin. Dit\u00eb m\u00eb par\u00eb ajo ka lansuar edhe videoklipin e k\u00ebng\u00ebs \u201cThe Kay\u201d q\u00eb \u00ebsht\u00eb paraprij\u00ebse e albumit.<\/p>\n<p>Edita \u00ebsht\u00eb e lindur n\u00eb Bern\u00eb t\u00eb Zvicr\u00ebs nga babai shqiptar i Maqedonis\u00eb dhe n\u00ebna shqiptare nga Mali i Zi. Ajo \u00ebsht\u00eb f\u00ebmija m\u00eb i madh i familjes, nd\u00ebrkoh\u00eb babai i saj ka vdekur nga nj\u00eb s\u00ebmundje t\u00eb pash\u00ebrueshme kur ajo ishte vet\u00ebm 11 vje\u00e7e. Shkoll\u00ebn fillore dhe t\u00eb mesme e ka p\u00ebrfunduar n\u00eb Bern\u00eb t\u00eb Zvicr\u00ebs, nd\u00ebrsa tash e disa vite jeton n\u00eb Keln t\u00eb Gjermanis\u00eb.<\/p>\n<p><strong>Arben Gjinaj<\/strong><strong><br \/>\nZeri<br \/>\n<\/strong><!--YouTube Error: bad URL entered--><\/p>\n","protected":false},"excerpt":{"rendered":"<p>K\u00ebnga m\u00eb e re e yllit bot\u00ebror \u201cThe Best Thing About Me Is You\u201d ka koh\u00eb q\u00eb \u00ebsht\u00eb lansuar n\u00ebp\u00ebr mediet e njohura n\u00eb bot\u00eb, por p\u00ebr tregun gjerman, k\u00ebng\u00ebtari nga Porto-Riko ka zgjedhur shqiptaren Abdiu p\u00ebr ta realizuar k\u00ebt\u00eb k\u00ebng\u00eb n\u00eb duet. Nd\u00ebrsa p\u00ebr shum\u00eb k\u00ebng\u00ebtar\u00eb t\u00eb njohur n\u00eb bot\u00eb, t\u00eb realizosh nj\u00eb duet [&hellip;]<\/p>\n","protected":false},"author":1,"featured_media":0,"comment_status":"open","ping_status":"closed","sticky":false,"template":"","format":"standard","meta":{"spay_email":"","jetpack_publicize_message":"","jetpack_is_tweetstorm":false,"jetpack_publicize_feature_enabled":true},"categories":[1],"tags":[17674,17195,16382],"jetpack_publicize_connections":[],"yoast_head":"<!-- This site is optimized with the Yoast SEO plugin v19.1 - https:\/\/yoast.com\/wordpress\/plugins\/seo\/ -->\n<title>Shqiptarja Edita Abdiu realizon duet me Ricky Martin - Lajme nga Ulqini<\/title>\n<meta name=\"description\" content=\"K\u00ebnga m\u00eb e re e yllit bot\u00ebror \u201cThe Best Thing About Me Is You\u201d ka koh\u00eb q\u00eb \u00ebsht\u00eb lansuar n\u00ebp\u00ebr mediet e njohura n\u00eb bot\u00eb, por p\u00ebr tregun gjerman, k\u00ebng\u00ebtari\" \/>\n<meta name=\"robots\" content=\"index, follow, max-snippet:-1, max-image-preview:large, max-video-preview:-1\" \/>\n<link rel=\"canonical\" href=\"https:\/\/www.visit-ulcinj.com\/blog\/2011\/03\/11\/shqiptarja-edita-abdiu-realizon-duet-me-ricky-martin\/\" \/>\n<meta property=\"og:locale\" content=\"en_US\" \/>\n<meta property=\"og:type\" content=\"article\" \/>\n<meta property=\"og:title\" content=\"Shqiptarja Edita Abdiu realizon duet me Ricky Martin - Lajme nga Ulqini\" \/>\n<meta property=\"og:description\" content=\"K\u00ebnga m\u00eb e re e yllit bot\u00ebror \u201cThe Best Thing About Me Is You\u201d ka koh\u00eb q\u00eb \u00ebsht\u00eb lansuar n\u00ebp\u00ebr mediet e njohura n\u00eb bot\u00eb, por p\u00ebr tregun gjerman, k\u00ebng\u00ebtari\" \/>\n<meta property=\"og:url\" content=\"https:\/\/www.visit-ulcinj.com\/blog\/2011\/03\/11\/shqiptarja-edita-abdiu-realizon-duet-me-ricky-martin\/\" \/>\n<meta property=\"og:site_name\" content=\"Lajme nga Ulqini\" \/>\n<meta property=\"article:published_time\" content=\"2011-03-11T14:47:21+00:00\" \/>\n<meta property=\"article:modified_time\" content=\"2011-03-11T14:51:24+00:00\" \/>\n<meta property=\"og:image\" content=\"http:\/\/www.visit-ulcinj.com\/blog\/wp-content\/uploads\/2011\/03\/Edita-Abdiu-Abdieski_Ricky-Martin.jpg\" \/>\n<meta name=\"twitter:label1\" content=\"Written by\" \/>\n\t<meta name=\"twitter:data1\" content=\"ulqini\" \/>\n\t<meta name=\"twitter:label2\" content=\"Est. reading time\" \/>\n\t<meta name=\"twitter:data2\" content=\"3 minutes\" \/>\n<script type=\"application\/ld+json\" class=\"yoast-schema-graph\">{\"@context\":\"https:\/\/schema.org\",\"@graph\":[{\"@type\":\"WebSite\",\"@id\":\"https:\/\/www.visit-ulcinj.com\/blog\/#website\",\"url\":\"https:\/\/www.visit-ulcinj.com\/blog\/\",\"name\":\"Lajme nga Ulqini\",\"description\":\"Lajme,Vijesti,Ulqini,Ulqin,Crna Gora,Mali i Zi\",\"potentialAction\":[{\"@type\":\"SearchAction\",\"target\":{\"@type\":\"EntryPoint\",\"urlTemplate\":\"https:\/\/www.visit-ulcinj.com\/blog\/?s={search_term_string}\"},\"query-input\":\"required name=search_term_string\"}],\"inLanguage\":\"en-US\"},{\"@type\":\"ImageObject\",\"inLanguage\":\"en-US\",\"@id\":\"https:\/\/www.visit-ulcinj.com\/blog\/2011\/03\/11\/shqiptarja-edita-abdiu-realizon-duet-me-ricky-martin\/#primaryimage\",\"url\":\"http:\/\/www.visit-ulcinj.com\/blog\/wp-content\/uploads\/2011\/03\/Edita-Abdiu-Abdieski_Ricky-Martin.jpg\",\"contentUrl\":\"http:\/\/www.visit-ulcinj.com\/blog\/wp-content\/uploads\/2011\/03\/Edita-Abdiu-Abdieski_Ricky-Martin.jpg\"},{\"@type\":\"WebPage\",\"@id\":\"https:\/\/www.visit-ulcinj.com\/blog\/2011\/03\/11\/shqiptarja-edita-abdiu-realizon-duet-me-ricky-martin\/#webpage\",\"url\":\"https:\/\/www.visit-ulcinj.com\/blog\/2011\/03\/11\/shqiptarja-edita-abdiu-realizon-duet-me-ricky-martin\/\",\"name\":\"Shqiptarja Edita Abdiu realizon duet me Ricky Martin - Lajme nga Ulqini\",\"isPartOf\":{\"@id\":\"https:\/\/www.visit-ulcinj.com\/blog\/#website\"},\"primaryImageOfPage\":{\"@id\":\"https:\/\/www.visit-ulcinj.com\/blog\/2011\/03\/11\/shqiptarja-edita-abdiu-realizon-duet-me-ricky-martin\/#primaryimage\"},\"datePublished\":\"2011-03-11T14:47:21+00:00\",\"dateModified\":\"2011-03-11T14:51:24+00:00\",\"author\":{\"@id\":\"https:\/\/www.visit-ulcinj.com\/blog\/#\/schema\/person\/dcab619c614d3038751c63bc2aadc06d\"},\"description\":\"K\u00ebnga m\u00eb e re e yllit bot\u00ebror \u201cThe Best Thing About Me Is You\u201d ka koh\u00eb q\u00eb \u00ebsht\u00eb lansuar n\u00ebp\u00ebr mediet e njohura n\u00eb bot\u00eb, por p\u00ebr tregun gjerman, k\u00ebng\u00ebtari\",\"breadcrumb\":{\"@id\":\"https:\/\/www.visit-ulcinj.com\/blog\/2011\/03\/11\/shqiptarja-edita-abdiu-realizon-duet-me-ricky-martin\/#breadcrumb\"},\"inLanguage\":\"en-US\",\"potentialAction\":[{\"@type\":\"ReadAction\",\"target\":[\"https:\/\/www.visit-ulcinj.com\/blog\/2011\/03\/11\/shqiptarja-edita-abdiu-realizon-duet-me-ricky-martin\/\"]}]},{\"@type\":\"BreadcrumbList\",\"@id\":\"https:\/\/www.visit-ulcinj.com\/blog\/2011\/03\/11\/shqiptarja-edita-abdiu-realizon-duet-me-ricky-martin\/#breadcrumb\",\"itemListElement\":[{\"@type\":\"ListItem\",\"position\":1,\"name\":\"Shqiptarja Edita Abdiu realizon duet me Ricky Martin\"}]},{\"@type\":\"Person\",\"@id\":\"https:\/\/www.visit-ulcinj.com\/blog\/#\/schema\/person\/dcab619c614d3038751c63bc2aadc06d\",\"name\":\"ulqini\",\"sameAs\":[\"http:\/\/www.visit-ulcinj.com\"],\"url\":\"https:\/\/www.visit-ulcinj.com\/blog\/author\/admin\/\"}]}<\/script>\n<!-- \/ Yoast SEO plugin. -->","yoast_head_json":{"title":"Shqiptarja Edita Abdiu realizon duet me Ricky Martin - Lajme nga Ulqini","description":"K\u00ebnga m\u00eb e re e yllit bot\u00ebror \u201cThe Best Thing About Me Is You\u201d ka koh\u00eb q\u00eb \u00ebsht\u00eb lansuar n\u00ebp\u00ebr mediet e njohura n\u00eb bot\u00eb, por p\u00ebr tregun gjerman, k\u00ebng\u00ebtari","robots":{"index":"index","follow":"follow","max-snippet":"max-snippet:-1","max-image-preview":"max-image-preview:large","max-video-preview":"max-video-preview:-1"},"canonical":"https:\/\/www.visit-ulcinj.com\/blog\/2011\/03\/11\/shqiptarja-edita-abdiu-realizon-duet-me-ricky-martin\/","og_locale":"en_US","og_type":"article","og_title":"Shqiptarja Edita Abdiu realizon duet me Ricky Martin - Lajme nga Ulqini","og_description":"K\u00ebnga m\u00eb e re e yllit bot\u00ebror \u201cThe Best Thing About Me Is You\u201d ka koh\u00eb q\u00eb \u00ebsht\u00eb lansuar n\u00ebp\u00ebr mediet e njohura n\u00eb bot\u00eb, por p\u00ebr tregun gjerman, k\u00ebng\u00ebtari","og_url":"https:\/\/www.visit-ulcinj.com\/blog\/2011\/03\/11\/shqiptarja-edita-abdiu-realizon-duet-me-ricky-martin\/","og_site_name":"Lajme nga Ulqini","article_published_time":"2011-03-11T14:47:21+00:00","article_modified_time":"2011-03-11T14:51:24+00:00","og_image":[{"url":"http:\/\/www.visit-ulcinj.com\/blog\/wp-content\/uploads\/2011\/03\/Edita-Abdiu-Abdieski_Ricky-Martin.jpg"}],"twitter_misc":{"Written by":"ulqini","Est. reading time":"3 minutes"},"schema":{"@context":"https:\/\/schema.org","@graph":[{"@type":"WebSite","@id":"https:\/\/www.visit-ulcinj.com\/blog\/#website","url":"https:\/\/www.visit-ulcinj.com\/blog\/","name":"Lajme nga Ulqini","description":"Lajme,Vijesti,Ulqini,Ulqin,Crna Gora,Mali i Zi","potentialAction":[{"@type":"SearchAction","target":{"@type":"EntryPoint","urlTemplate":"https:\/\/www.visit-ulcinj.com\/blog\/?s={search_term_string}"},"query-input":"required name=search_term_string"}],"inLanguage":"en-US"},{"@type":"ImageObject","inLanguage":"en-US","@id":"https:\/\/www.visit-ulcinj.com\/blog\/2011\/03\/11\/shqiptarja-edita-abdiu-realizon-duet-me-ricky-martin\/#primaryimage","url":"http:\/\/www.visit-ulcinj.com\/blog\/wp-content\/uploads\/2011\/03\/Edita-Abdiu-Abdieski_Ricky-Martin.jpg","contentUrl":"http:\/\/www.visit-ulcinj.com\/blog\/wp-content\/uploads\/2011\/03\/Edita-Abdiu-Abdieski_Ricky-Martin.jpg"},{"@type":"WebPage","@id":"https:\/\/www.visit-ulcinj.com\/blog\/2011\/03\/11\/shqiptarja-edita-abdiu-realizon-duet-me-ricky-martin\/#webpage","url":"https:\/\/www.visit-ulcinj.com\/blog\/2011\/03\/11\/shqiptarja-edita-abdiu-realizon-duet-me-ricky-martin\/","name":"Shqiptarja Edita Abdiu realizon duet me Ricky Martin - Lajme nga Ulqini","isPartOf":{"@id":"https:\/\/www.visit-ulcinj.com\/blog\/#website"},"primaryImageOfPage":{"@id":"https:\/\/www.visit-ulcinj.com\/blog\/2011\/03\/11\/shqiptarja-edita-abdiu-realizon-duet-me-ricky-martin\/#primaryimage"},"datePublished":"2011-03-11T14:47:21+00:00","dateModified":"2011-03-11T14:51:24+00:00","author":{"@id":"https:\/\/www.visit-ulcinj.com\/blog\/#\/schema\/person\/dcab619c614d3038751c63bc2aadc06d"},"description":"K\u00ebnga m\u00eb e re e yllit bot\u00ebror \u201cThe Best Thing About Me Is You\u201d ka koh\u00eb q\u00eb \u00ebsht\u00eb lansuar n\u00ebp\u00ebr mediet e njohura n\u00eb bot\u00eb, por p\u00ebr tregun gjerman, k\u00ebng\u00ebtari","breadcrumb":{"@id":"https:\/\/www.visit-ulcinj.com\/blog\/2011\/03\/11\/shqiptarja-edita-abdiu-realizon-duet-me-ricky-martin\/#breadcrumb"},"inLanguage":"en-US","potentialAction":[{"@type":"ReadAction","target":["https:\/\/www.visit-ulcinj.com\/blog\/2011\/03\/11\/shqiptarja-edita-abdiu-realizon-duet-me-ricky-martin\/"]}]},{"@type":"BreadcrumbList","@id":"https:\/\/www.visit-ulcinj.com\/blog\/2011\/03\/11\/shqiptarja-edita-abdiu-realizon-duet-me-ricky-martin\/#breadcrumb","itemListElement":[{"@type":"ListItem","position":1,"name":"Shqiptarja Edita Abdiu realizon duet me Ricky Martin"}]},{"@type":"Person","@id":"https:\/\/www.visit-ulcinj.com\/blog\/#\/schema\/person\/dcab619c614d3038751c63bc2aadc06d","name":"ulqini","sameAs":["http:\/\/www.visit-ulcinj.com"],"url":"https:\/\/www.visit-ulcinj.com\/blog\/author\/admin\/"}]}},"jetpack_featured_media_url":"","jetpack_sharing_enabled":true,"jetpack_shortlink":"https:\/\/wp.me\/pe6lTn-bBG","_links":{"self":[{"href":"https:\/\/www.visit-ulcinj.com\/blog\/wp-json\/wp\/v2\/posts\/44620"}],"collection":[{"href":"https:\/\/www.visit-ulcinj.com\/blog\/wp-json\/wp\/v2\/posts"}],"about":[{"href":"https:\/\/www.visit-ulcinj.com\/blog\/wp-json\/wp\/v2\/types\/post"}],"author":[{"embeddable":true,"href":"https:\/\/www.visit-ulcinj.com\/blog\/wp-json\/wp\/v2\/users\/1"}],"replies":[{"embeddable":true,"href":"https:\/\/www.visit-ulcinj.com\/blog\/wp-json\/wp\/v2\/comments?post=44620"}],"version-history":[{"count":0,"href":"https:\/\/www.visit-ulcinj.com\/blog\/wp-json\/wp\/v2\/posts\/44620\/revisions"}],"wp:attachment":[{"href":"https:\/\/www.visit-ulcinj.com\/blog\/wp-json\/wp\/v2\/media?parent=44620"}],"wp:term":[{"taxonomy":"category","embeddable":true,"href":"https:\/\/www.visit-ulcinj.com\/blog\/wp-json\/wp\/v2\/categories?post=44620"},{"taxonomy":"post_tag","embeddable":true,"href":"https:\/\/www.visit-ulcinj.com\/blog\/wp-json\/wp\/v2\/tags?post=44620"}],"curies":[{"name":"wp","href":"https:\/\/api.w.org\/{rel}","templated":true}]}}