{"id":44627,"date":"2011-03-11T18:43:34","date_gmt":"2011-03-11T17:43:34","guid":{"rendered":"http:\/\/www.visit-ulcinj.com\/blog\/?p=44627"},"modified":"2011-03-11T18:43:52","modified_gmt":"2011-03-11T17:43:52","slug":"podgorica-akuzon-beogradin-per-perzierje-ne-punet-e-brendshme","status":"publish","type":"post","link":"https:\/\/www.visit-ulcinj.com\/blog\/2011\/03\/11\/podgorica-akuzon-beogradin-per-perzierje-ne-punet-e-brendshme\/","title":{"rendered":"Podgorica akuzon Beogradin p\u00ebr p\u00ebrzierje n\u00eb pun\u00ebt e brendshme"},"content":{"rendered":"<p><a href=\"http:\/\/www.visit-ulcinj.com\/blog\/wp-content\/uploads\/2011\/03\/igor-luksic_Mirko-Cvetkovic.jpg\"><img loading=\"lazy\" class=\"alignleft size-full wp-image-44628\" title=\"igor luksic_Mirko Cvetkovic\" src=\"http:\/\/www.visit-ulcinj.com\/blog\/wp-content\/uploads\/2011\/03\/igor-luksic_Mirko-Cvetkovic.jpg\" alt=\"\" width=\"508\" height=\"360\" \/><\/a>Podgoric\u00eb, 11 mars &#8211; Qeveria e Malit t\u00eb Zi, e kryesuar nga kryetari i saj, Igor Lukshiq n\u00eb mbr\u00ebmjen e s\u00eb enjtes ka shprehur protest\u00eb t\u00eb ashp\u00ebr kund\u00ebr Qeveris\u00eb s\u00eb Serbis\u00eb \u201cp\u00ebr miratimin e Strategjis\u00eb s\u00eb ruajtjes dhe p\u00ebrforcimit t\u00eb shtetit am\u00eb, diaspor\u00ebs dhe serb\u00ebve n\u00eb rajon\u201d, duke theksuar se ky dokument \u00ebsht\u00eb p\u00ebrzierje e drejtp\u00ebrdrejt n\u00eb pun\u00ebt e brendshme t\u00eb Malit t\u00eb Zi, njofton KosovaLive.<\/p>\n<p>N\u00eb Strategji nd\u00ebr t\u00eb tjera thuhet se Qeveria e Serbis\u00eb k\u00ebrkon q\u00eb serb\u00ebt t\u00eb trajtohen si popull konstituiv n\u00eb Malin e Zi sipas shembullit t\u00eb pozit\u00ebs s\u00eb serb\u00ebve n\u00eb Bosnj\u00eb e Hercegovin\u00eb.<\/p>\n<p>N\u00eb regjistrimin e fundit t\u00eb vitit 2003, n\u00eb struktur\u00ebn e p\u00ebrgjithshme t\u00eb popullsis\u00eb n\u00eb Mal t\u00eb Zi kan\u00eb qen\u00eb 32 p\u00ebr qind serb\u00eb, edhe n\u00eb referendumin e vitit 2006, nuk kan\u00eb votuar p\u00ebr shk\u00ebputjen nga Serbia.<\/p>\n<p>\u201c\u00c7far\u00ebdo forme t\u00eb veprimit politik nga jasht\u00eb, i cili ka p\u00ebr q\u00ebllim ndryshimin e rendit kushtetues t\u00eb Malit t\u00eb Zi , si\u00e7 \u00ebsht\u00eb rasti me dokumentin e p\u00ebrmendur t\u00eb Qeveris\u00eb s\u00eb Republik\u00ebs s\u00eb Serbis\u00eb, paraqet p\u00ebrzierjen e drejtp\u00ebrdrejt n\u00eb pun\u00ebt e brendshme t\u00eb shtetit sovran t\u00eb Malit t\u00eb Zi edhe n\u00eb t\u00ebr\u00ebsi \u00ebsht\u00eb n\u00eb kund\u00ebrshtim me themelet e parimeve t\u00eb marr\u00ebdh\u00ebnieve t\u00eb fqinj\u00ebsis\u00eb s\u00eb mir\u00eb\u201d, thuhet n\u00eb kumtes\u00ebn e qeveris\u00eb malazeze.<\/p>\n<p>Duke shprehur k\u00ebt\u00eb protest\u00eb t\u00eb ashp\u00ebr, Qeveria e Malit t\u00eb Zi ka angazhuar Ministrin\u00eb e vet t\u00eb jashtme dhe integrimeve evropiane, q\u00eb n\u00eb nj\u00eb afat sa m\u00eb t\u00eb shkurt\u00ebr t&#8217;ia transmetoj\u00eb ambasadorit t\u00eb Republik\u00ebs s\u00eb Serbis\u00eb n\u00eb Mal t\u00eb Zi k\u00ebt\u00eb q\u00ebndrim t\u00eb Podgoric\u00ebs zyrtare.<\/p>\n<p><strong> <\/strong><\/p>\n<p><strong>KOHA NET<\/strong><\/p>\n","protected":false},"excerpt":{"rendered":"<p>Podgoric\u00eb, 11 mars &#8211; Qeveria e Malit t\u00eb Zi, e kryesuar nga kryetari i saj, Igor Lukshiq n\u00eb mbr\u00ebmjen e s\u00eb enjtes ka shprehur protest\u00eb t\u00eb ashp\u00ebr kund\u00ebr Qeveris\u00eb s\u00eb Serbis\u00eb \u201cp\u00ebr miratimin e Strategjis\u00eb s\u00eb ruajtjes dhe p\u00ebrforcimit t\u00eb shtetit am\u00eb, diaspor\u00ebs dhe serb\u00ebve n\u00eb rajon\u201d, duke theksuar se ky dokument \u00ebsht\u00eb p\u00ebrzierje e [&hellip;]<\/p>\n","protected":false},"author":1,"featured_media":0,"comment_status":"open","ping_status":"closed","sticky":false,"template":"","format":"standard","meta":{"spay_email":"","jetpack_publicize_message":"","jetpack_is_tweetstorm":false,"jetpack_publicize_feature_enabled":true},"categories":[12],"tags":[11233,95],"jetpack_publicize_connections":[],"yoast_head":"<!-- This site is optimized with the Yoast SEO plugin v19.1 - https:\/\/yoast.com\/wordpress\/plugins\/seo\/ -->\n<title>Podgorica akuzon Beogradin p\u00ebr p\u00ebrzierje n\u00eb pun\u00ebt e brendshme - Lajme nga Ulqini<\/title>\n<meta name=\"description\" content=\"Podgoric\u00eb, 11 mars - Qeveria e Malit t\u00eb Zi, e kryesuar nga kryetari i saj, Igor Lukshiq n\u00eb mbr\u00ebmjen e s\u00eb enjtes ka shprehur protest\u00eb t\u00eb ashp\u00ebr kund\u00ebr\" \/>\n<meta name=\"robots\" content=\"index, follow, max-snippet:-1, max-image-preview:large, max-video-preview:-1\" \/>\n<link rel=\"canonical\" href=\"https:\/\/www.visit-ulcinj.com\/blog\/2011\/03\/11\/podgorica-akuzon-beogradin-per-perzierje-ne-punet-e-brendshme\/\" \/>\n<meta property=\"og:locale\" content=\"en_US\" \/>\n<meta property=\"og:type\" content=\"article\" \/>\n<meta property=\"og:title\" content=\"Podgorica akuzon Beogradin p\u00ebr p\u00ebrzierje n\u00eb pun\u00ebt e brendshme - Lajme nga Ulqini\" \/>\n<meta property=\"og:description\" content=\"Podgoric\u00eb, 11 mars - Qeveria e Malit t\u00eb Zi, e kryesuar nga kryetari i saj, Igor Lukshiq n\u00eb mbr\u00ebmjen e s\u00eb enjtes ka shprehur protest\u00eb t\u00eb ashp\u00ebr kund\u00ebr\" \/>\n<meta property=\"og:url\" content=\"https:\/\/www.visit-ulcinj.com\/blog\/2011\/03\/11\/podgorica-akuzon-beogradin-per-perzierje-ne-punet-e-brendshme\/\" \/>\n<meta property=\"og:site_name\" content=\"Lajme nga Ulqini\" \/>\n<meta property=\"article:published_time\" content=\"2011-03-11T17:43:34+00:00\" \/>\n<meta property=\"article:modified_time\" content=\"2011-03-11T17:43:52+00:00\" \/>\n<meta property=\"og:image\" content=\"http:\/\/www.visit-ulcinj.com\/blog\/wp-content\/uploads\/2011\/03\/igor-luksic_Mirko-Cvetkovic.jpg\" \/>\n<meta name=\"twitter:label1\" content=\"Written by\" \/>\n\t<meta name=\"twitter:data1\" content=\"ulqini\" \/>\n\t<meta name=\"twitter:label2\" content=\"Est. reading time\" \/>\n\t<meta name=\"twitter:data2\" content=\"1 minute\" \/>\n<script type=\"application\/ld+json\" class=\"yoast-schema-graph\">{\"@context\":\"https:\/\/schema.org\",\"@graph\":[{\"@type\":\"WebSite\",\"@id\":\"https:\/\/www.visit-ulcinj.com\/blog\/#website\",\"url\":\"https:\/\/www.visit-ulcinj.com\/blog\/\",\"name\":\"Lajme nga Ulqini\",\"description\":\"Lajme,Vijesti,Ulqini,Ulqin,Crna Gora,Mali i Zi\",\"potentialAction\":[{\"@type\":\"SearchAction\",\"target\":{\"@type\":\"EntryPoint\",\"urlTemplate\":\"https:\/\/www.visit-ulcinj.com\/blog\/?s={search_term_string}\"},\"query-input\":\"required name=search_term_string\"}],\"inLanguage\":\"en-US\"},{\"@type\":\"ImageObject\",\"inLanguage\":\"en-US\",\"@id\":\"https:\/\/www.visit-ulcinj.com\/blog\/2011\/03\/11\/podgorica-akuzon-beogradin-per-perzierje-ne-punet-e-brendshme\/#primaryimage\",\"url\":\"https:\/\/www.visit-ulcinj.com\/blog\/wp-content\/uploads\/2011\/03\/igor-luksic_Mirko-Cvetkovic.jpg\",\"contentUrl\":\"https:\/\/www.visit-ulcinj.com\/blog\/wp-content\/uploads\/2011\/03\/igor-luksic_Mirko-Cvetkovic.jpg\",\"width\":\"800\",\"height\":\"426\"},{\"@type\":\"WebPage\",\"@id\":\"https:\/\/www.visit-ulcinj.com\/blog\/2011\/03\/11\/podgorica-akuzon-beogradin-per-perzierje-ne-punet-e-brendshme\/#webpage\",\"url\":\"https:\/\/www.visit-ulcinj.com\/blog\/2011\/03\/11\/podgorica-akuzon-beogradin-per-perzierje-ne-punet-e-brendshme\/\",\"name\":\"Podgorica akuzon Beogradin p\u00ebr p\u00ebrzierje n\u00eb pun\u00ebt e brendshme - Lajme nga Ulqini\",\"isPartOf\":{\"@id\":\"https:\/\/www.visit-ulcinj.com\/blog\/#website\"},\"primaryImageOfPage\":{\"@id\":\"https:\/\/www.visit-ulcinj.com\/blog\/2011\/03\/11\/podgorica-akuzon-beogradin-per-perzierje-ne-punet-e-brendshme\/#primaryimage\"},\"datePublished\":\"2011-03-11T17:43:34+00:00\",\"dateModified\":\"2011-03-11T17:43:52+00:00\",\"author\":{\"@id\":\"https:\/\/www.visit-ulcinj.com\/blog\/#\/schema\/person\/dcab619c614d3038751c63bc2aadc06d\"},\"description\":\"Podgoric\u00eb, 11 mars - Qeveria e Malit t\u00eb Zi, e kryesuar nga kryetari i saj, Igor Lukshiq n\u00eb mbr\u00ebmjen e s\u00eb enjtes ka shprehur protest\u00eb t\u00eb ashp\u00ebr kund\u00ebr\",\"breadcrumb\":{\"@id\":\"https:\/\/www.visit-ulcinj.com\/blog\/2011\/03\/11\/podgorica-akuzon-beogradin-per-perzierje-ne-punet-e-brendshme\/#breadcrumb\"},\"inLanguage\":\"en-US\",\"potentialAction\":[{\"@type\":\"ReadAction\",\"target\":[\"https:\/\/www.visit-ulcinj.com\/blog\/2011\/03\/11\/podgorica-akuzon-beogradin-per-perzierje-ne-punet-e-brendshme\/\"]}]},{\"@type\":\"BreadcrumbList\",\"@id\":\"https:\/\/www.visit-ulcinj.com\/blog\/2011\/03\/11\/podgorica-akuzon-beogradin-per-perzierje-ne-punet-e-brendshme\/#breadcrumb\",\"itemListElement\":[{\"@type\":\"ListItem\",\"position\":1,\"name\":\"Podgorica akuzon Beogradin p\u00ebr p\u00ebrzierje n\u00eb pun\u00ebt e brendshme\"}]},{\"@type\":\"Person\",\"@id\":\"https:\/\/www.visit-ulcinj.com\/blog\/#\/schema\/person\/dcab619c614d3038751c63bc2aadc06d\",\"name\":\"ulqini\",\"sameAs\":[\"http:\/\/www.visit-ulcinj.com\"],\"url\":\"https:\/\/www.visit-ulcinj.com\/blog\/author\/admin\/\"}]}<\/script>\n<!-- \/ Yoast SEO plugin. -->","yoast_head_json":{"title":"Podgorica akuzon Beogradin p\u00ebr p\u00ebrzierje n\u00eb pun\u00ebt e brendshme - Lajme nga Ulqini","description":"Podgoric\u00eb, 11 mars - Qeveria e Malit t\u00eb Zi, e kryesuar nga kryetari i saj, Igor Lukshiq n\u00eb mbr\u00ebmjen e s\u00eb enjtes ka shprehur protest\u00eb t\u00eb ashp\u00ebr kund\u00ebr","robots":{"index":"index","follow":"follow","max-snippet":"max-snippet:-1","max-image-preview":"max-image-preview:large","max-video-preview":"max-video-preview:-1"},"canonical":"https:\/\/www.visit-ulcinj.com\/blog\/2011\/03\/11\/podgorica-akuzon-beogradin-per-perzierje-ne-punet-e-brendshme\/","og_locale":"en_US","og_type":"article","og_title":"Podgorica akuzon Beogradin p\u00ebr p\u00ebrzierje n\u00eb pun\u00ebt e brendshme - Lajme nga Ulqini","og_description":"Podgoric\u00eb, 11 mars - Qeveria e Malit t\u00eb Zi, e kryesuar nga kryetari i saj, Igor Lukshiq n\u00eb mbr\u00ebmjen e s\u00eb enjtes ka shprehur protest\u00eb t\u00eb ashp\u00ebr kund\u00ebr","og_url":"https:\/\/www.visit-ulcinj.com\/blog\/2011\/03\/11\/podgorica-akuzon-beogradin-per-perzierje-ne-punet-e-brendshme\/","og_site_name":"Lajme nga Ulqini","article_published_time":"2011-03-11T17:43:34+00:00","article_modified_time":"2011-03-11T17:43:52+00:00","og_image":[{"url":"http:\/\/www.visit-ulcinj.com\/blog\/wp-content\/uploads\/2011\/03\/igor-luksic_Mirko-Cvetkovic.jpg"}],"twitter_misc":{"Written by":"ulqini","Est. reading time":"1 minute"},"schema":{"@context":"https:\/\/schema.org","@graph":[{"@type":"WebSite","@id":"https:\/\/www.visit-ulcinj.com\/blog\/#website","url":"https:\/\/www.visit-ulcinj.com\/blog\/","name":"Lajme nga Ulqini","description":"Lajme,Vijesti,Ulqini,Ulqin,Crna Gora,Mali i Zi","potentialAction":[{"@type":"SearchAction","target":{"@type":"EntryPoint","urlTemplate":"https:\/\/www.visit-ulcinj.com\/blog\/?s={search_term_string}"},"query-input":"required name=search_term_string"}],"inLanguage":"en-US"},{"@type":"ImageObject","inLanguage":"en-US","@id":"https:\/\/www.visit-ulcinj.com\/blog\/2011\/03\/11\/podgorica-akuzon-beogradin-per-perzierje-ne-punet-e-brendshme\/#primaryimage","url":"https:\/\/www.visit-ulcinj.com\/blog\/wp-content\/uploads\/2011\/03\/igor-luksic_Mirko-Cvetkovic.jpg","contentUrl":"https:\/\/www.visit-ulcinj.com\/blog\/wp-content\/uploads\/2011\/03\/igor-luksic_Mirko-Cvetkovic.jpg","width":"800","height":"426"},{"@type":"WebPage","@id":"https:\/\/www.visit-ulcinj.com\/blog\/2011\/03\/11\/podgorica-akuzon-beogradin-per-perzierje-ne-punet-e-brendshme\/#webpage","url":"https:\/\/www.visit-ulcinj.com\/blog\/2011\/03\/11\/podgorica-akuzon-beogradin-per-perzierje-ne-punet-e-brendshme\/","name":"Podgorica akuzon Beogradin p\u00ebr p\u00ebrzierje n\u00eb pun\u00ebt e brendshme - Lajme nga Ulqini","isPartOf":{"@id":"https:\/\/www.visit-ulcinj.com\/blog\/#website"},"primaryImageOfPage":{"@id":"https:\/\/www.visit-ulcinj.com\/blog\/2011\/03\/11\/podgorica-akuzon-beogradin-per-perzierje-ne-punet-e-brendshme\/#primaryimage"},"datePublished":"2011-03-11T17:43:34+00:00","dateModified":"2011-03-11T17:43:52+00:00","author":{"@id":"https:\/\/www.visit-ulcinj.com\/blog\/#\/schema\/person\/dcab619c614d3038751c63bc2aadc06d"},"description":"Podgoric\u00eb, 11 mars - Qeveria e Malit t\u00eb Zi, e kryesuar nga kryetari i saj, Igor Lukshiq n\u00eb mbr\u00ebmjen e s\u00eb enjtes ka shprehur protest\u00eb t\u00eb ashp\u00ebr kund\u00ebr","breadcrumb":{"@id":"https:\/\/www.visit-ulcinj.com\/blog\/2011\/03\/11\/podgorica-akuzon-beogradin-per-perzierje-ne-punet-e-brendshme\/#breadcrumb"},"inLanguage":"en-US","potentialAction":[{"@type":"ReadAction","target":["https:\/\/www.visit-ulcinj.com\/blog\/2011\/03\/11\/podgorica-akuzon-beogradin-per-perzierje-ne-punet-e-brendshme\/"]}]},{"@type":"BreadcrumbList","@id":"https:\/\/www.visit-ulcinj.com\/blog\/2011\/03\/11\/podgorica-akuzon-beogradin-per-perzierje-ne-punet-e-brendshme\/#breadcrumb","itemListElement":[{"@type":"ListItem","position":1,"name":"Podgorica akuzon Beogradin p\u00ebr p\u00ebrzierje n\u00eb pun\u00ebt e brendshme"}]},{"@type":"Person","@id":"https:\/\/www.visit-ulcinj.com\/blog\/#\/schema\/person\/dcab619c614d3038751c63bc2aadc06d","name":"ulqini","sameAs":["http:\/\/www.visit-ulcinj.com"],"url":"https:\/\/www.visit-ulcinj.com\/blog\/author\/admin\/"}]}},"jetpack_featured_media_url":"","jetpack_sharing_enabled":true,"jetpack_shortlink":"https:\/\/wp.me\/pe6lTn-bBN","_links":{"self":[{"href":"https:\/\/www.visit-ulcinj.com\/blog\/wp-json\/wp\/v2\/posts\/44627"}],"collection":[{"href":"https:\/\/www.visit-ulcinj.com\/blog\/wp-json\/wp\/v2\/posts"}],"about":[{"href":"https:\/\/www.visit-ulcinj.com\/blog\/wp-json\/wp\/v2\/types\/post"}],"author":[{"embeddable":true,"href":"https:\/\/www.visit-ulcinj.com\/blog\/wp-json\/wp\/v2\/users\/1"}],"replies":[{"embeddable":true,"href":"https:\/\/www.visit-ulcinj.com\/blog\/wp-json\/wp\/v2\/comments?post=44627"}],"version-history":[{"count":0,"href":"https:\/\/www.visit-ulcinj.com\/blog\/wp-json\/wp\/v2\/posts\/44627\/revisions"}],"wp:attachment":[{"href":"https:\/\/www.visit-ulcinj.com\/blog\/wp-json\/wp\/v2\/media?parent=44627"}],"wp:term":[{"taxonomy":"category","embeddable":true,"href":"https:\/\/www.visit-ulcinj.com\/blog\/wp-json\/wp\/v2\/categories?post=44627"},{"taxonomy":"post_tag","embeddable":true,"href":"https:\/\/www.visit-ulcinj.com\/blog\/wp-json\/wp\/v2\/tags?post=44627"}],"curies":[{"name":"wp","href":"https:\/\/api.w.org\/{rel}","templated":true}]}}