{"id":44631,"date":"2011-03-11T19:47:30","date_gmt":"2011-03-11T18:47:30","guid":{"rendered":"http:\/\/www.visit-ulcinj.com\/blog\/?p=44631"},"modified":"2011-03-11T20:00:37","modified_gmt":"2011-03-11T19:00:37","slug":"stili-i-hana-cakulit","status":"publish","type":"post","link":"https:\/\/www.visit-ulcinj.com\/blog\/2011\/03\/11\/stili-i-hana-cakulit\/","title":{"rendered":"Stili i Hana Cakulit"},"content":{"rendered":"<p><a href=\"http:\/\/www.visit-ulcinj.com\/blog\/wp-content\/uploads\/2011\/03\/Hana-Cakuli_Revista-Select_01.jpg\"><img loading=\"lazy\" class=\"alignleft size-full wp-image-44632\" title=\"Hana Cakuli_Revista Select_01\" src=\"http:\/\/www.visit-ulcinj.com\/blog\/wp-content\/uploads\/2011\/03\/Hana-Cakuli_Revista-Select_01.jpg\" alt=\"\" width=\"508\" height=\"600\" \/><\/a>Nj\u00eb tjet\u00ebr em\u00ebr po aq potente n\u00eb sken\u00eb \u00ebsht\u00eb edhe k\u00ebng\u00ebtarja nga Ulqini, Hana Cakuli, e cila \u00e7do dit\u00eb e m\u00eb shum\u00eb \u00ebsht\u00eb presjet n\u00eb mbr\u00ebmje \u201clive\u201d, e cila gjithnj\u00eb mahnit\u00eb publikun me energjin\u00eb dhe z\u00ebrin e saj t\u00eb ve\u00e7ant\u00eb, k\u00ebndon n\u00eb Maroon Pub \u00e7do nat\u00eb.<\/p>\n<p>Hana Cakuli \u00ebsht\u00eb nga ato k\u00ebng\u00ebtare, e cila godet jo vet\u00ebm me k\u00ebng\u00eb, por edhe me stilin e saj skenik. Vishet bukur, me stil, pa dal\u00eb nga \u201ckornizat\u201d, pasi, si\u00e7 thot\u00eb ajo, n\u00eb sken\u00eb duhet t\u2019i p\u00ebrkushtohet k\u00ebng\u00ebs dhe jo provokimeve fizike. \u00cbsht\u00eb e vog\u00ebl n\u00eb mosh\u00eb, por jo e vog\u00ebl n\u00eb sukses. Fundjavat i ka thuajse gjithnj\u00eb t\u00eb z\u00ebna me koncerte live n\u00eb pub-e t\u00eb ndryshme.<\/p>\n<!--YouTube Error: bad URL entered-->\n","protected":false},"excerpt":{"rendered":"<p>Nj\u00eb tjet\u00ebr em\u00ebr po aq potente n\u00eb sken\u00eb \u00ebsht\u00eb edhe k\u00ebng\u00ebtarja nga Ulqini, Hana Cakuli, e cila \u00e7do dit\u00eb e m\u00eb shum\u00eb \u00ebsht\u00eb presjet n\u00eb mbr\u00ebmje \u201clive\u201d, e cila gjithnj\u00eb mahnit\u00eb publikun me energjin\u00eb dhe z\u00ebrin e saj t\u00eb ve\u00e7ant\u00eb, k\u00ebndon n\u00eb Maroon Pub \u00e7do nat\u00eb. Hana Cakuli \u00ebsht\u00eb nga ato k\u00ebng\u00ebtare, e cila godet [&hellip;]<\/p>\n","protected":false},"author":1,"featured_media":0,"comment_status":"open","ping_status":"closed","sticky":false,"template":"","format":"standard","meta":{"spay_email":"","jetpack_publicize_message":"","jetpack_is_tweetstorm":false,"jetpack_publicize_feature_enabled":true},"categories":[1],"tags":[3201,17675,2306,200,18],"jetpack_publicize_connections":[],"yoast_head":"<!-- This site is optimized with the Yoast SEO plugin v19.1 - https:\/\/yoast.com\/wordpress\/plugins\/seo\/ -->\n<title>Stili i Hana Cakulit - Lajme nga Ulqini<\/title>\n<meta name=\"description\" content=\"Nj\u00eb tjet\u00ebr em\u00ebr po aq potente n\u00eb sken\u00eb \u00ebsht\u00eb edhe k\u00ebng\u00ebtarja nga Ulqini, Hana Cakuli, e cila \u00e7do dit\u00eb e m\u00eb shum\u00eb \u00ebsht\u00eb presjet n\u00eb mbr\u00ebmje \u201clive\u201d, e cila\" \/>\n<meta name=\"robots\" content=\"index, follow, max-snippet:-1, max-image-preview:large, max-video-preview:-1\" \/>\n<link rel=\"canonical\" href=\"https:\/\/www.visit-ulcinj.com\/blog\/2011\/03\/11\/stili-i-hana-cakulit\/\" \/>\n<meta property=\"og:locale\" content=\"en_US\" \/>\n<meta property=\"og:type\" content=\"article\" \/>\n<meta property=\"og:title\" content=\"Stili i Hana Cakulit - Lajme nga Ulqini\" \/>\n<meta property=\"og:description\" content=\"Nj\u00eb tjet\u00ebr em\u00ebr po aq potente n\u00eb sken\u00eb \u00ebsht\u00eb edhe k\u00ebng\u00ebtarja nga Ulqini, Hana Cakuli, e cila \u00e7do dit\u00eb e m\u00eb shum\u00eb \u00ebsht\u00eb presjet n\u00eb mbr\u00ebmje \u201clive\u201d, e cila\" \/>\n<meta property=\"og:url\" content=\"https:\/\/www.visit-ulcinj.com\/blog\/2011\/03\/11\/stili-i-hana-cakulit\/\" \/>\n<meta property=\"og:site_name\" content=\"Lajme nga Ulqini\" \/>\n<meta property=\"article:published_time\" content=\"2011-03-11T18:47:30+00:00\" \/>\n<meta property=\"article:modified_time\" content=\"2011-03-11T19:00:37+00:00\" \/>\n<meta property=\"og:image\" content=\"http:\/\/www.visit-ulcinj.com\/blog\/wp-content\/uploads\/2011\/03\/Hana-Cakuli_Revista-Select_01.jpg\" \/>\n<meta name=\"twitter:label1\" content=\"Written by\" \/>\n\t<meta name=\"twitter:data1\" content=\"ulqini\" \/>\n\t<meta name=\"twitter:label2\" content=\"Est. reading time\" \/>\n\t<meta name=\"twitter:data2\" content=\"1 minute\" \/>\n<script type=\"application\/ld+json\" class=\"yoast-schema-graph\">{\"@context\":\"https:\/\/schema.org\",\"@graph\":[{\"@type\":\"WebSite\",\"@id\":\"https:\/\/www.visit-ulcinj.com\/blog\/#website\",\"url\":\"https:\/\/www.visit-ulcinj.com\/blog\/\",\"name\":\"Lajme nga Ulqini\",\"description\":\"Lajme,Vijesti,Ulqini,Ulqin,Crna Gora,Mali i Zi\",\"potentialAction\":[{\"@type\":\"SearchAction\",\"target\":{\"@type\":\"EntryPoint\",\"urlTemplate\":\"https:\/\/www.visit-ulcinj.com\/blog\/?s={search_term_string}\"},\"query-input\":\"required name=search_term_string\"}],\"inLanguage\":\"en-US\"},{\"@type\":\"ImageObject\",\"inLanguage\":\"en-US\",\"@id\":\"https:\/\/www.visit-ulcinj.com\/blog\/2011\/03\/11\/stili-i-hana-cakulit\/#primaryimage\",\"url\":\"https:\/\/www.visit-ulcinj.com\/blog\/wp-content\/uploads\/2011\/03\/Hana-Cakuli_Revista-Select_01.jpg\",\"contentUrl\":\"https:\/\/www.visit-ulcinj.com\/blog\/wp-content\/uploads\/2011\/03\/Hana-Cakuli_Revista-Select_01.jpg\",\"width\":\"491\",\"height\":\"640\"},{\"@type\":\"WebPage\",\"@id\":\"https:\/\/www.visit-ulcinj.com\/blog\/2011\/03\/11\/stili-i-hana-cakulit\/#webpage\",\"url\":\"https:\/\/www.visit-ulcinj.com\/blog\/2011\/03\/11\/stili-i-hana-cakulit\/\",\"name\":\"Stili i Hana Cakulit - Lajme nga Ulqini\",\"isPartOf\":{\"@id\":\"https:\/\/www.visit-ulcinj.com\/blog\/#website\"},\"primaryImageOfPage\":{\"@id\":\"https:\/\/www.visit-ulcinj.com\/blog\/2011\/03\/11\/stili-i-hana-cakulit\/#primaryimage\"},\"datePublished\":\"2011-03-11T18:47:30+00:00\",\"dateModified\":\"2011-03-11T19:00:37+00:00\",\"author\":{\"@id\":\"https:\/\/www.visit-ulcinj.com\/blog\/#\/schema\/person\/dcab619c614d3038751c63bc2aadc06d\"},\"description\":\"Nj\u00eb tjet\u00ebr em\u00ebr po aq potente n\u00eb sken\u00eb \u00ebsht\u00eb edhe k\u00ebng\u00ebtarja nga Ulqini, Hana Cakuli, e cila \u00e7do dit\u00eb e m\u00eb shum\u00eb \u00ebsht\u00eb presjet n\u00eb mbr\u00ebmje \u201clive\u201d, e cila\",\"breadcrumb\":{\"@id\":\"https:\/\/www.visit-ulcinj.com\/blog\/2011\/03\/11\/stili-i-hana-cakulit\/#breadcrumb\"},\"inLanguage\":\"en-US\",\"potentialAction\":[{\"@type\":\"ReadAction\",\"target\":[\"https:\/\/www.visit-ulcinj.com\/blog\/2011\/03\/11\/stili-i-hana-cakulit\/\"]}]},{\"@type\":\"BreadcrumbList\",\"@id\":\"https:\/\/www.visit-ulcinj.com\/blog\/2011\/03\/11\/stili-i-hana-cakulit\/#breadcrumb\",\"itemListElement\":[{\"@type\":\"ListItem\",\"position\":1,\"name\":\"Stili i Hana Cakulit\"}]},{\"@type\":\"Person\",\"@id\":\"https:\/\/www.visit-ulcinj.com\/blog\/#\/schema\/person\/dcab619c614d3038751c63bc2aadc06d\",\"name\":\"ulqini\",\"sameAs\":[\"http:\/\/www.visit-ulcinj.com\"],\"url\":\"https:\/\/www.visit-ulcinj.com\/blog\/author\/admin\/\"}]}<\/script>\n<!-- \/ Yoast SEO plugin. -->","yoast_head_json":{"title":"Stili i Hana Cakulit - Lajme nga Ulqini","description":"Nj\u00eb tjet\u00ebr em\u00ebr po aq potente n\u00eb sken\u00eb \u00ebsht\u00eb edhe k\u00ebng\u00ebtarja nga Ulqini, Hana Cakuli, e cila \u00e7do dit\u00eb e m\u00eb shum\u00eb \u00ebsht\u00eb presjet n\u00eb mbr\u00ebmje \u201clive\u201d, e cila","robots":{"index":"index","follow":"follow","max-snippet":"max-snippet:-1","max-image-preview":"max-image-preview:large","max-video-preview":"max-video-preview:-1"},"canonical":"https:\/\/www.visit-ulcinj.com\/blog\/2011\/03\/11\/stili-i-hana-cakulit\/","og_locale":"en_US","og_type":"article","og_title":"Stili i Hana Cakulit - Lajme nga Ulqini","og_description":"Nj\u00eb tjet\u00ebr em\u00ebr po aq potente n\u00eb sken\u00eb \u00ebsht\u00eb edhe k\u00ebng\u00ebtarja nga Ulqini, Hana Cakuli, e cila \u00e7do dit\u00eb e m\u00eb shum\u00eb \u00ebsht\u00eb presjet n\u00eb mbr\u00ebmje \u201clive\u201d, e cila","og_url":"https:\/\/www.visit-ulcinj.com\/blog\/2011\/03\/11\/stili-i-hana-cakulit\/","og_site_name":"Lajme nga Ulqini","article_published_time":"2011-03-11T18:47:30+00:00","article_modified_time":"2011-03-11T19:00:37+00:00","og_image":[{"url":"http:\/\/www.visit-ulcinj.com\/blog\/wp-content\/uploads\/2011\/03\/Hana-Cakuli_Revista-Select_01.jpg"}],"twitter_misc":{"Written by":"ulqini","Est. reading time":"1 minute"},"schema":{"@context":"https:\/\/schema.org","@graph":[{"@type":"WebSite","@id":"https:\/\/www.visit-ulcinj.com\/blog\/#website","url":"https:\/\/www.visit-ulcinj.com\/blog\/","name":"Lajme nga Ulqini","description":"Lajme,Vijesti,Ulqini,Ulqin,Crna Gora,Mali i Zi","potentialAction":[{"@type":"SearchAction","target":{"@type":"EntryPoint","urlTemplate":"https:\/\/www.visit-ulcinj.com\/blog\/?s={search_term_string}"},"query-input":"required name=search_term_string"}],"inLanguage":"en-US"},{"@type":"ImageObject","inLanguage":"en-US","@id":"https:\/\/www.visit-ulcinj.com\/blog\/2011\/03\/11\/stili-i-hana-cakulit\/#primaryimage","url":"https:\/\/www.visit-ulcinj.com\/blog\/wp-content\/uploads\/2011\/03\/Hana-Cakuli_Revista-Select_01.jpg","contentUrl":"https:\/\/www.visit-ulcinj.com\/blog\/wp-content\/uploads\/2011\/03\/Hana-Cakuli_Revista-Select_01.jpg","width":"491","height":"640"},{"@type":"WebPage","@id":"https:\/\/www.visit-ulcinj.com\/blog\/2011\/03\/11\/stili-i-hana-cakulit\/#webpage","url":"https:\/\/www.visit-ulcinj.com\/blog\/2011\/03\/11\/stili-i-hana-cakulit\/","name":"Stili i Hana Cakulit - Lajme nga Ulqini","isPartOf":{"@id":"https:\/\/www.visit-ulcinj.com\/blog\/#website"},"primaryImageOfPage":{"@id":"https:\/\/www.visit-ulcinj.com\/blog\/2011\/03\/11\/stili-i-hana-cakulit\/#primaryimage"},"datePublished":"2011-03-11T18:47:30+00:00","dateModified":"2011-03-11T19:00:37+00:00","author":{"@id":"https:\/\/www.visit-ulcinj.com\/blog\/#\/schema\/person\/dcab619c614d3038751c63bc2aadc06d"},"description":"Nj\u00eb tjet\u00ebr em\u00ebr po aq potente n\u00eb sken\u00eb \u00ebsht\u00eb edhe k\u00ebng\u00ebtarja nga Ulqini, Hana Cakuli, e cila \u00e7do dit\u00eb e m\u00eb shum\u00eb \u00ebsht\u00eb presjet n\u00eb mbr\u00ebmje \u201clive\u201d, e cila","breadcrumb":{"@id":"https:\/\/www.visit-ulcinj.com\/blog\/2011\/03\/11\/stili-i-hana-cakulit\/#breadcrumb"},"inLanguage":"en-US","potentialAction":[{"@type":"ReadAction","target":["https:\/\/www.visit-ulcinj.com\/blog\/2011\/03\/11\/stili-i-hana-cakulit\/"]}]},{"@type":"BreadcrumbList","@id":"https:\/\/www.visit-ulcinj.com\/blog\/2011\/03\/11\/stili-i-hana-cakulit\/#breadcrumb","itemListElement":[{"@type":"ListItem","position":1,"name":"Stili i Hana Cakulit"}]},{"@type":"Person","@id":"https:\/\/www.visit-ulcinj.com\/blog\/#\/schema\/person\/dcab619c614d3038751c63bc2aadc06d","name":"ulqini","sameAs":["http:\/\/www.visit-ulcinj.com"],"url":"https:\/\/www.visit-ulcinj.com\/blog\/author\/admin\/"}]}},"jetpack_featured_media_url":"","jetpack_sharing_enabled":true,"jetpack_shortlink":"https:\/\/wp.me\/pe6lTn-bBR","_links":{"self":[{"href":"https:\/\/www.visit-ulcinj.com\/blog\/wp-json\/wp\/v2\/posts\/44631"}],"collection":[{"href":"https:\/\/www.visit-ulcinj.com\/blog\/wp-json\/wp\/v2\/posts"}],"about":[{"href":"https:\/\/www.visit-ulcinj.com\/blog\/wp-json\/wp\/v2\/types\/post"}],"author":[{"embeddable":true,"href":"https:\/\/www.visit-ulcinj.com\/blog\/wp-json\/wp\/v2\/users\/1"}],"replies":[{"embeddable":true,"href":"https:\/\/www.visit-ulcinj.com\/blog\/wp-json\/wp\/v2\/comments?post=44631"}],"version-history":[{"count":0,"href":"https:\/\/www.visit-ulcinj.com\/blog\/wp-json\/wp\/v2\/posts\/44631\/revisions"}],"wp:attachment":[{"href":"https:\/\/www.visit-ulcinj.com\/blog\/wp-json\/wp\/v2\/media?parent=44631"}],"wp:term":[{"taxonomy":"category","embeddable":true,"href":"https:\/\/www.visit-ulcinj.com\/blog\/wp-json\/wp\/v2\/categories?post=44631"},{"taxonomy":"post_tag","embeddable":true,"href":"https:\/\/www.visit-ulcinj.com\/blog\/wp-json\/wp\/v2\/tags?post=44631"}],"curies":[{"name":"wp","href":"https:\/\/api.w.org\/{rel}","templated":true}]}}