{"id":44667,"date":"2011-03-12T21:06:40","date_gmt":"2011-03-12T20:06:40","guid":{"rendered":"http:\/\/www.visit-ulcinj.com\/blog\/?p=44667"},"modified":"2011-03-12T21:06:40","modified_gmt":"2011-03-12T20:06:40","slug":"cungu-ponovo-predsjednik-force","status":"publish","type":"post","link":"https:\/\/www.visit-ulcinj.com\/blog\/2011\/03\/12\/cungu-ponovo-predsjednik-force\/","title":{"rendered":"Cungu ponovo predsjednik Force"},"content":{"rendered":"<p><a href=\"http:\/\/www.visit-ulcinj.com\/blog\/wp-content\/uploads\/2011\/03\/Cungu-ponovo-predsjednik-Force.jpg\"><img loading=\"lazy\" class=\"alignleft size-full wp-image-44668\" title=\"Cungu ponovo predsjednik Force\" src=\"http:\/\/www.visit-ulcinj.com\/blog\/wp-content\/uploads\/2011\/03\/Cungu-ponovo-predsjednik-Force.jpg\" alt=\"\" width=\"350\" height=\"450\" \/><\/a>Delegati Izborne skup\u0161tine Force, njih 150, izabrali su danas dosada\u0161njeg lidera, Nazifa Cungua, za predsjednika te partije.<\/p>\n<p>U saop\u0161tenju za javnost Force, navodi se da su delegati usvojili Izvje\u0161taj o radu Glavnog Odbora izme\u0111u dvije skup\u0161tine, Statut partije kao i njen program, prenosi Analitika.<\/p>\n<p>&#8220;Na Skupstini je izabran novi glavni odbor koji \u010dine 30, umjesto 15 \u010dlanova, kako je bilo po ranijem Statutu&#8221;, kazali su oni. Kako je saop\u0161teno, potpredsjednike partije \u0107e ubudu\u0107e birati Glavni odbor.<\/p>\n<p>&#8220;Predvi\u0111eno je da se poja\u010daju organizacone strukture partije i osim u op\u0161tini Plav gje postoji odbor, osnuju u Baru, Tuzima, Podgorici i Ro\u017eajima&#8221;, rekli su iz Force. Forca ima 11 odbornika u Ulcinju gdje je najja\u010da opoziciona partija, u Plavu jedan odbornik Force je dio vladajuce koalicije, a predstavljena je u parlamentu Crne Gore<\/p>\n<p><strong>RTCG<\/strong><\/p>\n","protected":false},"excerpt":{"rendered":"<p>Delegati Izborne skup\u0161tine Force, njih 150, izabrali su danas dosada\u0161njeg lidera, Nazifa Cungua, za predsjednika te partije. U saop\u0161tenju za javnost Force, navodi se da su delegati usvojili Izvje\u0161taj o radu Glavnog Odbora izme\u0111u dvije skup\u0161tine, Statut partije kao i njen program, prenosi Analitika. &#8220;Na Skupstini je izabran novi glavni odbor koji \u010dine 30, umjesto [&hellip;]<\/p>\n","protected":false},"author":1,"featured_media":0,"comment_status":"open","ping_status":"closed","sticky":false,"template":"","format":"standard","meta":{"spay_email":"","jetpack_publicize_message":"","jetpack_is_tweetstorm":false,"jetpack_publicize_feature_enabled":true},"categories":[8337],"tags":[14281,824,118],"jetpack_publicize_connections":[],"yoast_head":"<!-- This site is optimized with the Yoast SEO plugin v19.1 - https:\/\/yoast.com\/wordpress\/plugins\/seo\/ -->\n<title>Cungu ponovo predsjednik Force - Lajme nga Ulqini<\/title>\n<meta name=\"description\" content=\"Delegati Izborne skup\u0161tine Force, njih 150, izabrali su danas dosada\u0161njeg lidera, Nazifa Cungua, za predsjednika te partije. U saop\u0161tenju za javnost\" \/>\n<meta name=\"robots\" content=\"index, follow, max-snippet:-1, max-image-preview:large, max-video-preview:-1\" \/>\n<link rel=\"canonical\" href=\"https:\/\/www.visit-ulcinj.com\/blog\/2011\/03\/12\/cungu-ponovo-predsjednik-force\/\" \/>\n<meta property=\"og:locale\" content=\"en_US\" \/>\n<meta property=\"og:type\" content=\"article\" \/>\n<meta property=\"og:title\" content=\"Cungu ponovo predsjednik Force - Lajme nga Ulqini\" \/>\n<meta property=\"og:description\" content=\"Delegati Izborne skup\u0161tine Force, njih 150, izabrali su danas dosada\u0161njeg lidera, Nazifa Cungua, za predsjednika te partije. U saop\u0161tenju za javnost\" \/>\n<meta property=\"og:url\" content=\"https:\/\/www.visit-ulcinj.com\/blog\/2011\/03\/12\/cungu-ponovo-predsjednik-force\/\" \/>\n<meta property=\"og:site_name\" content=\"Lajme nga Ulqini\" \/>\n<meta property=\"article:published_time\" content=\"2011-03-12T20:06:40+00:00\" \/>\n<meta property=\"og:image\" content=\"http:\/\/www.visit-ulcinj.com\/blog\/wp-content\/uploads\/2011\/03\/Cungu-ponovo-predsjednik-Force.jpg\" \/>\n<meta name=\"twitter:label1\" content=\"Written by\" \/>\n\t<meta name=\"twitter:data1\" content=\"ulqini\" \/>\n\t<meta name=\"twitter:label2\" content=\"Est. reading time\" \/>\n\t<meta name=\"twitter:data2\" content=\"1 minute\" \/>\n<script type=\"application\/ld+json\" class=\"yoast-schema-graph\">{\"@context\":\"https:\/\/schema.org\",\"@graph\":[{\"@type\":\"WebSite\",\"@id\":\"https:\/\/www.visit-ulcinj.com\/blog\/#website\",\"url\":\"https:\/\/www.visit-ulcinj.com\/blog\/\",\"name\":\"Lajme nga Ulqini\",\"description\":\"Lajme,Vijesti,Ulqini,Ulqin,Crna Gora,Mali i Zi\",\"potentialAction\":[{\"@type\":\"SearchAction\",\"target\":{\"@type\":\"EntryPoint\",\"urlTemplate\":\"https:\/\/www.visit-ulcinj.com\/blog\/?s={search_term_string}\"},\"query-input\":\"required name=search_term_string\"}],\"inLanguage\":\"en-US\"},{\"@type\":\"ImageObject\",\"inLanguage\":\"en-US\",\"@id\":\"https:\/\/www.visit-ulcinj.com\/blog\/2011\/03\/12\/cungu-ponovo-predsjednik-force\/#primaryimage\",\"url\":\"https:\/\/www.visit-ulcinj.com\/blog\/wp-content\/uploads\/2011\/03\/Cungu-ponovo-predsjednik-Force.jpg\",\"contentUrl\":\"https:\/\/www.visit-ulcinj.com\/blog\/wp-content\/uploads\/2011\/03\/Cungu-ponovo-predsjednik-Force.jpg\",\"width\":\"380\",\"height\":\"478\"},{\"@type\":\"WebPage\",\"@id\":\"https:\/\/www.visit-ulcinj.com\/blog\/2011\/03\/12\/cungu-ponovo-predsjednik-force\/#webpage\",\"url\":\"https:\/\/www.visit-ulcinj.com\/blog\/2011\/03\/12\/cungu-ponovo-predsjednik-force\/\",\"name\":\"Cungu ponovo predsjednik Force - Lajme nga Ulqini\",\"isPartOf\":{\"@id\":\"https:\/\/www.visit-ulcinj.com\/blog\/#website\"},\"primaryImageOfPage\":{\"@id\":\"https:\/\/www.visit-ulcinj.com\/blog\/2011\/03\/12\/cungu-ponovo-predsjednik-force\/#primaryimage\"},\"datePublished\":\"2011-03-12T20:06:40+00:00\",\"dateModified\":\"2011-03-12T20:06:40+00:00\",\"author\":{\"@id\":\"https:\/\/www.visit-ulcinj.com\/blog\/#\/schema\/person\/dcab619c614d3038751c63bc2aadc06d\"},\"description\":\"Delegati Izborne skup\u0161tine Force, njih 150, izabrali su danas dosada\u0161njeg lidera, Nazifa Cungua, za predsjednika te partije. U saop\u0161tenju za javnost\",\"breadcrumb\":{\"@id\":\"https:\/\/www.visit-ulcinj.com\/blog\/2011\/03\/12\/cungu-ponovo-predsjednik-force\/#breadcrumb\"},\"inLanguage\":\"en-US\",\"potentialAction\":[{\"@type\":\"ReadAction\",\"target\":[\"https:\/\/www.visit-ulcinj.com\/blog\/2011\/03\/12\/cungu-ponovo-predsjednik-force\/\"]}]},{\"@type\":\"BreadcrumbList\",\"@id\":\"https:\/\/www.visit-ulcinj.com\/blog\/2011\/03\/12\/cungu-ponovo-predsjednik-force\/#breadcrumb\",\"itemListElement\":[{\"@type\":\"ListItem\",\"position\":1,\"name\":\"Cungu ponovo predsjednik Force\"}]},{\"@type\":\"Person\",\"@id\":\"https:\/\/www.visit-ulcinj.com\/blog\/#\/schema\/person\/dcab619c614d3038751c63bc2aadc06d\",\"name\":\"ulqini\",\"sameAs\":[\"http:\/\/www.visit-ulcinj.com\"],\"url\":\"https:\/\/www.visit-ulcinj.com\/blog\/author\/admin\/\"}]}<\/script>\n<!-- \/ Yoast SEO plugin. -->","yoast_head_json":{"title":"Cungu ponovo predsjednik Force - Lajme nga Ulqini","description":"Delegati Izborne skup\u0161tine Force, njih 150, izabrali su danas dosada\u0161njeg lidera, Nazifa Cungua, za predsjednika te partije. U saop\u0161tenju za javnost","robots":{"index":"index","follow":"follow","max-snippet":"max-snippet:-1","max-image-preview":"max-image-preview:large","max-video-preview":"max-video-preview:-1"},"canonical":"https:\/\/www.visit-ulcinj.com\/blog\/2011\/03\/12\/cungu-ponovo-predsjednik-force\/","og_locale":"en_US","og_type":"article","og_title":"Cungu ponovo predsjednik Force - Lajme nga Ulqini","og_description":"Delegati Izborne skup\u0161tine Force, njih 150, izabrali su danas dosada\u0161njeg lidera, Nazifa Cungua, za predsjednika te partije. U saop\u0161tenju za javnost","og_url":"https:\/\/www.visit-ulcinj.com\/blog\/2011\/03\/12\/cungu-ponovo-predsjednik-force\/","og_site_name":"Lajme nga Ulqini","article_published_time":"2011-03-12T20:06:40+00:00","og_image":[{"url":"http:\/\/www.visit-ulcinj.com\/blog\/wp-content\/uploads\/2011\/03\/Cungu-ponovo-predsjednik-Force.jpg"}],"twitter_misc":{"Written by":"ulqini","Est. reading time":"1 minute"},"schema":{"@context":"https:\/\/schema.org","@graph":[{"@type":"WebSite","@id":"https:\/\/www.visit-ulcinj.com\/blog\/#website","url":"https:\/\/www.visit-ulcinj.com\/blog\/","name":"Lajme nga Ulqini","description":"Lajme,Vijesti,Ulqini,Ulqin,Crna Gora,Mali i Zi","potentialAction":[{"@type":"SearchAction","target":{"@type":"EntryPoint","urlTemplate":"https:\/\/www.visit-ulcinj.com\/blog\/?s={search_term_string}"},"query-input":"required name=search_term_string"}],"inLanguage":"en-US"},{"@type":"ImageObject","inLanguage":"en-US","@id":"https:\/\/www.visit-ulcinj.com\/blog\/2011\/03\/12\/cungu-ponovo-predsjednik-force\/#primaryimage","url":"https:\/\/www.visit-ulcinj.com\/blog\/wp-content\/uploads\/2011\/03\/Cungu-ponovo-predsjednik-Force.jpg","contentUrl":"https:\/\/www.visit-ulcinj.com\/blog\/wp-content\/uploads\/2011\/03\/Cungu-ponovo-predsjednik-Force.jpg","width":"380","height":"478"},{"@type":"WebPage","@id":"https:\/\/www.visit-ulcinj.com\/blog\/2011\/03\/12\/cungu-ponovo-predsjednik-force\/#webpage","url":"https:\/\/www.visit-ulcinj.com\/blog\/2011\/03\/12\/cungu-ponovo-predsjednik-force\/","name":"Cungu ponovo predsjednik Force - Lajme nga Ulqini","isPartOf":{"@id":"https:\/\/www.visit-ulcinj.com\/blog\/#website"},"primaryImageOfPage":{"@id":"https:\/\/www.visit-ulcinj.com\/blog\/2011\/03\/12\/cungu-ponovo-predsjednik-force\/#primaryimage"},"datePublished":"2011-03-12T20:06:40+00:00","dateModified":"2011-03-12T20:06:40+00:00","author":{"@id":"https:\/\/www.visit-ulcinj.com\/blog\/#\/schema\/person\/dcab619c614d3038751c63bc2aadc06d"},"description":"Delegati Izborne skup\u0161tine Force, njih 150, izabrali su danas dosada\u0161njeg lidera, Nazifa Cungua, za predsjednika te partije. U saop\u0161tenju za javnost","breadcrumb":{"@id":"https:\/\/www.visit-ulcinj.com\/blog\/2011\/03\/12\/cungu-ponovo-predsjednik-force\/#breadcrumb"},"inLanguage":"en-US","potentialAction":[{"@type":"ReadAction","target":["https:\/\/www.visit-ulcinj.com\/blog\/2011\/03\/12\/cungu-ponovo-predsjednik-force\/"]}]},{"@type":"BreadcrumbList","@id":"https:\/\/www.visit-ulcinj.com\/blog\/2011\/03\/12\/cungu-ponovo-predsjednik-force\/#breadcrumb","itemListElement":[{"@type":"ListItem","position":1,"name":"Cungu ponovo predsjednik Force"}]},{"@type":"Person","@id":"https:\/\/www.visit-ulcinj.com\/blog\/#\/schema\/person\/dcab619c614d3038751c63bc2aadc06d","name":"ulqini","sameAs":["http:\/\/www.visit-ulcinj.com"],"url":"https:\/\/www.visit-ulcinj.com\/blog\/author\/admin\/"}]}},"jetpack_featured_media_url":"","jetpack_sharing_enabled":true,"jetpack_shortlink":"https:\/\/wp.me\/pe6lTn-bCr","_links":{"self":[{"href":"https:\/\/www.visit-ulcinj.com\/blog\/wp-json\/wp\/v2\/posts\/44667"}],"collection":[{"href":"https:\/\/www.visit-ulcinj.com\/blog\/wp-json\/wp\/v2\/posts"}],"about":[{"href":"https:\/\/www.visit-ulcinj.com\/blog\/wp-json\/wp\/v2\/types\/post"}],"author":[{"embeddable":true,"href":"https:\/\/www.visit-ulcinj.com\/blog\/wp-json\/wp\/v2\/users\/1"}],"replies":[{"embeddable":true,"href":"https:\/\/www.visit-ulcinj.com\/blog\/wp-json\/wp\/v2\/comments?post=44667"}],"version-history":[{"count":0,"href":"https:\/\/www.visit-ulcinj.com\/blog\/wp-json\/wp\/v2\/posts\/44667\/revisions"}],"wp:attachment":[{"href":"https:\/\/www.visit-ulcinj.com\/blog\/wp-json\/wp\/v2\/media?parent=44667"}],"wp:term":[{"taxonomy":"category","embeddable":true,"href":"https:\/\/www.visit-ulcinj.com\/blog\/wp-json\/wp\/v2\/categories?post=44667"},{"taxonomy":"post_tag","embeddable":true,"href":"https:\/\/www.visit-ulcinj.com\/blog\/wp-json\/wp\/v2\/tags?post=44667"}],"curies":[{"name":"wp","href":"https:\/\/api.w.org\/{rel}","templated":true}]}}