{"id":44672,"date":"2011-03-13T08:52:23","date_gmt":"2011-03-13T07:52:23","guid":{"rendered":"http:\/\/www.visit-ulcinj.com\/blog\/?p=44672"},"modified":"2011-03-21T18:00:31","modified_gmt":"2011-03-21T17:00:31","slug":"nazif-cungu-rizgjidhet-kryetar-i-forces","status":"publish","type":"post","link":"https:\/\/www.visit-ulcinj.com\/blog\/2011\/03\/13\/nazif-cungu-rizgjidhet-kryetar-i-forces\/","title":{"rendered":"Nazif Cungu rizgjidhet kryetar i Forc\u00ebs"},"content":{"rendered":"<p><a href=\"http:\/\/www.visit-ulcinj.com\/blog\/wp-content\/uploads\/2011\/03\/Kuvendi_Forca_2011_Hotel-Mediteran_Ulqin.jpg\"><img loading=\"lazy\" class=\"alignleft size-full wp-image-44968\" title=\"Kuvendi_Forca_2011_Hotel Mediteran_Ulqin\" src=\"http:\/\/www.visit-ulcinj.com\/blog\/wp-content\/uploads\/2011\/03\/Kuvendi_Forca_2011_Hotel-Mediteran_Ulqin.jpg\" alt=\"\" width=\"508\" height=\"380\" \/><\/a>Me daten 12 mars 2011 ne hotelin Mediteran u organizua Kuvendi zgjedhor i Forces.<\/p>\n<p>Kuvendi, ne perberje prej 150 anetaresh ka miratuar dokumentet vijuese:<\/p>\n<p>Raportin e pun\u00ebs s\u00eb K\u00ebshillit qendror n\u00eb mes t\u00eb dy kuvendeve, statutin e ri t\u00eb partis\u00eb dhe programin e punes.<\/p>\n<p>Poashtu i \u00ebsht\u00eb dh\u00ebn\u00eb mb\u00ebshtetje pun\u00ebs s\u00eb deritashme t\u00eb partis\u00eb, e cila n\u00eb nd\u00ebrkoh\u00eb, prej formimit n\u00eb vitin 2005 e deri m\u00eb sot \u00ebsht\u00eb b\u00ebr\u00eb partija m\u00eb e madhe shqiptare.<\/p>\n<p>N\u00eb kuvend \u00ebsht\u00eb b\u00ebr\u00eb edhe zgjedhja e k\u00ebshillit t\u00eb ri qendror, ku n\u00eb vend t\u00eb 15 an\u00ebtar\u00ebve, sic ishte me statut t\u00eb vjet\u00ebr, tani num\u00ebron 30 an\u00ebtar.<\/p>\n<p>P\u00ebr kryetar t\u00eb partis\u00eb \u00ebsht\u00eb rizgjedhur zoteri Nazif Cungu, lideri i deritash\u00ebm i Forc\u00ebs.<\/p>\n<p>N\u00ebnkryetar\u00ebt e partis\u00eb n\u00eb t\u00eb ardhmen do t\u00eb zgjedhen nga K\u00ebshilli Qendror, e poashtu \u00ebsht\u00eb parapar\u00eb q\u00eb t\u00eb p\u00ebrforcohen strukturat organizative t\u00eb partis\u00eb, dhe p\u00ebrvec n\u00eb Plav\u00eb ku ekziston k\u00ebshilli, t\u00eb formohen edhe k\u00ebshillat tjer\u00eb n\u00eb Tivar, Tuz, Podgoric\u00eb dhe Rozhaj\u00eb.<\/p>\n<p>Forca aktualisht ka 11 k\u00ebshilltar n\u00eb Ulqin dhe \u00ebsht\u00eb partia m\u00eb e fort\u00eb opozitare, n\u00eb Plav\u00eb ka nj\u00eb k\u00ebshilltare e cila \u00ebsht\u00eb pjes\u00eb e koalicionit qeveris\u00ebs, e poashtu \u00ebsht\u00eb e p\u00ebrfaq\u00ebsuar edhe n\u00eb parlamentin e Malit t\u00eb Zi.<\/p>\n<p><strong>Sh\u00ebrbimi informativ i Forc\u00ebs<\/strong><\/p>\n","protected":false},"excerpt":{"rendered":"<p>Me daten 12 mars 2011 ne hotelin Mediteran u organizua Kuvendi zgjedhor i Forces. Kuvendi, ne perberje prej 150 anetaresh ka miratuar dokumentet vijuese: Raportin e pun\u00ebs s\u00eb K\u00ebshillit qendror n\u00eb mes t\u00eb dy kuvendeve, statutin e ri t\u00eb partis\u00eb dhe programin e punes. Poashtu i \u00ebsht\u00eb dh\u00ebn\u00eb mb\u00ebshtetje pun\u00ebs s\u00eb deritashme t\u00eb partis\u00eb, e [&hellip;]<\/p>\n","protected":false},"author":1,"featured_media":0,"comment_status":"open","ping_status":"closed","sticky":false,"template":"","format":"standard","meta":{"spay_email":"","jetpack_publicize_message":"","jetpack_is_tweetstorm":false,"jetpack_publicize_feature_enabled":true},"categories":[6],"tags":[672,118,200,18],"jetpack_publicize_connections":[],"yoast_head":"<!-- This site is optimized with the Yoast SEO plugin v19.1 - https:\/\/yoast.com\/wordpress\/plugins\/seo\/ -->\n<title>Nazif Cungu rizgjidhet kryetar i Forc\u00ebs - Lajme nga Ulqini<\/title>\n<meta name=\"description\" content=\"Me daten 12 mars 2011 ne hotelin Mediteran u organizua Kuvendi zgjedhor i Forces. Kuvendi, ne perberje prej 150 anetaresh ka miratuar dokumentet vijuese:\" \/>\n<meta name=\"robots\" content=\"index, follow, max-snippet:-1, max-image-preview:large, max-video-preview:-1\" \/>\n<link rel=\"canonical\" href=\"https:\/\/www.visit-ulcinj.com\/blog\/2011\/03\/13\/nazif-cungu-rizgjidhet-kryetar-i-forces\/\" \/>\n<meta property=\"og:locale\" content=\"en_US\" \/>\n<meta property=\"og:type\" content=\"article\" \/>\n<meta property=\"og:title\" content=\"Nazif Cungu rizgjidhet kryetar i Forc\u00ebs - Lajme nga Ulqini\" \/>\n<meta property=\"og:description\" content=\"Me daten 12 mars 2011 ne hotelin Mediteran u organizua Kuvendi zgjedhor i Forces. Kuvendi, ne perberje prej 150 anetaresh ka miratuar dokumentet vijuese:\" \/>\n<meta property=\"og:url\" content=\"https:\/\/www.visit-ulcinj.com\/blog\/2011\/03\/13\/nazif-cungu-rizgjidhet-kryetar-i-forces\/\" \/>\n<meta property=\"og:site_name\" content=\"Lajme nga Ulqini\" \/>\n<meta property=\"article:published_time\" content=\"2011-03-13T07:52:23+00:00\" \/>\n<meta property=\"article:modified_time\" content=\"2011-03-21T17:00:31+00:00\" \/>\n<meta property=\"og:image\" content=\"http:\/\/www.visit-ulcinj.com\/blog\/wp-content\/uploads\/2011\/03\/Kuvendi_Forca_2011_Hotel-Mediteran_Ulqin.jpg\" \/>\n<meta name=\"twitter:label1\" content=\"Written by\" \/>\n\t<meta name=\"twitter:data1\" content=\"ulqini\" \/>\n\t<meta name=\"twitter:label2\" content=\"Est. reading time\" \/>\n\t<meta name=\"twitter:data2\" content=\"1 minute\" \/>\n<script type=\"application\/ld+json\" class=\"yoast-schema-graph\">{\"@context\":\"https:\/\/schema.org\",\"@graph\":[{\"@type\":\"WebSite\",\"@id\":\"https:\/\/www.visit-ulcinj.com\/blog\/#website\",\"url\":\"https:\/\/www.visit-ulcinj.com\/blog\/\",\"name\":\"Lajme nga Ulqini\",\"description\":\"Lajme,Vijesti,Ulqini,Ulqin,Crna Gora,Mali i Zi\",\"potentialAction\":[{\"@type\":\"SearchAction\",\"target\":{\"@type\":\"EntryPoint\",\"urlTemplate\":\"https:\/\/www.visit-ulcinj.com\/blog\/?s={search_term_string}\"},\"query-input\":\"required name=search_term_string\"}],\"inLanguage\":\"en-US\"},{\"@type\":\"ImageObject\",\"inLanguage\":\"en-US\",\"@id\":\"https:\/\/www.visit-ulcinj.com\/blog\/2011\/03\/13\/nazif-cungu-rizgjidhet-kryetar-i-forces\/#primaryimage\",\"url\":\"https:\/\/www.visit-ulcinj.com\/blog\/wp-content\/uploads\/2011\/03\/Kuvendi_Forca_2011_Hotel-Mediteran_Ulqin.jpg\",\"contentUrl\":\"https:\/\/www.visit-ulcinj.com\/blog\/wp-content\/uploads\/2011\/03\/Kuvendi_Forca_2011_Hotel-Mediteran_Ulqin.jpg\",\"width\":\"640\",\"height\":\"425\"},{\"@type\":\"WebPage\",\"@id\":\"https:\/\/www.visit-ulcinj.com\/blog\/2011\/03\/13\/nazif-cungu-rizgjidhet-kryetar-i-forces\/#webpage\",\"url\":\"https:\/\/www.visit-ulcinj.com\/blog\/2011\/03\/13\/nazif-cungu-rizgjidhet-kryetar-i-forces\/\",\"name\":\"Nazif Cungu rizgjidhet kryetar i Forc\u00ebs - Lajme nga Ulqini\",\"isPartOf\":{\"@id\":\"https:\/\/www.visit-ulcinj.com\/blog\/#website\"},\"primaryImageOfPage\":{\"@id\":\"https:\/\/www.visit-ulcinj.com\/blog\/2011\/03\/13\/nazif-cungu-rizgjidhet-kryetar-i-forces\/#primaryimage\"},\"datePublished\":\"2011-03-13T07:52:23+00:00\",\"dateModified\":\"2011-03-21T17:00:31+00:00\",\"author\":{\"@id\":\"https:\/\/www.visit-ulcinj.com\/blog\/#\/schema\/person\/dcab619c614d3038751c63bc2aadc06d\"},\"description\":\"Me daten 12 mars 2011 ne hotelin Mediteran u organizua Kuvendi zgjedhor i Forces. Kuvendi, ne perberje prej 150 anetaresh ka miratuar dokumentet vijuese:\",\"breadcrumb\":{\"@id\":\"https:\/\/www.visit-ulcinj.com\/blog\/2011\/03\/13\/nazif-cungu-rizgjidhet-kryetar-i-forces\/#breadcrumb\"},\"inLanguage\":\"en-US\",\"potentialAction\":[{\"@type\":\"ReadAction\",\"target\":[\"https:\/\/www.visit-ulcinj.com\/blog\/2011\/03\/13\/nazif-cungu-rizgjidhet-kryetar-i-forces\/\"]}]},{\"@type\":\"BreadcrumbList\",\"@id\":\"https:\/\/www.visit-ulcinj.com\/blog\/2011\/03\/13\/nazif-cungu-rizgjidhet-kryetar-i-forces\/#breadcrumb\",\"itemListElement\":[{\"@type\":\"ListItem\",\"position\":1,\"name\":\"Nazif Cungu rizgjidhet kryetar i Forc\u00ebs\"}]},{\"@type\":\"Person\",\"@id\":\"https:\/\/www.visit-ulcinj.com\/blog\/#\/schema\/person\/dcab619c614d3038751c63bc2aadc06d\",\"name\":\"ulqini\",\"sameAs\":[\"http:\/\/www.visit-ulcinj.com\"],\"url\":\"https:\/\/www.visit-ulcinj.com\/blog\/author\/admin\/\"}]}<\/script>\n<!-- \/ Yoast SEO plugin. -->","yoast_head_json":{"title":"Nazif Cungu rizgjidhet kryetar i Forc\u00ebs - Lajme nga Ulqini","description":"Me daten 12 mars 2011 ne hotelin Mediteran u organizua Kuvendi zgjedhor i Forces. Kuvendi, ne perberje prej 150 anetaresh ka miratuar dokumentet vijuese:","robots":{"index":"index","follow":"follow","max-snippet":"max-snippet:-1","max-image-preview":"max-image-preview:large","max-video-preview":"max-video-preview:-1"},"canonical":"https:\/\/www.visit-ulcinj.com\/blog\/2011\/03\/13\/nazif-cungu-rizgjidhet-kryetar-i-forces\/","og_locale":"en_US","og_type":"article","og_title":"Nazif Cungu rizgjidhet kryetar i Forc\u00ebs - Lajme nga Ulqini","og_description":"Me daten 12 mars 2011 ne hotelin Mediteran u organizua Kuvendi zgjedhor i Forces. Kuvendi, ne perberje prej 150 anetaresh ka miratuar dokumentet vijuese:","og_url":"https:\/\/www.visit-ulcinj.com\/blog\/2011\/03\/13\/nazif-cungu-rizgjidhet-kryetar-i-forces\/","og_site_name":"Lajme nga Ulqini","article_published_time":"2011-03-13T07:52:23+00:00","article_modified_time":"2011-03-21T17:00:31+00:00","og_image":[{"url":"http:\/\/www.visit-ulcinj.com\/blog\/wp-content\/uploads\/2011\/03\/Kuvendi_Forca_2011_Hotel-Mediteran_Ulqin.jpg"}],"twitter_misc":{"Written by":"ulqini","Est. reading time":"1 minute"},"schema":{"@context":"https:\/\/schema.org","@graph":[{"@type":"WebSite","@id":"https:\/\/www.visit-ulcinj.com\/blog\/#website","url":"https:\/\/www.visit-ulcinj.com\/blog\/","name":"Lajme nga Ulqini","description":"Lajme,Vijesti,Ulqini,Ulqin,Crna Gora,Mali i Zi","potentialAction":[{"@type":"SearchAction","target":{"@type":"EntryPoint","urlTemplate":"https:\/\/www.visit-ulcinj.com\/blog\/?s={search_term_string}"},"query-input":"required name=search_term_string"}],"inLanguage":"en-US"},{"@type":"ImageObject","inLanguage":"en-US","@id":"https:\/\/www.visit-ulcinj.com\/blog\/2011\/03\/13\/nazif-cungu-rizgjidhet-kryetar-i-forces\/#primaryimage","url":"https:\/\/www.visit-ulcinj.com\/blog\/wp-content\/uploads\/2011\/03\/Kuvendi_Forca_2011_Hotel-Mediteran_Ulqin.jpg","contentUrl":"https:\/\/www.visit-ulcinj.com\/blog\/wp-content\/uploads\/2011\/03\/Kuvendi_Forca_2011_Hotel-Mediteran_Ulqin.jpg","width":"640","height":"425"},{"@type":"WebPage","@id":"https:\/\/www.visit-ulcinj.com\/blog\/2011\/03\/13\/nazif-cungu-rizgjidhet-kryetar-i-forces\/#webpage","url":"https:\/\/www.visit-ulcinj.com\/blog\/2011\/03\/13\/nazif-cungu-rizgjidhet-kryetar-i-forces\/","name":"Nazif Cungu rizgjidhet kryetar i Forc\u00ebs - Lajme nga Ulqini","isPartOf":{"@id":"https:\/\/www.visit-ulcinj.com\/blog\/#website"},"primaryImageOfPage":{"@id":"https:\/\/www.visit-ulcinj.com\/blog\/2011\/03\/13\/nazif-cungu-rizgjidhet-kryetar-i-forces\/#primaryimage"},"datePublished":"2011-03-13T07:52:23+00:00","dateModified":"2011-03-21T17:00:31+00:00","author":{"@id":"https:\/\/www.visit-ulcinj.com\/blog\/#\/schema\/person\/dcab619c614d3038751c63bc2aadc06d"},"description":"Me daten 12 mars 2011 ne hotelin Mediteran u organizua Kuvendi zgjedhor i Forces. Kuvendi, ne perberje prej 150 anetaresh ka miratuar dokumentet vijuese:","breadcrumb":{"@id":"https:\/\/www.visit-ulcinj.com\/blog\/2011\/03\/13\/nazif-cungu-rizgjidhet-kryetar-i-forces\/#breadcrumb"},"inLanguage":"en-US","potentialAction":[{"@type":"ReadAction","target":["https:\/\/www.visit-ulcinj.com\/blog\/2011\/03\/13\/nazif-cungu-rizgjidhet-kryetar-i-forces\/"]}]},{"@type":"BreadcrumbList","@id":"https:\/\/www.visit-ulcinj.com\/blog\/2011\/03\/13\/nazif-cungu-rizgjidhet-kryetar-i-forces\/#breadcrumb","itemListElement":[{"@type":"ListItem","position":1,"name":"Nazif Cungu rizgjidhet kryetar i Forc\u00ebs"}]},{"@type":"Person","@id":"https:\/\/www.visit-ulcinj.com\/blog\/#\/schema\/person\/dcab619c614d3038751c63bc2aadc06d","name":"ulqini","sameAs":["http:\/\/www.visit-ulcinj.com"],"url":"https:\/\/www.visit-ulcinj.com\/blog\/author\/admin\/"}]}},"jetpack_featured_media_url":"","jetpack_sharing_enabled":true,"jetpack_shortlink":"https:\/\/wp.me\/pe6lTn-bCw","_links":{"self":[{"href":"https:\/\/www.visit-ulcinj.com\/blog\/wp-json\/wp\/v2\/posts\/44672"}],"collection":[{"href":"https:\/\/www.visit-ulcinj.com\/blog\/wp-json\/wp\/v2\/posts"}],"about":[{"href":"https:\/\/www.visit-ulcinj.com\/blog\/wp-json\/wp\/v2\/types\/post"}],"author":[{"embeddable":true,"href":"https:\/\/www.visit-ulcinj.com\/blog\/wp-json\/wp\/v2\/users\/1"}],"replies":[{"embeddable":true,"href":"https:\/\/www.visit-ulcinj.com\/blog\/wp-json\/wp\/v2\/comments?post=44672"}],"version-history":[{"count":0,"href":"https:\/\/www.visit-ulcinj.com\/blog\/wp-json\/wp\/v2\/posts\/44672\/revisions"}],"wp:attachment":[{"href":"https:\/\/www.visit-ulcinj.com\/blog\/wp-json\/wp\/v2\/media?parent=44672"}],"wp:term":[{"taxonomy":"category","embeddable":true,"href":"https:\/\/www.visit-ulcinj.com\/blog\/wp-json\/wp\/v2\/categories?post=44672"},{"taxonomy":"post_tag","embeddable":true,"href":"https:\/\/www.visit-ulcinj.com\/blog\/wp-json\/wp\/v2\/tags?post=44672"}],"curies":[{"name":"wp","href":"https:\/\/api.w.org\/{rel}","templated":true}]}}