{"id":44675,"date":"2011-03-13T16:18:23","date_gmt":"2011-03-13T15:18:23","guid":{"rendered":"http:\/\/www.visit-ulcinj.com\/blog\/?p=44675"},"modified":"2011-03-22T21:04:48","modified_gmt":"2011-03-22T20:04:48","slug":"promovimi-i-librit-arsimi-shqip-ne-ane-te-malit-1945-198-nga-syme-kokaj","status":"publish","type":"post","link":"https:\/\/www.visit-ulcinj.com\/blog\/2011\/03\/13\/promovimi-i-librit-arsimi-shqip-ne-ane-te-malit-1945-198-nga-syme-kokaj\/","title":{"rendered":"Promovimi i librit: Arsimi shqip n\u00eb An\u00eb t\u00eb Malit 1945-198"},"content":{"rendered":"<p><a href=\"http:\/\/www.visit-ulcinj.com\/blog\/wp-content\/uploads\/2011\/03\/promovimi-i-librit-arsimi-shqip-n\u00eb-ane-te-malit-1945-198-nga-syme-kokaj_016.jpg\"><img loading=\"lazy\" class=\"alignleft size-full wp-image-44676\" title=\"promovimi i librit arsimi shqip n\u00eb ane te malit 1945-198 nga syme kokaj_016,Amull, ana malit, avokati, Bojk\u00eb, Brajshe, bratic\u00eb, Colchinium, Darz\u00eb, Dragaj, Dulcigno, Dulcinea, Fraskanjell, Intervista e avokatit z. Sabri Sam Gjoni, Kalimani, katerkoll\u00eb, Klezna e Ep\u00ebrme, Klezna e Poshtme, Kod\u00ebr, Kolonza, Kosiq, kraja, Kravari, Kryth\u00eb, Kuvendi Komunal i Ulqinit, Leskovac, Lisna Bore, Mal i Bardh\u00eb, MALI I BRIS\u00cb, Mali i Zi, mbrojtja, Megjure\u00e7, Mill\u00eb, Montenegro, Mozhur\u00eb, Naser Cobaj, Olcinium, ostros, Pistull, Qurkaj, Rastish, Re\u00e7, Sabri Sam Gjoni, Sal\u00e7, Shas, Sh\u00ebngjergj, Shtodh\u00ebr, Shtoji i Ep\u00ebrm, Shtoji i Posht\u00ebm, Sukobin\u00eb, Sutjell, tivar, ulcinj, Ulkinon, ulqin, ulqini, Valdanosi, Zogaj\" src=\"http:\/\/www.visit-ulcinj.com\/blog\/wp-content\/uploads\/2011\/03\/promovimi-i-librit-arsimi-shqip-n\u00eb-ane-te-malit-1945-198-nga-syme-kokaj_016.jpg\" alt=\"Amull, ana malit, avokati, Bojk\u00eb, Brajshe, bratic\u00eb, Colchinium, Darz\u00eb, Dragaj, Dulcigno, Dulcinea, Fraskanjell, Intervista e avokatit z. Sabri Sam Gjoni, Kalimani, katerkoll\u00eb, Klezna e Ep\u00ebrme, Klezna e Poshtme, Kod\u00ebr, Kolonza, Kosiq, kraja, Kravari, Kryth\u00eb, Kuvendi Komunal i Ulqinit, Leskovac, Lisna Bore, Mal i Bardh\u00eb, MALI I BRIS\u00cb, Mali i Zi, mbrojtja, Megjure\u00e7, Mill\u00eb, Montenegro, Mozhur\u00eb, Naser Cobaj, Olcinium, ostros, Pistull, Qurkaj, Rastish, Re\u00e7, Sabri Sam Gjoni, Sal\u00e7, Shas, Sh\u00ebngjergj, Shtodh\u00ebr, Shtoji i Ep\u00ebrm, Shtoji i Posht\u00ebm, Sukobin\u00eb, Sutjell, tivar, ulcinj, Ulkinon, ulqin, ulqini, Valdanosi, Zogaj\" width=\"508\" height=\"380\" \/><\/a>Mbr\u00ebm\u00eb n\u00eb lokalet e shkolles fillore &#8220;Bedri Elezaga&#8221; n\u00eb Katerkoll\u00eb u b\u00eb promovimi i librit t\u00eb zonjes Syme Kokaj.Libri titullohet &#8220;Arsimi shqip n\u00eb An\u00eb t\u00eb Malit 1945-1985&#8221;.Libri p\u00ebrmban 500 faqe dhe n\u00eb t\u00eb shtjellohet historia e arsimit dhe e t\u00eb arsimuarve t\u00eb k\u00ebsaj treve.Libri p\u00ebrmban poashtu edhe fotografi dhe ngjarje t\u00eb ndryshme q\u00eb e b\u00ebjn\u00eb edhe m\u00eb interesant p\u00ebr lexuesin.<br \/>\nN\u00eb k\u00ebt\u00eb liber nuk p\u00ebrfshihen vetem individ por edhe familjaret e tyre,sepse n\u00eb fund t\u00eb fundit historia nd\u00ebrtohet n\u00eb t\u00ebr\u00ebsi dhe si e till\u00eb sjell edhe m\u00eb teper k\u00ebnaq\u00ebsi gjat\u00eb t\u00eb lexuarit.<br \/>\nFalenderim p\u00ebr ato gjenerata q\u00eb dhan\u00eb kontributin e tyre t\u00eb \u00e7muar dhe q\u00eb ndezen pishtarin e dituris\u00eb n\u00eb An\u00eb t\u00eb Malit.<br \/>\nUroj q\u00eb gjeneratat n\u00eb vazhdim t\u00eb din\u00eb ta mbajn\u00eb ndezur PISHTARIN E DITURIS\u00cb,sepse vetem n\u00eb k\u00ebt\u00eb m\u00ebnyr\u00eb DRIT\u00cb E DIJES DO T\u00cb NA NDRI\u00c7OJ\u00cb GJITHMON\u00cb RRUGEN.<\/p>\n<p>B\u00ebj nj\u00eb vep\u00ebr ti,<br \/>\nkushdo qofsh,<br \/>\ns&#8217;ka r\u00ebnd\u00ebsi madh\u00ebsia e saj.<br \/>\nLe t\u00eb jet\u00eb e thjesht\u00eb<br \/>\nsi mbjellja e nj\u00eb peme<br \/>\ne im\u00ebt si th\u00ebrrimet e buk\u00ebs<br \/>\nmbi parvazin e dritares p\u00ebr nj\u00eb zog<br \/>\nlajm\u00ebtar,<br \/>\napo delikate le t\u00eb jet\u00eb &#8211; si tualeti i gruas<br \/>\nq\u00eb ndikon, po, po, ndikon n\u00eb bukurin\u00eb<br \/>\ne f\u00ebmij\u00ebs q\u00eb do lind\u00eb.<br \/>\nB\u00ebj di\u00e7ka q\u00eb t&#8217;u hyj\u00eb n\u00eb pun\u00eb njer\u00ebzve<br \/>\nKurdise, po kurdise<br \/>\nzilen e zemr\u00ebs p\u00ebr gjeneratat q\u00eb do vin\u00eb.<\/p>\n<p><a href=\"http:\/\/www.facebook.com\/pages\/Lajme-Nga-Ulqini\/143844329234#!\/profile.php?id=100000604003955\" target=\"_blank\"><strong>Autor\u00a0:\u00a0 Luljeta Avdiu Cura<\/strong><\/a><\/p>\n<p><a href=\"http:\/\/www.facebook.com\/pages\/Lajme-Nga-Ulqini\/143844329234#!\/album.php?id=100001564340764&amp;aid=34393\" target=\"_blank\"><strong>Q\u00cb T\u00cb SHIKONI M\u00cb SHUM\u00cb FOTOGRAFI T\u00cb AUTORIT DINO ZENELI<\/strong>:\u00a0<strong> <\/strong><strong>Ana E Malit Tradita Facebook<\/strong><\/a><br \/>\n\n\t\t<style type=\"text\/css\">\n\t\t\t#gallery-1 {\n\t\t\t\tmargin: auto;\n\t\t\t}\n\t\t\t#gallery-1 .gallery-item {\n\t\t\t\tfloat: left;\n\t\t\t\tmargin-top: 10px;\n\t\t\t\ttext-align: center;\n\t\t\t\twidth: 33%;\n\t\t\t}\n\t\t\t#gallery-1 img {\n\t\t\t\tborder: 2px solid #cfcfcf;\n\t\t\t}\n\t\t\t#gallery-1 .gallery-caption {\n\t\t\t\tmargin-left: 0;\n\t\t\t}\n\t\t\t\/* see gallery_shortcode() in wp-includes\/media.php *\/\n\t\t<\/style>\n\t\t<div id='gallery-1' class='gallery galleryid-44675 gallery-columns-3 gallery-size-thumbnail'><dl class='gallery-item'>\n\t\t\t<dt class='gallery-icon landscape'>\n\t\t\t\t<a href='https:\/\/www.visit-ulcinj.com\/blog\/wp-content\/uploads\/2011\/03\/promovimi-i-librit-arsimi-shqip-n\u00eb-ane-te-malit-1945-198-nga-syme-kokaj_016.jpg'><img width=\"150\" height=\"150\" src=\"https:\/\/www.visit-ulcinj.com\/blog\/wp-content\/uploads\/2011\/03\/promovimi-i-librit-arsimi-shqip-n\u00eb-ane-te-malit-1945-198-nga-syme-kokaj_016-150x150.jpg\" class=\"attachment-thumbnail size-thumbnail\" alt=\"\" loading=\"lazy\" \/><\/a>\n\t\t\t<\/dt><\/dl><dl class='gallery-item'>\n\t\t\t<dt class='gallery-icon landscape'>\n\t\t\t\t<a href='https:\/\/www.visit-ulcinj.com\/blog\/wp-content\/uploads\/2011\/03\/promovimi-i-librit-arsimi-shqip-n\u00eb-ane-te-malit-1945-198-nga-syme-kokaj_026.jpg'><img width=\"150\" height=\"150\" src=\"https:\/\/www.visit-ulcinj.com\/blog\/wp-content\/uploads\/2011\/03\/promovimi-i-librit-arsimi-shqip-n\u00eb-ane-te-malit-1945-198-nga-syme-kokaj_026-150x150.jpg\" class=\"attachment-thumbnail size-thumbnail\" alt=\"\" loading=\"lazy\" \/><\/a>\n\t\t\t<\/dt><\/dl><dl class='gallery-item'>\n\t\t\t<dt class='gallery-icon landscape'>\n\t\t\t\t<a href='https:\/\/www.visit-ulcinj.com\/blog\/wp-content\/uploads\/2011\/03\/promovimi-i-librit-arsimi-shqip-n\u00eb-ane-te-malit-1945-198-nga-syme-kokaj_002.jpg'><img width=\"150\" height=\"150\" src=\"https:\/\/www.visit-ulcinj.com\/blog\/wp-content\/uploads\/2011\/03\/promovimi-i-librit-arsimi-shqip-n\u00eb-ane-te-malit-1945-198-nga-syme-kokaj_002-150x150.jpg\" class=\"attachment-thumbnail size-thumbnail\" alt=\"\" loading=\"lazy\" \/><\/a>\n\t\t\t<\/dt><\/dl><br style=\"clear: both\" \/><dl class='gallery-item'>\n\t\t\t<dt class='gallery-icon landscape'>\n\t\t\t\t<a href='https:\/\/www.visit-ulcinj.com\/blog\/wp-content\/uploads\/2011\/03\/promovimi-i-librit-arsimi-shqip-n\u00eb-ane-te-malit-1945-198-nga-syme-kokaj_036.jpg'><img width=\"150\" height=\"150\" src=\"https:\/\/www.visit-ulcinj.com\/blog\/wp-content\/uploads\/2011\/03\/promovimi-i-librit-arsimi-shqip-n\u00eb-ane-te-malit-1945-198-nga-syme-kokaj_036-150x150.jpg\" class=\"attachment-thumbnail size-thumbnail\" alt=\"\" loading=\"lazy\" \/><\/a>\n\t\t\t<\/dt><\/dl><dl class='gallery-item'>\n\t\t\t<dt class='gallery-icon landscape'>\n\t\t\t\t<a href='https:\/\/www.visit-ulcinj.com\/blog\/wp-content\/uploads\/2011\/03\/promovimi-i-librit-arsimi-shqip-n\u00eb-ane-te-malit-1945-198-nga-syme-kokaj_017.jpg'><img width=\"150\" height=\"150\" src=\"https:\/\/www.visit-ulcinj.com\/blog\/wp-content\/uploads\/2011\/03\/promovimi-i-librit-arsimi-shqip-n\u00eb-ane-te-malit-1945-198-nga-syme-kokaj_017-150x150.jpg\" class=\"attachment-thumbnail size-thumbnail\" alt=\"\" loading=\"lazy\" \/><\/a>\n\t\t\t<\/dt><\/dl><dl class='gallery-item'>\n\t\t\t<dt class='gallery-icon landscape'>\n\t\t\t\t<a href='https:\/\/www.visit-ulcinj.com\/blog\/wp-content\/uploads\/2011\/03\/promovimi-i-librit-arsimi-shqip-n\u00eb-ane-te-malit-1945-198-nga-syme-kokaj_015.jpg'><img width=\"150\" height=\"150\" src=\"https:\/\/www.visit-ulcinj.com\/blog\/wp-content\/uploads\/2011\/03\/promovimi-i-librit-arsimi-shqip-n\u00eb-ane-te-malit-1945-198-nga-syme-kokaj_015-150x150.jpg\" class=\"attachment-thumbnail size-thumbnail\" alt=\"\" loading=\"lazy\" \/><\/a>\n\t\t\t<\/dt><\/dl><br style=\"clear: both\" \/>\n\t\t<\/div>\n<br \/>\n<!--YouTube Error: bad URL entered--><br \/>\n<span style=\"color: #ffffff;\">Amull, Ana Malit, Bojk\u00eb, Brajshe, bratic\u00eb, Darz\u00eb,Dragaj,Fraskanjell, Kalimani, Katerkoll\u00eb, Klezna, Kod\u00ebr, Kolonza, Kosiq, kraj\u00eb, Kravari, Kryth\u00eb, Leskovac, Lisna Bore, Mali i Zi,Megjure\u00e7, Mill\u00eb, Montenegro, Mozhur\u00eb, ostros, Pistull, Qurkaj, Rastish, Re\u00e7, Sal\u00e7, Shas, Sh\u00ebngjergj, Shtodh\u00ebr, Shtoji,Sukobin\u00eb, Sutjell, ulqin, ulqini, Zogaj<\/span><\/p>\n","protected":false},"excerpt":{"rendered":"<p>Mbr\u00ebm\u00eb n\u00eb lokalet e shkolles fillore &#8220;Bedri Elezaga&#8221; n\u00eb Katerkoll\u00eb u b\u00eb promovimi i librit t\u00eb zonjes Syme Kokaj.Libri titullohet &#8220;Arsimi shqip n\u00eb An\u00eb t\u00eb Malit 1945-1985&#8221;.Libri p\u00ebrmban 500 faqe dhe n\u00eb t\u00eb shtjellohet historia e arsimit dhe e t\u00eb arsimuarve t\u00eb k\u00ebsaj treve.Libri p\u00ebrmban poashtu edhe fotografi dhe ngjarje t\u00eb ndryshme q\u00eb e b\u00ebjn\u00eb [&hellip;]<\/p>\n","protected":false},"author":1,"featured_media":0,"comment_status":"open","ping_status":"closed","sticky":false,"template":"","format":"standard","meta":{"spay_email":"","jetpack_publicize_message":"","jetpack_is_tweetstorm":false,"jetpack_publicize_feature_enabled":true},"categories":[4,1],"tags":[212,14353,14354,12340,17071,14652,14358,3506,214,17680,14362,14363,3507,498,3500,14364,3327,3512,95,15141,14366,79,17073,1653,14367,12866,14663,14368,14369,14370,2083,14371,17679,200,18],"jetpack_publicize_connections":[],"yoast_head":"<!-- This site is optimized with the Yoast SEO plugin v19.1 - https:\/\/yoast.com\/wordpress\/plugins\/seo\/ -->\n<title>Promovimi i librit: Arsimi shqip n\u00eb An\u00eb t\u00eb Malit 1945-198 - Lajme nga Ulqini<\/title>\n<meta name=\"description\" content=\"Mbr\u00ebm\u00eb n\u00eb lokalet e shkolles fillore &quot;Bedri Elezaga&quot; n\u00eb Katerkoll\u00eb u b\u00eb promovimi i librit t\u00eb zonjes Syme Kokaj.Libri titullohet &quot;Arsimi shqip n\u00eb An\u00eb t\u00eb\" \/>\n<meta name=\"robots\" content=\"index, follow, max-snippet:-1, max-image-preview:large, max-video-preview:-1\" \/>\n<link rel=\"canonical\" href=\"https:\/\/www.visit-ulcinj.com\/blog\/2011\/03\/13\/promovimi-i-librit-arsimi-shqip-ne-ane-te-malit-1945-198-nga-syme-kokaj\/\" \/>\n<meta property=\"og:locale\" content=\"en_US\" \/>\n<meta property=\"og:type\" content=\"article\" \/>\n<meta property=\"og:title\" content=\"Promovimi i librit: Arsimi shqip n\u00eb An\u00eb t\u00eb Malit 1945-198 - Lajme nga Ulqini\" \/>\n<meta property=\"og:description\" content=\"Mbr\u00ebm\u00eb n\u00eb lokalet e shkolles fillore &quot;Bedri Elezaga&quot; n\u00eb Katerkoll\u00eb u b\u00eb promovimi i librit t\u00eb zonjes Syme Kokaj.Libri titullohet &quot;Arsimi shqip n\u00eb An\u00eb t\u00eb\" \/>\n<meta property=\"og:url\" content=\"https:\/\/www.visit-ulcinj.com\/blog\/2011\/03\/13\/promovimi-i-librit-arsimi-shqip-ne-ane-te-malit-1945-198-nga-syme-kokaj\/\" \/>\n<meta property=\"og:site_name\" content=\"Lajme nga Ulqini\" \/>\n<meta property=\"article:published_time\" content=\"2011-03-13T15:18:23+00:00\" \/>\n<meta property=\"article:modified_time\" content=\"2011-03-22T20:04:48+00:00\" \/>\n<meta property=\"og:image\" content=\"https:\/\/www.visit-ulcinj.com\/blog\/wp-content\/uploads\/2011\/03\/promovimi-i-librit-arsimi-shqip-n\u00eb-ane-te-malit-1945-198-nga-syme-kokaj_016-150x150.jpg\" \/>\n<meta name=\"twitter:label1\" content=\"Written by\" \/>\n\t<meta name=\"twitter:data1\" content=\"ulqini\" \/>\n\t<meta name=\"twitter:label2\" content=\"Est. reading time\" \/>\n\t<meta name=\"twitter:data2\" content=\"2 minutes\" \/>\n<script type=\"application\/ld+json\" class=\"yoast-schema-graph\">{\"@context\":\"https:\/\/schema.org\",\"@graph\":[{\"@type\":\"WebSite\",\"@id\":\"https:\/\/www.visit-ulcinj.com\/blog\/#website\",\"url\":\"https:\/\/www.visit-ulcinj.com\/blog\/\",\"name\":\"Lajme nga Ulqini\",\"description\":\"Lajme,Vijesti,Ulqini,Ulqin,Crna Gora,Mali i Zi\",\"potentialAction\":[{\"@type\":\"SearchAction\",\"target\":{\"@type\":\"EntryPoint\",\"urlTemplate\":\"https:\/\/www.visit-ulcinj.com\/blog\/?s={search_term_string}\"},\"query-input\":\"required name=search_term_string\"}],\"inLanguage\":\"en-US\"},{\"@type\":\"WebPage\",\"@id\":\"https:\/\/www.visit-ulcinj.com\/blog\/2011\/03\/13\/promovimi-i-librit-arsimi-shqip-ne-ane-te-malit-1945-198-nga-syme-kokaj\/#webpage\",\"url\":\"https:\/\/www.visit-ulcinj.com\/blog\/2011\/03\/13\/promovimi-i-librit-arsimi-shqip-ne-ane-te-malit-1945-198-nga-syme-kokaj\/\",\"name\":\"Promovimi i librit: Arsimi shqip n\u00eb An\u00eb t\u00eb Malit 1945-198 - Lajme nga Ulqini\",\"isPartOf\":{\"@id\":\"https:\/\/www.visit-ulcinj.com\/blog\/#website\"},\"datePublished\":\"2011-03-13T15:18:23+00:00\",\"dateModified\":\"2011-03-22T20:04:48+00:00\",\"author\":{\"@id\":\"https:\/\/www.visit-ulcinj.com\/blog\/#\/schema\/person\/dcab619c614d3038751c63bc2aadc06d\"},\"description\":\"Mbr\u00ebm\u00eb n\u00eb lokalet e shkolles fillore \\\"Bedri Elezaga\\\" n\u00eb Katerkoll\u00eb u b\u00eb promovimi i librit t\u00eb zonjes Syme Kokaj.Libri titullohet \\\"Arsimi shqip n\u00eb An\u00eb t\u00eb\",\"breadcrumb\":{\"@id\":\"https:\/\/www.visit-ulcinj.com\/blog\/2011\/03\/13\/promovimi-i-librit-arsimi-shqip-ne-ane-te-malit-1945-198-nga-syme-kokaj\/#breadcrumb\"},\"inLanguage\":\"en-US\",\"potentialAction\":[{\"@type\":\"ReadAction\",\"target\":[\"https:\/\/www.visit-ulcinj.com\/blog\/2011\/03\/13\/promovimi-i-librit-arsimi-shqip-ne-ane-te-malit-1945-198-nga-syme-kokaj\/\"]}]},{\"@type\":\"BreadcrumbList\",\"@id\":\"https:\/\/www.visit-ulcinj.com\/blog\/2011\/03\/13\/promovimi-i-librit-arsimi-shqip-ne-ane-te-malit-1945-198-nga-syme-kokaj\/#breadcrumb\",\"itemListElement\":[{\"@type\":\"ListItem\",\"position\":1,\"name\":\"Promovimi i librit: Arsimi shqip n\u00eb An\u00eb t\u00eb Malit 1945-198\"}]},{\"@type\":\"Person\",\"@id\":\"https:\/\/www.visit-ulcinj.com\/blog\/#\/schema\/person\/dcab619c614d3038751c63bc2aadc06d\",\"name\":\"ulqini\",\"sameAs\":[\"http:\/\/www.visit-ulcinj.com\"],\"url\":\"https:\/\/www.visit-ulcinj.com\/blog\/author\/admin\/\"}]}<\/script>\n<!-- \/ Yoast SEO plugin. -->","yoast_head_json":{"title":"Promovimi i librit: Arsimi shqip n\u00eb An\u00eb t\u00eb Malit 1945-198 - Lajme nga Ulqini","description":"Mbr\u00ebm\u00eb n\u00eb lokalet e shkolles fillore \"Bedri Elezaga\" n\u00eb Katerkoll\u00eb u b\u00eb promovimi i librit t\u00eb zonjes Syme Kokaj.Libri titullohet \"Arsimi shqip n\u00eb An\u00eb t\u00eb","robots":{"index":"index","follow":"follow","max-snippet":"max-snippet:-1","max-image-preview":"max-image-preview:large","max-video-preview":"max-video-preview:-1"},"canonical":"https:\/\/www.visit-ulcinj.com\/blog\/2011\/03\/13\/promovimi-i-librit-arsimi-shqip-ne-ane-te-malit-1945-198-nga-syme-kokaj\/","og_locale":"en_US","og_type":"article","og_title":"Promovimi i librit: Arsimi shqip n\u00eb An\u00eb t\u00eb Malit 1945-198 - Lajme nga Ulqini","og_description":"Mbr\u00ebm\u00eb n\u00eb lokalet e shkolles fillore \"Bedri Elezaga\" n\u00eb Katerkoll\u00eb u b\u00eb promovimi i librit t\u00eb zonjes Syme Kokaj.Libri titullohet \"Arsimi shqip n\u00eb An\u00eb t\u00eb","og_url":"https:\/\/www.visit-ulcinj.com\/blog\/2011\/03\/13\/promovimi-i-librit-arsimi-shqip-ne-ane-te-malit-1945-198-nga-syme-kokaj\/","og_site_name":"Lajme nga Ulqini","article_published_time":"2011-03-13T15:18:23+00:00","article_modified_time":"2011-03-22T20:04:48+00:00","og_image":[{"url":"https:\/\/www.visit-ulcinj.com\/blog\/wp-content\/uploads\/2011\/03\/promovimi-i-librit-arsimi-shqip-n\u00eb-ane-te-malit-1945-198-nga-syme-kokaj_016-150x150.jpg"}],"twitter_misc":{"Written by":"ulqini","Est. reading time":"2 minutes"},"schema":{"@context":"https:\/\/schema.org","@graph":[{"@type":"WebSite","@id":"https:\/\/www.visit-ulcinj.com\/blog\/#website","url":"https:\/\/www.visit-ulcinj.com\/blog\/","name":"Lajme nga Ulqini","description":"Lajme,Vijesti,Ulqini,Ulqin,Crna Gora,Mali i Zi","potentialAction":[{"@type":"SearchAction","target":{"@type":"EntryPoint","urlTemplate":"https:\/\/www.visit-ulcinj.com\/blog\/?s={search_term_string}"},"query-input":"required name=search_term_string"}],"inLanguage":"en-US"},{"@type":"WebPage","@id":"https:\/\/www.visit-ulcinj.com\/blog\/2011\/03\/13\/promovimi-i-librit-arsimi-shqip-ne-ane-te-malit-1945-198-nga-syme-kokaj\/#webpage","url":"https:\/\/www.visit-ulcinj.com\/blog\/2011\/03\/13\/promovimi-i-librit-arsimi-shqip-ne-ane-te-malit-1945-198-nga-syme-kokaj\/","name":"Promovimi i librit: Arsimi shqip n\u00eb An\u00eb t\u00eb Malit 1945-198 - Lajme nga Ulqini","isPartOf":{"@id":"https:\/\/www.visit-ulcinj.com\/blog\/#website"},"datePublished":"2011-03-13T15:18:23+00:00","dateModified":"2011-03-22T20:04:48+00:00","author":{"@id":"https:\/\/www.visit-ulcinj.com\/blog\/#\/schema\/person\/dcab619c614d3038751c63bc2aadc06d"},"description":"Mbr\u00ebm\u00eb n\u00eb lokalet e shkolles fillore \"Bedri Elezaga\" n\u00eb Katerkoll\u00eb u b\u00eb promovimi i librit t\u00eb zonjes Syme Kokaj.Libri titullohet \"Arsimi shqip n\u00eb An\u00eb t\u00eb","breadcrumb":{"@id":"https:\/\/www.visit-ulcinj.com\/blog\/2011\/03\/13\/promovimi-i-librit-arsimi-shqip-ne-ane-te-malit-1945-198-nga-syme-kokaj\/#breadcrumb"},"inLanguage":"en-US","potentialAction":[{"@type":"ReadAction","target":["https:\/\/www.visit-ulcinj.com\/blog\/2011\/03\/13\/promovimi-i-librit-arsimi-shqip-ne-ane-te-malit-1945-198-nga-syme-kokaj\/"]}]},{"@type":"BreadcrumbList","@id":"https:\/\/www.visit-ulcinj.com\/blog\/2011\/03\/13\/promovimi-i-librit-arsimi-shqip-ne-ane-te-malit-1945-198-nga-syme-kokaj\/#breadcrumb","itemListElement":[{"@type":"ListItem","position":1,"name":"Promovimi i librit: Arsimi shqip n\u00eb An\u00eb t\u00eb Malit 1945-198"}]},{"@type":"Person","@id":"https:\/\/www.visit-ulcinj.com\/blog\/#\/schema\/person\/dcab619c614d3038751c63bc2aadc06d","name":"ulqini","sameAs":["http:\/\/www.visit-ulcinj.com"],"url":"https:\/\/www.visit-ulcinj.com\/blog\/author\/admin\/"}]}},"jetpack_featured_media_url":"","jetpack_sharing_enabled":true,"jetpack_shortlink":"https:\/\/wp.me\/pe6lTn-bCz","_links":{"self":[{"href":"https:\/\/www.visit-ulcinj.com\/blog\/wp-json\/wp\/v2\/posts\/44675"}],"collection":[{"href":"https:\/\/www.visit-ulcinj.com\/blog\/wp-json\/wp\/v2\/posts"}],"about":[{"href":"https:\/\/www.visit-ulcinj.com\/blog\/wp-json\/wp\/v2\/types\/post"}],"author":[{"embeddable":true,"href":"https:\/\/www.visit-ulcinj.com\/blog\/wp-json\/wp\/v2\/users\/1"}],"replies":[{"embeddable":true,"href":"https:\/\/www.visit-ulcinj.com\/blog\/wp-json\/wp\/v2\/comments?post=44675"}],"version-history":[{"count":0,"href":"https:\/\/www.visit-ulcinj.com\/blog\/wp-json\/wp\/v2\/posts\/44675\/revisions"}],"wp:attachment":[{"href":"https:\/\/www.visit-ulcinj.com\/blog\/wp-json\/wp\/v2\/media?parent=44675"}],"wp:term":[{"taxonomy":"category","embeddable":true,"href":"https:\/\/www.visit-ulcinj.com\/blog\/wp-json\/wp\/v2\/categories?post=44675"},{"taxonomy":"post_tag","embeddable":true,"href":"https:\/\/www.visit-ulcinj.com\/blog\/wp-json\/wp\/v2\/tags?post=44675"}],"curies":[{"name":"wp","href":"https:\/\/api.w.org\/{rel}","templated":true}]}}