{"id":44691,"date":"2011-03-14T16:28:00","date_gmt":"2011-03-14T15:28:00","guid":{"rendered":"http:\/\/www.visit-ulcinj.com\/blog\/?p=44691"},"modified":"2011-03-14T16:28:21","modified_gmt":"2011-03-14T15:28:21","slug":"se-shpejti-kalimi-i-kufirit-me-leternjoftim","status":"publish","type":"post","link":"https:\/\/www.visit-ulcinj.com\/blog\/2011\/03\/14\/se-shpejti-kalimi-i-kufirit-me-leternjoftim\/","title":{"rendered":"S\u00eb shpejti kalimi i kufirit me let\u00ebrnjoftim"},"content":{"rendered":"<p><strong><a href=\"http:\/\/www.visit-ulcinj.com\/blog\/wp-content\/uploads\/2011\/03\/kufiri-Muriqan-Sukubin.jpg\"><img loading=\"lazy\" class=\"alignleft size-full wp-image-44693\" title=\"kufiri Muriqan - Sukubin\" src=\"http:\/\/www.visit-ulcinj.com\/blog\/wp-content\/uploads\/2011\/03\/kufiri-Muriqan-Sukubin.jpg\" alt=\"\" width=\"508\" height=\"380\" srcset=\"https:\/\/www.visit-ulcinj.com\/blog\/wp-content\/uploads\/2011\/03\/kufiri-Muriqan-Sukubin.jpg 640w, https:\/\/www.visit-ulcinj.com\/blog\/wp-content\/uploads\/2011\/03\/kufiri-Muriqan-Sukubin-300x225.jpg 300w\" sizes=\"(max-width: 508px) 100vw, 508px\" \/><\/a>P\u00ebrfaq\u00ebsuesit e ministrive t\u00eb Pun\u00ebve t\u00eb Jashtme t\u00eb Malit t\u00eb Zi dhe Shqip\u00ebris\u00eb diskutuan n\u00eb Tiran\u00eb p\u00ebr leht\u00ebsimin e procedur\u00ebs s\u00eb qarkullimit t\u00eb kufirit nd\u00ebrmjet dy vendeve<\/strong><strong> <\/strong><\/p>\n<p>Mbeten p\u00ebr t\u2019u zgjidhur \u00e7\u00ebshtjet teknike p\u00ebr zyrtarizimin e k\u00ebsaj nisme deri n\u00eb fillim t\u00eb sezonit turistik, meq\u00eb t\u00eb dy shtetet turizmin e kan\u00eb deg\u00eb prioritare t\u00eb ekonomis\u00eb s\u00eb tyre. N\u00eb k\u00ebt\u00eb drejtim, pala shqiptare zyrtarisht do t\u2019ia dor\u00ebzoj\u00eb k\u00ebt\u00eb iniciativ\u00eb brenda dhjet\u00eb dit\u00ebsh pal\u00ebs malazeze, e cila do t\u2019ia drejtoj\u00eb m\u00eb pas Qeveris\u00eb s\u00eb Malit t\u00eb Zi p\u00ebr miratim.<\/p>\n<p>Tiran\u00eb \u2013 P\u00ebrfaq\u00ebsuesit e drejtorive konsullore pran\u00eb Ministris\u00eb s\u00eb Pun\u00ebve t\u00eb Jashtme dhe ntegrimeve Evropiane t\u00eb Malit t\u00eb Zi dhe Ministris\u00eb s\u00eb Pun\u00ebve t\u00eb Jashtme t\u00eb Republik\u00ebs s\u00eb Shqip\u00ebris\u00eb kan\u00eb diskutuar t\u00eb premten p\u00ebr leht\u00ebsimin e procedur\u00ebs s\u00eb qarkullimit t\u00eb kufirit nd\u00ebrmjet dy vendeve.<\/p>\n<p>Drejtor\u00ebt e drejtorive konsullore, Zhelko Stamatoviq dhe Sajmir Bala, kan\u00eb r\u00ebn\u00eb dakort q\u00eb n\u00eb t\u00eb ardhmen e af\u00ebrt kufiri nd\u00ebrmjet dy vendeve t\u00eb kalohet me let\u00ebrnjoftim nga qytetar\u00ebt e t\u00eb dy vendeve, por pritet q\u00eb qeveria e Malit t\u00eb Zi ta miratoj\u00eb k\u00ebt\u00eb nism\u00eb.<\/p>\n<p>Sipas k\u00ebshilltarit t\u00eb Ambasad\u00ebs s\u00eb Malit t\u00eb Zi n\u00eb Tiran\u00eb, Mr. Met Gjoni, edhe pse pala malazeze kishte mandat t\u00eb negocionte p\u00ebr kalimin e kufirit me let\u00ebrnjoftim vet\u00ebm p\u00ebr banor\u00ebt e brezit kufitar, ajo p\u00ebrkrahu iden\u00eb e pal\u00ebs shqiptare q\u00eb k\u00ebt\u00eb ta zgjerojn\u00eb duke p\u00ebrfshir\u00eb t\u00eb gjith\u00eb qytetar\u00ebt e t\u00eb dy shteteve.<\/p>\n<p>Ai thot\u00eb se mbeten p\u00ebr t\u2019u zgjidhur \u00e7\u00ebshtjet teknike p\u00ebr zyrtarizimin e k\u00ebsaj nisme deri n\u00eb fillim t\u00eb sezonit turistik, meq\u00eb t\u00eb dy shtetet turizmin e kan\u00eb deg\u00eb prioritare t\u00eb ekonomis\u00eb s\u00eb tyre. N\u00eb k\u00ebt\u00eb drejtim, pala shqiptare zyrtarisht do t\u2019ia p\u00ebrcjell\u00eb k\u00ebt\u00eb iniciativ\u00eb brenda dhjet\u00eb dit\u00ebsh pal\u00ebs malazeze, e cila do t\u2019ia drejtoj\u00eb m\u00eb pas Qeveris\u00eb s\u00eb saj p\u00ebr miratim.<\/p>\n<p>Qeveria e Malit t\u00eb Zi dhe ajo e Shqip\u00ebris\u00eb n\u00ebnshkruan n\u00eb vitin 2009 n\u00eb Podgoric\u00eb Marr\u00ebveshjen mbi l\u00ebvizjen e lir\u00eb t\u00eb qytetar\u00ebve, por n\u00eb t\u00eb nuk p\u00ebrfshihej leht\u00ebsimi i kalimit t\u00eb kufirit p\u00ebr qytetar\u00ebt e zonave kufitare. P\u00ebrfaq\u00ebsuesit e dy ministrive kan\u00eb diskutuar edhe mbi nism\u00ebn p\u00ebr hapjen e pikave t\u00eb reja kufitare n\u00eb akset e reja rrugore, q\u00eb priten t\u00eb nd\u00ebrtohen n\u00eb mes dy shteteve. Fjala \u00ebsht\u00eb p\u00ebr aksin rrugor Lezh\u00eb \u2013 Sh\u00ebngjin &#8211; Velipoj\u00eb \u2013 Ulqin, ku p\u00ebrfshihet edhe nd\u00ebrtimi i ur\u00ebs s\u00eb re mbi lumin Buna, dhe aksin tjet\u00ebr Plav\u00eb \u2013 Guci \u2013 G\u00ebrn\u00e7ar\/V\u00ebrmosh \u2013 Tamar\u00eb \u2013 Dinosh\u00eb \u2013 Podgoric\u00eb, i cili kalon n\u00ebp\u00ebrmjet territorit t\u00eb Shqip\u00ebris\u00eb, p\u00ebr \u00e7\u2019gj\u00eb kan\u00eb r\u00ebn\u00eb dakort kryeministrat Millo Gjukanoviq dhe Sali Berisha n\u00eb takimin e tyre n\u00eb Tiran\u00eb n\u00eb vitin 2008. K\u00ebto akse jan\u00eb tep\u00ebr t\u00eb r\u00ebnd\u00ebsishme sepse do t\u00eb shkurtonin ndjesh\u00ebm distanc\u00ebn e nevojshme kohore nd\u00ebrmjet Lezh\u00ebs dhe Ulqinit, gjegj\u00ebsisht Plav\u00ebs dhe Podgoric\u00ebs.<\/p>\n<p>Pala shqiptare ka inicuar edhe hapjen e pik\u00ebs kufitare p\u00ebr k\u00ebmb\u00ebsor\u00eb Vranesh \u2013 Qemer n\u00eb Tropoj\u00eb, gjat\u00eb sezonit t\u00eb ver\u00ebs. N\u00eb takim \u00ebsht\u00eb diskutuar edhe mbi p\u00ebrgatitjet e nevojshme p\u00ebr zgjerimin e veprimtaris\u00eb s\u00eb pik\u00ebs s\u00eb p\u00ebrbashk\u00ebt kufitare Sukubin\u00eb \u2013 Muriqan, meq\u00eb s\u00eb shpejti pritet hapja e ur\u00ebs s\u00eb re mbi lumin Buna. Si\u00e7 dihet, sipas projektit t\u00eb Bashkimit Evropian parashikohet q\u00eb kjo pik\u00eb kufitare t\u00eb sh\u00ebrbej\u00eb edhe p\u00ebr qarkullimin e mallrave.<\/p>\n<p>Pika kufitare Sukubin\u00eb \u2013 Muriqan ka sh\u00ebnuar vitin e kaluar rritje prej 73 p\u00ebr qind sa i p\u00ebrket numrit t\u00eb kalimtar\u00ebve n\u00eb krahasim me vitin 2009. P\u00ebr k\u00ebt\u00eb arsye, pala malazeze ka marr\u00eb obligim q\u00eb t\u00eb zgjeroj\u00eb aksin rrugor Sukubin\u00eb \u2013 Ulqin dhe Kryth\u00eb \u2013 Tivar.<\/p>\n<p>Pjes\u00ebmarr\u00ebs t\u00eb takimit kan\u00eb qen\u00eb edhe shefat e menaxhimit t\u00eb kufirit t\u00eb dy vendeve, Millan Paunoviq dhe Krenar Mu\u00e7o.<\/p>\n<p><strong>Kohapress<br \/>\n<!--YouTube Error: bad URL entered--><br \/>\n<\/strong><\/p>\n","protected":false},"excerpt":{"rendered":"<p>P\u00ebrfaq\u00ebsuesit e ministrive t\u00eb Pun\u00ebve t\u00eb Jashtme t\u00eb Malit t\u00eb Zi dhe Shqip\u00ebris\u00eb diskutuan n\u00eb Tiran\u00eb p\u00ebr leht\u00ebsimin e procedur\u00ebs s\u00eb qarkullimit t\u00eb kufirit nd\u00ebrmjet dy vendeve Mbeten p\u00ebr t\u2019u zgjidhur \u00e7\u00ebshtjet teknike p\u00ebr zyrtarizimin e k\u00ebsaj nisme deri n\u00eb fillim t\u00eb sezonit turistik, meq\u00eb t\u00eb dy shtetet turizmin e kan\u00eb deg\u00eb prioritare t\u00eb ekonomis\u00eb [&hellip;]<\/p>\n","protected":false},"author":1,"featured_media":0,"comment_status":"open","ping_status":"closed","sticky":false,"template":"","format":"standard","meta":{"spay_email":"","jetpack_publicize_message":"","jetpack_is_tweetstorm":false,"jetpack_publicize_feature_enabled":true},"categories":[12],"tags":[95,2801,3946,213,200,18],"jetpack_publicize_connections":[],"yoast_head":"<!-- This site is optimized with the Yoast SEO plugin v19.1 - https:\/\/yoast.com\/wordpress\/plugins\/seo\/ -->\n<title>S\u00eb shpejti kalimi i kufirit me let\u00ebrnjoftim - Lajme nga Ulqini<\/title>\n<meta name=\"description\" content=\"P\u00ebrfaq\u00ebsuesit e ministrive t\u00eb Pun\u00ebve t\u00eb Jashtme t\u00eb Malit t\u00eb Zi dhe Shqip\u00ebris\u00eb diskutuan n\u00eb Tiran\u00eb p\u00ebr leht\u00ebsimin e procedur\u00ebs s\u00eb qarkullimit t\u00eb kufirit\" \/>\n<meta name=\"robots\" content=\"index, follow, max-snippet:-1, max-image-preview:large, max-video-preview:-1\" \/>\n<link rel=\"canonical\" href=\"https:\/\/www.visit-ulcinj.com\/blog\/2011\/03\/14\/se-shpejti-kalimi-i-kufirit-me-leternjoftim\/\" \/>\n<meta property=\"og:locale\" content=\"en_US\" \/>\n<meta property=\"og:type\" content=\"article\" \/>\n<meta property=\"og:title\" content=\"S\u00eb shpejti kalimi i kufirit me let\u00ebrnjoftim - Lajme nga Ulqini\" \/>\n<meta property=\"og:description\" content=\"P\u00ebrfaq\u00ebsuesit e ministrive t\u00eb Pun\u00ebve t\u00eb Jashtme t\u00eb Malit t\u00eb Zi dhe Shqip\u00ebris\u00eb diskutuan n\u00eb Tiran\u00eb p\u00ebr leht\u00ebsimin e procedur\u00ebs s\u00eb qarkullimit t\u00eb kufirit\" \/>\n<meta property=\"og:url\" content=\"https:\/\/www.visit-ulcinj.com\/blog\/2011\/03\/14\/se-shpejti-kalimi-i-kufirit-me-leternjoftim\/\" \/>\n<meta property=\"og:site_name\" content=\"Lajme nga Ulqini\" \/>\n<meta property=\"article:published_time\" content=\"2011-03-14T15:28:00+00:00\" \/>\n<meta property=\"article:modified_time\" content=\"2011-03-14T15:28:21+00:00\" \/>\n<meta property=\"og:image\" content=\"http:\/\/www.visit-ulcinj.com\/blog\/wp-content\/uploads\/2011\/03\/kufiri-Muriqan-Sukubin.jpg\" \/>\n<meta name=\"twitter:label1\" content=\"Written by\" \/>\n\t<meta name=\"twitter:data1\" content=\"ulqini\" \/>\n\t<meta name=\"twitter:label2\" content=\"Est. reading time\" \/>\n\t<meta name=\"twitter:data2\" content=\"3 minutes\" \/>\n<script type=\"application\/ld+json\" class=\"yoast-schema-graph\">{\"@context\":\"https:\/\/schema.org\",\"@graph\":[{\"@type\":\"WebSite\",\"@id\":\"https:\/\/www.visit-ulcinj.com\/blog\/#website\",\"url\":\"https:\/\/www.visit-ulcinj.com\/blog\/\",\"name\":\"Lajme nga Ulqini\",\"description\":\"Lajme,Vijesti,Ulqini,Ulqin,Crna Gora,Mali i Zi\",\"potentialAction\":[{\"@type\":\"SearchAction\",\"target\":{\"@type\":\"EntryPoint\",\"urlTemplate\":\"https:\/\/www.visit-ulcinj.com\/blog\/?s={search_term_string}\"},\"query-input\":\"required name=search_term_string\"}],\"inLanguage\":\"en-US\"},{\"@type\":\"ImageObject\",\"inLanguage\":\"en-US\",\"@id\":\"https:\/\/www.visit-ulcinj.com\/blog\/2011\/03\/14\/se-shpejti-kalimi-i-kufirit-me-leternjoftim\/#primaryimage\",\"url\":\"https:\/\/www.visit-ulcinj.com\/blog\/wp-content\/uploads\/2011\/03\/kufiri-Muriqan-Sukubin.jpg\",\"contentUrl\":\"https:\/\/www.visit-ulcinj.com\/blog\/wp-content\/uploads\/2011\/03\/kufiri-Muriqan-Sukubin.jpg\",\"width\":\"640\",\"height\":\"480\"},{\"@type\":\"WebPage\",\"@id\":\"https:\/\/www.visit-ulcinj.com\/blog\/2011\/03\/14\/se-shpejti-kalimi-i-kufirit-me-leternjoftim\/#webpage\",\"url\":\"https:\/\/www.visit-ulcinj.com\/blog\/2011\/03\/14\/se-shpejti-kalimi-i-kufirit-me-leternjoftim\/\",\"name\":\"S\u00eb shpejti kalimi i kufirit me let\u00ebrnjoftim - Lajme nga Ulqini\",\"isPartOf\":{\"@id\":\"https:\/\/www.visit-ulcinj.com\/blog\/#website\"},\"primaryImageOfPage\":{\"@id\":\"https:\/\/www.visit-ulcinj.com\/blog\/2011\/03\/14\/se-shpejti-kalimi-i-kufirit-me-leternjoftim\/#primaryimage\"},\"datePublished\":\"2011-03-14T15:28:00+00:00\",\"dateModified\":\"2011-03-14T15:28:21+00:00\",\"author\":{\"@id\":\"https:\/\/www.visit-ulcinj.com\/blog\/#\/schema\/person\/dcab619c614d3038751c63bc2aadc06d\"},\"description\":\"P\u00ebrfaq\u00ebsuesit e ministrive t\u00eb Pun\u00ebve t\u00eb Jashtme t\u00eb Malit t\u00eb Zi dhe Shqip\u00ebris\u00eb diskutuan n\u00eb Tiran\u00eb p\u00ebr leht\u00ebsimin e procedur\u00ebs s\u00eb qarkullimit t\u00eb kufirit\",\"breadcrumb\":{\"@id\":\"https:\/\/www.visit-ulcinj.com\/blog\/2011\/03\/14\/se-shpejti-kalimi-i-kufirit-me-leternjoftim\/#breadcrumb\"},\"inLanguage\":\"en-US\",\"potentialAction\":[{\"@type\":\"ReadAction\",\"target\":[\"https:\/\/www.visit-ulcinj.com\/blog\/2011\/03\/14\/se-shpejti-kalimi-i-kufirit-me-leternjoftim\/\"]}]},{\"@type\":\"BreadcrumbList\",\"@id\":\"https:\/\/www.visit-ulcinj.com\/blog\/2011\/03\/14\/se-shpejti-kalimi-i-kufirit-me-leternjoftim\/#breadcrumb\",\"itemListElement\":[{\"@type\":\"ListItem\",\"position\":1,\"name\":\"S\u00eb shpejti kalimi i kufirit me let\u00ebrnjoftim\"}]},{\"@type\":\"Person\",\"@id\":\"https:\/\/www.visit-ulcinj.com\/blog\/#\/schema\/person\/dcab619c614d3038751c63bc2aadc06d\",\"name\":\"ulqini\",\"sameAs\":[\"http:\/\/www.visit-ulcinj.com\"],\"url\":\"https:\/\/www.visit-ulcinj.com\/blog\/author\/admin\/\"}]}<\/script>\n<!-- \/ Yoast SEO plugin. -->","yoast_head_json":{"title":"S\u00eb shpejti kalimi i kufirit me let\u00ebrnjoftim - Lajme nga Ulqini","description":"P\u00ebrfaq\u00ebsuesit e ministrive t\u00eb Pun\u00ebve t\u00eb Jashtme t\u00eb Malit t\u00eb Zi dhe Shqip\u00ebris\u00eb diskutuan n\u00eb Tiran\u00eb p\u00ebr leht\u00ebsimin e procedur\u00ebs s\u00eb qarkullimit t\u00eb kufirit","robots":{"index":"index","follow":"follow","max-snippet":"max-snippet:-1","max-image-preview":"max-image-preview:large","max-video-preview":"max-video-preview:-1"},"canonical":"https:\/\/www.visit-ulcinj.com\/blog\/2011\/03\/14\/se-shpejti-kalimi-i-kufirit-me-leternjoftim\/","og_locale":"en_US","og_type":"article","og_title":"S\u00eb shpejti kalimi i kufirit me let\u00ebrnjoftim - Lajme nga Ulqini","og_description":"P\u00ebrfaq\u00ebsuesit e ministrive t\u00eb Pun\u00ebve t\u00eb Jashtme t\u00eb Malit t\u00eb Zi dhe Shqip\u00ebris\u00eb diskutuan n\u00eb Tiran\u00eb p\u00ebr leht\u00ebsimin e procedur\u00ebs s\u00eb qarkullimit t\u00eb kufirit","og_url":"https:\/\/www.visit-ulcinj.com\/blog\/2011\/03\/14\/se-shpejti-kalimi-i-kufirit-me-leternjoftim\/","og_site_name":"Lajme nga Ulqini","article_published_time":"2011-03-14T15:28:00+00:00","article_modified_time":"2011-03-14T15:28:21+00:00","og_image":[{"url":"http:\/\/www.visit-ulcinj.com\/blog\/wp-content\/uploads\/2011\/03\/kufiri-Muriqan-Sukubin.jpg"}],"twitter_misc":{"Written by":"ulqini","Est. reading time":"3 minutes"},"schema":{"@context":"https:\/\/schema.org","@graph":[{"@type":"WebSite","@id":"https:\/\/www.visit-ulcinj.com\/blog\/#website","url":"https:\/\/www.visit-ulcinj.com\/blog\/","name":"Lajme nga Ulqini","description":"Lajme,Vijesti,Ulqini,Ulqin,Crna Gora,Mali i Zi","potentialAction":[{"@type":"SearchAction","target":{"@type":"EntryPoint","urlTemplate":"https:\/\/www.visit-ulcinj.com\/blog\/?s={search_term_string}"},"query-input":"required name=search_term_string"}],"inLanguage":"en-US"},{"@type":"ImageObject","inLanguage":"en-US","@id":"https:\/\/www.visit-ulcinj.com\/blog\/2011\/03\/14\/se-shpejti-kalimi-i-kufirit-me-leternjoftim\/#primaryimage","url":"https:\/\/www.visit-ulcinj.com\/blog\/wp-content\/uploads\/2011\/03\/kufiri-Muriqan-Sukubin.jpg","contentUrl":"https:\/\/www.visit-ulcinj.com\/blog\/wp-content\/uploads\/2011\/03\/kufiri-Muriqan-Sukubin.jpg","width":"640","height":"480"},{"@type":"WebPage","@id":"https:\/\/www.visit-ulcinj.com\/blog\/2011\/03\/14\/se-shpejti-kalimi-i-kufirit-me-leternjoftim\/#webpage","url":"https:\/\/www.visit-ulcinj.com\/blog\/2011\/03\/14\/se-shpejti-kalimi-i-kufirit-me-leternjoftim\/","name":"S\u00eb shpejti kalimi i kufirit me let\u00ebrnjoftim - Lajme nga Ulqini","isPartOf":{"@id":"https:\/\/www.visit-ulcinj.com\/blog\/#website"},"primaryImageOfPage":{"@id":"https:\/\/www.visit-ulcinj.com\/blog\/2011\/03\/14\/se-shpejti-kalimi-i-kufirit-me-leternjoftim\/#primaryimage"},"datePublished":"2011-03-14T15:28:00+00:00","dateModified":"2011-03-14T15:28:21+00:00","author":{"@id":"https:\/\/www.visit-ulcinj.com\/blog\/#\/schema\/person\/dcab619c614d3038751c63bc2aadc06d"},"description":"P\u00ebrfaq\u00ebsuesit e ministrive t\u00eb Pun\u00ebve t\u00eb Jashtme t\u00eb Malit t\u00eb Zi dhe Shqip\u00ebris\u00eb diskutuan n\u00eb Tiran\u00eb p\u00ebr leht\u00ebsimin e procedur\u00ebs s\u00eb qarkullimit t\u00eb kufirit","breadcrumb":{"@id":"https:\/\/www.visit-ulcinj.com\/blog\/2011\/03\/14\/se-shpejti-kalimi-i-kufirit-me-leternjoftim\/#breadcrumb"},"inLanguage":"en-US","potentialAction":[{"@type":"ReadAction","target":["https:\/\/www.visit-ulcinj.com\/blog\/2011\/03\/14\/se-shpejti-kalimi-i-kufirit-me-leternjoftim\/"]}]},{"@type":"BreadcrumbList","@id":"https:\/\/www.visit-ulcinj.com\/blog\/2011\/03\/14\/se-shpejti-kalimi-i-kufirit-me-leternjoftim\/#breadcrumb","itemListElement":[{"@type":"ListItem","position":1,"name":"S\u00eb shpejti kalimi i kufirit me let\u00ebrnjoftim"}]},{"@type":"Person","@id":"https:\/\/www.visit-ulcinj.com\/blog\/#\/schema\/person\/dcab619c614d3038751c63bc2aadc06d","name":"ulqini","sameAs":["http:\/\/www.visit-ulcinj.com"],"url":"https:\/\/www.visit-ulcinj.com\/blog\/author\/admin\/"}]}},"jetpack_featured_media_url":"","jetpack_sharing_enabled":true,"jetpack_shortlink":"https:\/\/wp.me\/pe6lTn-bCP","_links":{"self":[{"href":"https:\/\/www.visit-ulcinj.com\/blog\/wp-json\/wp\/v2\/posts\/44691"}],"collection":[{"href":"https:\/\/www.visit-ulcinj.com\/blog\/wp-json\/wp\/v2\/posts"}],"about":[{"href":"https:\/\/www.visit-ulcinj.com\/blog\/wp-json\/wp\/v2\/types\/post"}],"author":[{"embeddable":true,"href":"https:\/\/www.visit-ulcinj.com\/blog\/wp-json\/wp\/v2\/users\/1"}],"replies":[{"embeddable":true,"href":"https:\/\/www.visit-ulcinj.com\/blog\/wp-json\/wp\/v2\/comments?post=44691"}],"version-history":[{"count":0,"href":"https:\/\/www.visit-ulcinj.com\/blog\/wp-json\/wp\/v2\/posts\/44691\/revisions"}],"wp:attachment":[{"href":"https:\/\/www.visit-ulcinj.com\/blog\/wp-json\/wp\/v2\/media?parent=44691"}],"wp:term":[{"taxonomy":"category","embeddable":true,"href":"https:\/\/www.visit-ulcinj.com\/blog\/wp-json\/wp\/v2\/categories?post=44691"},{"taxonomy":"post_tag","embeddable":true,"href":"https:\/\/www.visit-ulcinj.com\/blog\/wp-json\/wp\/v2\/tags?post=44691"}],"curies":[{"name":"wp","href":"https:\/\/api.w.org\/{rel}","templated":true}]}}