{"id":447,"date":"2008-02-09T10:47:53","date_gmt":"2008-02-09T15:47:53","guid":{"rendered":"http:\/\/www.visit-ulcinj.com\/blog\/2008\/02\/09\/eshte-e-nevojshme-te-miratohet-plani-finaciar\/"},"modified":"2008-02-12T14:09:24","modified_gmt":"2008-02-12T19:09:24","slug":"eshte-e-nevojshme-te-miratohet-plani-finaciar","status":"publish","type":"post","link":"https:\/\/www.visit-ulcinj.com\/blog\/2008\/02\/09\/eshte-e-nevojshme-te-miratohet-plani-finaciar\/","title":{"rendered":"\u00cbsht\u00eb e nevojshme t\u00eb miratohet Plani finaciar"},"content":{"rendered":"<p><a href=\"http:\/\/www.visit-ulcinj.com\/blog\/2008\/02\/09\/eshte-e-nevojshme-te-miratohet-plani-finaciar\/sinishtaj\/\" rel=\"attachment wp-att-451\" title=\"sinishtaj\"><img loading=\"lazy\" src=\"http:\/\/www.visit-ulcinj.com\/blog\/wp-content\/uploads\/2008\/02\/sinishtaj.jpg\" alt=\"sinishtaj\" align=\"left\" height=\"148\" hspace=\"2\" vspace=\"2\" width=\"198\" \/><\/a><span style=\"font-family: Times New Roman\"><font face=\"Arial, Helvetica, sans-serif\" size=\"5\"><font size=\"4\">SEANCA E KUVENDIT T\u00cb KOMUN\u00cbS URBANE T\u00cb TUZIT PRITET T\u00cb MBAHET GJAT\u00cb MUAJIT SHKURT<\/font><\/font><\/span><\/p>\n<p><span style=\"font-size: 12pt; font-family: 'Times New Roman'\"><\/span><span><font face=\"Verdana\" size=\"2\">Tuz &#8211; Kryetari i Kuvendit t\u00eb KU t\u00eb Tuzit, Nikoll\u00eb Camaj, ka  b\u00ebr\u00eb t\u00eb ditur se seanca e Kuvendit t\u00eb KU t\u00eb Tuzit pritet t\u00eb mbahet gjat\u00eb muajit  shkurt.<br \/>\n&#8220;\u00cbsht\u00eb e nevojshme q\u00eb p\u00ebrs\u00ebri n\u00eb mbledhjen e ardhshme t\u00eb Kuvendit t\u00eb  merremi me Planin financiar, i cili nuk e fitoi drit\u00ebn<\/font><\/span><!--more--><span><font face=\"Verdana\" size=\"2\"> jeshile n\u00eb fund vitin e  kaluar&#8221;, thot\u00eb Camaj.<br \/>\nAi shprehi vullnetin se n\u00eb seanc\u00ebn e ardhshme &#8220;\u00ebsht\u00eb e  nevojshme t\u00eb miratohet Plani financiar, mir\u00ebpo n\u00eb k\u00ebt\u00eb rast kjo varet edhe nga  shum\u00eb faktor\u00eb dhe p\u00ebr k\u00ebt\u00eb shpresoj se do t\u00eb arrjim\u00eb nj\u00eb konsenzus. Sidoqoft\u00eb  brenda k\u00ebsaj kohe do t\u00eb kemi edhe konsultime n\u00eb nivelin e 11-shit&#8221;. Camaj  deklaron se deri m\u00eb sot nuk kemi marr\u00eb ndonj\u00eb v\u00ebrejtje konkrete nga klubet e  k\u00ebshilltar\u00ebve, p\u00ebrve\u00e7 atyre q\u00eb dol\u00ebn n\u00eb seanc\u00ebn e fundit t\u00eb Kuvendit.<br \/>\nN\u00eb  mbledhjen e fundit t\u00eb Kuvendit t\u00eb KU t\u00eb Tuzit, q\u00eb u mbajt n\u00eb fundvitin e kaluar,  Propozimi i Vendimit mbi Planin financiar p\u00ebr vitin 2008, n\u00eb shum\u00ebn prej  3.747.200,00 euro nuk fitoi shumic\u00ebn e votave.<br \/>\nN\u00eb mbledhjen e fundit t\u00eb  Kuvendit vet\u00ebm k\u00ebshilltari Kol\u00eb Lulgjuraj (PSP) votoi pro, ata t\u00eb IQ-s\u00eb dhe  UDSH-s\u00eb ishin kund\u00ebr, kurse k\u00ebshilltar\u00ebt t\u00eb LD, PSD dhe PDS ishin t\u00eb p\u00ebrmbajtur,  pasi q\u00eb ai \u00ebsht\u00eb zvog\u00ebluar p\u00ebr nj\u00eb gjysm\u00eb milion eurash.<br \/>\nNd\u00ebrkaq, kryetari i  Komun\u00ebs Urbane t\u00eb Tuzit, Smajl-Maliq \u00c7unmulaj n\u00eb nj\u00eb deklarat\u00eb p\u00ebr &#8220;Koh\u00ebn  javore&#8221; tha se &#8220;mosaprovimi i Planit financiar nga ana e koalicionit q\u00eb p\u00ebrmban  shumic\u00ebn n\u00eb Kuvendin e KU t\u00eb Tuzit nuk ka qen\u00eb di\u00e7ka e mir\u00eb, sepse kjo mund t\u00eb  shkaktoj\u00eb t\u00eb ashtuquajturin financim t\u00eb p\u00ebrkohsh\u00ebm&#8221;.<\/font><\/span><\/p>\n<p><span>           <\/span><\/p>\n<p align=\"right\"><span><strong><font face=\"Verdana\" size=\"2\">rr.d.<\/font><\/strong><\/span><\/p>\n","protected":false},"excerpt":{"rendered":"<p><img loading=\"lazy\" src=\"http:\/\/www.visit-ulcinj.com\/blog\/wp-content\/uploads\/2008\/02\/sinishtaj.jpg\" alt=\"sinishtaj\" height=\"140\" width=\"140\" \/><\/p>\n","protected":false},"author":1,"featured_media":0,"comment_status":"open","ping_status":"closed","sticky":false,"template":"","format":"standard","meta":{"spay_email":"","jetpack_publicize_message":"","jetpack_is_tweetstorm":false,"jetpack_publicize_feature_enabled":true},"categories":[14],"tags":[],"jetpack_publicize_connections":[],"yoast_head":"<!-- This site is optimized with the Yoast SEO plugin v19.1 - https:\/\/yoast.com\/wordpress\/plugins\/seo\/ -->\n<title>\u00cbsht\u00eb e nevojshme t\u00eb miratohet Plani finaciar - Lajme nga Ulqini<\/title>\n<meta name=\"robots\" content=\"index, follow, max-snippet:-1, max-image-preview:large, max-video-preview:-1\" \/>\n<link rel=\"canonical\" href=\"https:\/\/www.visit-ulcinj.com\/blog\/2008\/02\/09\/eshte-e-nevojshme-te-miratohet-plani-finaciar\/\" \/>\n<meta property=\"og:locale\" content=\"en_US\" \/>\n<meta property=\"og:type\" content=\"article\" \/>\n<meta property=\"og:title\" content=\"\u00cbsht\u00eb e nevojshme t\u00eb miratohet Plani finaciar - Lajme nga Ulqini\" \/>\n<meta property=\"og:url\" content=\"https:\/\/www.visit-ulcinj.com\/blog\/2008\/02\/09\/eshte-e-nevojshme-te-miratohet-plani-finaciar\/\" \/>\n<meta property=\"og:site_name\" content=\"Lajme nga Ulqini\" \/>\n<meta property=\"article:published_time\" content=\"2008-02-09T15:47:53+00:00\" \/>\n<meta property=\"article:modified_time\" content=\"2008-02-12T19:09:24+00:00\" \/>\n<meta property=\"og:image\" content=\"http:\/\/www.visit-ulcinj.com\/blog\/wp-content\/uploads\/2008\/02\/sinishtaj.jpg\" \/>\n<meta name=\"twitter:label1\" content=\"Written by\" \/>\n\t<meta name=\"twitter:data1\" content=\"ulqini\" \/>\n\t<meta name=\"twitter:label2\" content=\"Est. reading time\" \/>\n\t<meta name=\"twitter:data2\" content=\"2 minutes\" \/>\n<script type=\"application\/ld+json\" class=\"yoast-schema-graph\">{\"@context\":\"https:\/\/schema.org\",\"@graph\":[{\"@type\":\"WebSite\",\"@id\":\"https:\/\/www.visit-ulcinj.com\/blog\/#website\",\"url\":\"https:\/\/www.visit-ulcinj.com\/blog\/\",\"name\":\"Lajme nga Ulqini\",\"description\":\"Lajme,Vijesti,Ulqini,Ulqin,Crna Gora,Mali i Zi\",\"potentialAction\":[{\"@type\":\"SearchAction\",\"target\":{\"@type\":\"EntryPoint\",\"urlTemplate\":\"https:\/\/www.visit-ulcinj.com\/blog\/?s={search_term_string}\"},\"query-input\":\"required name=search_term_string\"}],\"inLanguage\":\"en-US\"},{\"@type\":\"ImageObject\",\"inLanguage\":\"en-US\",\"@id\":\"https:\/\/www.visit-ulcinj.com\/blog\/2008\/02\/09\/eshte-e-nevojshme-te-miratohet-plani-finaciar\/#primaryimage\",\"url\":\"http:\/\/www.visit-ulcinj.com\/blog\/wp-content\/uploads\/2008\/02\/sinishtaj.jpg\",\"contentUrl\":\"http:\/\/www.visit-ulcinj.com\/blog\/wp-content\/uploads\/2008\/02\/sinishtaj.jpg\"},{\"@type\":\"WebPage\",\"@id\":\"https:\/\/www.visit-ulcinj.com\/blog\/2008\/02\/09\/eshte-e-nevojshme-te-miratohet-plani-finaciar\/#webpage\",\"url\":\"https:\/\/www.visit-ulcinj.com\/blog\/2008\/02\/09\/eshte-e-nevojshme-te-miratohet-plani-finaciar\/\",\"name\":\"\u00cbsht\u00eb e nevojshme t\u00eb miratohet Plani finaciar - Lajme nga Ulqini\",\"isPartOf\":{\"@id\":\"https:\/\/www.visit-ulcinj.com\/blog\/#website\"},\"primaryImageOfPage\":{\"@id\":\"https:\/\/www.visit-ulcinj.com\/blog\/2008\/02\/09\/eshte-e-nevojshme-te-miratohet-plani-finaciar\/#primaryimage\"},\"datePublished\":\"2008-02-09T15:47:53+00:00\",\"dateModified\":\"2008-02-12T19:09:24+00:00\",\"author\":{\"@id\":\"https:\/\/www.visit-ulcinj.com\/blog\/#\/schema\/person\/dcab619c614d3038751c63bc2aadc06d\"},\"breadcrumb\":{\"@id\":\"https:\/\/www.visit-ulcinj.com\/blog\/2008\/02\/09\/eshte-e-nevojshme-te-miratohet-plani-finaciar\/#breadcrumb\"},\"inLanguage\":\"en-US\",\"potentialAction\":[{\"@type\":\"ReadAction\",\"target\":[\"https:\/\/www.visit-ulcinj.com\/blog\/2008\/02\/09\/eshte-e-nevojshme-te-miratohet-plani-finaciar\/\"]}]},{\"@type\":\"BreadcrumbList\",\"@id\":\"https:\/\/www.visit-ulcinj.com\/blog\/2008\/02\/09\/eshte-e-nevojshme-te-miratohet-plani-finaciar\/#breadcrumb\",\"itemListElement\":[{\"@type\":\"ListItem\",\"position\":1,\"name\":\"\u00cbsht\u00eb e nevojshme t\u00eb miratohet Plani finaciar\"}]},{\"@type\":\"Person\",\"@id\":\"https:\/\/www.visit-ulcinj.com\/blog\/#\/schema\/person\/dcab619c614d3038751c63bc2aadc06d\",\"name\":\"ulqini\",\"sameAs\":[\"http:\/\/www.visit-ulcinj.com\"],\"url\":\"https:\/\/www.visit-ulcinj.com\/blog\/author\/admin\/\"}]}<\/script>\n<!-- \/ Yoast SEO plugin. -->","yoast_head_json":{"title":"\u00cbsht\u00eb e nevojshme t\u00eb miratohet Plani finaciar - Lajme nga Ulqini","robots":{"index":"index","follow":"follow","max-snippet":"max-snippet:-1","max-image-preview":"max-image-preview:large","max-video-preview":"max-video-preview:-1"},"canonical":"https:\/\/www.visit-ulcinj.com\/blog\/2008\/02\/09\/eshte-e-nevojshme-te-miratohet-plani-finaciar\/","og_locale":"en_US","og_type":"article","og_title":"\u00cbsht\u00eb e nevojshme t\u00eb miratohet Plani finaciar - Lajme nga Ulqini","og_url":"https:\/\/www.visit-ulcinj.com\/blog\/2008\/02\/09\/eshte-e-nevojshme-te-miratohet-plani-finaciar\/","og_site_name":"Lajme nga Ulqini","article_published_time":"2008-02-09T15:47:53+00:00","article_modified_time":"2008-02-12T19:09:24+00:00","og_image":[{"url":"http:\/\/www.visit-ulcinj.com\/blog\/wp-content\/uploads\/2008\/02\/sinishtaj.jpg"}],"twitter_misc":{"Written by":"ulqini","Est. reading time":"2 minutes"},"schema":{"@context":"https:\/\/schema.org","@graph":[{"@type":"WebSite","@id":"https:\/\/www.visit-ulcinj.com\/blog\/#website","url":"https:\/\/www.visit-ulcinj.com\/blog\/","name":"Lajme nga Ulqini","description":"Lajme,Vijesti,Ulqini,Ulqin,Crna Gora,Mali i Zi","potentialAction":[{"@type":"SearchAction","target":{"@type":"EntryPoint","urlTemplate":"https:\/\/www.visit-ulcinj.com\/blog\/?s={search_term_string}"},"query-input":"required name=search_term_string"}],"inLanguage":"en-US"},{"@type":"ImageObject","inLanguage":"en-US","@id":"https:\/\/www.visit-ulcinj.com\/blog\/2008\/02\/09\/eshte-e-nevojshme-te-miratohet-plani-finaciar\/#primaryimage","url":"http:\/\/www.visit-ulcinj.com\/blog\/wp-content\/uploads\/2008\/02\/sinishtaj.jpg","contentUrl":"http:\/\/www.visit-ulcinj.com\/blog\/wp-content\/uploads\/2008\/02\/sinishtaj.jpg"},{"@type":"WebPage","@id":"https:\/\/www.visit-ulcinj.com\/blog\/2008\/02\/09\/eshte-e-nevojshme-te-miratohet-plani-finaciar\/#webpage","url":"https:\/\/www.visit-ulcinj.com\/blog\/2008\/02\/09\/eshte-e-nevojshme-te-miratohet-plani-finaciar\/","name":"\u00cbsht\u00eb e nevojshme t\u00eb miratohet Plani finaciar - Lajme nga Ulqini","isPartOf":{"@id":"https:\/\/www.visit-ulcinj.com\/blog\/#website"},"primaryImageOfPage":{"@id":"https:\/\/www.visit-ulcinj.com\/blog\/2008\/02\/09\/eshte-e-nevojshme-te-miratohet-plani-finaciar\/#primaryimage"},"datePublished":"2008-02-09T15:47:53+00:00","dateModified":"2008-02-12T19:09:24+00:00","author":{"@id":"https:\/\/www.visit-ulcinj.com\/blog\/#\/schema\/person\/dcab619c614d3038751c63bc2aadc06d"},"breadcrumb":{"@id":"https:\/\/www.visit-ulcinj.com\/blog\/2008\/02\/09\/eshte-e-nevojshme-te-miratohet-plani-finaciar\/#breadcrumb"},"inLanguage":"en-US","potentialAction":[{"@type":"ReadAction","target":["https:\/\/www.visit-ulcinj.com\/blog\/2008\/02\/09\/eshte-e-nevojshme-te-miratohet-plani-finaciar\/"]}]},{"@type":"BreadcrumbList","@id":"https:\/\/www.visit-ulcinj.com\/blog\/2008\/02\/09\/eshte-e-nevojshme-te-miratohet-plani-finaciar\/#breadcrumb","itemListElement":[{"@type":"ListItem","position":1,"name":"\u00cbsht\u00eb e nevojshme t\u00eb miratohet Plani finaciar"}]},{"@type":"Person","@id":"https:\/\/www.visit-ulcinj.com\/blog\/#\/schema\/person\/dcab619c614d3038751c63bc2aadc06d","name":"ulqini","sameAs":["http:\/\/www.visit-ulcinj.com"],"url":"https:\/\/www.visit-ulcinj.com\/blog\/author\/admin\/"}]}},"jetpack_featured_media_url":"","jetpack_sharing_enabled":true,"jetpack_shortlink":"https:\/\/wp.me\/pe6lTn-7d","_links":{"self":[{"href":"https:\/\/www.visit-ulcinj.com\/blog\/wp-json\/wp\/v2\/posts\/447"}],"collection":[{"href":"https:\/\/www.visit-ulcinj.com\/blog\/wp-json\/wp\/v2\/posts"}],"about":[{"href":"https:\/\/www.visit-ulcinj.com\/blog\/wp-json\/wp\/v2\/types\/post"}],"author":[{"embeddable":true,"href":"https:\/\/www.visit-ulcinj.com\/blog\/wp-json\/wp\/v2\/users\/1"}],"replies":[{"embeddable":true,"href":"https:\/\/www.visit-ulcinj.com\/blog\/wp-json\/wp\/v2\/comments?post=447"}],"version-history":[{"count":0,"href":"https:\/\/www.visit-ulcinj.com\/blog\/wp-json\/wp\/v2\/posts\/447\/revisions"}],"wp:attachment":[{"href":"https:\/\/www.visit-ulcinj.com\/blog\/wp-json\/wp\/v2\/media?parent=447"}],"wp:term":[{"taxonomy":"category","embeddable":true,"href":"https:\/\/www.visit-ulcinj.com\/blog\/wp-json\/wp\/v2\/categories?post=447"},{"taxonomy":"post_tag","embeddable":true,"href":"https:\/\/www.visit-ulcinj.com\/blog\/wp-json\/wp\/v2\/tags?post=447"}],"curies":[{"name":"wp","href":"https:\/\/api.w.org\/{rel}","templated":true}]}}