{"id":44702,"date":"2011-03-14T17:34:53","date_gmt":"2011-03-14T16:34:53","guid":{"rendered":"http:\/\/www.visit-ulcinj.com\/blog\/?p=44702"},"modified":"2011-03-14T17:35:14","modified_gmt":"2011-03-14T16:35:14","slug":"albani-dhe-miriami-martese-ne-pritje","status":"publish","type":"post","link":"https:\/\/www.visit-ulcinj.com\/blog\/2011\/03\/14\/albani-dhe-miriami-martese-ne-pritje\/","title":{"rendered":"Albani dhe Miriami, martes\u00eb n\u00eb pritje?"},"content":{"rendered":"<p><a href=\"http:\/\/www.visit-ulcinj.com\/blog\/wp-content\/uploads\/2011\/03\/Miriam-Cani-Alban-Skenderaj_Martesa.jpg\"><img loading=\"lazy\" class=\"alignleft size-full wp-image-44704\" title=\"Miriam Cani &amp; Alban Skenderaj_Martesa\" src=\"http:\/\/www.visit-ulcinj.com\/blog\/wp-content\/uploads\/2011\/03\/Miriam-Cani-Alban-Skenderaj_Martesa.jpg\" alt=\"\" width=\"350\" height=\"450\" \/><\/a>\u00c7ifti i dashuruar i k\u00ebng\u00ebtar\u00ebve, Alban Sk\u00ebnderaj dhe Miriam Cani, kan\u00eb l\u00ebn\u00eb pas zhg\u00ebnjimin, q\u00eb u \u201cdhuroi\u201d festivali i K\u00ebng\u00ebs n\u00eb RTSH, juria e s\u00eb cilit e vler\u00ebsoi k\u00ebng\u00ebn e tyre \u201cEnde ka shpres\u00eb\u201d, me \u00e7mim t\u00eb dyt\u00eb.<br \/>\nDyshja, e cila k\u00ebto dit\u00eb ka lan\u00e7uar klipin e k\u00ebsaj k\u00ebnge, tha pas k\u00ebtij kompeticioni se do ishte mir\u00eb, q\u00eb ata t\u00eb ishin p\u00ebrfaq\u00ebsuesit e Shqip\u00ebris\u00eb n\u00eb Eurosong, jo vet\u00ebm sepse k\u00ebnga \u00ebsht\u00eb e bukur dhe moderne, por mbi t\u00eb gjitha sepse ata jetojn\u00eb n\u00eb Gjermani (skena e sivjetme e Eurosong), dhe Miriam Cani \u00ebsht\u00eb e njohur n\u00eb k\u00ebt\u00eb vend, k\u00ebshtu q\u00eb k\u00ebnga shqiptare do t\u00eb ishte m\u00eb e kuotuar p\u00ebrsa i takon vler\u00ebsimit.<br \/>\nGjithsesi, kjo histori tanim\u00eb i p\u00ebrket s\u00eb shkuar\u00ebs, pasi vet\u00eb Miriami \u00ebsht\u00eb shprehur, se thuajse e ka harruar k\u00ebt\u00eb ngjarje. \u201cJemi shum\u00eb t\u00eb angazhuar, p\u00ebr t\u00eb menduar gj\u00ebrat e kaluara. Normalisht q\u00eb u zhg\u00ebnjyem pak, pasi \u201cEurovizion\u201d do b\u00ebhet n\u00eb \u201csht\u00ebpin\u00eb\u201d ton\u00eb, do t\u00eb performohet n\u00eb nj\u00eb sken\u00eb, ku kam k\u00ebnduar disa her\u00eb me grupin q\u00eb kam pasur. D\u00ebshira do kishte qen\u00eb, t\u00eb ishim prezent\u00eb n\u00eb emisionet gjermane, t\u00eb cil\u00ebt i njohim dhe kemi punuar prej vitesh, p\u00ebr t\u00eb prezantuar edhe vendin ton\u00eb dhe p\u00ebr t\u2019i folur nj\u00eb kombi p\u00ebr shtetin shqiptar. Por k\u00ebt\u00eb do e b\u00ebjm\u00eb tashm\u00eb n\u00eb m\u00ebnyr\u00ebn ton\u00eb me k\u00ebt\u00eb k\u00ebng\u00eb, q\u00eb n\u00eb anglisht titullohet \u201cSomebody hurts\u201d, \u2013 ka deklaruar k\u00ebng\u00ebtarja. Sa i takon jet\u00ebs s\u00eb tyre private, q\u00eb normalisht paraqet interes p\u00ebr fansat, Albani ka th\u00ebn\u00ebm se edhe ata b\u00ebjn\u00eb plane sikurse \u00e7do \u00e7ift normal.<br \/>\n\u201cViti 2011 do jet\u00eb i r\u00ebnd\u00ebsish\u00ebm p\u00ebr profesionin ton\u00eb, por dhe p\u00ebr disa gj\u00ebra personale, q\u00eb i kemi l\u00ebn\u00eb pak m\u00ebnjan\u00ebm p\u00ebr shkak t\u00eb koh\u00ebs dhe duam q\u00eb k\u00ebt\u00eb vit t\u2019i realizojm\u00eb patjet\u00ebr\u201d, \u2013 ka th\u00ebn\u00eb ai, pa sqaruar m\u00eb tej se p\u00ebr \u00e7\u2019plane b\u00ebhet fjal\u00eb. A mos vall\u00eb kemi martes\u00eb k\u00ebt\u00eb vit, sepse \u00e7ifti bashk\u00ebjeton prej koh\u00ebsh?!<\/p>\n<p><strong>Gazeta Standard<br \/>\n<\/p>\n<p><\/strong><\/p>\n<p><strong> <\/strong><br \/>\n<!--YouTube Error: bad URL entered--><\/p>\n","protected":false},"excerpt":{"rendered":"<p>\u00c7ifti i dashuruar i k\u00ebng\u00ebtar\u00ebve, Alban Sk\u00ebnderaj dhe Miriam Cani, kan\u00eb l\u00ebn\u00eb pas zhg\u00ebnjimin, q\u00eb u \u201cdhuroi\u201d festivali i K\u00ebng\u00ebs n\u00eb RTSH, juria e s\u00eb cilit e vler\u00ebsoi k\u00ebng\u00ebn e tyre \u201cEnde ka shpres\u00eb\u201d, me \u00e7mim t\u00eb dyt\u00eb. Dyshja, e cila k\u00ebto dit\u00eb ka lan\u00e7uar klipin e k\u00ebsaj k\u00ebnge, tha pas k\u00ebtij kompeticioni se do [&hellip;]<\/p>\n","protected":false},"author":1,"featured_media":0,"comment_status":"open","ping_status":"closed","sticky":false,"template":"","format":"standard","meta":{"spay_email":"","jetpack_publicize_message":"","jetpack_is_tweetstorm":false,"jetpack_publicize_feature_enabled":true},"categories":[1],"tags":[15066],"jetpack_publicize_connections":[],"yoast_head":"<!-- This site is optimized with the Yoast SEO plugin v19.1 - https:\/\/yoast.com\/wordpress\/plugins\/seo\/ -->\n<title>Albani dhe Miriami, martes\u00eb n\u00eb pritje? - Lajme nga Ulqini<\/title>\n<meta name=\"description\" content=\"\u00c7ifti i dashuruar i k\u00ebng\u00ebtar\u00ebve, Alban Sk\u00ebnderaj dhe Miriam Cani, kan\u00eb l\u00ebn\u00eb pas zhg\u00ebnjimin, q\u00eb u \u201cdhuroi\u201d festivali i K\u00ebng\u00ebs n\u00eb RTSH, juria e s\u00eb cilit e\" \/>\n<meta name=\"robots\" content=\"index, follow, max-snippet:-1, max-image-preview:large, max-video-preview:-1\" \/>\n<link rel=\"canonical\" href=\"https:\/\/www.visit-ulcinj.com\/blog\/2011\/03\/14\/albani-dhe-miriami-martese-ne-pritje\/\" \/>\n<meta property=\"og:locale\" content=\"en_US\" \/>\n<meta property=\"og:type\" content=\"article\" \/>\n<meta property=\"og:title\" content=\"Albani dhe Miriami, martes\u00eb n\u00eb pritje? - Lajme nga Ulqini\" \/>\n<meta property=\"og:description\" content=\"\u00c7ifti i dashuruar i k\u00ebng\u00ebtar\u00ebve, Alban Sk\u00ebnderaj dhe Miriam Cani, kan\u00eb l\u00ebn\u00eb pas zhg\u00ebnjimin, q\u00eb u \u201cdhuroi\u201d festivali i K\u00ebng\u00ebs n\u00eb RTSH, juria e s\u00eb cilit e\" \/>\n<meta property=\"og:url\" content=\"https:\/\/www.visit-ulcinj.com\/blog\/2011\/03\/14\/albani-dhe-miriami-martese-ne-pritje\/\" \/>\n<meta property=\"og:site_name\" content=\"Lajme nga Ulqini\" \/>\n<meta property=\"article:published_time\" content=\"2011-03-14T16:34:53+00:00\" \/>\n<meta property=\"article:modified_time\" content=\"2011-03-14T16:35:14+00:00\" \/>\n<meta property=\"og:image\" content=\"https:\/\/www.visit-ulcinj.com\/blog\/wp-content\/uploads\/2011\/03\/Miriam-Cani-Alban-Skenderaj_Martesa-150x150.jpg\" \/>\n<meta name=\"twitter:label1\" content=\"Written by\" \/>\n\t<meta name=\"twitter:data1\" content=\"ulqini\" \/>\n\t<meta name=\"twitter:label2\" content=\"Est. reading time\" \/>\n\t<meta name=\"twitter:data2\" content=\"2 minutes\" \/>\n<script type=\"application\/ld+json\" class=\"yoast-schema-graph\">{\"@context\":\"https:\/\/schema.org\",\"@graph\":[{\"@type\":\"WebSite\",\"@id\":\"https:\/\/www.visit-ulcinj.com\/blog\/#website\",\"url\":\"https:\/\/www.visit-ulcinj.com\/blog\/\",\"name\":\"Lajme nga Ulqini\",\"description\":\"Lajme,Vijesti,Ulqini,Ulqin,Crna Gora,Mali i Zi\",\"potentialAction\":[{\"@type\":\"SearchAction\",\"target\":{\"@type\":\"EntryPoint\",\"urlTemplate\":\"https:\/\/www.visit-ulcinj.com\/blog\/?s={search_term_string}\"},\"query-input\":\"required name=search_term_string\"}],\"inLanguage\":\"en-US\"},{\"@type\":\"ImageObject\",\"inLanguage\":\"en-US\",\"@id\":\"https:\/\/www.visit-ulcinj.com\/blog\/2011\/03\/14\/albani-dhe-miriami-martese-ne-pritje\/#primaryimage\",\"url\":\"http:\/\/www.visit-ulcinj.com\/blog\/wp-content\/uploads\/2011\/03\/Miriam-Cani-Alban-Skenderaj_Martesa.jpg\",\"contentUrl\":\"http:\/\/www.visit-ulcinj.com\/blog\/wp-content\/uploads\/2011\/03\/Miriam-Cani-Alban-Skenderaj_Martesa.jpg\"},{\"@type\":\"WebPage\",\"@id\":\"https:\/\/www.visit-ulcinj.com\/blog\/2011\/03\/14\/albani-dhe-miriami-martese-ne-pritje\/#webpage\",\"url\":\"https:\/\/www.visit-ulcinj.com\/blog\/2011\/03\/14\/albani-dhe-miriami-martese-ne-pritje\/\",\"name\":\"Albani dhe Miriami, martes\u00eb n\u00eb pritje? - Lajme nga Ulqini\",\"isPartOf\":{\"@id\":\"https:\/\/www.visit-ulcinj.com\/blog\/#website\"},\"primaryImageOfPage\":{\"@id\":\"https:\/\/www.visit-ulcinj.com\/blog\/2011\/03\/14\/albani-dhe-miriami-martese-ne-pritje\/#primaryimage\"},\"datePublished\":\"2011-03-14T16:34:53+00:00\",\"dateModified\":\"2011-03-14T16:35:14+00:00\",\"author\":{\"@id\":\"https:\/\/www.visit-ulcinj.com\/blog\/#\/schema\/person\/dcab619c614d3038751c63bc2aadc06d\"},\"description\":\"\u00c7ifti i dashuruar i k\u00ebng\u00ebtar\u00ebve, Alban Sk\u00ebnderaj dhe Miriam Cani, kan\u00eb l\u00ebn\u00eb pas zhg\u00ebnjimin, q\u00eb u \u201cdhuroi\u201d festivali i K\u00ebng\u00ebs n\u00eb RTSH, juria e s\u00eb cilit e\",\"breadcrumb\":{\"@id\":\"https:\/\/www.visit-ulcinj.com\/blog\/2011\/03\/14\/albani-dhe-miriami-martese-ne-pritje\/#breadcrumb\"},\"inLanguage\":\"en-US\",\"potentialAction\":[{\"@type\":\"ReadAction\",\"target\":[\"https:\/\/www.visit-ulcinj.com\/blog\/2011\/03\/14\/albani-dhe-miriami-martese-ne-pritje\/\"]}]},{\"@type\":\"BreadcrumbList\",\"@id\":\"https:\/\/www.visit-ulcinj.com\/blog\/2011\/03\/14\/albani-dhe-miriami-martese-ne-pritje\/#breadcrumb\",\"itemListElement\":[{\"@type\":\"ListItem\",\"position\":1,\"name\":\"Albani dhe Miriami, martes\u00eb n\u00eb pritje?\"}]},{\"@type\":\"Person\",\"@id\":\"https:\/\/www.visit-ulcinj.com\/blog\/#\/schema\/person\/dcab619c614d3038751c63bc2aadc06d\",\"name\":\"ulqini\",\"sameAs\":[\"http:\/\/www.visit-ulcinj.com\"],\"url\":\"https:\/\/www.visit-ulcinj.com\/blog\/author\/admin\/\"}]}<\/script>\n<!-- \/ Yoast SEO plugin. -->","yoast_head_json":{"title":"Albani dhe Miriami, martes\u00eb n\u00eb pritje? - Lajme nga Ulqini","description":"\u00c7ifti i dashuruar i k\u00ebng\u00ebtar\u00ebve, Alban Sk\u00ebnderaj dhe Miriam Cani, kan\u00eb l\u00ebn\u00eb pas zhg\u00ebnjimin, q\u00eb u \u201cdhuroi\u201d festivali i K\u00ebng\u00ebs n\u00eb RTSH, juria e s\u00eb cilit e","robots":{"index":"index","follow":"follow","max-snippet":"max-snippet:-1","max-image-preview":"max-image-preview:large","max-video-preview":"max-video-preview:-1"},"canonical":"https:\/\/www.visit-ulcinj.com\/blog\/2011\/03\/14\/albani-dhe-miriami-martese-ne-pritje\/","og_locale":"en_US","og_type":"article","og_title":"Albani dhe Miriami, martes\u00eb n\u00eb pritje? - Lajme nga Ulqini","og_description":"\u00c7ifti i dashuruar i k\u00ebng\u00ebtar\u00ebve, Alban Sk\u00ebnderaj dhe Miriam Cani, kan\u00eb l\u00ebn\u00eb pas zhg\u00ebnjimin, q\u00eb u \u201cdhuroi\u201d festivali i K\u00ebng\u00ebs n\u00eb RTSH, juria e s\u00eb cilit e","og_url":"https:\/\/www.visit-ulcinj.com\/blog\/2011\/03\/14\/albani-dhe-miriami-martese-ne-pritje\/","og_site_name":"Lajme nga Ulqini","article_published_time":"2011-03-14T16:34:53+00:00","article_modified_time":"2011-03-14T16:35:14+00:00","og_image":[{"url":"https:\/\/www.visit-ulcinj.com\/blog\/wp-content\/uploads\/2011\/03\/Miriam-Cani-Alban-Skenderaj_Martesa-150x150.jpg"}],"twitter_misc":{"Written by":"ulqini","Est. reading time":"2 minutes"},"schema":{"@context":"https:\/\/schema.org","@graph":[{"@type":"WebSite","@id":"https:\/\/www.visit-ulcinj.com\/blog\/#website","url":"https:\/\/www.visit-ulcinj.com\/blog\/","name":"Lajme nga Ulqini","description":"Lajme,Vijesti,Ulqini,Ulqin,Crna Gora,Mali i Zi","potentialAction":[{"@type":"SearchAction","target":{"@type":"EntryPoint","urlTemplate":"https:\/\/www.visit-ulcinj.com\/blog\/?s={search_term_string}"},"query-input":"required name=search_term_string"}],"inLanguage":"en-US"},{"@type":"ImageObject","inLanguage":"en-US","@id":"https:\/\/www.visit-ulcinj.com\/blog\/2011\/03\/14\/albani-dhe-miriami-martese-ne-pritje\/#primaryimage","url":"http:\/\/www.visit-ulcinj.com\/blog\/wp-content\/uploads\/2011\/03\/Miriam-Cani-Alban-Skenderaj_Martesa.jpg","contentUrl":"http:\/\/www.visit-ulcinj.com\/blog\/wp-content\/uploads\/2011\/03\/Miriam-Cani-Alban-Skenderaj_Martesa.jpg"},{"@type":"WebPage","@id":"https:\/\/www.visit-ulcinj.com\/blog\/2011\/03\/14\/albani-dhe-miriami-martese-ne-pritje\/#webpage","url":"https:\/\/www.visit-ulcinj.com\/blog\/2011\/03\/14\/albani-dhe-miriami-martese-ne-pritje\/","name":"Albani dhe Miriami, martes\u00eb n\u00eb pritje? - Lajme nga Ulqini","isPartOf":{"@id":"https:\/\/www.visit-ulcinj.com\/blog\/#website"},"primaryImageOfPage":{"@id":"https:\/\/www.visit-ulcinj.com\/blog\/2011\/03\/14\/albani-dhe-miriami-martese-ne-pritje\/#primaryimage"},"datePublished":"2011-03-14T16:34:53+00:00","dateModified":"2011-03-14T16:35:14+00:00","author":{"@id":"https:\/\/www.visit-ulcinj.com\/blog\/#\/schema\/person\/dcab619c614d3038751c63bc2aadc06d"},"description":"\u00c7ifti i dashuruar i k\u00ebng\u00ebtar\u00ebve, Alban Sk\u00ebnderaj dhe Miriam Cani, kan\u00eb l\u00ebn\u00eb pas zhg\u00ebnjimin, q\u00eb u \u201cdhuroi\u201d festivali i K\u00ebng\u00ebs n\u00eb RTSH, juria e s\u00eb cilit e","breadcrumb":{"@id":"https:\/\/www.visit-ulcinj.com\/blog\/2011\/03\/14\/albani-dhe-miriami-martese-ne-pritje\/#breadcrumb"},"inLanguage":"en-US","potentialAction":[{"@type":"ReadAction","target":["https:\/\/www.visit-ulcinj.com\/blog\/2011\/03\/14\/albani-dhe-miriami-martese-ne-pritje\/"]}]},{"@type":"BreadcrumbList","@id":"https:\/\/www.visit-ulcinj.com\/blog\/2011\/03\/14\/albani-dhe-miriami-martese-ne-pritje\/#breadcrumb","itemListElement":[{"@type":"ListItem","position":1,"name":"Albani dhe Miriami, martes\u00eb n\u00eb pritje?"}]},{"@type":"Person","@id":"https:\/\/www.visit-ulcinj.com\/blog\/#\/schema\/person\/dcab619c614d3038751c63bc2aadc06d","name":"ulqini","sameAs":["http:\/\/www.visit-ulcinj.com"],"url":"https:\/\/www.visit-ulcinj.com\/blog\/author\/admin\/"}]}},"jetpack_featured_media_url":"","jetpack_sharing_enabled":true,"jetpack_shortlink":"https:\/\/wp.me\/pe6lTn-bD0","_links":{"self":[{"href":"https:\/\/www.visit-ulcinj.com\/blog\/wp-json\/wp\/v2\/posts\/44702"}],"collection":[{"href":"https:\/\/www.visit-ulcinj.com\/blog\/wp-json\/wp\/v2\/posts"}],"about":[{"href":"https:\/\/www.visit-ulcinj.com\/blog\/wp-json\/wp\/v2\/types\/post"}],"author":[{"embeddable":true,"href":"https:\/\/www.visit-ulcinj.com\/blog\/wp-json\/wp\/v2\/users\/1"}],"replies":[{"embeddable":true,"href":"https:\/\/www.visit-ulcinj.com\/blog\/wp-json\/wp\/v2\/comments?post=44702"}],"version-history":[{"count":0,"href":"https:\/\/www.visit-ulcinj.com\/blog\/wp-json\/wp\/v2\/posts\/44702\/revisions"}],"wp:attachment":[{"href":"https:\/\/www.visit-ulcinj.com\/blog\/wp-json\/wp\/v2\/media?parent=44702"}],"wp:term":[{"taxonomy":"category","embeddable":true,"href":"https:\/\/www.visit-ulcinj.com\/blog\/wp-json\/wp\/v2\/categories?post=44702"},{"taxonomy":"post_tag","embeddable":true,"href":"https:\/\/www.visit-ulcinj.com\/blog\/wp-json\/wp\/v2\/tags?post=44702"}],"curies":[{"name":"wp","href":"https:\/\/api.w.org\/{rel}","templated":true}]}}