{"id":44710,"date":"2011-03-14T17:58:47","date_gmt":"2011-03-14T16:58:47","guid":{"rendered":"http:\/\/www.visit-ulcinj.com\/blog\/?p=44710"},"modified":"2011-03-14T17:59:12","modified_gmt":"2011-03-14T16:59:12","slug":"sinan-vllasaliu-30-vjet-rrugetim-me-kengen","status":"publish","type":"post","link":"https:\/\/www.visit-ulcinj.com\/blog\/2011\/03\/14\/sinan-vllasaliu-30-vjet-rrugetim-me-kengen\/","title":{"rendered":"Sinan Vllasaliu, 30 vjet rrug\u00ebtim me k\u00ebng\u00ebn"},"content":{"rendered":"<p><strong><a href=\"http:\/\/www.visit-ulcinj.com\/blog\/wp-content\/uploads\/2011\/03\/Sinan-Vllasaliu.jpg\"><img loading=\"lazy\" class=\"alignleft size-full wp-image-44711\" title=\"Sinan Vllasaliu\" src=\"http:\/\/www.visit-ulcinj.com\/blog\/wp-content\/uploads\/2011\/03\/Sinan-Vllasaliu.jpg\" alt=\"\" width=\"350\" height=\"428\" \/><\/a>Nuk ka pik\u00eb dyshimi q\u00eb Sinan Vllasaliu di t\u00eb rr\u00ebmbej\u00eb me \u00e7do kusht zemrat e adhuruesve, qoft\u00eb me vokalin apo sharmin e tij. Jeta e tij \u00ebsht\u00eb mbushur me tallaze dhe i ngjan nj\u00eb deti t\u00eb t\u00ebr\u00eb ku n\u00eb \u00e7do milimet\u00ebr t\u00eb l\u00ebvizjes ai ka mundur t\u00eb nxjerr\u00eb na pah vlerat e k\u00ebng\u00ebs dhe m\u00ebnyr\u00ebn e t\u00eb k\u00ebnduarit bukur.<\/strong><\/p>\n<p><strong>Intervistoi: Meri Veseli<\/strong><\/p>\n<p>Q\u00eb t\u00eb kuptosh se p\u00ebrse njer\u00ebzit i duan kaq shum\u00eb k\u00ebng\u00ebt e Sinan Vllasaliut, duhet ta takosh at\u00eb. Gjithmon\u00eb ka reflektuar but\u00ebsi n\u00eb z\u00eb po ashtu edhe n\u00eb pamje. Duket se muzik\u00ebn e ka n\u00eb gjene gj\u00eb q\u00eb do ta b\u00ebnte t\u00eb pa mundur q\u00eb Sinani t\u00eb merrte nj\u00eb drejtim tjet\u00ebr n\u00eb jet\u00eb.<\/p>\n<p><strong>Rrug\u00ebtimi yt me muzik\u00ebn, \u00e7\u2019\u00ebsht\u00eb m\u00eb e bukura n\u00eb profesionin e k\u00ebng\u00ebtarit?<\/strong><br \/>\nM\u00eb e bukura \u00ebsht\u00eb kur ti e do profesionin q\u00eb b\u00ebn\u00eb. Ka shum\u00eb njer\u00ebz q\u00eb di\u00e7ka tjet\u00ebr kan\u00eb profesion e di\u00e7ka tjet\u00ebr b\u00ebjn\u00eb. Un\u00eb i fal\u00ebnderohem Zotit q\u00eb b\u00ebj profesionin q\u00eb dua, p\u00ebr gjith\u00eb t\u00eb mirat dhe q\u00eb kam mund\u00ebsi t\u00eb mbaj familjen me profesionin q\u00eb dua. Kjo m\u00eb b\u00ebn\u00eb q\u00eb sinqerisht t\u00eb jem i p\u00ebrkushtuar n\u00eb muzik\u00eb.<\/p>\n<p><strong>Shum\u00eb vjet n\u00eb sken\u00eb, shum\u00eb emocione, shum\u00eb p\u00ebrjetime, si ndihesh n\u00eb kulmin e karrier\u00ebs s\u00eb suksesshme?<\/strong><br \/>\nPo tash 30 vjet karrier\u00eb, por kjo nuk m\u00eb ndalon t\u00eb eci tutje, suksesi \u00ebsht\u00eb edhe p\u00ebrgjegj\u00ebsi m\u00eb e madhe. Po t\u00eb isha k\u00ebnaqur me at\u00eb q\u00eb kam arritur q\u00eb n\u00eb start, nuk do t\u2019i kisha 30 vjet karrier\u00eb.<br \/>\nNj\u00eb gj\u00eb q\u00eb nuk i fali vetes \u00ebsht\u00eb q\u00eb nuk kam mbajtur ndonj\u00eb evidenc\u00eb p\u00ebr vjet\u00ebt n\u00eb sken\u00eb, p\u00ebrjetimet, t\u00ebr\u00eb ato emocione. Por nuk e kemi as n\u00eb edukat\u00eb, as n\u00eb kultur\u00eb, shprehi, quaje si t\u00eb duash, t\u00eb mbajm\u00eb sh\u00ebnime. \u00cbsht\u00eb nj\u00eb jet\u00eb e t\u00ebr\u00eb me gj\u00ebra t\u00eb mira e t\u00eb k\u00ebqija, periudh\u00eb e v\u00ebshtir\u00eb edhe p\u00ebr kombin, jo vet\u00ebm p\u00ebr mua si individ. Ishim gjenerat\u00eb e n\u00ebmur me aq shum\u00eb probleme. Por kemi ditur edhe t \u00eb marrim p\u00ebrgjegj\u00ebsi p\u00ebr veprimet tona. Kjo \u00ebsht\u00eb ajo q\u00eb duhet t\u00eb b\u00ebjm\u00eb edhe tani, k\u00ebtu, t\u00eb marrim p\u00ebrgjegj\u00ebsi p\u00ebr veprimet tona. P\u00ebrgjegj\u00ebsia \u00ebsht\u00eb stadi i par\u00eb i vet\u00ebdijes.<br \/>\nN\u00eb kulmin e karrier\u00ebs? Epo ndihem i lumtur, me sinqeritet kam punuar p\u00ebr t\u00eb arritur deri k\u00ebtu, e kjo \u00ebsht\u00eb k\u00ebnaq\u00ebsi. Jam i lumtur.<\/p>\n<p><strong>A do t\u00eb ishe i suksessh\u00ebm edhe n\u00eb ndonj\u00eb profesion tjet\u00ebr?<\/strong><br \/>\nSuksesi varet nga karakteri i njeriut. Me karakterin q\u00eb kam, them se po, sepse \u00e7do pun\u00eb q\u00eb e b\u00ebj e b\u00ebj me p\u00ebrkushtim. Kur luaj futboll, dua t\u00eb luaj mir\u00eb dhe jo keq. Dhe me shenj\u00ebn e horoskopit q\u00eb kam, dashi, q\u00eb e karakterizon kok\u00ebfort\u00ebsia (qeshet), do t\u00eb kisha sukses edhe n\u00eb ndonj\u00eb profesion tjet\u00ebr.<\/p>\n<p><strong>Keni shum\u00eb hite, ke bashk\u00ebpunuar me kompozitor profesionist, sa i jep kjo vler\u00eb k\u00ebng\u00ebs?<\/strong><br \/>\nQasja ime ndaj muzik\u00ebs, tekstshkruesve, kompozitor\u00ebve, ka rezultuar me hite. K\u00ebrkesat e mia, vullneti, energjia ime p\u00ebr k\u00ebng\u00ebn kan\u00eb b\u00ebr\u00eb hitet. \u00cbsht\u00eb sukses i p\u00ebrbashk\u00ebt me t\u00eb gjith\u00eb ata q\u00eb kam bashk\u00ebpunuar. Nuk jam p\u00ebr stagnim, por jo edhe t\u00eb dal jasht\u00eb vetvetes, nga muzika shqipe q\u00eb un\u00eb e k\u00ebndoj dhe e dua.<br \/>\nJo \u00e7do k\u00ebng\u00eb \u00ebsht\u00eb hit, publiku b\u00ebn\u00eb p\u00ebrzgjedhjen. E imja \u00ebsht\u00eb t\u00eb b\u00ebj m\u00eb t\u00eb mir\u00ebn n\u00eb muzik\u00ebn time, me gjith\u00eb p\u00ebrkushtimin dhe dashurin\u00eb q\u00eb kam p\u00ebr k\u00ebng\u00ebn.<\/p>\n<p><strong><a href=\"http:\/\/www.visit-ulcinj.com\/blog\/wp-content\/uploads\/2011\/03\/Sinan-Vllasaliu.1.jpg\"><img loading=\"lazy\" class=\"alignleft size-full wp-image-44712\" title=\"Sinan Vllasaliu.1\" src=\"http:\/\/www.visit-ulcinj.com\/blog\/wp-content\/uploads\/2011\/03\/Sinan-Vllasaliu.1.jpg\" alt=\"\" width=\"508\" height=\"370\" \/><\/a>A kan\u00eb tekstet biografi?<\/strong><br \/>\nJo, por n\u00eb \u00e7do k\u00ebng\u00eb njeriu gjen nj\u00eb segment t\u00eb jet\u00ebs s\u00eb tij. Jo vet\u00ebm n\u00eb k\u00ebng\u00ebt e mia por edhe n\u00eb k\u00ebng\u00ebt e t\u00eb tjer\u00ebve. N\u00eb k\u00ebng\u00ebn \u2018krejt mbrapsht\u2019, mund ta gjejn\u00eb veten shum\u00eb njer\u00ebz, un\u00eb, ti, t\u00eb tjer\u00ebt, n\u00eb vargjet p\u00ebr njer\u00ebzit e nat\u00ebs, por n\u00eb pjes\u00eb tjet\u00ebr jo, nuk gjej biografin time aty.<\/p>\n<p><strong>Keni edhe disa duete, k\u00ebng\u00eb t\u00eb suksesshme, me Gilin, Eli Far\u00ebn, Nor\u00ebn. I b\u00ebre se ishin n\u00eb trend duetet, apo ishte nj\u00eb eksperienc\u00eb m\u00eb shum\u00eb? Sa \u00ebsht\u00eb sfid\u00eb t\u00eb b\u00ebsh nj\u00eb duet?<\/strong><br \/>\nPjesa m\u00eb e v\u00ebshtir\u00eb n\u00eb muzik\u00eb \u00ebsht\u00eb dueti. Suksesi m\u00eb i madh i k\u00ebng\u00ebtarit \u00ebsht\u00eb dueti. \u00cbsht\u00eb shum\u00eb mir\u00eb kur ia q\u00ebllon, katastrof\u00eb kur nuk ia q\u00ebllon. Sfida \u00ebsht\u00eb tek ngjyrat e z\u00ebrit, sa p\u00ebrshtaten, tonalitetet, dueti \u00ebsht\u00eb bashk\u00ebdyzim i dy shpirtrave n\u00eb muzik\u00eb. Secili duet q\u00eb kam b\u00ebr\u00eb ka t\u00eb ve\u00e7ant\u00ebn e vet, r\u00ebnd\u00ebsin\u00eb e vet n\u00eb momentin e caktuar, n\u00eb periudha t\u00eb ndryshme.<\/p>\n<p><strong>Videoklipet tuaja kan\u00eb dhe artistiken n\u00eb vetvete, sa jan\u00eb t\u00eb realizuara nga k\u00ebndi yt, a do t\u2019i b\u00ebje ndryshe, po t\u2019i realizoje edhe nj\u00ebher\u00eb?<\/strong><br \/>\nEdhe ana vizuele \u00ebsht\u00eb e r\u00ebnd\u00ebsishme, videoklipet jan\u00eb t\u00eb realizuara mir\u00eb. Nuk jam nga personat q\u00eb i b\u00ebjn\u00eb t\u00eb gjitha vet, q\u00eb marrin komplet p\u00ebrgjegj\u00ebsin\u00eb. Dy-tre mendime jan\u00eb m\u00eb mir\u00eb se nj\u00eb. \u00cbsht\u00eb edhe edukat\u00eb, kultur\u00eb, t\u00eb marr\u00ebsh edhe mendimin e t\u00eb tjer\u00ebve. Kurr\u00eb nuk them, o si them un\u00eb, o s\u2019ka. Nga natyra im nuk them, e arrita k\u00ebt\u00eb dhe, stop. Jo, njeriu gjithmon\u00eb k\u00ebrkon m\u00eb t\u00eb mir\u00ebn n\u00eb profesionin q\u00eb e do.<\/p>\n<p><strong>A mendon se p\u00ebrmes k\u00ebng\u00ebs thuhen t\u00eb gjitha?<\/strong><br \/>\nNganj\u00ebher\u00eb me nj\u00eb fjal\u00eb thuhet shum\u00eb, krejt varet se si e thua. M\u00eb beso, krejt po t\u2019i mashtrosh, publikun nuk e mashtron dot. Vet\u00ebm po t\u00eb jesh i sinqert\u00eb n\u00eb muzik\u00ebn t\u00ebnde, me k\u00ebng\u00ebn nga shpirti mund t\u00eb arrish deri tek zemra e tyre.<br \/>\nPor ka gj\u00ebra edhe q\u00eb nuk i shpreh dot me fjal\u00eb, disa her\u00eb jemi munduar t\u00eb b\u00ebjm\u00eb nj\u00eb k\u00ebng\u00eb p\u00ebr n\u00ebn\u00ebn, i gjejm\u00eb fjal\u00ebt m\u00eb t\u00eb mira n\u00eb bot\u00eb, por gjithmon\u00eb mungon edhe nj\u00eb fjal\u00eb, se n\u00ebna \u00ebsht\u00eb personi m\u00eb i dashur, n\u00eb jet\u00eb, \u00ebsht\u00eb nj\u00eb dashuri e past\u00ebr q\u00eb lidh f\u00ebmij\u00ebn me n\u00ebn\u00ebn, dashuria m\u00eb e madhe e njeriut, \u00ebsht\u00eb nj\u00eb lidhje e shenjt\u00eb\u2026<br \/>\nPra, jemi munduar t\u00eb b\u00ebjm\u00eb nj\u00eb tekst p\u00ebr n\u00ebn\u00ebn dhe besoj ia dalim nj\u00eb dit\u00eb.<\/p>\n<p><strong>K\u00ebndon edhe n\u00eb dasma, na e p\u00ebrshkruaj paksa at\u00eb atmosfer\u00eb, sa po i ruajm\u00eb traditat duke u modernizuar?<\/strong><br \/>\n\u00cbsht\u00eb atmosfer\u00eb e bukur, ne dim\u00eb t\u00eb b\u00ebjm\u00eb dasma t\u00eb bukura, \u00ebsht\u00eb nj\u00eb dit\u00eb e ve\u00e7ant\u00eb q\u00eb ndahet me familje, me miq. Nuk jam kund\u00ebr modernizimit, por ka disa elemente q\u00eb nuk guxojn\u00eb me u prek n\u00eb tradit\u00eb, si\u00e7 \u00ebsht\u00eb veshja komb\u00ebtare e shum\u00eb gj\u00ebra t\u00eb tjera. Do ta kisha b\u00ebt\u00eb me ligj t\u00eb ruhen traditat tona, \u00ebsht\u00eb gjynah mos me i bart tek gjeneratat e tjera. Kemi tradita t\u00eb bukura.<\/p>\n<p><strong><a href=\"http:\/\/www.visit-ulcinj.com\/blog\/wp-content\/uploads\/2011\/03\/Sinan-Vllasaliu.2.jpg\"><img loading=\"lazy\" class=\"alignleft size-full wp-image-44713\" title=\"Sinan Vllasaliu.2\" src=\"http:\/\/www.visit-ulcinj.com\/blog\/wp-content\/uploads\/2011\/03\/Sinan-Vllasaliu.2.jpg\" alt=\"\" width=\"350\" height=\"450\" \/><\/a>Je nd\u00ebr k\u00ebng\u00ebtar\u00ebt m\u00eb t\u00eb preferuar n\u00eb diaspor\u00eb, cila \u00ebsht\u00eb ndjesia jote kur je atje?<\/strong><br \/>\nKam pasur fat q\u00eb me vjet t\u00eb t\u00ebra jam n\u00eb diaspor\u00eb, kam shum\u00eb miq, i dua shum\u00eb. Po t\u00eb mos ishte diaspora, si do t\u00eb mbijetonim gjith\u00eb k\u00ebto vjet, para, gjat\u00eb, pas luft\u00ebs. Edhe sot ekonomin\u00eb e shtetit 65 p\u00ebrqind e mban diaspora. Por ne nuk gjejm\u00eb koh\u00eb, vullnet, d\u00ebshir\u00eb t\u00eb krijojm\u00eb brenda Ministris\u00eb s\u00eb Kultur\u00ebs nj\u00eb departament p\u00ebr diaspor\u00ebn. T\u00eb organizojm\u00eb festivale, teatro, koncerte, t\u00eb gjejm\u00eb m\u00ebnyra q\u00eb t\u2019i fal\u00ebnderojm\u00eb. E kemi edhe detyr\u00eb, obligim, \u00ebsht\u00eb populli yn\u00eb.<br \/>\nEdhe un\u00eb ndihem si ata, ka gjenerata q\u00eb jan\u00eb rrit me k\u00ebng\u00ebt e mia.<br \/>\nE dua diaspor\u00ebn ton\u00eb.<\/p>\n<p><strong>Sa jemi origjinal n\u00eb artin muzikor, kur ka aq shum\u00eb imitime? Me \u00e7far\u00eb ke ruajtur origjinalitetin t\u00ebnd?<\/strong><br \/>\nNuk di \u00e7ka \u00ebsht\u00eb origjinaliteti (e thot\u00eb me nj\u00eb buz\u00ebqeshje cinike). A jemi origjinal? Hiq! (qeshet).<br \/>\nJam i sinqert\u00eb n\u00eb artin tim, jam vetvetja, kur shoh n\u00eb pasqyr\u00eb njeriun karshi meje dua t\u2019i kem llogarit\u00eb past\u00ebr me t\u00eb, secili fajtorin duhet t\u00eb k\u00ebrkoj brenda vetes.<\/p>\n<p><strong>Po opinioni yt p\u00ebr estrad\u00ebn\u2026?<\/strong><br \/>\nEstrada! Nj\u00eb gjell\u00eb pa krip\u00eb, shum\u00eb, shum\u00eb pa krip\u00eb. N\u00eb estrad\u00eb ke k\u00ebng\u00ebtar\u00eb q\u00eb jan\u00eb shum\u00eb t\u00eb mir\u00eb dhe ke nga ata q\u00eb kan\u00eb hyr\u00eb n\u00eb der\u00ebn e gabuar.<\/p>\n<p><strong>Sa \u00ebsht\u00eb e leht\u00eb t\u00eb arrish fam\u00ebn dhe sa \u00ebsht\u00eb e v\u00ebshtir\u00eb ta mbash?<\/strong><strong><br \/>\n<\/strong>Un\u00eb punoj, djersitem. Nuk i kam dh\u00ebn\u00eb trupin, as pamjen muzik\u00ebs p\u00ebr fam\u00eb, i kam dh\u00ebn\u00eb shpirtin q\u00eb e do muzik\u00ebn.<\/p>\n<p><strong>Me \u00e7ka krenohesh?<\/strong><br \/>\nMe at\u00eb se jam shqiptar, me vajz\u00ebn, me familjen, mbi t\u00eb gjitha q\u00eb jam shqiptar.<\/p>\n<p><strong>Cili \u00ebsht\u00eb suksesi yt m\u00eb i madh n\u00eb jet\u00eb?<\/strong><br \/>\nNuk e kam arritur ende.<\/p>\n<p><strong>Si i merr kritikat, po l\u00ebvdatat, sa t\u00eb b\u00ebjn\u00eb p\u00ebrshtypje?<\/strong><br \/>\nS\u2019ka m\u00eb mir\u00eb se l\u00ebvdata, lulja, duartrokitjet, \u00ebsht\u00eb ushqim shpirt\u00ebror p\u00ebr k\u00ebng\u00ebtarin, \u00ebsht\u00eb k\u00ebnaq\u00ebsi.<br \/>\nE kritikat, varet kush i thot\u00eb. G\u00ebnjen ai q\u00eb thot\u00eb, jo un\u00eb nuk e kam problem kritik\u00ebn. N\u00ebse kritika bazohet n\u00eb argumente, \u00ebsht\u00eb e mir\u00eb, ndihmon t\u00eb p\u00ebrparosh, t\u00eb ec\u00ebsh p\u00ebrpara. Por kritika pa baz\u00eb \u00ebsht\u00eb turp, duhet njer\u00ebzit t\u00eb ken\u00eb etik\u00eb profesionale, njer\u00ebzore. N\u00ebse flasim me inate personale, nuk \u00ebsht\u00eb njer\u00ebzore, \u00ebsht\u00eb keq, \u00ebsht\u00eb m\u00ebkat.<\/p>\n<p><strong>Ka ndodhur t\u00eb pendohesh ndonj\u00ebher\u00eb gjat\u00eb karrier\u00ebs, me gjith\u00eb vitet e suksesshme n\u00eb sken\u00eb?<\/strong><strong><br \/>\n<\/strong>Jo! Nuk jam penduar. Nuk ka dy standarde. Je, ose nuk je p\u00ebr muzik\u00eb. E do k\u00ebng\u00ebn, ose nuk e do. Nuk jam personi q\u00eb pendohet, sepse i mendoj gj\u00ebrat para se t\u2019i b\u00ebj dhe marr\u00eb p\u00ebrgjegj\u00ebsi p\u00ebr ato q\u00eb b\u00ebj.<\/p>\n<p><strong>Po ndonj\u00eb ambicie tjet\u00ebr q\u00eb nuk e ke realizuar deri tani?<\/strong><br \/>\nT\u00eb b\u00ebj nj\u00eb k\u00ebng\u00eb p\u00ebr N\u00ebn\u00eb Terez\u00ebn.<\/p>\n<p><strong>Kur do t\u00eb thoshe se e ke arritur kulminacionin n\u00eb muzik\u00eb, me ambiciet q\u00eb ke?<\/strong><br \/>\nGjithmon\u00eb k\u00ebrkoj shum\u00eb nga vetja, mbase ky \u00ebsht\u00eb stimulimi q\u00eb shkoj tutje. Vet\u00ebm them se kulmin nuk e kam arritur ende.<\/p>\n<p><strong>Ka shum\u00eb thashetheme p\u00ebr estrad\u00ebn, t\u00eb b\u00ebn\u00eb p\u00ebr to\u2026<\/strong><br \/>\nKur ke 70 p\u00ebr qind t\u00eb popullit pa pun\u00eb, nuk kan\u00eb \u00e7ka b\u00ebjn\u00eb p\u00ebrve\u00e7 thashethemeve, por edhe 30 p\u00ebrqind\u00ebshi tjet\u00ebr nuk b\u00ebjn\u00eb pun\u00ebn e tyre, por merren me t\u00eb tjer\u00ebt. Nuk m\u00eb b\u00ebn\u00eb p\u00ebr to. Nuk kam koh\u00eb t\u00eb merrem me budallall\u00ebqe, absolutisht, kam pun\u00eb m\u00eb t\u00eb men\u00e7ura.<\/p>\n<p><strong>Je i realizuar n\u00eb sken\u00eb, sa ndihesh i realizuar n\u00eb jet\u00ebn private?<\/strong><strong><br \/>\n<\/strong>Po, n\u00eb sken\u00eb ndihem i realizuar, por n\u00eb jet\u00ebn private m\u00eb pak, shum\u00eb m\u00eb pak. Realizimin n\u00eb sken\u00eb e ka vuajtur familja me munges\u00ebn time, por nj\u00ebkoh\u00ebsisht edhe un\u00eb kam ndjer\u00eb munges\u00ebn e familjes. Natyra e profesionit b\u00ebn\u00eb t\u00eb jesh i etur me qen\u00eb m\u00eb shum\u00eb me familje. T\u00eb kesh koh\u00eb m\u00eb shum\u00eb q\u00eb t\u00eb realizosh m\u00eb shum\u00eb me familjen, ku ti gjen dashurin\u00eb, harmonin\u00eb, k\u00ebndin e qet\u00ebsis\u00eb.<\/p>\n<p><strong>Ka ende dashuri t\u00eb sinqert\u00eb apo \u00ebsht\u00eb materializuar?<\/strong><strong><br \/>\n<\/strong>Po, ka dashuri t\u00eb sinqert\u00eb, \u00ebsht\u00eb e pamundur t\u00eb mos ket\u00eb. Por duhet kuptuar edhe zhvillimet globale, teknologjin\u00eb q\u00eb ec\u00ebn shum\u00eb shpejt. Por jo edhe t\u00eb materializojm\u00eb dashurin\u00eb. \u00c7far\u00eb na mbetet at\u00ebher\u00eb?<\/p>\n<p><strong>Pasioni, a mund ta mbajm\u00eb edhe me ikjen e viteve?<\/strong><br \/>\nMundemi, si nuk mundemi. Vet\u00ebm duket imagjinat\u00eb. Pasioni \u00ebsht\u00eb arm\u00eb p\u00ebr gjith\u00e7ka, edhe n\u00eb dashuri, \u00ebsht\u00eb aft\u00ebsia p\u00ebr t\u00eb zbuluar gj\u00ebra t\u00eb reja. Nuk kalon pasioni me vitet n\u00ebse don ta mbash, d\u00ebshiron ta mbash.<\/p>\n<p><strong><a href=\"http:\/\/www.visit-ulcinj.com\/blog\/wp-content\/uploads\/2011\/03\/Sinan-Vllasaliu_Eli-Fara.jpg\"><img loading=\"lazy\" class=\"alignleft size-full wp-image-44714\" title=\"Sinan Vllasaliu_Eli Fara\" src=\"http:\/\/www.visit-ulcinj.com\/blog\/wp-content\/uploads\/2011\/03\/Sinan-Vllasaliu_Eli-Fara.jpg\" alt=\"\" width=\"280\" height=\"350\" \/><\/a>Pra, je edhe romantik?<\/strong><br \/>\nVaret nga momentet. Bie bor\u00eb dhe ndodh e dua, por mundet edhe t\u00eb mos jem n\u00eb val\u00ebt e romantik\u00ebs dhe nuk e dua. Apo per\u00ebndimi i diellit, ka \u00e7aste kur e dua, e p\u00ebrjetoj, ka \u00e7aste kur nuk kam koh\u00eb.<br \/>\nPor, jam romantik, pse jo.<br \/>\nJam i mish\u00ebruar me natyr\u00ebn, i dua sh\u00ebtitjet n\u00eb natyr\u00eb. N\u00ebse din ta duash natyr\u00ebn edhe ajo din t\u00eb t\u00eb kthej dashurin\u00eb, nuk e merr dot me mend sa \u00ebsht\u00eb ndjesi e ve\u00e7ant\u00eb, \u00ebsht\u00eb kur natyra t\u00eb p\u00ebrk\u00ebdhel, t\u00eb merr me vete\u2026<\/p>\n<p><strong>P\u00ebr \u00e7far\u00eb ndjen nostalgji?<\/strong><br \/>\nP\u00ebr f\u00ebmij\u00ebrin\u00eb, p\u00ebr festat, koh\u00eb kur ishte e mundur me qen\u00eb gjith\u00eb familja bashk\u00eb p\u00ebr festat e Vitit t\u00eb Ri, festat fetare, koh\u00eb q\u00eb nuk \u00ebsht\u00eb m\u00eb.<\/p>\n<p><strong>Nga e gjith\u00eb kjo, sikur ke nj\u00eb temperament t\u00eb qet\u00eb, porse dashi n\u00eb horoskop ka temperament eksploziv. Ju reflektoni energji pozitive, optimiz\u00ebm\u2026<\/strong><br \/>\nKur e di se desh\u00ebt jan\u00eb ideal, pse po m\u00eb pyet (qeshet). Nuk \u00ebsht\u00eb ari krejt \u00e7ka shk\u00eblqen. Jam natyr\u00eb eksplozive, jam temperament, sidomos kur b\u00ebhet fjal\u00eb p\u00ebr padrejt\u00ebsit\u00eb, ndihem keq dhe eksplodoj. Jo, nuk jam natyr\u00eb e qet\u00eb. Po, temperamenti \u00ebsht\u00eb plot energji pozitive, elan, optimiz\u00ebm\u2026<\/p>\n<p><strong>\u00c7far\u00eb do t\u2019u thuash adhuruesve q\u00eb i ke t\u00eb shumt\u00eb?<\/strong><br \/>\nI dua shum\u00eb t\u00eb gjith\u00eb fansat e k\u00ebng\u00ebs time, i dua kudo q\u00eb jan\u00eb, nj\u00eb p\u00ebrsh\u00ebndetje p\u00ebr t\u00eb gjith\u00eb. M\u00eb vjen keq p\u00ebr ata q\u00eb nuk kan\u00eb mund\u00ebsi t\u00eb vijn\u00eb kur k\u00ebndoj n\u00ebp\u00ebr Kosov\u00eb, kjo politik\u00eb e djall\u00ebzuar nuk po mendon p\u00ebr gjendjen sociale.<br \/>\nNj\u00eb befasi e bukur nga un\u00eb p\u00ebr t\u00eb gjith\u00eb fansat: P\u00ebr her\u00eb t\u00eb par\u00eb do t\u00eb mbaj nj\u00eb koncert n\u00eb Prishtin\u00eb, n\u00eb stadium. Me vite e kisha n\u00eb plan, por mungonin kushtet teknike, por k\u00ebt\u00eb vit do ta mbaj, do t\u00eb jet\u00eb koncert me orkest\u00ebr t\u00eb madhe, disa mysafir\u00eb.<\/p>\n<p><strong>Telegrafi<br \/>\n<!--YouTube Error: bad URL entered--><\/strong><\/p>\n","protected":false},"excerpt":{"rendered":"<p>Nuk ka pik\u00eb dyshimi q\u00eb Sinan Vllasaliu di t\u00eb rr\u00ebmbej\u00eb me \u00e7do kusht zemrat e adhuruesve, qoft\u00eb me vokalin apo sharmin e tij. Jeta e tij \u00ebsht\u00eb mbushur me tallaze dhe i ngjan nj\u00eb deti t\u00eb t\u00ebr\u00eb ku n\u00eb \u00e7do milimet\u00ebr t\u00eb l\u00ebvizjes ai ka mundur t\u00eb nxjerr\u00eb na pah vlerat e k\u00ebng\u00ebs dhe m\u00ebnyr\u00ebn [&hellip;]<\/p>\n","protected":false},"author":1,"featured_media":0,"comment_status":"open","ping_status":"closed","sticky":false,"template":"","format":"standard","meta":{"spay_email":"","jetpack_publicize_message":"","jetpack_is_tweetstorm":false,"jetpack_publicize_feature_enabled":true},"categories":[1],"tags":[5048],"jetpack_publicize_connections":[],"yoast_head":"<!-- This site is optimized with the Yoast SEO plugin v19.1 - https:\/\/yoast.com\/wordpress\/plugins\/seo\/ -->\n<title>Sinan Vllasaliu, 30 vjet rrug\u00ebtim me k\u00ebng\u00ebn - Lajme nga Ulqini<\/title>\n<meta name=\"description\" content=\"Nuk ka pik\u00eb dyshimi q\u00eb Sinan Vllasaliu di t\u00eb rr\u00ebmbej\u00eb me \u00e7do kusht zemrat e adhuruesve, qoft\u00eb me vokalin apo sharmin e tij. Jeta e tij \u00ebsht\u00eb mbushur me\" \/>\n<meta name=\"robots\" content=\"index, follow, max-snippet:-1, max-image-preview:large, max-video-preview:-1\" \/>\n<link rel=\"canonical\" href=\"https:\/\/www.visit-ulcinj.com\/blog\/2011\/03\/14\/sinan-vllasaliu-30-vjet-rrugetim-me-kengen\/\" \/>\n<meta property=\"og:locale\" content=\"en_US\" \/>\n<meta property=\"og:type\" content=\"article\" \/>\n<meta property=\"og:title\" content=\"Sinan Vllasaliu, 30 vjet rrug\u00ebtim me k\u00ebng\u00ebn - Lajme nga Ulqini\" \/>\n<meta property=\"og:description\" content=\"Nuk ka pik\u00eb dyshimi q\u00eb Sinan Vllasaliu di t\u00eb rr\u00ebmbej\u00eb me \u00e7do kusht zemrat e adhuruesve, qoft\u00eb me vokalin apo sharmin e tij. Jeta e tij \u00ebsht\u00eb mbushur me\" \/>\n<meta property=\"og:url\" content=\"https:\/\/www.visit-ulcinj.com\/blog\/2011\/03\/14\/sinan-vllasaliu-30-vjet-rrugetim-me-kengen\/\" \/>\n<meta property=\"og:site_name\" content=\"Lajme nga Ulqini\" \/>\n<meta property=\"article:published_time\" content=\"2011-03-14T16:58:47+00:00\" \/>\n<meta property=\"article:modified_time\" content=\"2011-03-14T16:59:12+00:00\" \/>\n<meta property=\"og:image\" content=\"http:\/\/www.visit-ulcinj.com\/blog\/wp-content\/uploads\/2011\/03\/Sinan-Vllasaliu.jpg\" \/>\n<meta name=\"twitter:label1\" content=\"Written by\" \/>\n\t<meta name=\"twitter:data1\" content=\"ulqini\" \/>\n\t<meta name=\"twitter:label2\" content=\"Est. reading time\" \/>\n\t<meta name=\"twitter:data2\" content=\"12 minutes\" \/>\n<script type=\"application\/ld+json\" class=\"yoast-schema-graph\">{\"@context\":\"https:\/\/schema.org\",\"@graph\":[{\"@type\":\"WebSite\",\"@id\":\"https:\/\/www.visit-ulcinj.com\/blog\/#website\",\"url\":\"https:\/\/www.visit-ulcinj.com\/blog\/\",\"name\":\"Lajme nga Ulqini\",\"description\":\"Lajme,Vijesti,Ulqini,Ulqin,Crna Gora,Mali i Zi\",\"potentialAction\":[{\"@type\":\"SearchAction\",\"target\":{\"@type\":\"EntryPoint\",\"urlTemplate\":\"https:\/\/www.visit-ulcinj.com\/blog\/?s={search_term_string}\"},\"query-input\":\"required name=search_term_string\"}],\"inLanguage\":\"en-US\"},{\"@type\":\"ImageObject\",\"inLanguage\":\"en-US\",\"@id\":\"https:\/\/www.visit-ulcinj.com\/blog\/2011\/03\/14\/sinan-vllasaliu-30-vjet-rrugetim-me-kengen\/#primaryimage\",\"url\":\"http:\/\/www.visit-ulcinj.com\/blog\/wp-content\/uploads\/2011\/03\/Sinan-Vllasaliu.jpg\",\"contentUrl\":\"http:\/\/www.visit-ulcinj.com\/blog\/wp-content\/uploads\/2011\/03\/Sinan-Vllasaliu.jpg\"},{\"@type\":\"WebPage\",\"@id\":\"https:\/\/www.visit-ulcinj.com\/blog\/2011\/03\/14\/sinan-vllasaliu-30-vjet-rrugetim-me-kengen\/#webpage\",\"url\":\"https:\/\/www.visit-ulcinj.com\/blog\/2011\/03\/14\/sinan-vllasaliu-30-vjet-rrugetim-me-kengen\/\",\"name\":\"Sinan Vllasaliu, 30 vjet rrug\u00ebtim me k\u00ebng\u00ebn - Lajme nga Ulqini\",\"isPartOf\":{\"@id\":\"https:\/\/www.visit-ulcinj.com\/blog\/#website\"},\"primaryImageOfPage\":{\"@id\":\"https:\/\/www.visit-ulcinj.com\/blog\/2011\/03\/14\/sinan-vllasaliu-30-vjet-rrugetim-me-kengen\/#primaryimage\"},\"datePublished\":\"2011-03-14T16:58:47+00:00\",\"dateModified\":\"2011-03-14T16:59:12+00:00\",\"author\":{\"@id\":\"https:\/\/www.visit-ulcinj.com\/blog\/#\/schema\/person\/dcab619c614d3038751c63bc2aadc06d\"},\"description\":\"Nuk ka pik\u00eb dyshimi q\u00eb Sinan Vllasaliu di t\u00eb rr\u00ebmbej\u00eb me \u00e7do kusht zemrat e adhuruesve, qoft\u00eb me vokalin apo sharmin e tij. Jeta e tij \u00ebsht\u00eb mbushur me\",\"breadcrumb\":{\"@id\":\"https:\/\/www.visit-ulcinj.com\/blog\/2011\/03\/14\/sinan-vllasaliu-30-vjet-rrugetim-me-kengen\/#breadcrumb\"},\"inLanguage\":\"en-US\",\"potentialAction\":[{\"@type\":\"ReadAction\",\"target\":[\"https:\/\/www.visit-ulcinj.com\/blog\/2011\/03\/14\/sinan-vllasaliu-30-vjet-rrugetim-me-kengen\/\"]}]},{\"@type\":\"BreadcrumbList\",\"@id\":\"https:\/\/www.visit-ulcinj.com\/blog\/2011\/03\/14\/sinan-vllasaliu-30-vjet-rrugetim-me-kengen\/#breadcrumb\",\"itemListElement\":[{\"@type\":\"ListItem\",\"position\":1,\"name\":\"Sinan Vllasaliu, 30 vjet rrug\u00ebtim me k\u00ebng\u00ebn\"}]},{\"@type\":\"Person\",\"@id\":\"https:\/\/www.visit-ulcinj.com\/blog\/#\/schema\/person\/dcab619c614d3038751c63bc2aadc06d\",\"name\":\"ulqini\",\"sameAs\":[\"http:\/\/www.visit-ulcinj.com\"],\"url\":\"https:\/\/www.visit-ulcinj.com\/blog\/author\/admin\/\"}]}<\/script>\n<!-- \/ Yoast SEO plugin. -->","yoast_head_json":{"title":"Sinan Vllasaliu, 30 vjet rrug\u00ebtim me k\u00ebng\u00ebn - Lajme nga Ulqini","description":"Nuk ka pik\u00eb dyshimi q\u00eb Sinan Vllasaliu di t\u00eb rr\u00ebmbej\u00eb me \u00e7do kusht zemrat e adhuruesve, qoft\u00eb me vokalin apo sharmin e tij. Jeta e tij \u00ebsht\u00eb mbushur me","robots":{"index":"index","follow":"follow","max-snippet":"max-snippet:-1","max-image-preview":"max-image-preview:large","max-video-preview":"max-video-preview:-1"},"canonical":"https:\/\/www.visit-ulcinj.com\/blog\/2011\/03\/14\/sinan-vllasaliu-30-vjet-rrugetim-me-kengen\/","og_locale":"en_US","og_type":"article","og_title":"Sinan Vllasaliu, 30 vjet rrug\u00ebtim me k\u00ebng\u00ebn - Lajme nga Ulqini","og_description":"Nuk ka pik\u00eb dyshimi q\u00eb Sinan Vllasaliu di t\u00eb rr\u00ebmbej\u00eb me \u00e7do kusht zemrat e adhuruesve, qoft\u00eb me vokalin apo sharmin e tij. Jeta e tij \u00ebsht\u00eb mbushur me","og_url":"https:\/\/www.visit-ulcinj.com\/blog\/2011\/03\/14\/sinan-vllasaliu-30-vjet-rrugetim-me-kengen\/","og_site_name":"Lajme nga Ulqini","article_published_time":"2011-03-14T16:58:47+00:00","article_modified_time":"2011-03-14T16:59:12+00:00","og_image":[{"url":"http:\/\/www.visit-ulcinj.com\/blog\/wp-content\/uploads\/2011\/03\/Sinan-Vllasaliu.jpg"}],"twitter_misc":{"Written by":"ulqini","Est. reading time":"12 minutes"},"schema":{"@context":"https:\/\/schema.org","@graph":[{"@type":"WebSite","@id":"https:\/\/www.visit-ulcinj.com\/blog\/#website","url":"https:\/\/www.visit-ulcinj.com\/blog\/","name":"Lajme nga Ulqini","description":"Lajme,Vijesti,Ulqini,Ulqin,Crna Gora,Mali i Zi","potentialAction":[{"@type":"SearchAction","target":{"@type":"EntryPoint","urlTemplate":"https:\/\/www.visit-ulcinj.com\/blog\/?s={search_term_string}"},"query-input":"required name=search_term_string"}],"inLanguage":"en-US"},{"@type":"ImageObject","inLanguage":"en-US","@id":"https:\/\/www.visit-ulcinj.com\/blog\/2011\/03\/14\/sinan-vllasaliu-30-vjet-rrugetim-me-kengen\/#primaryimage","url":"http:\/\/www.visit-ulcinj.com\/blog\/wp-content\/uploads\/2011\/03\/Sinan-Vllasaliu.jpg","contentUrl":"http:\/\/www.visit-ulcinj.com\/blog\/wp-content\/uploads\/2011\/03\/Sinan-Vllasaliu.jpg"},{"@type":"WebPage","@id":"https:\/\/www.visit-ulcinj.com\/blog\/2011\/03\/14\/sinan-vllasaliu-30-vjet-rrugetim-me-kengen\/#webpage","url":"https:\/\/www.visit-ulcinj.com\/blog\/2011\/03\/14\/sinan-vllasaliu-30-vjet-rrugetim-me-kengen\/","name":"Sinan Vllasaliu, 30 vjet rrug\u00ebtim me k\u00ebng\u00ebn - Lajme nga Ulqini","isPartOf":{"@id":"https:\/\/www.visit-ulcinj.com\/blog\/#website"},"primaryImageOfPage":{"@id":"https:\/\/www.visit-ulcinj.com\/blog\/2011\/03\/14\/sinan-vllasaliu-30-vjet-rrugetim-me-kengen\/#primaryimage"},"datePublished":"2011-03-14T16:58:47+00:00","dateModified":"2011-03-14T16:59:12+00:00","author":{"@id":"https:\/\/www.visit-ulcinj.com\/blog\/#\/schema\/person\/dcab619c614d3038751c63bc2aadc06d"},"description":"Nuk ka pik\u00eb dyshimi q\u00eb Sinan Vllasaliu di t\u00eb rr\u00ebmbej\u00eb me \u00e7do kusht zemrat e adhuruesve, qoft\u00eb me vokalin apo sharmin e tij. Jeta e tij \u00ebsht\u00eb mbushur me","breadcrumb":{"@id":"https:\/\/www.visit-ulcinj.com\/blog\/2011\/03\/14\/sinan-vllasaliu-30-vjet-rrugetim-me-kengen\/#breadcrumb"},"inLanguage":"en-US","potentialAction":[{"@type":"ReadAction","target":["https:\/\/www.visit-ulcinj.com\/blog\/2011\/03\/14\/sinan-vllasaliu-30-vjet-rrugetim-me-kengen\/"]}]},{"@type":"BreadcrumbList","@id":"https:\/\/www.visit-ulcinj.com\/blog\/2011\/03\/14\/sinan-vllasaliu-30-vjet-rrugetim-me-kengen\/#breadcrumb","itemListElement":[{"@type":"ListItem","position":1,"name":"Sinan Vllasaliu, 30 vjet rrug\u00ebtim me k\u00ebng\u00ebn"}]},{"@type":"Person","@id":"https:\/\/www.visit-ulcinj.com\/blog\/#\/schema\/person\/dcab619c614d3038751c63bc2aadc06d","name":"ulqini","sameAs":["http:\/\/www.visit-ulcinj.com"],"url":"https:\/\/www.visit-ulcinj.com\/blog\/author\/admin\/"}]}},"jetpack_featured_media_url":"","jetpack_sharing_enabled":true,"jetpack_shortlink":"https:\/\/wp.me\/pe6lTn-bD8","_links":{"self":[{"href":"https:\/\/www.visit-ulcinj.com\/blog\/wp-json\/wp\/v2\/posts\/44710"}],"collection":[{"href":"https:\/\/www.visit-ulcinj.com\/blog\/wp-json\/wp\/v2\/posts"}],"about":[{"href":"https:\/\/www.visit-ulcinj.com\/blog\/wp-json\/wp\/v2\/types\/post"}],"author":[{"embeddable":true,"href":"https:\/\/www.visit-ulcinj.com\/blog\/wp-json\/wp\/v2\/users\/1"}],"replies":[{"embeddable":true,"href":"https:\/\/www.visit-ulcinj.com\/blog\/wp-json\/wp\/v2\/comments?post=44710"}],"version-history":[{"count":0,"href":"https:\/\/www.visit-ulcinj.com\/blog\/wp-json\/wp\/v2\/posts\/44710\/revisions"}],"wp:attachment":[{"href":"https:\/\/www.visit-ulcinj.com\/blog\/wp-json\/wp\/v2\/media?parent=44710"}],"wp:term":[{"taxonomy":"category","embeddable":true,"href":"https:\/\/www.visit-ulcinj.com\/blog\/wp-json\/wp\/v2\/categories?post=44710"},{"taxonomy":"post_tag","embeddable":true,"href":"https:\/\/www.visit-ulcinj.com\/blog\/wp-json\/wp\/v2\/tags?post=44710"}],"curies":[{"name":"wp","href":"https:\/\/api.w.org\/{rel}","templated":true}]}}