{"id":44724,"date":"2011-03-14T18:59:39","date_gmt":"2011-03-14T17:59:39","guid":{"rendered":"http:\/\/www.visit-ulcinj.com\/blog\/?p=44724"},"modified":"2011-03-14T19:00:01","modified_gmt":"2011-03-14T18:00:01","slug":"genc-prelvukaj-i-futet-politikes","status":"publish","type":"post","link":"https:\/\/www.visit-ulcinj.com\/blog\/2011\/03\/14\/genc-prelvukaj-i-futet-politikes\/","title":{"rendered":"Genc Prelvukaj i futet politikes"},"content":{"rendered":"<p><a href=\"http:\/\/www.visit-ulcinj.com\/blog\/wp-content\/uploads\/2011\/03\/Genc-Prelvukaj-i-futet-politikes.jpg\"><img loading=\"lazy\" class=\"alignleft size-full wp-image-44725\" title=\"Genc Prelvukaj i futet politikes\" src=\"http:\/\/www.visit-ulcinj.com\/blog\/wp-content\/uploads\/2011\/03\/Genc-Prelvukaj-i-futet-politikes.jpg\" alt=\"\" width=\"508\" height=\"347\" \/><\/a>Rep artisti Genc Prelvukaj po fillon nj\u00eb tjet\u00ebr karrier\u00eb n\u00eb jet\u00ebn e tij. P\u00ebrve\u00e7 pun\u00ebs si k\u00ebng\u00ebtar dhe producent (menaxher k\u00ebng\u00ebtar\u00ebsh), k\u00ebto dit\u00eb ai ka filluar pun\u00ebn dhe si k\u00ebshilltar n\u00eb Ministrin\u00eb e Kultur\u00ebs, Rinis\u00eb &amp; Sportit n\u00eb qeverin\u00eb e Kosov\u00ebs.<\/p>\n<p>Ky post i lart\u00eb qeveritar udh\u00ebhiqet nga ish kolegu i tij Memli Krasniqi. Q\u00eb t\u00eb dy artist\u00ebt jan\u00eb ky\u00e7ur tashm\u00eb n\u00eb politik\u00eb n\u00eb kuad\u00ebr t\u00eb Partis\u00eb Demokratike t\u00eb Kosov\u00ebs, Memli fillimisht si z\u00ebdh\u00ebn\u00ebs i partis\u00eb, pastaj deputet dhe z\u00ebdh\u00ebn\u00ebs qeveritar, kurse n\u00eb zgjedhjet e fundit atij i \u00ebsht\u00eb besuar edhe posti i ministrit. Kurse Genci n\u00eb zgjedhjet lokale ishte z\u00ebdh\u00ebn\u00ebs i fushat\u00ebs s\u00eb PDK-s\u00eb, kurse tani ai ka fituar nj\u00eb post t\u00eb lart\u00eb n\u00eb ministrin\u00eb e drejtuar nga ish kolegu i tij.<\/p>\n<p>Memli \u00ebsht\u00eb larguar nga aktivitetet muzikore duke u l\u00ebn\u00eb hap\u00ebsir\u00eb edhe grupeve e artist\u00ebve t\u00eb rinj q\u00eb t\u00eb marrin hapat e tyre n\u00eb muzik\u00eb. Nd\u00ebkoh\u00eb, Genci vazhdon t\u00eb q\u00ebndroj\u00eb fuqish\u00ebm n\u00eb tregun muzikor, duke pasur koncerte dhe mbr\u00ebmje gati \u00e7do fundjav\u00eb me grupin Etnon, si dhe me disa k\u00ebng\u00ebtar\u00eb t\u00eb tjer\u00eb, t\u00eb cil\u00ebt jan\u00eb n\u00ebn menaxhimin e tij. Se si do t\u00eb zhvillohen pun\u00ebt me kultur\u00ebn dhe estrad\u00ebn kosovare kur tani dihet se n\u00eb krye t\u00eb k\u00ebtij institucioni jan\u00eb dy artist\u00eb t\u00eb d\u00ebshmuar n\u00eb sken\u00eb, pritet t\u00eb shihet!<\/p>\n<p><strong>bl. Re<br \/>\n<!--YouTube Error: bad URL entered--><\/strong><\/p>\n","protected":false},"excerpt":{"rendered":"<p>Rep artisti Genc Prelvukaj po fillon nj\u00eb tjet\u00ebr karrier\u00eb n\u00eb jet\u00ebn e tij. P\u00ebrve\u00e7 pun\u00ebs si k\u00ebng\u00ebtar dhe producent (menaxher k\u00ebng\u00ebtar\u00ebsh), k\u00ebto dit\u00eb ai ka filluar pun\u00ebn dhe si k\u00ebshilltar n\u00eb Ministrin\u00eb e Kultur\u00ebs, Rinis\u00eb &amp; Sportit n\u00eb qeverin\u00eb e Kosov\u00ebs. Ky post i lart\u00eb qeveritar udh\u00ebhiqet nga ish kolegu i tij Memli Krasniqi. Q\u00eb [&hellip;]<\/p>\n","protected":false},"author":1,"featured_media":0,"comment_status":"open","ping_status":"closed","sticky":false,"template":"","format":"standard","meta":{"spay_email":"","jetpack_publicize_message":"","jetpack_is_tweetstorm":false,"jetpack_publicize_feature_enabled":true},"categories":[1],"tags":[6045],"jetpack_publicize_connections":[],"yoast_head":"<!-- This site is optimized with the Yoast SEO plugin v19.1 - https:\/\/yoast.com\/wordpress\/plugins\/seo\/ -->\n<title>Genc Prelvukaj i futet politikes - Lajme nga Ulqini<\/title>\n<meta name=\"description\" content=\"Rep artisti Genc Prelvukaj po fillon nj\u00eb tjet\u00ebr karrier\u00eb n\u00eb jet\u00ebn e tij. P\u00ebrve\u00e7 pun\u00ebs si k\u00ebng\u00ebtar dhe producent (menaxher k\u00ebng\u00ebtar\u00ebsh), k\u00ebto dit\u00eb ai ka\" \/>\n<meta name=\"robots\" content=\"index, follow, max-snippet:-1, max-image-preview:large, max-video-preview:-1\" \/>\n<link rel=\"canonical\" href=\"https:\/\/www.visit-ulcinj.com\/blog\/2011\/03\/14\/genc-prelvukaj-i-futet-politikes\/\" \/>\n<meta property=\"og:locale\" content=\"en_US\" \/>\n<meta property=\"og:type\" content=\"article\" \/>\n<meta property=\"og:title\" content=\"Genc Prelvukaj i futet politikes - Lajme nga Ulqini\" \/>\n<meta property=\"og:description\" content=\"Rep artisti Genc Prelvukaj po fillon nj\u00eb tjet\u00ebr karrier\u00eb n\u00eb jet\u00ebn e tij. P\u00ebrve\u00e7 pun\u00ebs si k\u00ebng\u00ebtar dhe producent (menaxher k\u00ebng\u00ebtar\u00ebsh), k\u00ebto dit\u00eb ai ka\" \/>\n<meta property=\"og:url\" content=\"https:\/\/www.visit-ulcinj.com\/blog\/2011\/03\/14\/genc-prelvukaj-i-futet-politikes\/\" \/>\n<meta property=\"og:site_name\" content=\"Lajme nga Ulqini\" \/>\n<meta property=\"article:published_time\" content=\"2011-03-14T17:59:39+00:00\" \/>\n<meta property=\"article:modified_time\" content=\"2011-03-14T18:00:01+00:00\" \/>\n<meta property=\"og:image\" content=\"http:\/\/www.visit-ulcinj.com\/blog\/wp-content\/uploads\/2011\/03\/Genc-Prelvukaj-i-futet-politikes.jpg\" \/>\n<meta name=\"twitter:label1\" content=\"Written by\" \/>\n\t<meta name=\"twitter:data1\" content=\"ulqini\" \/>\n\t<meta name=\"twitter:label2\" content=\"Est. reading time\" \/>\n\t<meta name=\"twitter:data2\" content=\"1 minute\" \/>\n<script type=\"application\/ld+json\" class=\"yoast-schema-graph\">{\"@context\":\"https:\/\/schema.org\",\"@graph\":[{\"@type\":\"WebSite\",\"@id\":\"https:\/\/www.visit-ulcinj.com\/blog\/#website\",\"url\":\"https:\/\/www.visit-ulcinj.com\/blog\/\",\"name\":\"Lajme nga Ulqini\",\"description\":\"Lajme,Vijesti,Ulqini,Ulqin,Crna Gora,Mali i Zi\",\"potentialAction\":[{\"@type\":\"SearchAction\",\"target\":{\"@type\":\"EntryPoint\",\"urlTemplate\":\"https:\/\/www.visit-ulcinj.com\/blog\/?s={search_term_string}\"},\"query-input\":\"required name=search_term_string\"}],\"inLanguage\":\"en-US\"},{\"@type\":\"ImageObject\",\"inLanguage\":\"en-US\",\"@id\":\"https:\/\/www.visit-ulcinj.com\/blog\/2011\/03\/14\/genc-prelvukaj-i-futet-politikes\/#primaryimage\",\"url\":\"http:\/\/www.visit-ulcinj.com\/blog\/wp-content\/uploads\/2011\/03\/Genc-Prelvukaj-i-futet-politikes.jpg\",\"contentUrl\":\"http:\/\/www.visit-ulcinj.com\/blog\/wp-content\/uploads\/2011\/03\/Genc-Prelvukaj-i-futet-politikes.jpg\"},{\"@type\":\"WebPage\",\"@id\":\"https:\/\/www.visit-ulcinj.com\/blog\/2011\/03\/14\/genc-prelvukaj-i-futet-politikes\/#webpage\",\"url\":\"https:\/\/www.visit-ulcinj.com\/blog\/2011\/03\/14\/genc-prelvukaj-i-futet-politikes\/\",\"name\":\"Genc Prelvukaj i futet politikes - Lajme nga Ulqini\",\"isPartOf\":{\"@id\":\"https:\/\/www.visit-ulcinj.com\/blog\/#website\"},\"primaryImageOfPage\":{\"@id\":\"https:\/\/www.visit-ulcinj.com\/blog\/2011\/03\/14\/genc-prelvukaj-i-futet-politikes\/#primaryimage\"},\"datePublished\":\"2011-03-14T17:59:39+00:00\",\"dateModified\":\"2011-03-14T18:00:01+00:00\",\"author\":{\"@id\":\"https:\/\/www.visit-ulcinj.com\/blog\/#\/schema\/person\/dcab619c614d3038751c63bc2aadc06d\"},\"description\":\"Rep artisti Genc Prelvukaj po fillon nj\u00eb tjet\u00ebr karrier\u00eb n\u00eb jet\u00ebn e tij. P\u00ebrve\u00e7 pun\u00ebs si k\u00ebng\u00ebtar dhe producent (menaxher k\u00ebng\u00ebtar\u00ebsh), k\u00ebto dit\u00eb ai ka\",\"breadcrumb\":{\"@id\":\"https:\/\/www.visit-ulcinj.com\/blog\/2011\/03\/14\/genc-prelvukaj-i-futet-politikes\/#breadcrumb\"},\"inLanguage\":\"en-US\",\"potentialAction\":[{\"@type\":\"ReadAction\",\"target\":[\"https:\/\/www.visit-ulcinj.com\/blog\/2011\/03\/14\/genc-prelvukaj-i-futet-politikes\/\"]}]},{\"@type\":\"BreadcrumbList\",\"@id\":\"https:\/\/www.visit-ulcinj.com\/blog\/2011\/03\/14\/genc-prelvukaj-i-futet-politikes\/#breadcrumb\",\"itemListElement\":[{\"@type\":\"ListItem\",\"position\":1,\"name\":\"Genc Prelvukaj i futet politikes\"}]},{\"@type\":\"Person\",\"@id\":\"https:\/\/www.visit-ulcinj.com\/blog\/#\/schema\/person\/dcab619c614d3038751c63bc2aadc06d\",\"name\":\"ulqini\",\"sameAs\":[\"http:\/\/www.visit-ulcinj.com\"],\"url\":\"https:\/\/www.visit-ulcinj.com\/blog\/author\/admin\/\"}]}<\/script>\n<!-- \/ Yoast SEO plugin. -->","yoast_head_json":{"title":"Genc Prelvukaj i futet politikes - Lajme nga Ulqini","description":"Rep artisti Genc Prelvukaj po fillon nj\u00eb tjet\u00ebr karrier\u00eb n\u00eb jet\u00ebn e tij. P\u00ebrve\u00e7 pun\u00ebs si k\u00ebng\u00ebtar dhe producent (menaxher k\u00ebng\u00ebtar\u00ebsh), k\u00ebto dit\u00eb ai ka","robots":{"index":"index","follow":"follow","max-snippet":"max-snippet:-1","max-image-preview":"max-image-preview:large","max-video-preview":"max-video-preview:-1"},"canonical":"https:\/\/www.visit-ulcinj.com\/blog\/2011\/03\/14\/genc-prelvukaj-i-futet-politikes\/","og_locale":"en_US","og_type":"article","og_title":"Genc Prelvukaj i futet politikes - Lajme nga Ulqini","og_description":"Rep artisti Genc Prelvukaj po fillon nj\u00eb tjet\u00ebr karrier\u00eb n\u00eb jet\u00ebn e tij. P\u00ebrve\u00e7 pun\u00ebs si k\u00ebng\u00ebtar dhe producent (menaxher k\u00ebng\u00ebtar\u00ebsh), k\u00ebto dit\u00eb ai ka","og_url":"https:\/\/www.visit-ulcinj.com\/blog\/2011\/03\/14\/genc-prelvukaj-i-futet-politikes\/","og_site_name":"Lajme nga Ulqini","article_published_time":"2011-03-14T17:59:39+00:00","article_modified_time":"2011-03-14T18:00:01+00:00","og_image":[{"url":"http:\/\/www.visit-ulcinj.com\/blog\/wp-content\/uploads\/2011\/03\/Genc-Prelvukaj-i-futet-politikes.jpg"}],"twitter_misc":{"Written by":"ulqini","Est. reading time":"1 minute"},"schema":{"@context":"https:\/\/schema.org","@graph":[{"@type":"WebSite","@id":"https:\/\/www.visit-ulcinj.com\/blog\/#website","url":"https:\/\/www.visit-ulcinj.com\/blog\/","name":"Lajme nga Ulqini","description":"Lajme,Vijesti,Ulqini,Ulqin,Crna Gora,Mali i Zi","potentialAction":[{"@type":"SearchAction","target":{"@type":"EntryPoint","urlTemplate":"https:\/\/www.visit-ulcinj.com\/blog\/?s={search_term_string}"},"query-input":"required name=search_term_string"}],"inLanguage":"en-US"},{"@type":"ImageObject","inLanguage":"en-US","@id":"https:\/\/www.visit-ulcinj.com\/blog\/2011\/03\/14\/genc-prelvukaj-i-futet-politikes\/#primaryimage","url":"http:\/\/www.visit-ulcinj.com\/blog\/wp-content\/uploads\/2011\/03\/Genc-Prelvukaj-i-futet-politikes.jpg","contentUrl":"http:\/\/www.visit-ulcinj.com\/blog\/wp-content\/uploads\/2011\/03\/Genc-Prelvukaj-i-futet-politikes.jpg"},{"@type":"WebPage","@id":"https:\/\/www.visit-ulcinj.com\/blog\/2011\/03\/14\/genc-prelvukaj-i-futet-politikes\/#webpage","url":"https:\/\/www.visit-ulcinj.com\/blog\/2011\/03\/14\/genc-prelvukaj-i-futet-politikes\/","name":"Genc Prelvukaj i futet politikes - Lajme nga Ulqini","isPartOf":{"@id":"https:\/\/www.visit-ulcinj.com\/blog\/#website"},"primaryImageOfPage":{"@id":"https:\/\/www.visit-ulcinj.com\/blog\/2011\/03\/14\/genc-prelvukaj-i-futet-politikes\/#primaryimage"},"datePublished":"2011-03-14T17:59:39+00:00","dateModified":"2011-03-14T18:00:01+00:00","author":{"@id":"https:\/\/www.visit-ulcinj.com\/blog\/#\/schema\/person\/dcab619c614d3038751c63bc2aadc06d"},"description":"Rep artisti Genc Prelvukaj po fillon nj\u00eb tjet\u00ebr karrier\u00eb n\u00eb jet\u00ebn e tij. P\u00ebrve\u00e7 pun\u00ebs si k\u00ebng\u00ebtar dhe producent (menaxher k\u00ebng\u00ebtar\u00ebsh), k\u00ebto dit\u00eb ai ka","breadcrumb":{"@id":"https:\/\/www.visit-ulcinj.com\/blog\/2011\/03\/14\/genc-prelvukaj-i-futet-politikes\/#breadcrumb"},"inLanguage":"en-US","potentialAction":[{"@type":"ReadAction","target":["https:\/\/www.visit-ulcinj.com\/blog\/2011\/03\/14\/genc-prelvukaj-i-futet-politikes\/"]}]},{"@type":"BreadcrumbList","@id":"https:\/\/www.visit-ulcinj.com\/blog\/2011\/03\/14\/genc-prelvukaj-i-futet-politikes\/#breadcrumb","itemListElement":[{"@type":"ListItem","position":1,"name":"Genc Prelvukaj i futet politikes"}]},{"@type":"Person","@id":"https:\/\/www.visit-ulcinj.com\/blog\/#\/schema\/person\/dcab619c614d3038751c63bc2aadc06d","name":"ulqini","sameAs":["http:\/\/www.visit-ulcinj.com"],"url":"https:\/\/www.visit-ulcinj.com\/blog\/author\/admin\/"}]}},"jetpack_featured_media_url":"","jetpack_sharing_enabled":true,"jetpack_shortlink":"https:\/\/wp.me\/pe6lTn-bDm","_links":{"self":[{"href":"https:\/\/www.visit-ulcinj.com\/blog\/wp-json\/wp\/v2\/posts\/44724"}],"collection":[{"href":"https:\/\/www.visit-ulcinj.com\/blog\/wp-json\/wp\/v2\/posts"}],"about":[{"href":"https:\/\/www.visit-ulcinj.com\/blog\/wp-json\/wp\/v2\/types\/post"}],"author":[{"embeddable":true,"href":"https:\/\/www.visit-ulcinj.com\/blog\/wp-json\/wp\/v2\/users\/1"}],"replies":[{"embeddable":true,"href":"https:\/\/www.visit-ulcinj.com\/blog\/wp-json\/wp\/v2\/comments?post=44724"}],"version-history":[{"count":0,"href":"https:\/\/www.visit-ulcinj.com\/blog\/wp-json\/wp\/v2\/posts\/44724\/revisions"}],"wp:attachment":[{"href":"https:\/\/www.visit-ulcinj.com\/blog\/wp-json\/wp\/v2\/media?parent=44724"}],"wp:term":[{"taxonomy":"category","embeddable":true,"href":"https:\/\/www.visit-ulcinj.com\/blog\/wp-json\/wp\/v2\/categories?post=44724"},{"taxonomy":"post_tag","embeddable":true,"href":"https:\/\/www.visit-ulcinj.com\/blog\/wp-json\/wp\/v2\/tags?post=44724"}],"curies":[{"name":"wp","href":"https:\/\/api.w.org\/{rel}","templated":true}]}}