{"id":44728,"date":"2011-03-14T19:07:00","date_gmt":"2011-03-14T18:07:00","guid":{"rendered":"http:\/\/www.visit-ulcinj.com\/blog\/?p=44728"},"modified":"2011-03-14T19:24:13","modified_gmt":"2011-03-14T18:24:13","slug":"aurela-lancon-klipin-e-kenges-%e2%80%9cfeel-the-passion%e2%80%9d-kenge-qe-do-perfaqesoje-shqiperine-ne-eurosong","status":"publish","type":"post","link":"https:\/\/www.visit-ulcinj.com\/blog\/2011\/03\/14\/aurela-lancon-klipin-e-kenges-%e2%80%9cfeel-the-passion%e2%80%9d-kenge-qe-do-perfaqesoje-shqiperine-ne-eurosong\/","title":{"rendered":"Aurela lan\u00e7on klipin e k\u00ebng\u00ebs \u201cFeel the passion\u201d, k\u00ebng\u00eb q\u00eb do p\u00ebrfaq\u00ebsoj\u00eb Shqip\u00ebrin\u00eb n\u00eb Eurosong"},"content":{"rendered":"<p><strong><a href=\"http:\/\/www.visit-ulcinj.com\/blog\/wp-content\/uploads\/2011\/03\/Aurela-Ga\u00e7e.1.jpg\"><img loading=\"lazy\" class=\"alignleft size-full wp-image-44732\" title=\"Aurela Ga\u00e7e.1\" src=\"http:\/\/www.visit-ulcinj.com\/blog\/wp-content\/uploads\/2011\/03\/Aurela-Ga\u00e7e.1.jpg\" alt=\"\" width=\"508\" height=\"380\" \/><\/a>Klipi i k\u00ebng\u00ebs \u201cFeel the pasion\u201d (\u201cK\u00ebnga ime\u201d n\u00eb shqip), \u00ebsht\u00eb lancuar mbreme p\u00ebr publikun ne TVSH.<\/strong><br \/>\nAshtu si asnj\u00ebher\u00eb m\u00eb par\u00eb, nj\u00eb shqiponj\u00eb thuajse e gdhendur n\u00eb trupin e k\u00ebng\u00ebtares Aurela Ga\u00e7e, (realizuar mjesht\u00ebrisht nga stilistja e mir\u00ebnjohur Mirela Nur\u00e7e), \u00ebsht\u00eb imazhi m\u00eb i goditur n\u00eb klipin e k\u00ebng\u00ebs \u201cFeel the passion\u201d, q\u00eb do t\u00eb na p\u00ebrfaq\u00ebsoj\u00eb n\u00eb Eurovizion.<\/p>\n<p>Shtoji k\u00ebsaj edhe xhirime n\u00eb vendet m\u00eb t\u00eb bukura t\u00eb Shqip\u00ebris\u00eb, nga regjisori Albert Malltezi, apo filmime nga qielli dhe parashuta e Alket Islamit me dedikimin \u201cTifozat-kuq e zi\u201d jan\u00eb kart\u00ebvizita m\u00eb e mir\u00eb e Shqip\u00ebris\u00eb n\u00eb k\u00ebt\u00eb konkurrim t\u00eb radh\u00ebs, mes europian\u00ebve n\u00eb Dusseldorf t\u00eb Gjermanis\u00eb.<\/p>\n<p>Refreni i k\u00ebng\u00ebs \u201cFeel the pasion\u201d<\/p>\n<p>Feel my heart\/ feel the \u00ebords beat low<\/p>\n<p>I sing my song and the echo flows<\/p>\n<p>And wherever I go\/ I just \u00ebant you to know<\/p>\n<p>You\u2019re the blood in my veins<\/p>\n<p>\u2026and the love in my soul<\/p>\n<p><a href=\"http:\/\/www.visit-ulcinj.com\/blog\/wp-content\/uploads\/2011\/03\/Aurela-Ga\u00e7e.2.jpg\"><img loading=\"lazy\" class=\"alignleft size-full wp-image-44733\" title=\"Aurela Ga\u00e7e.2\" src=\"http:\/\/www.visit-ulcinj.com\/blog\/wp-content\/uploads\/2011\/03\/Aurela-Ga\u00e7e.2.jpg\" alt=\"\" width=\"508\" height=\"367\" \/><\/a><\/p>\n<p><strong>Shqiponja dizenjohet n\u00eb fustanin e Aurel\u00ebs<\/strong><\/p>\n<p>Ashtu si asnj\u00ebher\u00eb m\u00eb par\u00eb, nj\u00eb shqiponj\u00eb thuajse e gdhendur n\u00eb trupin e k\u00ebng\u00ebtares Aurela Ga\u00e7e, (realizuar mjesht\u00ebrisht nga stilistja e mir\u00ebnjohur Mirela Nur\u00e7e), \u00ebsht\u00eb imazhi m\u00eb i goditur n\u00eb klipin e k\u00ebng\u00ebs \u201cFeel the passion\u201d, q\u00eb do t\u00eb na p\u00ebrfaq\u00ebsoj\u00eb n\u00eb Eurovizion.<\/p>\n<p>Shtoji k\u00ebsaj edhe xhirime n\u00eb vendet m\u00eb t\u00eb bukura t\u00eb Shqip\u00ebris\u00eb, nga regjisori Albert Malltezi, apo filmime nga qielli dhe parashuta e Alket Islamit me dedikimin \u201cTifozat-kuq e zi\u201d jan\u00eb kart\u00ebvizita m\u00eb e mir\u00eb e Shqip\u00ebris\u00eb n\u00eb k\u00ebt\u00eb konkurrim t\u00eb radh\u00ebs, mes europian\u00ebve n\u00eb Dusseldorf t\u00eb Gjermanis\u00eb. Nd\u00ebrsa k\u00ebnga do t\u00eb prezantohet zyrtarisht n\u00eb Televizionin Publik Shqiptar k\u00ebt\u00eb t\u00eb diel\u00eb, k\u00ebng\u00ebtarja Ga\u00e7e ka zbuluar p\u00ebrve\u00e7 fotove ekskluzive p\u00ebr gazet\u00ebn \u201cMapo\u201d, edhe disa detaje gjat\u00eb xhirimeve, si\u00e7 ishte ftohja dhe antibiotik\u00ebt q\u00eb iu desh t\u00eb merrte, p\u00ebr shkak t\u00eb zhveshjes n\u00eb k\u00ebt\u00eb funddimri n\u00eb vendet historike t\u00eb vendit ton\u00eb\u2026<br \/>\n<strong><a href=\"http:\/\/www.visit-ulcinj.com\/blog\/wp-content\/uploads\/2011\/03\/Aurela-Ga\u00e7e.3.jpg\"><img loading=\"lazy\" class=\"alignleft size-full wp-image-44734\" title=\"Aurela Ga\u00e7e.3\" src=\"http:\/\/www.visit-ulcinj.com\/blog\/wp-content\/uploads\/2011\/03\/Aurela-Ga\u00e7e.3.jpg\" alt=\"\" width=\"508\" height=\"367\" \/><\/a><br \/>\nAurela, tashm\u00eb ka p\u00ebrfunduar klipi i k\u00ebng\u00ebs \u201cFeel the passion\u201d, kur do t\u00eb shfaqet ai p\u00ebr publikun e gjer\u00eb?<\/strong><\/p>\n<p>Klipi do t\u00eb shfaqet n\u00eb dat\u00ebn 13 mars, dit\u00ebn e diel n\u00eb or\u00ebn 20:30, n\u00eb Televizionin Publik Shqiptar.<\/p>\n<p>\u00c7far\u00eb do t\u00eb sjell\u00eb t\u00eb ve\u00e7ant\u00eb ky klip, n\u00eb krahasim me klipet e tjera q\u00eb jan\u00eb prezantuar p\u00ebr n\u00eb festivalin Europian?<br \/>\nUn\u00eb flas p\u00ebr klipin tim, nuk flas dot p\u00ebr klipet e tjera, pasi secila k\u00ebng\u00eb ka pasur historin\u00eb e vet. K\u00ebnga ime ka nj\u00eb histori tjet\u00ebr, flet p\u00ebr pasionin q\u00eb un\u00eb kam p\u00ebr muzik\u00ebn. K\u00ebt\u00eb pasion, un\u00eb dua ta ndaj me njer\u00ebzit dhe n\u00eb k\u00ebt\u00eb pik\u00eb un\u00eb ndihem universale, pasioni im \u00ebsht\u00eb universal, pasi pasionin p\u00ebr muzik\u00ebn mund ta ket\u00eb gjithkush. Por n\u00eb t\u00eb nj\u00ebjt\u00ebn koh\u00eb, un\u00eb jam shqiptare dhe vij nga nj\u00eb vend q\u00eb \u00ebsht\u00eb Shqip\u00ebria dhe jam munduar q\u00eb p\u00ebrve\u00e7 audios, q\u00eb e kryem n\u00eb Los Angelos, jemi munduar s\u00eb bashku me kompanin\u00eb \u201cMinistria e Komunikimit\u201d dhe regjisorin Albert Malltezi, t\u00eb nxjerrim bukurit\u00eb natyrore t\u00eb Shqip\u00ebris\u00eb. Un\u00eb jam kjo q\u00eb jam dhe kam k\u00ebt\u00eb pasion p\u00ebr muzik\u00ebn dhe k\u00ebt\u00eb vend sepse jam rritur n\u00eb k\u00ebt\u00eb vend, jam e rrethuar nga k\u00ebto bukuri.<\/p>\n<p><strong><a href=\"http:\/\/www.visit-ulcinj.com\/blog\/wp-content\/uploads\/2011\/03\/Aurela-Ga\u00e7e.4.jpg\"><img loading=\"lazy\" class=\"alignleft size-medium wp-image-44735\" title=\"Aurela Ga\u00e7e.4\" src=\"http:\/\/www.visit-ulcinj.com\/blog\/wp-content\/uploads\/2011\/03\/Aurela-Ga\u00e7e.4-199x300.jpg\" alt=\"\" width=\"199\" height=\"300\" \/><\/a>N\u00eb \u00e7far\u00eb vendesh konkretisht \u00ebsht\u00eb xhiruar?<\/strong><\/p>\n<p>Kemi filmuar n\u00eb Dh\u00ebrmi, n\u00eb Gjirokast\u00ebr, kam shkuar n\u00eb Butrint, n\u00eb Ksamil, n\u00eb Shkod\u00ebr, n\u00eb vendet m\u00eb t\u00eb spikatura, dometh\u00ebn\u00eb jo ato vende q\u00eb mund t\u00eb jen\u00eb par\u00eb zakonisht nga t\u00eb tjer\u00ebt. N\u00eb k\u00ebt\u00eb pik\u00eb na ndihmoi Alket Islami, i cili \u00ebsht\u00eb shum\u00eb i apasionuar me Shqip\u00ebrin\u00eb dhe promovimin e bukurive t\u00eb saj, dhe na ka ndihmuar me vendet, pikat ku mund t\u00eb xhironim gjithashtu edhe me filmime t\u00eb b\u00ebra nga qielli me parashut\u00eb.<\/p>\n<p>Me k\u00ebto q\u00eb po tregoni, klipi do t\u00eb jet\u00eb edhe nj\u00eb lloj kart\u00ebvizite p\u00ebr Shqip\u00ebrin\u00eb dhe bukurit\u00eb e saj, p\u00ebr t\u00eb gjith\u00eb ata europian\u00eb q\u00eb do ta shohin?<\/p>\n<p>Sigurisht, prandaj edhe jemi munduar ta shp\u00ebrfaqim at\u00eb, dikush q\u00eb nuk na njeh t\u00eb shoh\u00eb q\u00eb \u00ebsht\u00eb nj\u00eb vend n\u00eb Europ\u00eb, n\u00eb Ballkan, q\u00eb qenka kaq i bukur dhe ende nuk e kemi zbuluar. Ka nj\u00eb arsye p\u00ebrse kemi dashur t\u00eb shp\u00ebrfaqim bukurit\u00eb e Shqip\u00ebris\u00eb.<\/p>\n<p><strong>Nd\u00ebrkaq element\u00ebt e Shqip\u00ebris\u00eb jan\u00eb edhe n\u00eb veshjen tuaj?<\/strong><\/p>\n<p><a href=\"http:\/\/www.visit-ulcinj.com\/blog\/wp-content\/uploads\/2011\/03\/Aurela-Ga\u00e7e.jpg\"><img loading=\"lazy\" class=\"alignleft size-medium wp-image-44729\" title=\"Aurela Ga\u00e7e\" src=\"http:\/\/www.visit-ulcinj.com\/blog\/wp-content\/uploads\/2011\/03\/Aurela-Ga\u00e7e-200x300.jpg\" alt=\"\" width=\"200\" height=\"300\" \/><\/a>N\u00eb k\u00ebng\u00eb un\u00eb kam nj\u00eb fjal\u00eb, ku them \u201cI\u2019m like an eagle in an open sky\u201d, \u201cjam si shqiponja n\u00eb qiellin e lir\u00eb\/, do t\u00eb fluturoj gjithmon\u00eb lart e nuk do t\u00eb ulem kurr\u00eb n\u00eb tok\u00eb\/, kjo \u00ebsht\u00eb ideja n\u00eb k\u00ebng\u00eb, dhe disenjatorja Mirela Nur\u00e7e, k\u00ebtu mori spunton. Dhe tha q\u00eb meq\u00eb ne do t\u00eb shp\u00ebrfaqim Shqip\u00ebrin\u00eb n\u00eb k\u00ebt\u00eb klip, le t\u00eb vendosim edhe di\u00e7ka krejt t\u00eb ve\u00e7ant\u00eb edhe n\u00eb veshje. Veshjen un\u00eb nuk mund ta shpjegoj me fjal\u00eb, se \u00e7far\u00eb ka krijuar Nur\u00e7e, ajo ka b\u00ebr\u00eb nj\u00eb mrekulli. Ka stilizuar di\u00e7ka shqiptare, \u00ebsht\u00eb nj\u00eb vep\u00ebr arti. Un\u00eb jam gjithmon\u00eb ai njeriu q\u00eb besoj se ne jemi pjes\u00eb e nj\u00eb kombi q\u00eb quhet Shqip\u00ebri, por jemi europian\u00eb, qytetar\u00eb t\u00eb Europ\u00ebs dhe un\u00eb besoj n\u00eb k\u00ebt\u00eb. Gjithashtu edhe Lili, grimieria e klipit, mori spunton nga fustani dhe grimi im ka qen\u00eb n\u00eb lidhje me fustanin. \u00c7do gj\u00eb do t\u00eb shikohet n\u00eb klip, por edhe n\u00eb k\u00ebto foto ekskluzive p\u00ebr gazet\u00ebn \u201cMapo\u201d, dhe do t\u00eb marr\u00eb kuptim ajo q\u00eb po them.<\/p>\n<p>Mesa shohim n\u00eb foto, fustani qenka pak veror, nd\u00ebrkoh\u00eb q\u00eb aktualisht \u00ebsht\u00eb pak ftoht\u00eb\u2026 si ja keni b\u00ebr\u00eb nd\u00ebrsa xhironit?<\/p>\n<p>(qesh) Un\u00eb besoj q\u00eb kur i thua trurit q\u00eb nuk \u00ebsht\u00eb ftoht\u00eb, edhe trupi i bindet. Dhe un\u00eb jam munduar t\u2019i them trupit k\u00ebt\u00eb gj\u00eb dhe kam xhiruar me shpirt n\u00ebp\u00ebr dh\u00ebmb\u00eb deri n\u00eb fund.<\/p>\n<p><strong>Dhe nuk keni pasur asnj\u00ebher\u00eb ftoht\u00eb?<\/strong><\/p>\n<p>E v\u00ebrteta \u00ebsht\u00eb se kam pasur shum\u00eb ftoht\u00eb, dhe u ftoha, dhe arrita edhe n\u00eb antibiotik\u00eb, madje edhe me nj\u00eb bronshit, i kalova gjith\u00eb pasojat q\u00eb mund t\u00eb kaloj\u00eb njeriu nga i ftohti, pothuajse gjysm\u00eb nudo, me nj\u00eb fustan t\u00eb stilizuar me tyl, dhe n\u00eb nj\u00eb koh\u00eb fare t\u00eb pap\u00ebrshtatshme p\u00ebr t\u00eb dal\u00eb me t\u00eb n\u00eb maj\u00eb t\u00eb nj\u00eb kalaje, apo t\u00eb futesh edhe n\u00eb uj\u00eb. Ndoshta karakteri im, q\u00eb nuk jepem asnj\u00ebher\u00eb deri n\u00eb fund q\u00eb ta \u00e7oj atje ku duhet, ajo q\u00eb k\u00ebrkohet nga un\u00eb, kjo b\u00ebri q\u00eb at\u00eb moment t\u00eb mendoja q\u00eb t\u00eb dilte \u00e7do gj\u00eb bukur dhe kaq.<br \/>\n<strong><br \/>\n<a href=\"http:\/\/www.visit-ulcinj.com\/blog\/wp-content\/uploads\/2011\/03\/Aurela-Ga\u00e7e.5.jpg\"><img loading=\"lazy\" class=\"alignleft size-medium wp-image-44736\" title=\"Aurela Ga\u00e7e.5\" src=\"http:\/\/www.visit-ulcinj.com\/blog\/wp-content\/uploads\/2011\/03\/Aurela-Ga\u00e7e.5-200x300.jpg\" alt=\"\" width=\"200\" height=\"300\" \/><\/a>E keni par\u00eb klipin e p\u00ebrfunduar, cili \u00ebsht\u00eb opinioni juaj p\u00ebr t\u00eb, jeni e k\u00ebnaqur?<\/strong><\/p>\n<p>Me at\u00eb q\u00eb po shoh deri m\u00eb tani, \u00ebsht\u00eb n\u00eb p\u00ebrshtatje t\u00eb plot\u00eb me at\u00eb q\u00eb un\u00eb pretendoj, edhe n\u00eb k\u00ebng\u00eb ndihet ajo q\u00eb ne jemi qytetar\u00eb t\u00eb bot\u00ebs, por ndjehet edhe nj\u00eb pasion i madh, at\u00eb q\u00eb m\u00eb fshihet n\u00eb shpirt. Albert Malltezi e ka studiuar k\u00ebng\u00ebn me imt\u00ebsi, dhe jam e k\u00ebnaqur se ka p\u00ebrdorur edhe teknik\u00ebn e fundit, nd\u00ebrkoh\u00eb del shum\u00eb emocional dhe i ndjer\u00eb si klip.<\/p>\n<p><strong>Cila \u00ebsht\u00eb pritshm\u00ebria juaj p\u00ebr audienc\u00ebn europiane p\u00ebr k\u00ebt\u00eb klip?<\/strong><\/p>\n<p>Kur ti paraqitesh para dikujt me nj\u00eb pun\u00eb serioze, vetvetiu puna jote do t\u00eb jap\u00eb nj\u00eb rezultat, dmth \u00ebsht\u00eb nj\u00ebsoj si, t\u00eb them un\u00eb jam k\u00ebng\u00ebtare e mir\u00eb, dhe po dal pa krehur n\u00eb sken\u00eb, por n\u00eb fakt un\u00eb them jam nj\u00eb k\u00ebng\u00ebtare por nd\u00ebrkoh\u00eb krihem, vishem, t\u00eb gjitha k\u00ebto element\u00eb duken te njeriu tjet\u00ebr kur ti shkon ball\u00eb p\u00ebr ball\u00eb me t\u00eb. Dhe besoj, kur tjetri shikon q\u00eb ti punon seriozisht, dhe ti e merr seriozisht \u00e7do gj\u00eb, sigurisht q\u00eb t\u00eb vler\u00ebson dhe ka nj\u00eb impakt.<br \/>\n<strong><br \/>\nPas promovimit t\u00eb klipit, cili do t\u00eb jet\u00eb itinerari juaj deri n\u00eb mb\u00ebrritjen n\u00eb Dusseldorf?<\/strong><\/p>\n<p>N\u00eb radh\u00eb t\u00eb par\u00eb, dua t\u00eb them se televizioni shqiptar po b\u00ebn nj\u00eb pun\u00eb shum\u00eb, shum\u00eb t\u00eb mir\u00eb p\u00ebr promovimin e k\u00ebng\u00ebs, q\u00eb n\u00eb paraqitjen e CD-s\u00eb, DVD-s\u00eb q\u00eb do t\u00eb shkoj\u00eb m\u00eb 13 mars n\u00eb Gjermani. Paraqitja \u00ebsht\u00eb dinjitoze, \u00ebsht\u00eb menduar q\u00eb t\u00eb paraqitemi me t\u00eb gjitha kriteret, si\u00e7 paraqitet \u00e7do qytet europian. Ndoshta ne nuk kemi shum\u00eb para si Rusia, etj, por dua t\u00eb theksoj se paraqitja po b\u00ebhet shum\u00eb serioze. Nd\u00ebrkoh\u00eb, TVSH po mundohet q\u00eb un\u00eb t\u00eb shkoj ta promovoj k\u00ebng\u00ebn n\u00eb Holland\u00eb, Azejbarxhan, ndoshta n\u00eb Rusi, Turqi, po i b\u00ebn t\u00eb gjitha p\u00ebrpjekjet q\u00eb un\u00eb t\u00eb shkoj t\u00eb promovoj k\u00ebng\u00ebn n\u00eb vendet ku jemi n\u00eb grupin e p\u00ebrbashk\u00ebt.<\/p>\n<p><strong>Fotot e imazhit te Eurovision 2011<br \/>\n<\/p>\n<p><\/strong><\/p>\n<p><strong><\/strong><!--YouTube Error: bad URL entered--><\/p>\n","protected":false},"excerpt":{"rendered":"<p>Klipi i k\u00ebng\u00ebs \u201cFeel the pasion\u201d (\u201cK\u00ebnga ime\u201d n\u00eb shqip), \u00ebsht\u00eb lancuar mbreme p\u00ebr publikun ne TVSH. Ashtu si asnj\u00ebher\u00eb m\u00eb par\u00eb, nj\u00eb shqiponj\u00eb thuajse e gdhendur n\u00eb trupin e k\u00ebng\u00ebtares Aurela Ga\u00e7e, (realizuar mjesht\u00ebrisht nga stilistja e mir\u00ebnjohur Mirela Nur\u00e7e), \u00ebsht\u00eb imazhi m\u00eb i goditur n\u00eb klipin e k\u00ebng\u00ebs \u201cFeel the passion\u201d, q\u00eb do [&hellip;]<\/p>\n","protected":false},"author":1,"featured_media":0,"comment_status":"open","ping_status":"closed","sticky":false,"template":"","format":"standard","meta":{"spay_email":"","jetpack_publicize_message":"","jetpack_is_tweetstorm":false,"jetpack_publicize_feature_enabled":true},"categories":[1],"tags":[5088],"jetpack_publicize_connections":[],"yoast_head":"<!-- This site is optimized with the Yoast SEO plugin v19.1 - https:\/\/yoast.com\/wordpress\/plugins\/seo\/ -->\n<title>Aurela lan\u00e7on klipin e k\u00ebng\u00ebs \u201cFeel the passion\u201d, k\u00ebng\u00eb q\u00eb do p\u00ebrfaq\u00ebsoj\u00eb Shqip\u00ebrin\u00eb n\u00eb Eurosong - Lajme nga Ulqini<\/title>\n<meta name=\"description\" content=\"Klipi i k\u00ebng\u00ebs \u201cFeel the pasion\u201d (\u201cK\u00ebnga ime\u201d n\u00eb shqip), \u00ebsht\u00eb lancuar mbreme p\u00ebr publikun ne TVSH. Ashtu si asnj\u00ebher\u00eb m\u00eb par\u00eb, nj\u00eb shqiponj\u00eb thuajse e\" \/>\n<meta name=\"robots\" content=\"index, follow, max-snippet:-1, max-image-preview:large, max-video-preview:-1\" \/>\n<link rel=\"canonical\" href=\"https:\/\/www.visit-ulcinj.com\/blog\/2011\/03\/14\/aurela-lancon-klipin-e-kenges-\u201cfeel-the-passion\u201d-kenge-qe-do-perfaqesoje-shqiperine-ne-eurosong\/\" \/>\n<meta property=\"og:locale\" content=\"en_US\" \/>\n<meta property=\"og:type\" content=\"article\" \/>\n<meta property=\"og:title\" content=\"Aurela lan\u00e7on klipin e k\u00ebng\u00ebs \u201cFeel the passion\u201d, k\u00ebng\u00eb q\u00eb do p\u00ebrfaq\u00ebsoj\u00eb Shqip\u00ebrin\u00eb n\u00eb Eurosong - Lajme nga Ulqini\" \/>\n<meta property=\"og:description\" content=\"Klipi i k\u00ebng\u00ebs \u201cFeel the pasion\u201d (\u201cK\u00ebnga ime\u201d n\u00eb shqip), \u00ebsht\u00eb lancuar mbreme p\u00ebr publikun ne TVSH. Ashtu si asnj\u00ebher\u00eb m\u00eb par\u00eb, nj\u00eb shqiponj\u00eb thuajse e\" \/>\n<meta property=\"og:url\" content=\"https:\/\/www.visit-ulcinj.com\/blog\/2011\/03\/14\/aurela-lancon-klipin-e-kenges-\u201cfeel-the-passion\u201d-kenge-qe-do-perfaqesoje-shqiperine-ne-eurosong\/\" \/>\n<meta property=\"og:site_name\" content=\"Lajme nga Ulqini\" \/>\n<meta property=\"article:published_time\" content=\"2011-03-14T18:07:00+00:00\" \/>\n<meta property=\"article:modified_time\" content=\"2011-03-14T18:24:13+00:00\" \/>\n<meta property=\"og:image\" content=\"https:\/\/www.visit-ulcinj.com\/blog\/wp-content\/uploads\/2011\/03\/Aurela-Ga\u00e7e.5-150x150.jpg\" \/>\n<meta name=\"twitter:label1\" content=\"Written by\" \/>\n\t<meta name=\"twitter:data1\" content=\"ulqini\" \/>\n\t<meta name=\"twitter:label2\" content=\"Est. reading time\" \/>\n\t<meta name=\"twitter:data2\" content=\"7 minutes\" \/>\n<script type=\"application\/ld+json\" class=\"yoast-schema-graph\">{\"@context\":\"https:\/\/schema.org\",\"@graph\":[{\"@type\":\"WebSite\",\"@id\":\"https:\/\/www.visit-ulcinj.com\/blog\/#website\",\"url\":\"https:\/\/www.visit-ulcinj.com\/blog\/\",\"name\":\"Lajme nga Ulqini\",\"description\":\"Lajme,Vijesti,Ulqini,Ulqin,Crna Gora,Mali i Zi\",\"potentialAction\":[{\"@type\":\"SearchAction\",\"target\":{\"@type\":\"EntryPoint\",\"urlTemplate\":\"https:\/\/www.visit-ulcinj.com\/blog\/?s={search_term_string}\"},\"query-input\":\"required name=search_term_string\"}],\"inLanguage\":\"en-US\"},{\"@type\":\"WebPage\",\"@id\":\"https:\/\/www.visit-ulcinj.com\/blog\/2011\/03\/14\/aurela-lancon-klipin-e-kenges-%e2%80%9cfeel-the-passion%e2%80%9d-kenge-qe-do-perfaqesoje-shqiperine-ne-eurosong\/#webpage\",\"url\":\"https:\/\/www.visit-ulcinj.com\/blog\/2011\/03\/14\/aurela-lancon-klipin-e-kenges-%e2%80%9cfeel-the-passion%e2%80%9d-kenge-qe-do-perfaqesoje-shqiperine-ne-eurosong\/\",\"name\":\"Aurela lan\u00e7on klipin e k\u00ebng\u00ebs \u201cFeel the passion\u201d, k\u00ebng\u00eb q\u00eb do p\u00ebrfaq\u00ebsoj\u00eb Shqip\u00ebrin\u00eb n\u00eb Eurosong - Lajme nga Ulqini\",\"isPartOf\":{\"@id\":\"https:\/\/www.visit-ulcinj.com\/blog\/#website\"},\"datePublished\":\"2011-03-14T18:07:00+00:00\",\"dateModified\":\"2011-03-14T18:24:13+00:00\",\"author\":{\"@id\":\"https:\/\/www.visit-ulcinj.com\/blog\/#\/schema\/person\/dcab619c614d3038751c63bc2aadc06d\"},\"description\":\"Klipi i k\u00ebng\u00ebs \u201cFeel the pasion\u201d (\u201cK\u00ebnga ime\u201d n\u00eb shqip), \u00ebsht\u00eb lancuar mbreme p\u00ebr publikun ne TVSH. Ashtu si asnj\u00ebher\u00eb m\u00eb par\u00eb, nj\u00eb shqiponj\u00eb thuajse e\",\"breadcrumb\":{\"@id\":\"https:\/\/www.visit-ulcinj.com\/blog\/2011\/03\/14\/aurela-lancon-klipin-e-kenges-%e2%80%9cfeel-the-passion%e2%80%9d-kenge-qe-do-perfaqesoje-shqiperine-ne-eurosong\/#breadcrumb\"},\"inLanguage\":\"en-US\",\"potentialAction\":[{\"@type\":\"ReadAction\",\"target\":[\"https:\/\/www.visit-ulcinj.com\/blog\/2011\/03\/14\/aurela-lancon-klipin-e-kenges-%e2%80%9cfeel-the-passion%e2%80%9d-kenge-qe-do-perfaqesoje-shqiperine-ne-eurosong\/\"]}]},{\"@type\":\"BreadcrumbList\",\"@id\":\"https:\/\/www.visit-ulcinj.com\/blog\/2011\/03\/14\/aurela-lancon-klipin-e-kenges-%e2%80%9cfeel-the-passion%e2%80%9d-kenge-qe-do-perfaqesoje-shqiperine-ne-eurosong\/#breadcrumb\",\"itemListElement\":[{\"@type\":\"ListItem\",\"position\":1,\"name\":\"Aurela lan\u00e7on klipin e k\u00ebng\u00ebs \u201cFeel the passion\u201d, k\u00ebng\u00eb q\u00eb do p\u00ebrfaq\u00ebsoj\u00eb Shqip\u00ebrin\u00eb n\u00eb Eurosong\"}]},{\"@type\":\"Person\",\"@id\":\"https:\/\/www.visit-ulcinj.com\/blog\/#\/schema\/person\/dcab619c614d3038751c63bc2aadc06d\",\"name\":\"ulqini\",\"sameAs\":[\"http:\/\/www.visit-ulcinj.com\"],\"url\":\"https:\/\/www.visit-ulcinj.com\/blog\/author\/admin\/\"}]}<\/script>\n<!-- \/ Yoast SEO plugin. -->","yoast_head_json":{"title":"Aurela lan\u00e7on klipin e k\u00ebng\u00ebs \u201cFeel the passion\u201d, k\u00ebng\u00eb q\u00eb do p\u00ebrfaq\u00ebsoj\u00eb Shqip\u00ebrin\u00eb n\u00eb Eurosong - Lajme nga Ulqini","description":"Klipi i k\u00ebng\u00ebs \u201cFeel the pasion\u201d (\u201cK\u00ebnga ime\u201d n\u00eb shqip), \u00ebsht\u00eb lancuar mbreme p\u00ebr publikun ne TVSH. Ashtu si asnj\u00ebher\u00eb m\u00eb par\u00eb, nj\u00eb shqiponj\u00eb thuajse e","robots":{"index":"index","follow":"follow","max-snippet":"max-snippet:-1","max-image-preview":"max-image-preview:large","max-video-preview":"max-video-preview:-1"},"canonical":"https:\/\/www.visit-ulcinj.com\/blog\/2011\/03\/14\/aurela-lancon-klipin-e-kenges-\u201cfeel-the-passion\u201d-kenge-qe-do-perfaqesoje-shqiperine-ne-eurosong\/","og_locale":"en_US","og_type":"article","og_title":"Aurela lan\u00e7on klipin e k\u00ebng\u00ebs \u201cFeel the passion\u201d, k\u00ebng\u00eb q\u00eb do p\u00ebrfaq\u00ebsoj\u00eb Shqip\u00ebrin\u00eb n\u00eb Eurosong - Lajme nga Ulqini","og_description":"Klipi i k\u00ebng\u00ebs \u201cFeel the pasion\u201d (\u201cK\u00ebnga ime\u201d n\u00eb shqip), \u00ebsht\u00eb lancuar mbreme p\u00ebr publikun ne TVSH. Ashtu si asnj\u00ebher\u00eb m\u00eb par\u00eb, nj\u00eb shqiponj\u00eb thuajse e","og_url":"https:\/\/www.visit-ulcinj.com\/blog\/2011\/03\/14\/aurela-lancon-klipin-e-kenges-\u201cfeel-the-passion\u201d-kenge-qe-do-perfaqesoje-shqiperine-ne-eurosong\/","og_site_name":"Lajme nga Ulqini","article_published_time":"2011-03-14T18:07:00+00:00","article_modified_time":"2011-03-14T18:24:13+00:00","og_image":[{"url":"https:\/\/www.visit-ulcinj.com\/blog\/wp-content\/uploads\/2011\/03\/Aurela-Ga\u00e7e.5-150x150.jpg"}],"twitter_misc":{"Written by":"ulqini","Est. reading time":"7 minutes"},"schema":{"@context":"https:\/\/schema.org","@graph":[{"@type":"WebSite","@id":"https:\/\/www.visit-ulcinj.com\/blog\/#website","url":"https:\/\/www.visit-ulcinj.com\/blog\/","name":"Lajme nga Ulqini","description":"Lajme,Vijesti,Ulqini,Ulqin,Crna Gora,Mali i Zi","potentialAction":[{"@type":"SearchAction","target":{"@type":"EntryPoint","urlTemplate":"https:\/\/www.visit-ulcinj.com\/blog\/?s={search_term_string}"},"query-input":"required name=search_term_string"}],"inLanguage":"en-US"},{"@type":"WebPage","@id":"https:\/\/www.visit-ulcinj.com\/blog\/2011\/03\/14\/aurela-lancon-klipin-e-kenges-%e2%80%9cfeel-the-passion%e2%80%9d-kenge-qe-do-perfaqesoje-shqiperine-ne-eurosong\/#webpage","url":"https:\/\/www.visit-ulcinj.com\/blog\/2011\/03\/14\/aurela-lancon-klipin-e-kenges-%e2%80%9cfeel-the-passion%e2%80%9d-kenge-qe-do-perfaqesoje-shqiperine-ne-eurosong\/","name":"Aurela lan\u00e7on klipin e k\u00ebng\u00ebs \u201cFeel the passion\u201d, k\u00ebng\u00eb q\u00eb do p\u00ebrfaq\u00ebsoj\u00eb Shqip\u00ebrin\u00eb n\u00eb Eurosong - Lajme nga Ulqini","isPartOf":{"@id":"https:\/\/www.visit-ulcinj.com\/blog\/#website"},"datePublished":"2011-03-14T18:07:00+00:00","dateModified":"2011-03-14T18:24:13+00:00","author":{"@id":"https:\/\/www.visit-ulcinj.com\/blog\/#\/schema\/person\/dcab619c614d3038751c63bc2aadc06d"},"description":"Klipi i k\u00ebng\u00ebs \u201cFeel the pasion\u201d (\u201cK\u00ebnga ime\u201d n\u00eb shqip), \u00ebsht\u00eb lancuar mbreme p\u00ebr publikun ne TVSH. Ashtu si asnj\u00ebher\u00eb m\u00eb par\u00eb, nj\u00eb shqiponj\u00eb thuajse e","breadcrumb":{"@id":"https:\/\/www.visit-ulcinj.com\/blog\/2011\/03\/14\/aurela-lancon-klipin-e-kenges-%e2%80%9cfeel-the-passion%e2%80%9d-kenge-qe-do-perfaqesoje-shqiperine-ne-eurosong\/#breadcrumb"},"inLanguage":"en-US","potentialAction":[{"@type":"ReadAction","target":["https:\/\/www.visit-ulcinj.com\/blog\/2011\/03\/14\/aurela-lancon-klipin-e-kenges-%e2%80%9cfeel-the-passion%e2%80%9d-kenge-qe-do-perfaqesoje-shqiperine-ne-eurosong\/"]}]},{"@type":"BreadcrumbList","@id":"https:\/\/www.visit-ulcinj.com\/blog\/2011\/03\/14\/aurela-lancon-klipin-e-kenges-%e2%80%9cfeel-the-passion%e2%80%9d-kenge-qe-do-perfaqesoje-shqiperine-ne-eurosong\/#breadcrumb","itemListElement":[{"@type":"ListItem","position":1,"name":"Aurela lan\u00e7on klipin e k\u00ebng\u00ebs \u201cFeel the passion\u201d, k\u00ebng\u00eb q\u00eb do p\u00ebrfaq\u00ebsoj\u00eb Shqip\u00ebrin\u00eb n\u00eb Eurosong"}]},{"@type":"Person","@id":"https:\/\/www.visit-ulcinj.com\/blog\/#\/schema\/person\/dcab619c614d3038751c63bc2aadc06d","name":"ulqini","sameAs":["http:\/\/www.visit-ulcinj.com"],"url":"https:\/\/www.visit-ulcinj.com\/blog\/author\/admin\/"}]}},"jetpack_featured_media_url":"","jetpack_sharing_enabled":true,"jetpack_shortlink":"https:\/\/wp.me\/pe6lTn-bDq","_links":{"self":[{"href":"https:\/\/www.visit-ulcinj.com\/blog\/wp-json\/wp\/v2\/posts\/44728"}],"collection":[{"href":"https:\/\/www.visit-ulcinj.com\/blog\/wp-json\/wp\/v2\/posts"}],"about":[{"href":"https:\/\/www.visit-ulcinj.com\/blog\/wp-json\/wp\/v2\/types\/post"}],"author":[{"embeddable":true,"href":"https:\/\/www.visit-ulcinj.com\/blog\/wp-json\/wp\/v2\/users\/1"}],"replies":[{"embeddable":true,"href":"https:\/\/www.visit-ulcinj.com\/blog\/wp-json\/wp\/v2\/comments?post=44728"}],"version-history":[{"count":0,"href":"https:\/\/www.visit-ulcinj.com\/blog\/wp-json\/wp\/v2\/posts\/44728\/revisions"}],"wp:attachment":[{"href":"https:\/\/www.visit-ulcinj.com\/blog\/wp-json\/wp\/v2\/media?parent=44728"}],"wp:term":[{"taxonomy":"category","embeddable":true,"href":"https:\/\/www.visit-ulcinj.com\/blog\/wp-json\/wp\/v2\/categories?post=44728"},{"taxonomy":"post_tag","embeddable":true,"href":"https:\/\/www.visit-ulcinj.com\/blog\/wp-json\/wp\/v2\/tags?post=44728"}],"curies":[{"name":"wp","href":"https:\/\/api.w.org\/{rel}","templated":true}]}}