{"id":44762,"date":"2011-03-14T22:55:32","date_gmt":"2011-03-14T21:55:32","guid":{"rendered":"http:\/\/www.visit-ulcinj.com\/blog\/?p=44762"},"modified":"2011-03-14T22:56:19","modified_gmt":"2011-03-14T21:56:19","slug":"vlada-pregovara-sa-niskobudzetnim-avio-prevoznicima-easy-jet-ryanair-wizz-air","status":"publish","type":"post","link":"https:\/\/www.visit-ulcinj.com\/blog\/2011\/03\/14\/vlada-pregovara-sa-niskobudzetnim-avio-prevoznicima-easy-jet-ryanair-wizz-air\/","title":{"rendered":"Vlada pregovara sa niskobud\u017eetnim avio prevoznicima: Easy Jet, Ryanair &#038; Wizz air"},"content":{"rendered":"<p><a href=\"http:\/\/www.visit-ulcinj.com\/blog\/wp-content\/uploads\/2011\/03\/aviopregovori_Radni-tim-Vlade-Crne-Gore.jpg\"><img loading=\"lazy\" class=\"alignleft size-full wp-image-44763\" title=\"aviopregovori_Radni tim Vlade Crne Gore,Easy Jet, Ryanair &amp; Wizz air,\" src=\"http:\/\/www.visit-ulcinj.com\/blog\/wp-content\/uploads\/2011\/03\/aviopregovori_Radni-tim-Vlade-Crne-Gore.jpg\" alt=\"\" width=\"490\" height=\"352\" \/><\/a>Radni tim Vlade Crne Gore, sastavljen od predstavnika Ministarstva odr\u017eivog razvoja i turizma, Ministarstva saobra\u0107aja i pomorstva, JP Aerodromi Crne Gore i Nacionalne turisti\u010dke organizacije, obavio je preliminarne pregovore sa menad\u017ementom tri vode\u0107a niskobud\u017eetna avio prevoznika, easyJet, Ryanair i Wizz air, u Londonu, Dablinu i \u017denevi. Tom prilikom, cijene\u0107i prepoznate potencijale Crne Gore kao turisti\u010dke destinacije, sva tri navedena avio prevoznika iskazala su visok nivo zainteresovanosti za ulazak na crnogorsko tr\u017ei\u0161te avio usluga.<\/p>\n<p>U cilju uspostavljanja saradnje u \u0161to kra\u0107em roku, u narednom periodu od strane niskobud\u017eetnih avio prevoznika \u0107e biti izvr\u0161ene dodatne analize tr\u017ei\u0161ta, nakon \u010dega bi se stvorile realne pretpostavke za uspostavljanje prvih avio linija ve\u0107 od predstoje\u0107e ljetnje turisti\u010dke sezone prema Velikoj Britaniji, Njema\u010dkoj i drugim strate\u0161ki va\u017enim emitivnim tr\u017ei\u0161tima, dok \u0107e se u 2012. godini lista novih jeftinih avio linija prema va\u017enim destinacija znatno pri\u0161iriti.<\/p>\n<p>Uspostavljanjem linija putem niskobud\u017eetnih avio prevoznika turisti, kao i crnogorski gra\u0111ani, dobili bi mogu\u0107nost da po znatno ni\u017eim cijenama putuju u i iz Crne Gore prema zna\u010dajnim evropskim destinacijama. Imaju\u0107i u vidu navedeno, niskobud\u017eetne avio kompanije, koje po kvalitetu usluga i sigurnosti ne zaostaju za regularnim avio prevoznicima, predstavljaju jedan od najva\u017enijih na\u010dina za konstantno pove\u0107anje broja stranih gostiju iz zapadne, srednje, i potencijalno, isto\u010dne Evrope. Tako\u0111e, jednako zna\u010dajan i generalan uticaj na turisti\u010dku privredu, jeste i uloga jeftih avio kompanija kao katalizatora za produ\u017eenje turisti\u010dki sezona, i obezbje\u0111ivanja vidljivosti Crne Gore kao jedne od vode\u0107ih turisti\u010dkih destinacija.<\/p>\n<p><strong>Pr slu\u017eba ministarstva turizma i odr\u017eivog razvoja<\/strong><\/p>\n<p><a href=\"http:\/\/www.gov.me\/naslovna\/vijesti-iz-ministarstava\/103973\/Ministarstvo-odrzivog-razvoja-i-turizma-na-medunarodnom-sajmu-nekretnina.html\" target=\"_blank\"><strong>Vlada.me<\/strong><\/a><\/p>\n<p><strong>[flv width=&#8221;490&#8243; height=&#8221;360&#8243;]http:\/\/videooglasi.net\/video-file-280.m4v[\/flv]<br \/>\n<\/strong><\/p>\n","protected":false},"excerpt":{"rendered":"<p>Radni tim Vlade Crne Gore, sastavljen od predstavnika Ministarstva odr\u017eivog razvoja i turizma, Ministarstva saobra\u0107aja i pomorstva, JP Aerodromi Crne Gore i Nacionalne turisti\u010dke organizacije, obavio je preliminarne pregovore sa menad\u017ementom tri vode\u0107a niskobud\u017eetna avio prevoznika, easyJet, Ryanair i Wizz air, u Londonu, Dablinu i \u017denevi. Tom prilikom, cijene\u0107i prepoznate potencijale Crne Gore kao turisti\u010dke [&hellip;]<\/p>\n","protected":false},"author":1,"featured_media":0,"comment_status":"open","ping_status":"closed","sticky":false,"template":"","format":"standard","meta":{"spay_email":"","jetpack_publicize_message":"","jetpack_is_tweetstorm":false,"jetpack_publicize_feature_enabled":true},"categories":[8337],"tags":[4032,748,3520,10353,10349,21,10342,10355,1789,3967,10351,10348,1924,2440,10350,10343,3523,79,10352,10345,3527,10347,10346,9581,1334,3696,19,1923,10344],"jetpack_publicize_connections":[],"yoast_head":"<!-- This site is optimized with the Yoast SEO plugin v19.1 - https:\/\/yoast.com\/wordpress\/plugins\/seo\/ -->\n<title>Vlada pregovara sa niskobud\u017eetnim avio prevoznicima: Easy Jet, Ryanair &amp; Wizz air - Lajme nga Ulqini<\/title>\n<meta name=\"description\" content=\"Radni tim Vlade Crne Gore, sastavljen od predstavnika Ministarstva odr\u017eivog razvoja i turizma, Ministarstva saobra\u0107aja i pomorstva, JP Aerodromi Crne Gore\" \/>\n<meta name=\"robots\" content=\"index, follow, max-snippet:-1, max-image-preview:large, max-video-preview:-1\" \/>\n<link rel=\"canonical\" href=\"https:\/\/www.visit-ulcinj.com\/blog\/2011\/03\/14\/vlada-pregovara-sa-niskobudzetnim-avio-prevoznicima-easy-jet-ryanair-wizz-air\/\" \/>\n<meta property=\"og:locale\" content=\"en_US\" \/>\n<meta property=\"og:type\" content=\"article\" \/>\n<meta property=\"og:title\" content=\"Vlada pregovara sa niskobud\u017eetnim avio prevoznicima: Easy Jet, Ryanair &amp; Wizz air - Lajme nga Ulqini\" \/>\n<meta property=\"og:description\" content=\"Radni tim Vlade Crne Gore, sastavljen od predstavnika Ministarstva odr\u017eivog razvoja i turizma, Ministarstva saobra\u0107aja i pomorstva, JP Aerodromi Crne Gore\" \/>\n<meta property=\"og:url\" content=\"https:\/\/www.visit-ulcinj.com\/blog\/2011\/03\/14\/vlada-pregovara-sa-niskobudzetnim-avio-prevoznicima-easy-jet-ryanair-wizz-air\/\" \/>\n<meta property=\"og:site_name\" content=\"Lajme nga Ulqini\" \/>\n<meta property=\"article:published_time\" content=\"2011-03-14T21:55:32+00:00\" \/>\n<meta property=\"article:modified_time\" content=\"2011-03-14T21:56:19+00:00\" \/>\n<meta property=\"og:image\" content=\"http:\/\/www.visit-ulcinj.com\/blog\/wp-content\/uploads\/2011\/03\/aviopregovori_Radni-tim-Vlade-Crne-Gore.jpg\" \/>\n<meta name=\"twitter:label1\" content=\"Written by\" \/>\n\t<meta name=\"twitter:data1\" content=\"ulqini\" \/>\n\t<meta name=\"twitter:label2\" content=\"Est. reading time\" \/>\n\t<meta name=\"twitter:data2\" content=\"2 minutes\" \/>\n<script type=\"application\/ld+json\" class=\"yoast-schema-graph\">{\"@context\":\"https:\/\/schema.org\",\"@graph\":[{\"@type\":\"WebSite\",\"@id\":\"https:\/\/www.visit-ulcinj.com\/blog\/#website\",\"url\":\"https:\/\/www.visit-ulcinj.com\/blog\/\",\"name\":\"Lajme nga Ulqini\",\"description\":\"Lajme,Vijesti,Ulqini,Ulqin,Crna Gora,Mali i Zi\",\"potentialAction\":[{\"@type\":\"SearchAction\",\"target\":{\"@type\":\"EntryPoint\",\"urlTemplate\":\"https:\/\/www.visit-ulcinj.com\/blog\/?s={search_term_string}\"},\"query-input\":\"required name=search_term_string\"}],\"inLanguage\":\"en-US\"},{\"@type\":\"ImageObject\",\"inLanguage\":\"en-US\",\"@id\":\"https:\/\/www.visit-ulcinj.com\/blog\/2011\/03\/14\/vlada-pregovara-sa-niskobudzetnim-avio-prevoznicima-easy-jet-ryanair-wizz-air\/#primaryimage\",\"url\":\"https:\/\/www.visit-ulcinj.com\/blog\/wp-content\/uploads\/2011\/03\/aviopregovori_Radni-tim-Vlade-Crne-Gore.jpg\",\"contentUrl\":\"https:\/\/www.visit-ulcinj.com\/blog\/wp-content\/uploads\/2011\/03\/aviopregovori_Radni-tim-Vlade-Crne-Gore.jpg\",\"width\":\"470\",\"height\":\"352\"},{\"@type\":\"WebPage\",\"@id\":\"https:\/\/www.visit-ulcinj.com\/blog\/2011\/03\/14\/vlada-pregovara-sa-niskobudzetnim-avio-prevoznicima-easy-jet-ryanair-wizz-air\/#webpage\",\"url\":\"https:\/\/www.visit-ulcinj.com\/blog\/2011\/03\/14\/vlada-pregovara-sa-niskobudzetnim-avio-prevoznicima-easy-jet-ryanair-wizz-air\/\",\"name\":\"Vlada pregovara sa niskobud\u017eetnim avio prevoznicima: Easy Jet, Ryanair & Wizz air - Lajme nga Ulqini\",\"isPartOf\":{\"@id\":\"https:\/\/www.visit-ulcinj.com\/blog\/#website\"},\"primaryImageOfPage\":{\"@id\":\"https:\/\/www.visit-ulcinj.com\/blog\/2011\/03\/14\/vlada-pregovara-sa-niskobudzetnim-avio-prevoznicima-easy-jet-ryanair-wizz-air\/#primaryimage\"},\"datePublished\":\"2011-03-14T21:55:32+00:00\",\"dateModified\":\"2011-03-14T21:56:19+00:00\",\"author\":{\"@id\":\"https:\/\/www.visit-ulcinj.com\/blog\/#\/schema\/person\/dcab619c614d3038751c63bc2aadc06d\"},\"description\":\"Radni tim Vlade Crne Gore, sastavljen od predstavnika Ministarstva odr\u017eivog razvoja i turizma, Ministarstva saobra\u0107aja i pomorstva, JP Aerodromi Crne Gore\",\"breadcrumb\":{\"@id\":\"https:\/\/www.visit-ulcinj.com\/blog\/2011\/03\/14\/vlada-pregovara-sa-niskobudzetnim-avio-prevoznicima-easy-jet-ryanair-wizz-air\/#breadcrumb\"},\"inLanguage\":\"en-US\",\"potentialAction\":[{\"@type\":\"ReadAction\",\"target\":[\"https:\/\/www.visit-ulcinj.com\/blog\/2011\/03\/14\/vlada-pregovara-sa-niskobudzetnim-avio-prevoznicima-easy-jet-ryanair-wizz-air\/\"]}]},{\"@type\":\"BreadcrumbList\",\"@id\":\"https:\/\/www.visit-ulcinj.com\/blog\/2011\/03\/14\/vlada-pregovara-sa-niskobudzetnim-avio-prevoznicima-easy-jet-ryanair-wizz-air\/#breadcrumb\",\"itemListElement\":[{\"@type\":\"ListItem\",\"position\":1,\"name\":\"Vlada pregovara sa niskobud\u017eetnim avio prevoznicima: Easy Jet, Ryanair &#038; Wizz air\"}]},{\"@type\":\"Person\",\"@id\":\"https:\/\/www.visit-ulcinj.com\/blog\/#\/schema\/person\/dcab619c614d3038751c63bc2aadc06d\",\"name\":\"ulqini\",\"sameAs\":[\"http:\/\/www.visit-ulcinj.com\"],\"url\":\"https:\/\/www.visit-ulcinj.com\/blog\/author\/admin\/\"}]}<\/script>\n<!-- \/ Yoast SEO plugin. -->","yoast_head_json":{"title":"Vlada pregovara sa niskobud\u017eetnim avio prevoznicima: Easy Jet, Ryanair & Wizz air - Lajme nga Ulqini","description":"Radni tim Vlade Crne Gore, sastavljen od predstavnika Ministarstva odr\u017eivog razvoja i turizma, Ministarstva saobra\u0107aja i pomorstva, JP Aerodromi Crne Gore","robots":{"index":"index","follow":"follow","max-snippet":"max-snippet:-1","max-image-preview":"max-image-preview:large","max-video-preview":"max-video-preview:-1"},"canonical":"https:\/\/www.visit-ulcinj.com\/blog\/2011\/03\/14\/vlada-pregovara-sa-niskobudzetnim-avio-prevoznicima-easy-jet-ryanair-wizz-air\/","og_locale":"en_US","og_type":"article","og_title":"Vlada pregovara sa niskobud\u017eetnim avio prevoznicima: Easy Jet, Ryanair & Wizz air - Lajme nga Ulqini","og_description":"Radni tim Vlade Crne Gore, sastavljen od predstavnika Ministarstva odr\u017eivog razvoja i turizma, Ministarstva saobra\u0107aja i pomorstva, JP Aerodromi Crne Gore","og_url":"https:\/\/www.visit-ulcinj.com\/blog\/2011\/03\/14\/vlada-pregovara-sa-niskobudzetnim-avio-prevoznicima-easy-jet-ryanair-wizz-air\/","og_site_name":"Lajme nga Ulqini","article_published_time":"2011-03-14T21:55:32+00:00","article_modified_time":"2011-03-14T21:56:19+00:00","og_image":[{"url":"http:\/\/www.visit-ulcinj.com\/blog\/wp-content\/uploads\/2011\/03\/aviopregovori_Radni-tim-Vlade-Crne-Gore.jpg"}],"twitter_misc":{"Written by":"ulqini","Est. reading time":"2 minutes"},"schema":{"@context":"https:\/\/schema.org","@graph":[{"@type":"WebSite","@id":"https:\/\/www.visit-ulcinj.com\/blog\/#website","url":"https:\/\/www.visit-ulcinj.com\/blog\/","name":"Lajme nga Ulqini","description":"Lajme,Vijesti,Ulqini,Ulqin,Crna Gora,Mali i Zi","potentialAction":[{"@type":"SearchAction","target":{"@type":"EntryPoint","urlTemplate":"https:\/\/www.visit-ulcinj.com\/blog\/?s={search_term_string}"},"query-input":"required name=search_term_string"}],"inLanguage":"en-US"},{"@type":"ImageObject","inLanguage":"en-US","@id":"https:\/\/www.visit-ulcinj.com\/blog\/2011\/03\/14\/vlada-pregovara-sa-niskobudzetnim-avio-prevoznicima-easy-jet-ryanair-wizz-air\/#primaryimage","url":"https:\/\/www.visit-ulcinj.com\/blog\/wp-content\/uploads\/2011\/03\/aviopregovori_Radni-tim-Vlade-Crne-Gore.jpg","contentUrl":"https:\/\/www.visit-ulcinj.com\/blog\/wp-content\/uploads\/2011\/03\/aviopregovori_Radni-tim-Vlade-Crne-Gore.jpg","width":"470","height":"352"},{"@type":"WebPage","@id":"https:\/\/www.visit-ulcinj.com\/blog\/2011\/03\/14\/vlada-pregovara-sa-niskobudzetnim-avio-prevoznicima-easy-jet-ryanair-wizz-air\/#webpage","url":"https:\/\/www.visit-ulcinj.com\/blog\/2011\/03\/14\/vlada-pregovara-sa-niskobudzetnim-avio-prevoznicima-easy-jet-ryanair-wizz-air\/","name":"Vlada pregovara sa niskobud\u017eetnim avio prevoznicima: Easy Jet, Ryanair & Wizz air - Lajme nga Ulqini","isPartOf":{"@id":"https:\/\/www.visit-ulcinj.com\/blog\/#website"},"primaryImageOfPage":{"@id":"https:\/\/www.visit-ulcinj.com\/blog\/2011\/03\/14\/vlada-pregovara-sa-niskobudzetnim-avio-prevoznicima-easy-jet-ryanair-wizz-air\/#primaryimage"},"datePublished":"2011-03-14T21:55:32+00:00","dateModified":"2011-03-14T21:56:19+00:00","author":{"@id":"https:\/\/www.visit-ulcinj.com\/blog\/#\/schema\/person\/dcab619c614d3038751c63bc2aadc06d"},"description":"Radni tim Vlade Crne Gore, sastavljen od predstavnika Ministarstva odr\u017eivog razvoja i turizma, Ministarstva saobra\u0107aja i pomorstva, JP Aerodromi Crne Gore","breadcrumb":{"@id":"https:\/\/www.visit-ulcinj.com\/blog\/2011\/03\/14\/vlada-pregovara-sa-niskobudzetnim-avio-prevoznicima-easy-jet-ryanair-wizz-air\/#breadcrumb"},"inLanguage":"en-US","potentialAction":[{"@type":"ReadAction","target":["https:\/\/www.visit-ulcinj.com\/blog\/2011\/03\/14\/vlada-pregovara-sa-niskobudzetnim-avio-prevoznicima-easy-jet-ryanair-wizz-air\/"]}]},{"@type":"BreadcrumbList","@id":"https:\/\/www.visit-ulcinj.com\/blog\/2011\/03\/14\/vlada-pregovara-sa-niskobudzetnim-avio-prevoznicima-easy-jet-ryanair-wizz-air\/#breadcrumb","itemListElement":[{"@type":"ListItem","position":1,"name":"Vlada pregovara sa niskobud\u017eetnim avio prevoznicima: Easy Jet, Ryanair &#038; Wizz air"}]},{"@type":"Person","@id":"https:\/\/www.visit-ulcinj.com\/blog\/#\/schema\/person\/dcab619c614d3038751c63bc2aadc06d","name":"ulqini","sameAs":["http:\/\/www.visit-ulcinj.com"],"url":"https:\/\/www.visit-ulcinj.com\/blog\/author\/admin\/"}]}},"jetpack_featured_media_url":"","jetpack_sharing_enabled":true,"jetpack_shortlink":"https:\/\/wp.me\/pe6lTn-bDY","_links":{"self":[{"href":"https:\/\/www.visit-ulcinj.com\/blog\/wp-json\/wp\/v2\/posts\/44762"}],"collection":[{"href":"https:\/\/www.visit-ulcinj.com\/blog\/wp-json\/wp\/v2\/posts"}],"about":[{"href":"https:\/\/www.visit-ulcinj.com\/blog\/wp-json\/wp\/v2\/types\/post"}],"author":[{"embeddable":true,"href":"https:\/\/www.visit-ulcinj.com\/blog\/wp-json\/wp\/v2\/users\/1"}],"replies":[{"embeddable":true,"href":"https:\/\/www.visit-ulcinj.com\/blog\/wp-json\/wp\/v2\/comments?post=44762"}],"version-history":[{"count":0,"href":"https:\/\/www.visit-ulcinj.com\/blog\/wp-json\/wp\/v2\/posts\/44762\/revisions"}],"wp:attachment":[{"href":"https:\/\/www.visit-ulcinj.com\/blog\/wp-json\/wp\/v2\/media?parent=44762"}],"wp:term":[{"taxonomy":"category","embeddable":true,"href":"https:\/\/www.visit-ulcinj.com\/blog\/wp-json\/wp\/v2\/categories?post=44762"},{"taxonomy":"post_tag","embeddable":true,"href":"https:\/\/www.visit-ulcinj.com\/blog\/wp-json\/wp\/v2\/tags?post=44762"}],"curies":[{"name":"wp","href":"https:\/\/api.w.org\/{rel}","templated":true}]}}