{"id":44828,"date":"2011-03-15T20:35:57","date_gmt":"2011-03-15T19:35:57","guid":{"rendered":"http:\/\/www.visit-ulcinj.com\/blog\/?p=44828"},"modified":"2011-03-15T22:37:26","modified_gmt":"2011-03-15T21:37:26","slug":"ulcinjsko-hotelsko-preduzece-albatros-se-raspada","status":"publish","type":"post","link":"https:\/\/www.visit-ulcinj.com\/blog\/2011\/03\/15\/ulcinjsko-hotelsko-preduzece-albatros-se-raspada\/","title":{"rendered":"Ulcinjsko hotelsko preduze\u0107e Albatros se raspada"},"content":{"rendered":"<p><strong><a href=\"http:\/\/www.visit-ulcinj.com\/blog\/wp-content\/uploads\/2011\/03\/Hotel-Albatros_Ulcinj_Crna-Gora.jpg\"><img loading=\"lazy\" class=\"alignleft size-full wp-image-44829\" title=\"Hotel Albatros_Ulcinj_Crna Gora\" src=\"http:\/\/www.visit-ulcinj.com\/blog\/wp-content\/uploads\/2011\/03\/Hotel-Albatros_Ulcinj_Crna-Gora.jpg\" alt=\"\" width=\"508\" height=\"380\" srcset=\"https:\/\/www.visit-ulcinj.com\/blog\/wp-content\/uploads\/2011\/03\/Hotel-Albatros_Ulcinj_Crna-Gora.jpg 1024w, https:\/\/www.visit-ulcinj.com\/blog\/wp-content\/uploads\/2011\/03\/Hotel-Albatros_Ulcinj_Crna-Gora-300x225.jpg 300w\" sizes=\"(max-width: 508px) 100vw, 508px\" \/><\/a>Sedam godina nakon privatizacije &#8211; Albatros se raspada<\/strong><br \/>\nUlcinjsko hotelsko preduze\u0107e Albatros zavr\u0161ilo je pro\u0161lu godinu sa gubitkom od 80,52 hiljade eura, \u0161to je skoro dva puta manje nego u 2009. Prema izvje\u0161taju o poslovanju kompanije, koji je objavljen na sajtu Komisije za hartije od vrijednosti, prihod je na kraju decembra bio 18 odsto ve\u0107i nego u uporednom periodu i iznosio vi\u0161e od pola miliona, dok se gubitak iz poslovnih aktivnsoti smanjio za skoro \u0161est puta na 26 hiljada eura.<br \/>\nTro\u0161kovi zaposlenih su smanjeni za 11,5 odsto na 244,53 hiljade eura, a amortizacija 0,3 odsto na 116,7 hiljade. Ostali poslovni rashodi porasli su 20,7 odsto na 96,53 hiljada. Ukupna aktiva je blago oslabila i iznosila je 10,39 miliona.<br \/>\nVe\u0107inski vlasnik Albatrosa je Interne\u0161nl biznis grup, koja posjeduje 56,44 odsto kapitala, dok skoro 30 procenata ima kompanija Mikrokozma. Osniva\u010di Interne\u0161nl biznis grupe su Konstantin Dukov, Aleksandar Ivanov i Sergej Ignjatjev iz Rusije, dok su Mikorkozmu, koja je kupila kontrolni paket akcija Albatrosa, osnovali Dukov i of \u0161or kompanija Meister partners, \u010diji je vlasnik Vsevold Gluhcev.<br \/>\nAlbatros je privatizovan prije sedam godina, zvani\u010dno ima dvije zvjezdice, ali je tre\u0107ina hotela neupotrebljiva.<\/p>\n<p><a href=\"http:\/\/www.dan.co.me\/?nivo=3&amp;rubrika=Ekonomija&amp;clanak=272042&amp;datum=2011-03-15\" target=\"_blank\"><strong>S.G.<br \/>\nIzvor\u00a0: DAN<\/strong><\/a><\/p>\n","protected":false},"excerpt":{"rendered":"<p>Sedam godina nakon privatizacije &#8211; Albatros se raspada Ulcinjsko hotelsko preduze\u0107e Albatros zavr\u0161ilo je pro\u0161lu godinu sa gubitkom od 80,52 hiljade eura, \u0161to je skoro dva puta manje nego u 2009. Prema izvje\u0161taju o poslovanju kompanije, koji je objavljen na sajtu Komisije za hartije od vrijednosti, prihod je na kraju decembra bio 18 odsto ve\u0107i [&hellip;]<\/p>\n","protected":false},"author":1,"featured_media":0,"comment_status":"open","ping_status":"closed","sticky":false,"template":"","format":"standard","meta":{"spay_email":"","jetpack_publicize_message":"","jetpack_is_tweetstorm":false,"jetpack_publicize_feature_enabled":true},"categories":[8337],"tags":[20,15077,17794,19,17795],"jetpack_publicize_connections":[],"yoast_head":"<!-- This site is optimized with the Yoast SEO plugin v19.1 - https:\/\/yoast.com\/wordpress\/plugins\/seo\/ -->\n<title>Ulcinjsko hotelsko preduze\u0107e Albatros se raspada - Lajme nga Ulqini<\/title>\n<meta name=\"description\" content=\"Sedam godina nakon privatizacije - Albatros se raspada Ulcinjsko hotelsko preduze\u0107e Albatros zavr\u0161ilo je pro\u0161lu godinu sa gubitkom od 80,52 hiljade eura,\" \/>\n<meta name=\"robots\" content=\"index, follow, max-snippet:-1, max-image-preview:large, max-video-preview:-1\" \/>\n<link rel=\"canonical\" href=\"https:\/\/www.visit-ulcinj.com\/blog\/2011\/03\/15\/ulcinjsko-hotelsko-preduzece-albatros-se-raspada\/\" \/>\n<meta property=\"og:locale\" content=\"en_US\" \/>\n<meta property=\"og:type\" content=\"article\" \/>\n<meta property=\"og:title\" content=\"Ulcinjsko hotelsko preduze\u0107e Albatros se raspada - Lajme nga Ulqini\" \/>\n<meta property=\"og:description\" content=\"Sedam godina nakon privatizacije - Albatros se raspada Ulcinjsko hotelsko preduze\u0107e Albatros zavr\u0161ilo je pro\u0161lu godinu sa gubitkom od 80,52 hiljade eura,\" \/>\n<meta property=\"og:url\" content=\"https:\/\/www.visit-ulcinj.com\/blog\/2011\/03\/15\/ulcinjsko-hotelsko-preduzece-albatros-se-raspada\/\" \/>\n<meta property=\"og:site_name\" content=\"Lajme nga Ulqini\" \/>\n<meta property=\"article:published_time\" content=\"2011-03-15T19:35:57+00:00\" \/>\n<meta property=\"article:modified_time\" content=\"2011-03-15T21:37:26+00:00\" \/>\n<meta property=\"og:image\" content=\"http:\/\/www.visit-ulcinj.com\/blog\/wp-content\/uploads\/2011\/03\/Hotel-Albatros_Ulcinj_Crna-Gora.jpg\" \/>\n<meta name=\"twitter:label1\" content=\"Written by\" \/>\n\t<meta name=\"twitter:data1\" content=\"ulqini\" \/>\n\t<meta name=\"twitter:label2\" content=\"Est. reading time\" \/>\n\t<meta name=\"twitter:data2\" content=\"1 minute\" \/>\n<script type=\"application\/ld+json\" class=\"yoast-schema-graph\">{\"@context\":\"https:\/\/schema.org\",\"@graph\":[{\"@type\":\"WebSite\",\"@id\":\"https:\/\/www.visit-ulcinj.com\/blog\/#website\",\"url\":\"https:\/\/www.visit-ulcinj.com\/blog\/\",\"name\":\"Lajme nga Ulqini\",\"description\":\"Lajme,Vijesti,Ulqini,Ulqin,Crna Gora,Mali i Zi\",\"potentialAction\":[{\"@type\":\"SearchAction\",\"target\":{\"@type\":\"EntryPoint\",\"urlTemplate\":\"https:\/\/www.visit-ulcinj.com\/blog\/?s={search_term_string}\"},\"query-input\":\"required name=search_term_string\"}],\"inLanguage\":\"en-US\"},{\"@type\":\"ImageObject\",\"inLanguage\":\"en-US\",\"@id\":\"https:\/\/www.visit-ulcinj.com\/blog\/2011\/03\/15\/ulcinjsko-hotelsko-preduzece-albatros-se-raspada\/#primaryimage\",\"url\":\"https:\/\/www.visit-ulcinj.com\/blog\/wp-content\/uploads\/2011\/03\/Hotel-Albatros_Ulcinj_Crna-Gora.jpg\",\"contentUrl\":\"https:\/\/www.visit-ulcinj.com\/blog\/wp-content\/uploads\/2011\/03\/Hotel-Albatros_Ulcinj_Crna-Gora.jpg\",\"width\":\"1024\",\"height\":\"768\"},{\"@type\":\"WebPage\",\"@id\":\"https:\/\/www.visit-ulcinj.com\/blog\/2011\/03\/15\/ulcinjsko-hotelsko-preduzece-albatros-se-raspada\/#webpage\",\"url\":\"https:\/\/www.visit-ulcinj.com\/blog\/2011\/03\/15\/ulcinjsko-hotelsko-preduzece-albatros-se-raspada\/\",\"name\":\"Ulcinjsko hotelsko preduze\u0107e Albatros se raspada - Lajme nga Ulqini\",\"isPartOf\":{\"@id\":\"https:\/\/www.visit-ulcinj.com\/blog\/#website\"},\"primaryImageOfPage\":{\"@id\":\"https:\/\/www.visit-ulcinj.com\/blog\/2011\/03\/15\/ulcinjsko-hotelsko-preduzece-albatros-se-raspada\/#primaryimage\"},\"datePublished\":\"2011-03-15T19:35:57+00:00\",\"dateModified\":\"2011-03-15T21:37:26+00:00\",\"author\":{\"@id\":\"https:\/\/www.visit-ulcinj.com\/blog\/#\/schema\/person\/dcab619c614d3038751c63bc2aadc06d\"},\"description\":\"Sedam godina nakon privatizacije - Albatros se raspada Ulcinjsko hotelsko preduze\u0107e Albatros zavr\u0161ilo je pro\u0161lu godinu sa gubitkom od 80,52 hiljade eura,\",\"breadcrumb\":{\"@id\":\"https:\/\/www.visit-ulcinj.com\/blog\/2011\/03\/15\/ulcinjsko-hotelsko-preduzece-albatros-se-raspada\/#breadcrumb\"},\"inLanguage\":\"en-US\",\"potentialAction\":[{\"@type\":\"ReadAction\",\"target\":[\"https:\/\/www.visit-ulcinj.com\/blog\/2011\/03\/15\/ulcinjsko-hotelsko-preduzece-albatros-se-raspada\/\"]}]},{\"@type\":\"BreadcrumbList\",\"@id\":\"https:\/\/www.visit-ulcinj.com\/blog\/2011\/03\/15\/ulcinjsko-hotelsko-preduzece-albatros-se-raspada\/#breadcrumb\",\"itemListElement\":[{\"@type\":\"ListItem\",\"position\":1,\"name\":\"Ulcinjsko hotelsko preduze\u0107e Albatros se raspada\"}]},{\"@type\":\"Person\",\"@id\":\"https:\/\/www.visit-ulcinj.com\/blog\/#\/schema\/person\/dcab619c614d3038751c63bc2aadc06d\",\"name\":\"ulqini\",\"sameAs\":[\"http:\/\/www.visit-ulcinj.com\"],\"url\":\"https:\/\/www.visit-ulcinj.com\/blog\/author\/admin\/\"}]}<\/script>\n<!-- \/ Yoast SEO plugin. -->","yoast_head_json":{"title":"Ulcinjsko hotelsko preduze\u0107e Albatros se raspada - Lajme nga Ulqini","description":"Sedam godina nakon privatizacije - Albatros se raspada Ulcinjsko hotelsko preduze\u0107e Albatros zavr\u0161ilo je pro\u0161lu godinu sa gubitkom od 80,52 hiljade eura,","robots":{"index":"index","follow":"follow","max-snippet":"max-snippet:-1","max-image-preview":"max-image-preview:large","max-video-preview":"max-video-preview:-1"},"canonical":"https:\/\/www.visit-ulcinj.com\/blog\/2011\/03\/15\/ulcinjsko-hotelsko-preduzece-albatros-se-raspada\/","og_locale":"en_US","og_type":"article","og_title":"Ulcinjsko hotelsko preduze\u0107e Albatros se raspada - Lajme nga Ulqini","og_description":"Sedam godina nakon privatizacije - Albatros se raspada Ulcinjsko hotelsko preduze\u0107e Albatros zavr\u0161ilo je pro\u0161lu godinu sa gubitkom od 80,52 hiljade eura,","og_url":"https:\/\/www.visit-ulcinj.com\/blog\/2011\/03\/15\/ulcinjsko-hotelsko-preduzece-albatros-se-raspada\/","og_site_name":"Lajme nga Ulqini","article_published_time":"2011-03-15T19:35:57+00:00","article_modified_time":"2011-03-15T21:37:26+00:00","og_image":[{"url":"http:\/\/www.visit-ulcinj.com\/blog\/wp-content\/uploads\/2011\/03\/Hotel-Albatros_Ulcinj_Crna-Gora.jpg"}],"twitter_misc":{"Written by":"ulqini","Est. reading time":"1 minute"},"schema":{"@context":"https:\/\/schema.org","@graph":[{"@type":"WebSite","@id":"https:\/\/www.visit-ulcinj.com\/blog\/#website","url":"https:\/\/www.visit-ulcinj.com\/blog\/","name":"Lajme nga Ulqini","description":"Lajme,Vijesti,Ulqini,Ulqin,Crna Gora,Mali i Zi","potentialAction":[{"@type":"SearchAction","target":{"@type":"EntryPoint","urlTemplate":"https:\/\/www.visit-ulcinj.com\/blog\/?s={search_term_string}"},"query-input":"required name=search_term_string"}],"inLanguage":"en-US"},{"@type":"ImageObject","inLanguage":"en-US","@id":"https:\/\/www.visit-ulcinj.com\/blog\/2011\/03\/15\/ulcinjsko-hotelsko-preduzece-albatros-se-raspada\/#primaryimage","url":"https:\/\/www.visit-ulcinj.com\/blog\/wp-content\/uploads\/2011\/03\/Hotel-Albatros_Ulcinj_Crna-Gora.jpg","contentUrl":"https:\/\/www.visit-ulcinj.com\/blog\/wp-content\/uploads\/2011\/03\/Hotel-Albatros_Ulcinj_Crna-Gora.jpg","width":"1024","height":"768"},{"@type":"WebPage","@id":"https:\/\/www.visit-ulcinj.com\/blog\/2011\/03\/15\/ulcinjsko-hotelsko-preduzece-albatros-se-raspada\/#webpage","url":"https:\/\/www.visit-ulcinj.com\/blog\/2011\/03\/15\/ulcinjsko-hotelsko-preduzece-albatros-se-raspada\/","name":"Ulcinjsko hotelsko preduze\u0107e Albatros se raspada - Lajme nga Ulqini","isPartOf":{"@id":"https:\/\/www.visit-ulcinj.com\/blog\/#website"},"primaryImageOfPage":{"@id":"https:\/\/www.visit-ulcinj.com\/blog\/2011\/03\/15\/ulcinjsko-hotelsko-preduzece-albatros-se-raspada\/#primaryimage"},"datePublished":"2011-03-15T19:35:57+00:00","dateModified":"2011-03-15T21:37:26+00:00","author":{"@id":"https:\/\/www.visit-ulcinj.com\/blog\/#\/schema\/person\/dcab619c614d3038751c63bc2aadc06d"},"description":"Sedam godina nakon privatizacije - Albatros se raspada Ulcinjsko hotelsko preduze\u0107e Albatros zavr\u0161ilo je pro\u0161lu godinu sa gubitkom od 80,52 hiljade eura,","breadcrumb":{"@id":"https:\/\/www.visit-ulcinj.com\/blog\/2011\/03\/15\/ulcinjsko-hotelsko-preduzece-albatros-se-raspada\/#breadcrumb"},"inLanguage":"en-US","potentialAction":[{"@type":"ReadAction","target":["https:\/\/www.visit-ulcinj.com\/blog\/2011\/03\/15\/ulcinjsko-hotelsko-preduzece-albatros-se-raspada\/"]}]},{"@type":"BreadcrumbList","@id":"https:\/\/www.visit-ulcinj.com\/blog\/2011\/03\/15\/ulcinjsko-hotelsko-preduzece-albatros-se-raspada\/#breadcrumb","itemListElement":[{"@type":"ListItem","position":1,"name":"Ulcinjsko hotelsko preduze\u0107e Albatros se raspada"}]},{"@type":"Person","@id":"https:\/\/www.visit-ulcinj.com\/blog\/#\/schema\/person\/dcab619c614d3038751c63bc2aadc06d","name":"ulqini","sameAs":["http:\/\/www.visit-ulcinj.com"],"url":"https:\/\/www.visit-ulcinj.com\/blog\/author\/admin\/"}]}},"jetpack_featured_media_url":"","jetpack_sharing_enabled":true,"jetpack_shortlink":"https:\/\/wp.me\/pe6lTn-bF2","_links":{"self":[{"href":"https:\/\/www.visit-ulcinj.com\/blog\/wp-json\/wp\/v2\/posts\/44828"}],"collection":[{"href":"https:\/\/www.visit-ulcinj.com\/blog\/wp-json\/wp\/v2\/posts"}],"about":[{"href":"https:\/\/www.visit-ulcinj.com\/blog\/wp-json\/wp\/v2\/types\/post"}],"author":[{"embeddable":true,"href":"https:\/\/www.visit-ulcinj.com\/blog\/wp-json\/wp\/v2\/users\/1"}],"replies":[{"embeddable":true,"href":"https:\/\/www.visit-ulcinj.com\/blog\/wp-json\/wp\/v2\/comments?post=44828"}],"version-history":[{"count":0,"href":"https:\/\/www.visit-ulcinj.com\/blog\/wp-json\/wp\/v2\/posts\/44828\/revisions"}],"wp:attachment":[{"href":"https:\/\/www.visit-ulcinj.com\/blog\/wp-json\/wp\/v2\/media?parent=44828"}],"wp:term":[{"taxonomy":"category","embeddable":true,"href":"https:\/\/www.visit-ulcinj.com\/blog\/wp-json\/wp\/v2\/categories?post=44828"},{"taxonomy":"post_tag","embeddable":true,"href":"https:\/\/www.visit-ulcinj.com\/blog\/wp-json\/wp\/v2\/tags?post=44828"}],"curies":[{"name":"wp","href":"https:\/\/api.w.org\/{rel}","templated":true}]}}