{"id":44834,"date":"2011-03-16T10:44:33","date_gmt":"2011-03-16T09:44:33","guid":{"rendered":"http:\/\/www.visit-ulcinj.com\/blog\/?p=44834"},"modified":"2011-03-16T10:44:33","modified_gmt":"2011-03-16T09:44:33","slug":"dinosa-ovdje-bi-posljedice-parade-ponosa-dugo-trajale","status":"publish","type":"post","link":"https:\/\/www.visit-ulcinj.com\/blog\/2011\/03\/16\/dinosa-ovdje-bi-posljedice-parade-ponosa-dugo-trajale\/","title":{"rendered":"Dino\u0161a: Ovdje bi posljedice parade ponosa dugo trajale"},"content":{"rendered":"<div id=\"attachment_44835\" style=\"width: 518px\" class=\"wp-caption alignleft\"><a href=\"http:\/\/www.visit-ulcinj.com\/blog\/wp-content\/uploads\/2011\/03\/Ferhat-Dino\u0161a-sa-zenom.jpg\"><img aria-describedby=\"caption-attachment-44835\" loading=\"lazy\" class=\"size-full wp-image-44835 \" title=\"Ferhat Dino\u0161a sa zenom\" src=\"http:\/\/www.visit-ulcinj.com\/blog\/wp-content\/uploads\/2011\/03\/Ferhat-Dino\u0161a-sa-zenom.jpg\" alt=\"\" width=\"508\" height=\"380\" \/><\/a><p id=\"caption-attachment-44835\" class=\"wp-caption-text\">Foto Vijesti<\/p><\/div>\n<p>Ministar za ljudska i manjiska prava Ferhat Dino\u0161a rekao je da bi odbio da podr\u017ei LGBT aktiviste u organizaciji parade ponosa u Podgorici, jer smatra da to za njih ne bila dobra stvar i pravi na\u010din da ostvare prava.<br \/>\n\u201cCrna Gora je manja sredina, mi se tu, u Podgorici pogotovo, svi znamo i ja se pla\u0161im da bi nakon takve parade bilo posljedica koje bi du\u017ee trajale. I za\u0161to onda u\u0107i u to?\u00bb, rekao je Dino\u0161a u emisji &#8220;O\u010di u o\u010di&#8221;, na televiziji Montena.<\/p>\n<h4><a href=\"http:\/\/www.vijesti.me\/vijesti\/dinosa-ovdje-bi-posljedice-parade-ponosa-dugo-trajale-clanak-10996\" target=\"_blank\"><strong><strong><strong><strong>Pro\u010ditaj vijest do kraja &gt;&gt; <\/strong><\/strong><\/strong><\/strong>Vijesti<br \/>\n<\/a><\/h4>\n<p><strong>VIDEO TV IN<\/strong><br \/>\n[flv]http:\/\/rtvin.me\/flv\/11_03_post_dinosa.flv[\/flv]<\/p>\n","protected":false},"excerpt":{"rendered":"<p>Ministar za ljudska i manjiska prava Ferhat Dino\u0161a rekao je da bi odbio da podr\u017ei LGBT aktiviste u organizaciji parade ponosa u Podgorici, jer smatra da to za njih ne bila dobra stvar i pravi na\u010din da ostvare prava. \u201cCrna Gora je manja sredina, mi se tu, u Podgorici pogotovo, svi znamo i ja se [&hellip;]<\/p>\n","protected":false},"author":1,"featured_media":0,"comment_status":"open","ping_status":"closed","sticky":false,"template":"","format":"standard","meta":{"spay_email":"","jetpack_publicize_message":"","jetpack_is_tweetstorm":false,"jetpack_publicize_feature_enabled":true},"categories":[8337],"tags":[88,17796],"jetpack_publicize_connections":[],"yoast_head":"<!-- This site is optimized with the Yoast SEO plugin v19.1 - https:\/\/yoast.com\/wordpress\/plugins\/seo\/ -->\n<title>Dino\u0161a: Ovdje bi posljedice parade ponosa dugo trajale - Lajme nga Ulqini<\/title>\n<meta name=\"description\" content=\"Ministar za ljudska i manjiska prava Ferhat Dino\u0161a rekao je da bi odbio da podr\u017ei LGBT aktiviste u organizaciji parade ponosa u Podgorici, jer smatra da\" \/>\n<meta name=\"robots\" content=\"index, follow, max-snippet:-1, max-image-preview:large, max-video-preview:-1\" \/>\n<link rel=\"canonical\" href=\"https:\/\/www.visit-ulcinj.com\/blog\/2011\/03\/16\/dinosa-ovdje-bi-posljedice-parade-ponosa-dugo-trajale\/\" \/>\n<meta property=\"og:locale\" content=\"en_US\" \/>\n<meta property=\"og:type\" content=\"article\" \/>\n<meta property=\"og:title\" content=\"Dino\u0161a: Ovdje bi posljedice parade ponosa dugo trajale - Lajme nga Ulqini\" \/>\n<meta property=\"og:description\" content=\"Ministar za ljudska i manjiska prava Ferhat Dino\u0161a rekao je da bi odbio da podr\u017ei LGBT aktiviste u organizaciji parade ponosa u Podgorici, jer smatra da\" \/>\n<meta property=\"og:url\" content=\"https:\/\/www.visit-ulcinj.com\/blog\/2011\/03\/16\/dinosa-ovdje-bi-posljedice-parade-ponosa-dugo-trajale\/\" \/>\n<meta property=\"og:site_name\" content=\"Lajme nga Ulqini\" \/>\n<meta property=\"article:published_time\" content=\"2011-03-16T09:44:33+00:00\" \/>\n<meta name=\"twitter:label1\" content=\"Written by\" \/>\n\t<meta name=\"twitter:data1\" content=\"ulqini\" \/>\n\t<meta name=\"twitter:label2\" content=\"Est. reading time\" \/>\n\t<meta name=\"twitter:data2\" content=\"1 minute\" \/>\n<script type=\"application\/ld+json\" class=\"yoast-schema-graph\">{\"@context\":\"https:\/\/schema.org\",\"@graph\":[{\"@type\":\"WebSite\",\"@id\":\"https:\/\/www.visit-ulcinj.com\/blog\/#website\",\"url\":\"https:\/\/www.visit-ulcinj.com\/blog\/\",\"name\":\"Lajme nga Ulqini\",\"description\":\"Lajme,Vijesti,Ulqini,Ulqin,Crna Gora,Mali i Zi\",\"potentialAction\":[{\"@type\":\"SearchAction\",\"target\":{\"@type\":\"EntryPoint\",\"urlTemplate\":\"https:\/\/www.visit-ulcinj.com\/blog\/?s={search_term_string}\"},\"query-input\":\"required name=search_term_string\"}],\"inLanguage\":\"en-US\"},{\"@type\":\"WebPage\",\"@id\":\"https:\/\/www.visit-ulcinj.com\/blog\/2011\/03\/16\/dinosa-ovdje-bi-posljedice-parade-ponosa-dugo-trajale\/#webpage\",\"url\":\"https:\/\/www.visit-ulcinj.com\/blog\/2011\/03\/16\/dinosa-ovdje-bi-posljedice-parade-ponosa-dugo-trajale\/\",\"name\":\"Dino\u0161a: Ovdje bi posljedice parade ponosa dugo trajale - Lajme nga Ulqini\",\"isPartOf\":{\"@id\":\"https:\/\/www.visit-ulcinj.com\/blog\/#website\"},\"datePublished\":\"2011-03-16T09:44:33+00:00\",\"dateModified\":\"2011-03-16T09:44:33+00:00\",\"author\":{\"@id\":\"https:\/\/www.visit-ulcinj.com\/blog\/#\/schema\/person\/dcab619c614d3038751c63bc2aadc06d\"},\"description\":\"Ministar za ljudska i manjiska prava Ferhat Dino\u0161a rekao je da bi odbio da podr\u017ei LGBT aktiviste u organizaciji parade ponosa u Podgorici, jer smatra da\",\"breadcrumb\":{\"@id\":\"https:\/\/www.visit-ulcinj.com\/blog\/2011\/03\/16\/dinosa-ovdje-bi-posljedice-parade-ponosa-dugo-trajale\/#breadcrumb\"},\"inLanguage\":\"en-US\",\"potentialAction\":[{\"@type\":\"ReadAction\",\"target\":[\"https:\/\/www.visit-ulcinj.com\/blog\/2011\/03\/16\/dinosa-ovdje-bi-posljedice-parade-ponosa-dugo-trajale\/\"]}]},{\"@type\":\"BreadcrumbList\",\"@id\":\"https:\/\/www.visit-ulcinj.com\/blog\/2011\/03\/16\/dinosa-ovdje-bi-posljedice-parade-ponosa-dugo-trajale\/#breadcrumb\",\"itemListElement\":[{\"@type\":\"ListItem\",\"position\":1,\"name\":\"Dino\u0161a: Ovdje bi posljedice parade ponosa dugo trajale\"}]},{\"@type\":\"Person\",\"@id\":\"https:\/\/www.visit-ulcinj.com\/blog\/#\/schema\/person\/dcab619c614d3038751c63bc2aadc06d\",\"name\":\"ulqini\",\"sameAs\":[\"http:\/\/www.visit-ulcinj.com\"],\"url\":\"https:\/\/www.visit-ulcinj.com\/blog\/author\/admin\/\"}]}<\/script>\n<!-- \/ Yoast SEO plugin. -->","yoast_head_json":{"title":"Dino\u0161a: Ovdje bi posljedice parade ponosa dugo trajale - Lajme nga Ulqini","description":"Ministar za ljudska i manjiska prava Ferhat Dino\u0161a rekao je da bi odbio da podr\u017ei LGBT aktiviste u organizaciji parade ponosa u Podgorici, jer smatra da","robots":{"index":"index","follow":"follow","max-snippet":"max-snippet:-1","max-image-preview":"max-image-preview:large","max-video-preview":"max-video-preview:-1"},"canonical":"https:\/\/www.visit-ulcinj.com\/blog\/2011\/03\/16\/dinosa-ovdje-bi-posljedice-parade-ponosa-dugo-trajale\/","og_locale":"en_US","og_type":"article","og_title":"Dino\u0161a: Ovdje bi posljedice parade ponosa dugo trajale - Lajme nga Ulqini","og_description":"Ministar za ljudska i manjiska prava Ferhat Dino\u0161a rekao je da bi odbio da podr\u017ei LGBT aktiviste u organizaciji parade ponosa u Podgorici, jer smatra da","og_url":"https:\/\/www.visit-ulcinj.com\/blog\/2011\/03\/16\/dinosa-ovdje-bi-posljedice-parade-ponosa-dugo-trajale\/","og_site_name":"Lajme nga Ulqini","article_published_time":"2011-03-16T09:44:33+00:00","twitter_misc":{"Written by":"ulqini","Est. reading time":"1 minute"},"schema":{"@context":"https:\/\/schema.org","@graph":[{"@type":"WebSite","@id":"https:\/\/www.visit-ulcinj.com\/blog\/#website","url":"https:\/\/www.visit-ulcinj.com\/blog\/","name":"Lajme nga Ulqini","description":"Lajme,Vijesti,Ulqini,Ulqin,Crna Gora,Mali i Zi","potentialAction":[{"@type":"SearchAction","target":{"@type":"EntryPoint","urlTemplate":"https:\/\/www.visit-ulcinj.com\/blog\/?s={search_term_string}"},"query-input":"required name=search_term_string"}],"inLanguage":"en-US"},{"@type":"WebPage","@id":"https:\/\/www.visit-ulcinj.com\/blog\/2011\/03\/16\/dinosa-ovdje-bi-posljedice-parade-ponosa-dugo-trajale\/#webpage","url":"https:\/\/www.visit-ulcinj.com\/blog\/2011\/03\/16\/dinosa-ovdje-bi-posljedice-parade-ponosa-dugo-trajale\/","name":"Dino\u0161a: Ovdje bi posljedice parade ponosa dugo trajale - Lajme nga Ulqini","isPartOf":{"@id":"https:\/\/www.visit-ulcinj.com\/blog\/#website"},"datePublished":"2011-03-16T09:44:33+00:00","dateModified":"2011-03-16T09:44:33+00:00","author":{"@id":"https:\/\/www.visit-ulcinj.com\/blog\/#\/schema\/person\/dcab619c614d3038751c63bc2aadc06d"},"description":"Ministar za ljudska i manjiska prava Ferhat Dino\u0161a rekao je da bi odbio da podr\u017ei LGBT aktiviste u organizaciji parade ponosa u Podgorici, jer smatra da","breadcrumb":{"@id":"https:\/\/www.visit-ulcinj.com\/blog\/2011\/03\/16\/dinosa-ovdje-bi-posljedice-parade-ponosa-dugo-trajale\/#breadcrumb"},"inLanguage":"en-US","potentialAction":[{"@type":"ReadAction","target":["https:\/\/www.visit-ulcinj.com\/blog\/2011\/03\/16\/dinosa-ovdje-bi-posljedice-parade-ponosa-dugo-trajale\/"]}]},{"@type":"BreadcrumbList","@id":"https:\/\/www.visit-ulcinj.com\/blog\/2011\/03\/16\/dinosa-ovdje-bi-posljedice-parade-ponosa-dugo-trajale\/#breadcrumb","itemListElement":[{"@type":"ListItem","position":1,"name":"Dino\u0161a: Ovdje bi posljedice parade ponosa dugo trajale"}]},{"@type":"Person","@id":"https:\/\/www.visit-ulcinj.com\/blog\/#\/schema\/person\/dcab619c614d3038751c63bc2aadc06d","name":"ulqini","sameAs":["http:\/\/www.visit-ulcinj.com"],"url":"https:\/\/www.visit-ulcinj.com\/blog\/author\/admin\/"}]}},"jetpack_featured_media_url":"","jetpack_sharing_enabled":true,"jetpack_shortlink":"https:\/\/wp.me\/pe6lTn-bF8","_links":{"self":[{"href":"https:\/\/www.visit-ulcinj.com\/blog\/wp-json\/wp\/v2\/posts\/44834"}],"collection":[{"href":"https:\/\/www.visit-ulcinj.com\/blog\/wp-json\/wp\/v2\/posts"}],"about":[{"href":"https:\/\/www.visit-ulcinj.com\/blog\/wp-json\/wp\/v2\/types\/post"}],"author":[{"embeddable":true,"href":"https:\/\/www.visit-ulcinj.com\/blog\/wp-json\/wp\/v2\/users\/1"}],"replies":[{"embeddable":true,"href":"https:\/\/www.visit-ulcinj.com\/blog\/wp-json\/wp\/v2\/comments?post=44834"}],"version-history":[{"count":0,"href":"https:\/\/www.visit-ulcinj.com\/blog\/wp-json\/wp\/v2\/posts\/44834\/revisions"}],"wp:attachment":[{"href":"https:\/\/www.visit-ulcinj.com\/blog\/wp-json\/wp\/v2\/media?parent=44834"}],"wp:term":[{"taxonomy":"category","embeddable":true,"href":"https:\/\/www.visit-ulcinj.com\/blog\/wp-json\/wp\/v2\/categories?post=44834"},{"taxonomy":"post_tag","embeddable":true,"href":"https:\/\/www.visit-ulcinj.com\/blog\/wp-json\/wp\/v2\/tags?post=44834"}],"curies":[{"name":"wp","href":"https:\/\/api.w.org\/{rel}","templated":true}]}}