{"id":44839,"date":"2011-03-16T18:29:23","date_gmt":"2011-03-16T17:29:23","guid":{"rendered":"http:\/\/www.visit-ulcinj.com\/blog\/?p=44839"},"modified":"2011-03-18T10:19:08","modified_gmt":"2011-03-18T09:19:08","slug":"dardan-koliqi-ne-top-fest-albania","status":"publish","type":"post","link":"https:\/\/www.visit-ulcinj.com\/blog\/2011\/03\/16\/dardan-koliqi-ne-top-fest-albania\/","title":{"rendered":"Dardan Koliqi n\u00eb Top Fest ALbania"},"content":{"rendered":"<p><a href=\"http:\/\/www.visit-ulcinj.com\/blog\/wp-content\/uploads\/2011\/03\/Dardan-Koliqi-ne-top-fest-Albania.jpg\"><img loading=\"lazy\" class=\"alignleft size-full wp-image-44840\" title=\"Dardan Koliqi ne top fest Albania\" src=\"http:\/\/www.visit-ulcinj.com\/blog\/wp-content\/uploads\/2011\/03\/Dardan-Koliqi-ne-top-fest-Albania.jpg\" alt=\"\" width=\"508\" height=\"380\" srcset=\"https:\/\/www.visit-ulcinj.com\/blog\/wp-content\/uploads\/2011\/03\/Dardan-Koliqi-ne-top-fest-Albania.jpg 720w, https:\/\/www.visit-ulcinj.com\/blog\/wp-content\/uploads\/2011\/03\/Dardan-Koliqi-ne-top-fest-Albania-300x225.jpg 300w\" sizes=\"(max-width: 508px) 100vw, 508px\" \/><\/a>Dardan Koliqi ka njoftuar se k\u00ebnga me t\u00eb cil\u00ebn do t\u00eb konkurroj\u00eb &#8221;N\u00eb zem\u00ebr ty t\u00eb ndjej&#8221;\u00a0 \u00ebsht\u00eb punuar me shum v\u00ebmedje nga dhe \u00ebsht\u00eb nj\u00eb k\u00ebng\u00eb me nj\u00eb rit\u00ebm \u2018house\u2019 dhe \u2018RnB\u2019, duke shtuar se p\u00ebr t\u00eb dhe fansat e tij pjes\u00ebmarrja n\u00eb k\u00ebt\u00eb festival ka nj\u00eb r\u00ebnd\u00ebsi t\u00eb madhe.<br \/>\nDardani u shpreh fansave se t\u00eb tij\u00eb q\u00eb \u00ab\u00a0Paraqitja ime n\u00eb \u2018Top Fest\u2019 do t\u00eb thot\u00eb shum\u00eb p\u00ebr mua dhe fansat e mi\u00a0\u00bb. M\u00eb p\u00eblqen q\u00eb \u00ebsht\u00eb \u2018live\u2019 dhe besoj q\u00eb do t\u00eb jet\u00eb shum\u00eb interesant\u201d, ka p\u00ebrfunduar Dardani.<\/p>\n<p><strong>Di\u00e7ka p\u00ebr Top Fest 2011<\/strong><\/p>\n<p>Nis per te tetin\u00eb vit radhazi Top Fest, festivali i muzikes moderne shqiptare i organizuar nga Top Channel, ku do te konkurojne kengetare dhe grupe nga Shqiperia, Kosova, Maqedonia,Mali i Zi e diaspora..<\/p>\n<p>\u201cEshte shnderruar tani ne nje prej traditave me te bukura te muzikes shqiptare. Pasi jane kapur te njejtat standarde me evenimente te tilla qe ndodhin ne bote. Edhe kete edicion si ato te meperashmet, kemi kenge te bukura\u201d.<\/p>\n<p>Top Fest kete vit vjen me risi te rendesishme, per sa i perket performances se pjesemarresve. Ne fazen e dyte dhe naten finale, kengetaret do te kendojne \u201clive\u201d.<\/p>\n<p>\u201cTop Fest do te kete tre faza. Ne fazen e pare do te kete 120 kenge qe do te luhen me \u2018playback\u2019, ndersa faza e dyte do te kete gjysmat e ketyre kengeve. Ne fazen e dyte dhe te trete kendimi do te behet live me nje orkester gjigande\u201di.<\/p>\n<p>\u201cTeknologjia e perdorur per kete eveniment eshte ajo me e fundit. Gjithcka do te regjisrohet ne HD dhe evenimenti do te transmetohet live edhe ne nje nga stacionet HD te \u2018DigitAlb\u2019.<br \/>\n\n\t\t<style type=\"text\/css\">\n\t\t\t#gallery-1 {\n\t\t\t\tmargin: auto;\n\t\t\t}\n\t\t\t#gallery-1 .gallery-item {\n\t\t\t\tfloat: left;\n\t\t\t\tmargin-top: 10px;\n\t\t\t\ttext-align: center;\n\t\t\t\twidth: 33%;\n\t\t\t}\n\t\t\t#gallery-1 img {\n\t\t\t\tborder: 2px solid #cfcfcf;\n\t\t\t}\n\t\t\t#gallery-1 .gallery-caption {\n\t\t\t\tmargin-left: 0;\n\t\t\t}\n\t\t\t\/* see gallery_shortcode() in wp-includes\/media.php *\/\n\t\t<\/style>\n\t\t<div id='gallery-1' class='gallery galleryid-44839 gallery-columns-3 gallery-size-thumbnail'><dl class='gallery-item'>\n\t\t\t<dt class='gallery-icon landscape'>\n\t\t\t\t<a href='https:\/\/www.visit-ulcinj.com\/blog\/wp-content\/uploads\/2011\/03\/Dardan-Koliqi-ne-top-fest-Albania.jpg'><img width=\"150\" height=\"150\" src=\"https:\/\/www.visit-ulcinj.com\/blog\/wp-content\/uploads\/2011\/03\/Dardan-Koliqi-ne-top-fest-Albania-150x150.jpg\" class=\"attachment-thumbnail size-thumbnail\" alt=\"\" loading=\"lazy\" \/><\/a>\n\t\t\t<\/dt><\/dl><dl class='gallery-item'>\n\t\t\t<dt class='gallery-icon portrait'>\n\t\t\t\t<a href='https:\/\/www.visit-ulcinj.com\/blog\/wp-content\/uploads\/2011\/03\/Dardan-Koliqi-ne-top-fest-Albania.8.jpg'><img width=\"150\" height=\"150\" src=\"https:\/\/www.visit-ulcinj.com\/blog\/wp-content\/uploads\/2011\/03\/Dardan-Koliqi-ne-top-fest-Albania.8-150x150.jpg\" class=\"attachment-thumbnail size-thumbnail\" alt=\"\" loading=\"lazy\" \/><\/a>\n\t\t\t<\/dt><\/dl><dl class='gallery-item'>\n\t\t\t<dt class='gallery-icon landscape'>\n\t\t\t\t<a href='https:\/\/www.visit-ulcinj.com\/blog\/wp-content\/uploads\/2011\/03\/Dardan-Koliqi-ne-top-fest-Albania.7.jpg'><img width=\"150\" height=\"150\" src=\"https:\/\/www.visit-ulcinj.com\/blog\/wp-content\/uploads\/2011\/03\/Dardan-Koliqi-ne-top-fest-Albania.7-150x150.jpg\" class=\"attachment-thumbnail size-thumbnail\" alt=\"\" loading=\"lazy\" \/><\/a>\n\t\t\t<\/dt><\/dl><br style=\"clear: both\" \/><dl class='gallery-item'>\n\t\t\t<dt class='gallery-icon landscape'>\n\t\t\t\t<a href='https:\/\/www.visit-ulcinj.com\/blog\/wp-content\/uploads\/2011\/03\/Dardan-Koliqi-ne-top-fest-Albania.6.jpg'><img width=\"150\" height=\"150\" src=\"https:\/\/www.visit-ulcinj.com\/blog\/wp-content\/uploads\/2011\/03\/Dardan-Koliqi-ne-top-fest-Albania.6-150x150.jpg\" class=\"attachment-thumbnail size-thumbnail\" alt=\"\" loading=\"lazy\" \/><\/a>\n\t\t\t<\/dt><\/dl><dl class='gallery-item'>\n\t\t\t<dt class='gallery-icon landscape'>\n\t\t\t\t<a href='https:\/\/www.visit-ulcinj.com\/blog\/wp-content\/uploads\/2011\/03\/Dardan-Koliqi-ne-top-fest-Albania.5.jpg'><img width=\"150\" height=\"150\" src=\"https:\/\/www.visit-ulcinj.com\/blog\/wp-content\/uploads\/2011\/03\/Dardan-Koliqi-ne-top-fest-Albania.5-150x150.jpg\" class=\"attachment-thumbnail size-thumbnail\" alt=\"\" loading=\"lazy\" \/><\/a>\n\t\t\t<\/dt><\/dl><dl class='gallery-item'>\n\t\t\t<dt class='gallery-icon landscape'>\n\t\t\t\t<a href='https:\/\/www.visit-ulcinj.com\/blog\/wp-content\/uploads\/2011\/03\/Dardan-Koliqi-ne-top-fest-Albania.4.jpg'><img width=\"150\" height=\"150\" src=\"https:\/\/www.visit-ulcinj.com\/blog\/wp-content\/uploads\/2011\/03\/Dardan-Koliqi-ne-top-fest-Albania.4-150x150.jpg\" class=\"attachment-thumbnail size-thumbnail\" alt=\"\" loading=\"lazy\" \/><\/a>\n\t\t\t<\/dt><\/dl><br style=\"clear: both\" \/><dl class='gallery-item'>\n\t\t\t<dt class='gallery-icon landscape'>\n\t\t\t\t<a href='https:\/\/www.visit-ulcinj.com\/blog\/wp-content\/uploads\/2011\/03\/Dardan-Koliqi-ne-top-fest-Albania.3.jpg'><img width=\"150\" height=\"150\" src=\"https:\/\/www.visit-ulcinj.com\/blog\/wp-content\/uploads\/2011\/03\/Dardan-Koliqi-ne-top-fest-Albania.3-150x150.jpg\" class=\"attachment-thumbnail size-thumbnail\" alt=\"\" loading=\"lazy\" \/><\/a>\n\t\t\t<\/dt><\/dl><dl class='gallery-item'>\n\t\t\t<dt class='gallery-icon landscape'>\n\t\t\t\t<a href='https:\/\/www.visit-ulcinj.com\/blog\/wp-content\/uploads\/2011\/03\/Dardan-Koliqi-ne-top-fest-Albania.2.jpg'><img width=\"150\" height=\"150\" src=\"https:\/\/www.visit-ulcinj.com\/blog\/wp-content\/uploads\/2011\/03\/Dardan-Koliqi-ne-top-fest-Albania.2-150x150.jpg\" class=\"attachment-thumbnail size-thumbnail\" alt=\"\" loading=\"lazy\" \/><\/a>\n\t\t\t<\/dt><\/dl><dl class='gallery-item'>\n\t\t\t<dt class='gallery-icon landscape'>\n\t\t\t\t<a href='https:\/\/www.visit-ulcinj.com\/blog\/wp-content\/uploads\/2011\/03\/Dardan-Koliqi-ne-top-fest-Albania.1.jpg'><img width=\"150\" height=\"150\" src=\"https:\/\/www.visit-ulcinj.com\/blog\/wp-content\/uploads\/2011\/03\/Dardan-Koliqi-ne-top-fest-Albania.1-150x150.jpg\" class=\"attachment-thumbnail size-thumbnail\" alt=\"\" loading=\"lazy\" \/><\/a>\n\t\t\t<\/dt><\/dl><br style=\"clear: both\" \/>\n\t\t<\/div>\n<br \/>\n<!--YouTube Error: bad URL entered--><br \/>\n<span style=\"color: #ffffff;\">Amull, Ana Malit, Bojk\u00eb,  Brajshe, bratic\u00eb, Darz\u00eb,Dragaj,Fraskanjell, Kalimani, Katerkoll\u00eb,  Klezna, Kod\u00ebr, Kolonza, Kosiq, kraj\u00eb, Kravari, Kryth\u00eb, Leskovac, Lisna  Bore, Mali i Zi,Megjure\u00e7, Mill\u00eb, Montenegro, Mozhur\u00eb, Ostros, Pistull,  Qurkaj, Rastish, Re\u00e7, Sal\u00e7, Shas, Sh\u00ebngjergj, Shtodh\u00ebr, Shtoji,Sukobin\u00eb,  Sutjell, ulqin, ulqini, Zogaj,Lekperij, Kova\u00e7ej, Dodaj, Priftij, Gjecbritij, Gjenciq, Maxhurej, Hutij,  Lubanijt, Peraj, Demirijt, Bolejt, Vu\u00e7kij, Curajt nelt, Berjashij,  Gjenashej, Markashij, Cukaj, Perashij, Curij pasht, Hardajt, Kanaqi,  Veliqi, Gjyrjani, Sjerci, Ramushje, Kacaj, Runji, Likaj, Hajdarijt,  Lihari, Durakij, Aru\u00e7ij, Tafajt, Subashij, Blaca, Kaleci, Syrliq,  Bardhij, \u00c7obaj, Millajt, Dragoviq,Madgueshi, Brisku pasht, Brisku nelt,  Liarja,<\/span><\/p>\n","protected":false},"excerpt":{"rendered":"<p>Dardan Koliqi ka njoftuar se k\u00ebnga me t\u00eb cil\u00ebn do t\u00eb konkurroj\u00eb &#8221;N\u00eb zem\u00ebr ty t\u00eb ndjej&#8221;\u00a0 \u00ebsht\u00eb punuar me shum v\u00ebmedje nga dhe \u00ebsht\u00eb nj\u00eb k\u00ebng\u00eb me nj\u00eb rit\u00ebm \u2018house\u2019 dhe \u2018RnB\u2019, duke shtuar se p\u00ebr t\u00eb dhe fansat e tij pjes\u00ebmarrja n\u00eb k\u00ebt\u00eb festival ka nj\u00eb r\u00ebnd\u00ebsi t\u00eb madhe. Dardani u shpreh fansave [&hellip;]<\/p>\n","protected":false},"author":1,"featured_media":0,"comment_status":"open","ping_status":"closed","sticky":false,"template":"","format":"standard","meta":{"spay_email":"","jetpack_publicize_message":"","jetpack_is_tweetstorm":false,"jetpack_publicize_feature_enabled":true},"categories":[1],"tags":[17828,17834,17811,17831,17808,17840,17839,17835,17814,17810,17816,17797,17807,3516,17837,17827,17802,17812,17803,17820,17825,17817,17805,17823,17832,17818,17800,17799,17841,17826,15213,17806,17838,17813,17804,17836,1909,17815,17801,17822,17824,17821,17830,17833,17829,17798,17819,17809],"jetpack_publicize_connections":[],"yoast_head":"<!-- This site is optimized with the Yoast SEO plugin v19.1 - https:\/\/yoast.com\/wordpress\/plugins\/seo\/ -->\n<title>Dardan Koliqi n\u00eb Top Fest ALbania - Lajme nga Ulqini<\/title>\n<meta name=\"description\" content=\"Dardan Koliqi ka njoftuar se k\u00ebnga me t\u00eb cil\u00ebn do t\u00eb konkurroj\u00eb &#039;&#039;N\u00eb zem\u00ebr ty t\u00eb ndjej&#039;&#039;\u00a0 \u00ebsht\u00eb punuar me shum v\u00ebmedje nga dhe \u00ebsht\u00eb nj\u00eb k\u00ebng\u00eb me nj\u00eb\" \/>\n<meta name=\"robots\" content=\"index, follow, max-snippet:-1, max-image-preview:large, max-video-preview:-1\" \/>\n<link rel=\"canonical\" href=\"https:\/\/www.visit-ulcinj.com\/blog\/2011\/03\/16\/dardan-koliqi-ne-top-fest-albania\/\" \/>\n<meta property=\"og:locale\" content=\"en_US\" \/>\n<meta property=\"og:type\" content=\"article\" \/>\n<meta property=\"og:title\" content=\"Dardan Koliqi n\u00eb Top Fest ALbania - Lajme nga Ulqini\" \/>\n<meta property=\"og:description\" content=\"Dardan Koliqi ka njoftuar se k\u00ebnga me t\u00eb cil\u00ebn do t\u00eb konkurroj\u00eb &#039;&#039;N\u00eb zem\u00ebr ty t\u00eb ndjej&#039;&#039;\u00a0 \u00ebsht\u00eb punuar me shum v\u00ebmedje nga dhe \u00ebsht\u00eb nj\u00eb k\u00ebng\u00eb me nj\u00eb\" \/>\n<meta property=\"og:url\" content=\"https:\/\/www.visit-ulcinj.com\/blog\/2011\/03\/16\/dardan-koliqi-ne-top-fest-albania\/\" \/>\n<meta property=\"og:site_name\" content=\"Lajme nga Ulqini\" \/>\n<meta property=\"article:published_time\" content=\"2011-03-16T17:29:23+00:00\" \/>\n<meta property=\"article:modified_time\" content=\"2011-03-18T09:19:08+00:00\" \/>\n<meta property=\"og:image\" content=\"https:\/\/www.visit-ulcinj.com\/blog\/wp-content\/uploads\/2011\/03\/Dardan-Koliqi-ne-top-fest-Albania-150x150.jpg\" \/>\n<meta name=\"twitter:label1\" content=\"Written by\" \/>\n\t<meta name=\"twitter:data1\" content=\"ulqini\" \/>\n\t<meta name=\"twitter:label2\" content=\"Est. reading time\" \/>\n\t<meta name=\"twitter:data2\" content=\"2 minutes\" \/>\n<script type=\"application\/ld+json\" class=\"yoast-schema-graph\">{\"@context\":\"https:\/\/schema.org\",\"@graph\":[{\"@type\":\"WebSite\",\"@id\":\"https:\/\/www.visit-ulcinj.com\/blog\/#website\",\"url\":\"https:\/\/www.visit-ulcinj.com\/blog\/\",\"name\":\"Lajme nga Ulqini\",\"description\":\"Lajme,Vijesti,Ulqini,Ulqin,Crna Gora,Mali i Zi\",\"potentialAction\":[{\"@type\":\"SearchAction\",\"target\":{\"@type\":\"EntryPoint\",\"urlTemplate\":\"https:\/\/www.visit-ulcinj.com\/blog\/?s={search_term_string}\"},\"query-input\":\"required name=search_term_string\"}],\"inLanguage\":\"en-US\"},{\"@type\":\"ImageObject\",\"inLanguage\":\"en-US\",\"@id\":\"https:\/\/www.visit-ulcinj.com\/blog\/2011\/03\/16\/dardan-koliqi-ne-top-fest-albania\/#primaryimage\",\"url\":\"https:\/\/www.visit-ulcinj.com\/blog\/wp-content\/uploads\/2011\/03\/Dardan-Koliqi-ne-top-fest-Albania.jpg\",\"contentUrl\":\"https:\/\/www.visit-ulcinj.com\/blog\/wp-content\/uploads\/2011\/03\/Dardan-Koliqi-ne-top-fest-Albania.jpg\",\"width\":\"720\",\"height\":\"540\"},{\"@type\":\"WebPage\",\"@id\":\"https:\/\/www.visit-ulcinj.com\/blog\/2011\/03\/16\/dardan-koliqi-ne-top-fest-albania\/#webpage\",\"url\":\"https:\/\/www.visit-ulcinj.com\/blog\/2011\/03\/16\/dardan-koliqi-ne-top-fest-albania\/\",\"name\":\"Dardan Koliqi n\u00eb Top Fest ALbania - Lajme nga Ulqini\",\"isPartOf\":{\"@id\":\"https:\/\/www.visit-ulcinj.com\/blog\/#website\"},\"primaryImageOfPage\":{\"@id\":\"https:\/\/www.visit-ulcinj.com\/blog\/2011\/03\/16\/dardan-koliqi-ne-top-fest-albania\/#primaryimage\"},\"datePublished\":\"2011-03-16T17:29:23+00:00\",\"dateModified\":\"2011-03-18T09:19:08+00:00\",\"author\":{\"@id\":\"https:\/\/www.visit-ulcinj.com\/blog\/#\/schema\/person\/dcab619c614d3038751c63bc2aadc06d\"},\"description\":\"Dardan Koliqi ka njoftuar se k\u00ebnga me t\u00eb cil\u00ebn do t\u00eb konkurroj\u00eb ''N\u00eb zem\u00ebr ty t\u00eb ndjej''\u00a0 \u00ebsht\u00eb punuar me shum v\u00ebmedje nga dhe \u00ebsht\u00eb nj\u00eb k\u00ebng\u00eb me nj\u00eb\",\"breadcrumb\":{\"@id\":\"https:\/\/www.visit-ulcinj.com\/blog\/2011\/03\/16\/dardan-koliqi-ne-top-fest-albania\/#breadcrumb\"},\"inLanguage\":\"en-US\",\"potentialAction\":[{\"@type\":\"ReadAction\",\"target\":[\"https:\/\/www.visit-ulcinj.com\/blog\/2011\/03\/16\/dardan-koliqi-ne-top-fest-albania\/\"]}]},{\"@type\":\"BreadcrumbList\",\"@id\":\"https:\/\/www.visit-ulcinj.com\/blog\/2011\/03\/16\/dardan-koliqi-ne-top-fest-albania\/#breadcrumb\",\"itemListElement\":[{\"@type\":\"ListItem\",\"position\":1,\"name\":\"Dardan Koliqi n\u00eb Top Fest ALbania\"}]},{\"@type\":\"Person\",\"@id\":\"https:\/\/www.visit-ulcinj.com\/blog\/#\/schema\/person\/dcab619c614d3038751c63bc2aadc06d\",\"name\":\"ulqini\",\"sameAs\":[\"http:\/\/www.visit-ulcinj.com\"],\"url\":\"https:\/\/www.visit-ulcinj.com\/blog\/author\/admin\/\"}]}<\/script>\n<!-- \/ Yoast SEO plugin. -->","yoast_head_json":{"title":"Dardan Koliqi n\u00eb Top Fest ALbania - Lajme nga Ulqini","description":"Dardan Koliqi ka njoftuar se k\u00ebnga me t\u00eb cil\u00ebn do t\u00eb konkurroj\u00eb ''N\u00eb zem\u00ebr ty t\u00eb ndjej''\u00a0 \u00ebsht\u00eb punuar me shum v\u00ebmedje nga dhe \u00ebsht\u00eb nj\u00eb k\u00ebng\u00eb me nj\u00eb","robots":{"index":"index","follow":"follow","max-snippet":"max-snippet:-1","max-image-preview":"max-image-preview:large","max-video-preview":"max-video-preview:-1"},"canonical":"https:\/\/www.visit-ulcinj.com\/blog\/2011\/03\/16\/dardan-koliqi-ne-top-fest-albania\/","og_locale":"en_US","og_type":"article","og_title":"Dardan Koliqi n\u00eb Top Fest ALbania - Lajme nga Ulqini","og_description":"Dardan Koliqi ka njoftuar se k\u00ebnga me t\u00eb cil\u00ebn do t\u00eb konkurroj\u00eb ''N\u00eb zem\u00ebr ty t\u00eb ndjej''\u00a0 \u00ebsht\u00eb punuar me shum v\u00ebmedje nga dhe \u00ebsht\u00eb nj\u00eb k\u00ebng\u00eb me nj\u00eb","og_url":"https:\/\/www.visit-ulcinj.com\/blog\/2011\/03\/16\/dardan-koliqi-ne-top-fest-albania\/","og_site_name":"Lajme nga Ulqini","article_published_time":"2011-03-16T17:29:23+00:00","article_modified_time":"2011-03-18T09:19:08+00:00","og_image":[{"url":"https:\/\/www.visit-ulcinj.com\/blog\/wp-content\/uploads\/2011\/03\/Dardan-Koliqi-ne-top-fest-Albania-150x150.jpg"}],"twitter_misc":{"Written by":"ulqini","Est. reading time":"2 minutes"},"schema":{"@context":"https:\/\/schema.org","@graph":[{"@type":"WebSite","@id":"https:\/\/www.visit-ulcinj.com\/blog\/#website","url":"https:\/\/www.visit-ulcinj.com\/blog\/","name":"Lajme nga Ulqini","description":"Lajme,Vijesti,Ulqini,Ulqin,Crna Gora,Mali i Zi","potentialAction":[{"@type":"SearchAction","target":{"@type":"EntryPoint","urlTemplate":"https:\/\/www.visit-ulcinj.com\/blog\/?s={search_term_string}"},"query-input":"required name=search_term_string"}],"inLanguage":"en-US"},{"@type":"ImageObject","inLanguage":"en-US","@id":"https:\/\/www.visit-ulcinj.com\/blog\/2011\/03\/16\/dardan-koliqi-ne-top-fest-albania\/#primaryimage","url":"https:\/\/www.visit-ulcinj.com\/blog\/wp-content\/uploads\/2011\/03\/Dardan-Koliqi-ne-top-fest-Albania.jpg","contentUrl":"https:\/\/www.visit-ulcinj.com\/blog\/wp-content\/uploads\/2011\/03\/Dardan-Koliqi-ne-top-fest-Albania.jpg","width":"720","height":"540"},{"@type":"WebPage","@id":"https:\/\/www.visit-ulcinj.com\/blog\/2011\/03\/16\/dardan-koliqi-ne-top-fest-albania\/#webpage","url":"https:\/\/www.visit-ulcinj.com\/blog\/2011\/03\/16\/dardan-koliqi-ne-top-fest-albania\/","name":"Dardan Koliqi n\u00eb Top Fest ALbania - Lajme nga Ulqini","isPartOf":{"@id":"https:\/\/www.visit-ulcinj.com\/blog\/#website"},"primaryImageOfPage":{"@id":"https:\/\/www.visit-ulcinj.com\/blog\/2011\/03\/16\/dardan-koliqi-ne-top-fest-albania\/#primaryimage"},"datePublished":"2011-03-16T17:29:23+00:00","dateModified":"2011-03-18T09:19:08+00:00","author":{"@id":"https:\/\/www.visit-ulcinj.com\/blog\/#\/schema\/person\/dcab619c614d3038751c63bc2aadc06d"},"description":"Dardan Koliqi ka njoftuar se k\u00ebnga me t\u00eb cil\u00ebn do t\u00eb konkurroj\u00eb ''N\u00eb zem\u00ebr ty t\u00eb ndjej''\u00a0 \u00ebsht\u00eb punuar me shum v\u00ebmedje nga dhe \u00ebsht\u00eb nj\u00eb k\u00ebng\u00eb me nj\u00eb","breadcrumb":{"@id":"https:\/\/www.visit-ulcinj.com\/blog\/2011\/03\/16\/dardan-koliqi-ne-top-fest-albania\/#breadcrumb"},"inLanguage":"en-US","potentialAction":[{"@type":"ReadAction","target":["https:\/\/www.visit-ulcinj.com\/blog\/2011\/03\/16\/dardan-koliqi-ne-top-fest-albania\/"]}]},{"@type":"BreadcrumbList","@id":"https:\/\/www.visit-ulcinj.com\/blog\/2011\/03\/16\/dardan-koliqi-ne-top-fest-albania\/#breadcrumb","itemListElement":[{"@type":"ListItem","position":1,"name":"Dardan Koliqi n\u00eb Top Fest ALbania"}]},{"@type":"Person","@id":"https:\/\/www.visit-ulcinj.com\/blog\/#\/schema\/person\/dcab619c614d3038751c63bc2aadc06d","name":"ulqini","sameAs":["http:\/\/www.visit-ulcinj.com"],"url":"https:\/\/www.visit-ulcinj.com\/blog\/author\/admin\/"}]}},"jetpack_featured_media_url":"","jetpack_sharing_enabled":true,"jetpack_shortlink":"https:\/\/wp.me\/pe6lTn-bFd","_links":{"self":[{"href":"https:\/\/www.visit-ulcinj.com\/blog\/wp-json\/wp\/v2\/posts\/44839"}],"collection":[{"href":"https:\/\/www.visit-ulcinj.com\/blog\/wp-json\/wp\/v2\/posts"}],"about":[{"href":"https:\/\/www.visit-ulcinj.com\/blog\/wp-json\/wp\/v2\/types\/post"}],"author":[{"embeddable":true,"href":"https:\/\/www.visit-ulcinj.com\/blog\/wp-json\/wp\/v2\/users\/1"}],"replies":[{"embeddable":true,"href":"https:\/\/www.visit-ulcinj.com\/blog\/wp-json\/wp\/v2\/comments?post=44839"}],"version-history":[{"count":0,"href":"https:\/\/www.visit-ulcinj.com\/blog\/wp-json\/wp\/v2\/posts\/44839\/revisions"}],"wp:attachment":[{"href":"https:\/\/www.visit-ulcinj.com\/blog\/wp-json\/wp\/v2\/media?parent=44839"}],"wp:term":[{"taxonomy":"category","embeddable":true,"href":"https:\/\/www.visit-ulcinj.com\/blog\/wp-json\/wp\/v2\/categories?post=44839"},{"taxonomy":"post_tag","embeddable":true,"href":"https:\/\/www.visit-ulcinj.com\/blog\/wp-json\/wp\/v2\/tags?post=44839"}],"curies":[{"name":"wp","href":"https:\/\/api.w.org\/{rel}","templated":true}]}}