{"id":44854,"date":"2011-03-16T19:29:42","date_gmt":"2011-03-16T18:29:42","guid":{"rendered":"http:\/\/www.visit-ulcinj.com\/blog\/?p=44854"},"modified":"2011-03-16T19:36:11","modified_gmt":"2011-03-16T18:36:11","slug":"za-higijenu-u-ulcinju-132-000-eura","status":"publish","type":"post","link":"https:\/\/www.visit-ulcinj.com\/blog\/2011\/03\/16\/za-higijenu-u-ulcinju-132-000-eura\/","title":{"rendered":"Za higijenu u Ulcinju 132.000 eura"},"content":{"rendered":"<p><a href=\"http:\/\/www.visit-ulcinj.com\/blog\/wp-content\/uploads\/2011\/03\/morsko-dobro.gif\"><img loading=\"lazy\" class=\"alignleft size-full wp-image-44855\" title=\"morsko dobro\" src=\"http:\/\/www.visit-ulcinj.com\/blog\/wp-content\/uploads\/2011\/03\/morsko-dobro.gif\" alt=\"\" width=\"276\" height=\"129\" \/><\/a>ULCINJ &#8211; Javno preduze\u0107e za upravljanje morskim dobrom zaklju\u010dilo je sa Javnim komunalnim preduze\u0107em Ulcinja Ugovor o odr\u017eavanju \u010disto\u0107e u zoni morskog dobra na iznos od 131.960,40 eura, uz saglasnost op\u0161tine.<\/p>\n<p>&#8211; Ugovor se odnosi na redovno odr\u017eavanje \u010disto\u0107e na javnim povr\u0161inama u zoni morskog dobra, koje nijesu ustupljene na kori\u0161\u0107enje drugim pravnim i fizi\u010dkim licima &#8211; saop\u0161teno je iz Morskog dobra.<\/p>\n<p>Ugovorom su, u skladu sa ponudom JKP Ulcinj, obuhva\u0107ene sljede\u0107e lokacije: ulica od Velike skele na Maloj pla\u017ei do ugostiteljskog objekta \u201eHollegro\u201c, prema biv\u0161em hotelu \u201eGaleb\u201c, ulica od mosta na Velikoj pla\u017ei do \u010ca\u010danskog odmarali\u0161ta, sa svim parkinzima i pro\u0161irenjima, prostor ispod restorana na Bojani, parking prije mosta i saobra\u0107ajnica i od parkinga do kapije iza mosta.<\/p>\n<p>&#8211; Komunalno odr\u017eavanje obuhvata javno-prometne povr\u0161ine, \u010di\u0161\u0107enje kanala-rigola uz ulicu i trotoare, pranje ulica i odvoz sakupljenog sme\u0107a sa javnih povr\u0161ina, a u pripremi sezone i deponovanog gra\u0111evinskog \u0161uta i drugog otpada. Za nepredvi\u0111ene radove dogovoreno je da se fakturi\u0161u shodno cjenovniku Komunalnog preduze\u0107a &#8211; istakli su iz Morskog dobra.<\/p>\n<p>Za odr\u017eavanje \u010disto\u0107e i komunalnog reda u zale\u0111u Velike pla\u017ee Morsko dobro \u0107e raspisati poseban Javni poziv. Opredijeljena sredstva u iznosu od 30.000 eura odnose se na generalno \u010di\u0161\u0107enje zale\u0111a Velike pla\u017ee u predsezoni i odr\u017eavanje \u010disto\u0107e tokom cijele godine.<br \/>\n<a href=\"http:\/\/www.pobjeda.co.me\/citanje.php?datum=2011-03-15&amp;id=203681\" target=\"_blank\"><strong>A. \u017d.<br \/>\nPobjeda<\/strong><\/a><\/p>\n<!--YouTube Error: bad URL entered-->\n","protected":false},"excerpt":{"rendered":"<p>ULCINJ &#8211; Javno preduze\u0107e za upravljanje morskim dobrom zaklju\u010dilo je sa Javnim komunalnim preduze\u0107em Ulcinja Ugovor o odr\u017eavanju \u010disto\u0107e u zoni morskog dobra na iznos od 131.960,40 eura, uz saglasnost op\u0161tine. &#8211; Ugovor se odnosi na redovno odr\u017eavanje \u010disto\u0107e na javnim povr\u0161inama u zoni morskog dobra, koje nijesu ustupljene na kori\u0161\u0107enje drugim pravnim i fizi\u010dkim [&hellip;]<\/p>\n","protected":false},"author":1,"featured_media":0,"comment_status":"open","ping_status":"closed","sticky":false,"template":"","format":"standard","meta":{"spay_email":"","jetpack_publicize_message":"","jetpack_is_tweetstorm":false,"jetpack_publicize_feature_enabled":true},"categories":[8337],"tags":[17842,19],"jetpack_publicize_connections":[],"yoast_head":"<!-- This site is optimized with the Yoast SEO plugin v19.1 - https:\/\/yoast.com\/wordpress\/plugins\/seo\/ -->\n<title>Za higijenu u Ulcinju 132.000 eura - Lajme nga Ulqini<\/title>\n<meta name=\"description\" content=\"ULCINJ - Javno preduze\u0107e za upravljanje morskim dobrom zaklju\u010dilo je sa Javnim komunalnim preduze\u0107em Ulcinja Ugovor o odr\u017eavanju \u010disto\u0107e u zoni morskog\" \/>\n<meta name=\"robots\" content=\"index, follow, max-snippet:-1, max-image-preview:large, max-video-preview:-1\" \/>\n<link rel=\"canonical\" href=\"https:\/\/www.visit-ulcinj.com\/blog\/2011\/03\/16\/za-higijenu-u-ulcinju-132-000-eura\/\" \/>\n<meta property=\"og:locale\" content=\"en_US\" \/>\n<meta property=\"og:type\" content=\"article\" \/>\n<meta property=\"og:title\" content=\"Za higijenu u Ulcinju 132.000 eura - Lajme nga Ulqini\" \/>\n<meta property=\"og:description\" content=\"ULCINJ - Javno preduze\u0107e za upravljanje morskim dobrom zaklju\u010dilo je sa Javnim komunalnim preduze\u0107em Ulcinja Ugovor o odr\u017eavanju \u010disto\u0107e u zoni morskog\" \/>\n<meta property=\"og:url\" content=\"https:\/\/www.visit-ulcinj.com\/blog\/2011\/03\/16\/za-higijenu-u-ulcinju-132-000-eura\/\" \/>\n<meta property=\"og:site_name\" content=\"Lajme nga Ulqini\" \/>\n<meta property=\"article:published_time\" content=\"2011-03-16T18:29:42+00:00\" \/>\n<meta property=\"article:modified_time\" content=\"2011-03-16T18:36:11+00:00\" \/>\n<meta property=\"og:image\" content=\"http:\/\/www.visit-ulcinj.com\/blog\/wp-content\/uploads\/2011\/03\/morsko-dobro.gif\" \/>\n<meta name=\"twitter:label1\" content=\"Written by\" \/>\n\t<meta name=\"twitter:data1\" content=\"ulqini\" \/>\n\t<meta name=\"twitter:label2\" content=\"Est. reading time\" \/>\n\t<meta name=\"twitter:data2\" content=\"1 minute\" \/>\n<script type=\"application\/ld+json\" class=\"yoast-schema-graph\">{\"@context\":\"https:\/\/schema.org\",\"@graph\":[{\"@type\":\"WebSite\",\"@id\":\"https:\/\/www.visit-ulcinj.com\/blog\/#website\",\"url\":\"https:\/\/www.visit-ulcinj.com\/blog\/\",\"name\":\"Lajme nga Ulqini\",\"description\":\"Lajme,Vijesti,Ulqini,Ulqin,Crna Gora,Mali i Zi\",\"potentialAction\":[{\"@type\":\"SearchAction\",\"target\":{\"@type\":\"EntryPoint\",\"urlTemplate\":\"https:\/\/www.visit-ulcinj.com\/blog\/?s={search_term_string}\"},\"query-input\":\"required name=search_term_string\"}],\"inLanguage\":\"en-US\"},{\"@type\":\"ImageObject\",\"inLanguage\":\"en-US\",\"@id\":\"https:\/\/www.visit-ulcinj.com\/blog\/2011\/03\/16\/za-higijenu-u-ulcinju-132-000-eura\/#primaryimage\",\"url\":\"https:\/\/www.visit-ulcinj.com\/blog\/wp-content\/uploads\/2011\/03\/morsko-dobro.gif\",\"contentUrl\":\"https:\/\/www.visit-ulcinj.com\/blog\/wp-content\/uploads\/2011\/03\/morsko-dobro.gif\",\"width\":\"183\",\"height\":\"86\"},{\"@type\":\"WebPage\",\"@id\":\"https:\/\/www.visit-ulcinj.com\/blog\/2011\/03\/16\/za-higijenu-u-ulcinju-132-000-eura\/#webpage\",\"url\":\"https:\/\/www.visit-ulcinj.com\/blog\/2011\/03\/16\/za-higijenu-u-ulcinju-132-000-eura\/\",\"name\":\"Za higijenu u Ulcinju 132.000 eura - Lajme nga Ulqini\",\"isPartOf\":{\"@id\":\"https:\/\/www.visit-ulcinj.com\/blog\/#website\"},\"primaryImageOfPage\":{\"@id\":\"https:\/\/www.visit-ulcinj.com\/blog\/2011\/03\/16\/za-higijenu-u-ulcinju-132-000-eura\/#primaryimage\"},\"datePublished\":\"2011-03-16T18:29:42+00:00\",\"dateModified\":\"2011-03-16T18:36:11+00:00\",\"author\":{\"@id\":\"https:\/\/www.visit-ulcinj.com\/blog\/#\/schema\/person\/dcab619c614d3038751c63bc2aadc06d\"},\"description\":\"ULCINJ - Javno preduze\u0107e za upravljanje morskim dobrom zaklju\u010dilo je sa Javnim komunalnim preduze\u0107em Ulcinja Ugovor o odr\u017eavanju \u010disto\u0107e u zoni morskog\",\"breadcrumb\":{\"@id\":\"https:\/\/www.visit-ulcinj.com\/blog\/2011\/03\/16\/za-higijenu-u-ulcinju-132-000-eura\/#breadcrumb\"},\"inLanguage\":\"en-US\",\"potentialAction\":[{\"@type\":\"ReadAction\",\"target\":[\"https:\/\/www.visit-ulcinj.com\/blog\/2011\/03\/16\/za-higijenu-u-ulcinju-132-000-eura\/\"]}]},{\"@type\":\"BreadcrumbList\",\"@id\":\"https:\/\/www.visit-ulcinj.com\/blog\/2011\/03\/16\/za-higijenu-u-ulcinju-132-000-eura\/#breadcrumb\",\"itemListElement\":[{\"@type\":\"ListItem\",\"position\":1,\"name\":\"Za higijenu u Ulcinju 132.000 eura\"}]},{\"@type\":\"Person\",\"@id\":\"https:\/\/www.visit-ulcinj.com\/blog\/#\/schema\/person\/dcab619c614d3038751c63bc2aadc06d\",\"name\":\"ulqini\",\"sameAs\":[\"http:\/\/www.visit-ulcinj.com\"],\"url\":\"https:\/\/www.visit-ulcinj.com\/blog\/author\/admin\/\"}]}<\/script>\n<!-- \/ Yoast SEO plugin. -->","yoast_head_json":{"title":"Za higijenu u Ulcinju 132.000 eura - Lajme nga Ulqini","description":"ULCINJ - Javno preduze\u0107e za upravljanje morskim dobrom zaklju\u010dilo je sa Javnim komunalnim preduze\u0107em Ulcinja Ugovor o odr\u017eavanju \u010disto\u0107e u zoni morskog","robots":{"index":"index","follow":"follow","max-snippet":"max-snippet:-1","max-image-preview":"max-image-preview:large","max-video-preview":"max-video-preview:-1"},"canonical":"https:\/\/www.visit-ulcinj.com\/blog\/2011\/03\/16\/za-higijenu-u-ulcinju-132-000-eura\/","og_locale":"en_US","og_type":"article","og_title":"Za higijenu u Ulcinju 132.000 eura - Lajme nga Ulqini","og_description":"ULCINJ - Javno preduze\u0107e za upravljanje morskim dobrom zaklju\u010dilo je sa Javnim komunalnim preduze\u0107em Ulcinja Ugovor o odr\u017eavanju \u010disto\u0107e u zoni morskog","og_url":"https:\/\/www.visit-ulcinj.com\/blog\/2011\/03\/16\/za-higijenu-u-ulcinju-132-000-eura\/","og_site_name":"Lajme nga Ulqini","article_published_time":"2011-03-16T18:29:42+00:00","article_modified_time":"2011-03-16T18:36:11+00:00","og_image":[{"url":"http:\/\/www.visit-ulcinj.com\/blog\/wp-content\/uploads\/2011\/03\/morsko-dobro.gif"}],"twitter_misc":{"Written by":"ulqini","Est. reading time":"1 minute"},"schema":{"@context":"https:\/\/schema.org","@graph":[{"@type":"WebSite","@id":"https:\/\/www.visit-ulcinj.com\/blog\/#website","url":"https:\/\/www.visit-ulcinj.com\/blog\/","name":"Lajme nga Ulqini","description":"Lajme,Vijesti,Ulqini,Ulqin,Crna Gora,Mali i Zi","potentialAction":[{"@type":"SearchAction","target":{"@type":"EntryPoint","urlTemplate":"https:\/\/www.visit-ulcinj.com\/blog\/?s={search_term_string}"},"query-input":"required name=search_term_string"}],"inLanguage":"en-US"},{"@type":"ImageObject","inLanguage":"en-US","@id":"https:\/\/www.visit-ulcinj.com\/blog\/2011\/03\/16\/za-higijenu-u-ulcinju-132-000-eura\/#primaryimage","url":"https:\/\/www.visit-ulcinj.com\/blog\/wp-content\/uploads\/2011\/03\/morsko-dobro.gif","contentUrl":"https:\/\/www.visit-ulcinj.com\/blog\/wp-content\/uploads\/2011\/03\/morsko-dobro.gif","width":"183","height":"86"},{"@type":"WebPage","@id":"https:\/\/www.visit-ulcinj.com\/blog\/2011\/03\/16\/za-higijenu-u-ulcinju-132-000-eura\/#webpage","url":"https:\/\/www.visit-ulcinj.com\/blog\/2011\/03\/16\/za-higijenu-u-ulcinju-132-000-eura\/","name":"Za higijenu u Ulcinju 132.000 eura - Lajme nga Ulqini","isPartOf":{"@id":"https:\/\/www.visit-ulcinj.com\/blog\/#website"},"primaryImageOfPage":{"@id":"https:\/\/www.visit-ulcinj.com\/blog\/2011\/03\/16\/za-higijenu-u-ulcinju-132-000-eura\/#primaryimage"},"datePublished":"2011-03-16T18:29:42+00:00","dateModified":"2011-03-16T18:36:11+00:00","author":{"@id":"https:\/\/www.visit-ulcinj.com\/blog\/#\/schema\/person\/dcab619c614d3038751c63bc2aadc06d"},"description":"ULCINJ - Javno preduze\u0107e za upravljanje morskim dobrom zaklju\u010dilo je sa Javnim komunalnim preduze\u0107em Ulcinja Ugovor o odr\u017eavanju \u010disto\u0107e u zoni morskog","breadcrumb":{"@id":"https:\/\/www.visit-ulcinj.com\/blog\/2011\/03\/16\/za-higijenu-u-ulcinju-132-000-eura\/#breadcrumb"},"inLanguage":"en-US","potentialAction":[{"@type":"ReadAction","target":["https:\/\/www.visit-ulcinj.com\/blog\/2011\/03\/16\/za-higijenu-u-ulcinju-132-000-eura\/"]}]},{"@type":"BreadcrumbList","@id":"https:\/\/www.visit-ulcinj.com\/blog\/2011\/03\/16\/za-higijenu-u-ulcinju-132-000-eura\/#breadcrumb","itemListElement":[{"@type":"ListItem","position":1,"name":"Za higijenu u Ulcinju 132.000 eura"}]},{"@type":"Person","@id":"https:\/\/www.visit-ulcinj.com\/blog\/#\/schema\/person\/dcab619c614d3038751c63bc2aadc06d","name":"ulqini","sameAs":["http:\/\/www.visit-ulcinj.com"],"url":"https:\/\/www.visit-ulcinj.com\/blog\/author\/admin\/"}]}},"jetpack_featured_media_url":"","jetpack_sharing_enabled":true,"jetpack_shortlink":"https:\/\/wp.me\/pe6lTn-bFs","_links":{"self":[{"href":"https:\/\/www.visit-ulcinj.com\/blog\/wp-json\/wp\/v2\/posts\/44854"}],"collection":[{"href":"https:\/\/www.visit-ulcinj.com\/blog\/wp-json\/wp\/v2\/posts"}],"about":[{"href":"https:\/\/www.visit-ulcinj.com\/blog\/wp-json\/wp\/v2\/types\/post"}],"author":[{"embeddable":true,"href":"https:\/\/www.visit-ulcinj.com\/blog\/wp-json\/wp\/v2\/users\/1"}],"replies":[{"embeddable":true,"href":"https:\/\/www.visit-ulcinj.com\/blog\/wp-json\/wp\/v2\/comments?post=44854"}],"version-history":[{"count":0,"href":"https:\/\/www.visit-ulcinj.com\/blog\/wp-json\/wp\/v2\/posts\/44854\/revisions"}],"wp:attachment":[{"href":"https:\/\/www.visit-ulcinj.com\/blog\/wp-json\/wp\/v2\/media?parent=44854"}],"wp:term":[{"taxonomy":"category","embeddable":true,"href":"https:\/\/www.visit-ulcinj.com\/blog\/wp-json\/wp\/v2\/categories?post=44854"},{"taxonomy":"post_tag","embeddable":true,"href":"https:\/\/www.visit-ulcinj.com\/blog\/wp-json\/wp\/v2\/tags?post=44854"}],"curies":[{"name":"wp","href":"https:\/\/api.w.org\/{rel}","templated":true}]}}