{"id":44871,"date":"2011-03-17T13:19:58","date_gmt":"2011-03-17T12:19:58","guid":{"rendered":"http:\/\/www.visit-ulcinj.com\/blog\/?p=44871"},"modified":"2011-03-17T13:21:21","modified_gmt":"2011-03-17T12:21:21","slug":"zemljotres-na-granici-crne-gore-i-albanije","status":"publish","type":"post","link":"https:\/\/www.visit-ulcinj.com\/blog\/2011\/03\/17\/zemljotres-na-granici-crne-gore-i-albanije\/","title":{"rendered":"Zemljotres na granici Crne Gore i Albanije"},"content":{"rendered":"<p><a href=\"http:\/\/www.visit-ulcinj.com\/blog\/wp-content\/uploads\/2011\/03\/ZEMLJOTRES.jpg\"><img loading=\"lazy\" class=\"alignleft size-full wp-image-44872\" title=\"ZEMLJOTRES\" src=\"http:\/\/www.visit-ulcinj.com\/blog\/wp-content\/uploads\/2011\/03\/ZEMLJOTRES.jpg\" alt=\"\" width=\"508\" height=\"301\" \/><\/a>Seizmolo\u0161ki zavod Crne Gore registrovao je sino\u0107 u 22 sata i 52 minuta zemljotres umjerene ja\u010dine sa epicentrom 20 kilometara jugoisto\u010dno od Podgorice u Albaniji.<\/p>\n<p>Ja\u010dina zemljotresa u hipocentru iznosila je 3.7 jedinica Rihterove skale, \u0161to odgovara epicentralnom intenzitetu od pet stepeni Merkalijeve skale.<\/p>\n<p>\u017dari\u0161te ovog zemljotresa locirano je na dubini od 15 kilometara<\/p>\n<p>Iz Seizmolo\u0161kog zavoda su naveli da zemljotres nije mogao izazvati materijalne \u0161tete u epicentralnom podru\u010dju.<strong>MINA<\/strong><\/p>\n<p><strong><br \/>\n<\/strong><\/p>\n<p><a href=\"http:\/\/www.vijesti.me\/vijesti\/zemljotres-granici-crne-gore-albanije-clanak-11163\" target=\"_blank\"><strong>Vijesti<\/strong><\/a><\/p>\n","protected":false},"excerpt":{"rendered":"<p>Seizmolo\u0161ki zavod Crne Gore registrovao je sino\u0107 u 22 sata i 52 minuta zemljotres umjerene ja\u010dine sa epicentrom 20 kilometara jugoisto\u010dno od Podgorice u Albaniji. Ja\u010dina zemljotresa u hipocentru iznosila je 3.7 jedinica Rihterove skale, \u0161to odgovara epicentralnom intenzitetu od pet stepeni Merkalijeve skale. \u017dari\u0161te ovog zemljotresa locirano je na dubini od 15 kilometara Iz [&hellip;]<\/p>\n","protected":false},"author":1,"featured_media":0,"comment_status":"open","ping_status":"closed","sticky":false,"template":"","format":"standard","meta":{"spay_email":"","jetpack_publicize_message":"","jetpack_is_tweetstorm":false,"jetpack_publicize_feature_enabled":true},"categories":[8337],"tags":[12252],"jetpack_publicize_connections":[],"yoast_head":"<!-- This site is optimized with the Yoast SEO plugin v19.1 - https:\/\/yoast.com\/wordpress\/plugins\/seo\/ -->\n<title>Zemljotres na granici Crne Gore i Albanije - Lajme nga Ulqini<\/title>\n<meta name=\"description\" content=\"Seizmolo\u0161ki zavod Crne Gore registrovao je sino\u0107 u 22 sata i 52 minuta zemljotres umjerene ja\u010dine sa epicentrom 20 kilometara jugoisto\u010dno od Podgorice u\" \/>\n<meta name=\"robots\" content=\"index, follow, max-snippet:-1, max-image-preview:large, max-video-preview:-1\" \/>\n<link rel=\"canonical\" href=\"https:\/\/www.visit-ulcinj.com\/blog\/2011\/03\/17\/zemljotres-na-granici-crne-gore-i-albanije\/\" \/>\n<meta property=\"og:locale\" content=\"en_US\" \/>\n<meta property=\"og:type\" content=\"article\" \/>\n<meta property=\"og:title\" content=\"Zemljotres na granici Crne Gore i Albanije - Lajme nga Ulqini\" \/>\n<meta property=\"og:description\" content=\"Seizmolo\u0161ki zavod Crne Gore registrovao je sino\u0107 u 22 sata i 52 minuta zemljotres umjerene ja\u010dine sa epicentrom 20 kilometara jugoisto\u010dno od Podgorice u\" \/>\n<meta property=\"og:url\" content=\"https:\/\/www.visit-ulcinj.com\/blog\/2011\/03\/17\/zemljotres-na-granici-crne-gore-i-albanije\/\" \/>\n<meta property=\"og:site_name\" content=\"Lajme nga Ulqini\" \/>\n<meta property=\"article:published_time\" content=\"2011-03-17T12:19:58+00:00\" \/>\n<meta property=\"article:modified_time\" content=\"2011-03-17T12:21:21+00:00\" \/>\n<meta property=\"og:image\" content=\"http:\/\/www.visit-ulcinj.com\/blog\/wp-content\/uploads\/2011\/03\/ZEMLJOTRES.jpg\" \/>\n<meta name=\"twitter:label1\" content=\"Written by\" \/>\n\t<meta name=\"twitter:data1\" content=\"ulqini\" \/>\n<script type=\"application\/ld+json\" class=\"yoast-schema-graph\">{\"@context\":\"https:\/\/schema.org\",\"@graph\":[{\"@type\":\"WebSite\",\"@id\":\"https:\/\/www.visit-ulcinj.com\/blog\/#website\",\"url\":\"https:\/\/www.visit-ulcinj.com\/blog\/\",\"name\":\"Lajme nga Ulqini\",\"description\":\"Lajme,Vijesti,Ulqini,Ulqin,Crna Gora,Mali i Zi\",\"potentialAction\":[{\"@type\":\"SearchAction\",\"target\":{\"@type\":\"EntryPoint\",\"urlTemplate\":\"https:\/\/www.visit-ulcinj.com\/blog\/?s={search_term_string}\"},\"query-input\":\"required name=search_term_string\"}],\"inLanguage\":\"en-US\"},{\"@type\":\"ImageObject\",\"inLanguage\":\"en-US\",\"@id\":\"https:\/\/www.visit-ulcinj.com\/blog\/2011\/03\/17\/zemljotres-na-granici-crne-gore-i-albanije\/#primaryimage\",\"url\":\"https:\/\/www.visit-ulcinj.com\/blog\/wp-content\/uploads\/2011\/03\/ZEMLJOTRES.jpg\",\"contentUrl\":\"https:\/\/www.visit-ulcinj.com\/blog\/wp-content\/uploads\/2011\/03\/ZEMLJOTRES.jpg\",\"width\":\"544\",\"height\":\"301\"},{\"@type\":\"WebPage\",\"@id\":\"https:\/\/www.visit-ulcinj.com\/blog\/2011\/03\/17\/zemljotres-na-granici-crne-gore-i-albanije\/#webpage\",\"url\":\"https:\/\/www.visit-ulcinj.com\/blog\/2011\/03\/17\/zemljotres-na-granici-crne-gore-i-albanije\/\",\"name\":\"Zemljotres na granici Crne Gore i Albanije - Lajme nga Ulqini\",\"isPartOf\":{\"@id\":\"https:\/\/www.visit-ulcinj.com\/blog\/#website\"},\"primaryImageOfPage\":{\"@id\":\"https:\/\/www.visit-ulcinj.com\/blog\/2011\/03\/17\/zemljotres-na-granici-crne-gore-i-albanije\/#primaryimage\"},\"datePublished\":\"2011-03-17T12:19:58+00:00\",\"dateModified\":\"2011-03-17T12:21:21+00:00\",\"author\":{\"@id\":\"https:\/\/www.visit-ulcinj.com\/blog\/#\/schema\/person\/dcab619c614d3038751c63bc2aadc06d\"},\"description\":\"Seizmolo\u0161ki zavod Crne Gore registrovao je sino\u0107 u 22 sata i 52 minuta zemljotres umjerene ja\u010dine sa epicentrom 20 kilometara jugoisto\u010dno od Podgorice u\",\"breadcrumb\":{\"@id\":\"https:\/\/www.visit-ulcinj.com\/blog\/2011\/03\/17\/zemljotres-na-granici-crne-gore-i-albanije\/#breadcrumb\"},\"inLanguage\":\"en-US\",\"potentialAction\":[{\"@type\":\"ReadAction\",\"target\":[\"https:\/\/www.visit-ulcinj.com\/blog\/2011\/03\/17\/zemljotres-na-granici-crne-gore-i-albanije\/\"]}]},{\"@type\":\"BreadcrumbList\",\"@id\":\"https:\/\/www.visit-ulcinj.com\/blog\/2011\/03\/17\/zemljotres-na-granici-crne-gore-i-albanije\/#breadcrumb\",\"itemListElement\":[{\"@type\":\"ListItem\",\"position\":1,\"name\":\"Zemljotres na granici Crne Gore i Albanije\"}]},{\"@type\":\"Person\",\"@id\":\"https:\/\/www.visit-ulcinj.com\/blog\/#\/schema\/person\/dcab619c614d3038751c63bc2aadc06d\",\"name\":\"ulqini\",\"sameAs\":[\"http:\/\/www.visit-ulcinj.com\"],\"url\":\"https:\/\/www.visit-ulcinj.com\/blog\/author\/admin\/\"}]}<\/script>\n<!-- \/ Yoast SEO plugin. -->","yoast_head_json":{"title":"Zemljotres na granici Crne Gore i Albanije - Lajme nga Ulqini","description":"Seizmolo\u0161ki zavod Crne Gore registrovao je sino\u0107 u 22 sata i 52 minuta zemljotres umjerene ja\u010dine sa epicentrom 20 kilometara jugoisto\u010dno od Podgorice u","robots":{"index":"index","follow":"follow","max-snippet":"max-snippet:-1","max-image-preview":"max-image-preview:large","max-video-preview":"max-video-preview:-1"},"canonical":"https:\/\/www.visit-ulcinj.com\/blog\/2011\/03\/17\/zemljotres-na-granici-crne-gore-i-albanije\/","og_locale":"en_US","og_type":"article","og_title":"Zemljotres na granici Crne Gore i Albanije - Lajme nga Ulqini","og_description":"Seizmolo\u0161ki zavod Crne Gore registrovao je sino\u0107 u 22 sata i 52 minuta zemljotres umjerene ja\u010dine sa epicentrom 20 kilometara jugoisto\u010dno od Podgorice u","og_url":"https:\/\/www.visit-ulcinj.com\/blog\/2011\/03\/17\/zemljotres-na-granici-crne-gore-i-albanije\/","og_site_name":"Lajme nga Ulqini","article_published_time":"2011-03-17T12:19:58+00:00","article_modified_time":"2011-03-17T12:21:21+00:00","og_image":[{"url":"http:\/\/www.visit-ulcinj.com\/blog\/wp-content\/uploads\/2011\/03\/ZEMLJOTRES.jpg"}],"twitter_misc":{"Written by":"ulqini"},"schema":{"@context":"https:\/\/schema.org","@graph":[{"@type":"WebSite","@id":"https:\/\/www.visit-ulcinj.com\/blog\/#website","url":"https:\/\/www.visit-ulcinj.com\/blog\/","name":"Lajme nga Ulqini","description":"Lajme,Vijesti,Ulqini,Ulqin,Crna Gora,Mali i Zi","potentialAction":[{"@type":"SearchAction","target":{"@type":"EntryPoint","urlTemplate":"https:\/\/www.visit-ulcinj.com\/blog\/?s={search_term_string}"},"query-input":"required name=search_term_string"}],"inLanguage":"en-US"},{"@type":"ImageObject","inLanguage":"en-US","@id":"https:\/\/www.visit-ulcinj.com\/blog\/2011\/03\/17\/zemljotres-na-granici-crne-gore-i-albanije\/#primaryimage","url":"https:\/\/www.visit-ulcinj.com\/blog\/wp-content\/uploads\/2011\/03\/ZEMLJOTRES.jpg","contentUrl":"https:\/\/www.visit-ulcinj.com\/blog\/wp-content\/uploads\/2011\/03\/ZEMLJOTRES.jpg","width":"544","height":"301"},{"@type":"WebPage","@id":"https:\/\/www.visit-ulcinj.com\/blog\/2011\/03\/17\/zemljotres-na-granici-crne-gore-i-albanije\/#webpage","url":"https:\/\/www.visit-ulcinj.com\/blog\/2011\/03\/17\/zemljotres-na-granici-crne-gore-i-albanije\/","name":"Zemljotres na granici Crne Gore i Albanije - Lajme nga Ulqini","isPartOf":{"@id":"https:\/\/www.visit-ulcinj.com\/blog\/#website"},"primaryImageOfPage":{"@id":"https:\/\/www.visit-ulcinj.com\/blog\/2011\/03\/17\/zemljotres-na-granici-crne-gore-i-albanije\/#primaryimage"},"datePublished":"2011-03-17T12:19:58+00:00","dateModified":"2011-03-17T12:21:21+00:00","author":{"@id":"https:\/\/www.visit-ulcinj.com\/blog\/#\/schema\/person\/dcab619c614d3038751c63bc2aadc06d"},"description":"Seizmolo\u0161ki zavod Crne Gore registrovao je sino\u0107 u 22 sata i 52 minuta zemljotres umjerene ja\u010dine sa epicentrom 20 kilometara jugoisto\u010dno od Podgorice u","breadcrumb":{"@id":"https:\/\/www.visit-ulcinj.com\/blog\/2011\/03\/17\/zemljotres-na-granici-crne-gore-i-albanije\/#breadcrumb"},"inLanguage":"en-US","potentialAction":[{"@type":"ReadAction","target":["https:\/\/www.visit-ulcinj.com\/blog\/2011\/03\/17\/zemljotres-na-granici-crne-gore-i-albanije\/"]}]},{"@type":"BreadcrumbList","@id":"https:\/\/www.visit-ulcinj.com\/blog\/2011\/03\/17\/zemljotres-na-granici-crne-gore-i-albanije\/#breadcrumb","itemListElement":[{"@type":"ListItem","position":1,"name":"Zemljotres na granici Crne Gore i Albanije"}]},{"@type":"Person","@id":"https:\/\/www.visit-ulcinj.com\/blog\/#\/schema\/person\/dcab619c614d3038751c63bc2aadc06d","name":"ulqini","sameAs":["http:\/\/www.visit-ulcinj.com"],"url":"https:\/\/www.visit-ulcinj.com\/blog\/author\/admin\/"}]}},"jetpack_featured_media_url":"","jetpack_sharing_enabled":true,"jetpack_shortlink":"https:\/\/wp.me\/pe6lTn-bFJ","_links":{"self":[{"href":"https:\/\/www.visit-ulcinj.com\/blog\/wp-json\/wp\/v2\/posts\/44871"}],"collection":[{"href":"https:\/\/www.visit-ulcinj.com\/blog\/wp-json\/wp\/v2\/posts"}],"about":[{"href":"https:\/\/www.visit-ulcinj.com\/blog\/wp-json\/wp\/v2\/types\/post"}],"author":[{"embeddable":true,"href":"https:\/\/www.visit-ulcinj.com\/blog\/wp-json\/wp\/v2\/users\/1"}],"replies":[{"embeddable":true,"href":"https:\/\/www.visit-ulcinj.com\/blog\/wp-json\/wp\/v2\/comments?post=44871"}],"version-history":[{"count":0,"href":"https:\/\/www.visit-ulcinj.com\/blog\/wp-json\/wp\/v2\/posts\/44871\/revisions"}],"wp:attachment":[{"href":"https:\/\/www.visit-ulcinj.com\/blog\/wp-json\/wp\/v2\/media?parent=44871"}],"wp:term":[{"taxonomy":"category","embeddable":true,"href":"https:\/\/www.visit-ulcinj.com\/blog\/wp-json\/wp\/v2\/categories?post=44871"},{"taxonomy":"post_tag","embeddable":true,"href":"https:\/\/www.visit-ulcinj.com\/blog\/wp-json\/wp\/v2\/tags?post=44871"}],"curies":[{"name":"wp","href":"https:\/\/api.w.org\/{rel}","templated":true}]}}