{"id":44885,"date":"2011-03-18T10:09:32","date_gmt":"2011-03-18T09:09:32","guid":{"rendered":"http:\/\/www.visit-ulcinj.com\/blog\/?p=44885"},"modified":"2011-10-28T12:40:04","modified_gmt":"2011-10-28T11:40:04","slug":"ndihmoni-femijet-me-aftesi-te-kufizuara-ne-ane-te-malit","status":"publish","type":"post","link":"https:\/\/www.visit-ulcinj.com\/blog\/2011\/03\/18\/ndihmoni-femijet-me-aftesi-te-kufizuara-ne-ane-te-malit\/","title":{"rendered":"Ndihmoni f\u00ebmij\u00ebt me aft\u00ebsi t\u00eb kufizuara n\u00eb An\u00eb t\u00eb Malit!"},"content":{"rendered":"<p><strong><a href=\"http:\/\/www.visit-ulcinj.com\/blog\/2011\/03\/18\/ndihmoni-femijet-me-aftesi-te-kufizuara-ne-ane-te-malit\/ylber-shprese\/\" rel=\"attachment wp-att-52357\"><img loading=\"lazy\" class=\"alignleft size-large wp-image-52357\" title=\"YLBER SHPRESE\" src=\"http:\/\/www.visit-ulcinj.com\/blog\/wp-content\/uploads\/2011\/03\/YLBER-SHPRESE-979x1024.jpg\" alt=\"\" width=\"340\" height=\"340\" \/><\/a>NDIHMONI F\u00cbMIJ\u00cbT ME AFT\u00cbSI T\u00cb KUFIZUARA!<\/strong><\/p>\n<p>Duan t\u00eb ndihen t\u00eb barabart\u00eb si t\u00eb gjith\u00eb f\u00ebmij\u00ebt e tjer\u00eb, ndon\u00ebse shoq\u00ebria i trajton si t\u00eb ndrysh\u00ebm. Duan t\u00eb k\u00ebdojn\u00eb, t\u00eb k\u00ebrcejn\u00eb, t\u00eb vizatojn\u00eb dhe b\u00ebjn\u00eb cdo gj\u00eb q\u00eb mund t`i arg\u00ebtoj\u00eb, por ajo \u00e7ka duan m\u00eb shum\u00eb \u00ebshte vemendja ndaj tyre!<\/p>\n<p>B\u00ebhet fjal p\u00ebr F\u00cbMIJ\u00cbT ME AFT\u00cbSI T\u00cb KUFIZUARA, pran\u00eb qendr\u00ebs OJQ ,,YLBER SHPRESE&#8221; n\u00eb Kat\u00ebrkoll\u00eb. Kjo qend\u00ebr \u00ebsht\u00eb hapur para pak\u00eb koh\u00ebsh me iniciativ\u00ebn e z. Indira Zaga dhe p\u00ebr momentin vepron si OJQ, me nj\u00eb program t\u00eb posa\u00e7\u00ebm p\u00ebr t\u00eb ndihmuar f\u00ebmij\u00ebt me aft\u00ebsi t\u00eb kufizuara. P\u00ebrve\u00e7 ndihm\u00ebs s\u00eb pakurrsyer t\u00eb familjes Zaga dhe prind\u00ebrve t\u00eb f\u00ebmij\u00ebve, programi p\u00ebrmes OJQ-s\u00eb Horizonti i Ri ka marr\u00eb edhe nj\u00eb grant nga Sllovakia Aid me vler\u00eb prej 160 euro n\u00eb muaj, n\u00eb nj\u00eb afat 6 mujor, i cili mbaron n\u00eb prill 2011.<\/p>\n<p><strong>Prandaj :<\/strong><\/p>\n<p>\u2022 duke marre parasysh v\u00ebshtir\u00ebsit ekonomike t\u00eb familjeve p\u00ebr t\u00eb plot\u00ebsuar nevojat baz\u00eb t\u00eb f\u00ebmij\u00ebve me aft\u00ebsi t\u00eb kufizuara dhe<\/p>\n<p>\u2022 nevoj\u00ebn e transformimit t\u00eb programit nga niveli i funsionimit si OJQ, n\u00eb ate institucionale edukativo-arsimore<\/p>\n<p>Bordi i shoqat\u00ebs ,,Ana e Malit&#8221; n\u00eb mbledhjen e fundit ka themeluar K\u00ebshillin e Ve\u00e7ant p\u00ebr t\u00eb ndihmuar F\u00cbMIJ\u00cbT ME NEVOJA T\u00cb KUFIZUARA, i cili n\u00eb plan programin e tij t\u00eb pun\u00ebs afat\u00ebshkurte do t\u00eb ket\u00eb k\u00ebto prioritete:<\/p>\n<p>\u2022 t\u00eb ndihmoj\u00eb me mjete financiare programin ekzistues t\u00eb OJQ &#8221; YLBER SHPRESE&#8221;q\u00eb t\u00eb funksionoj\u00eb n\u00eb m\u00ebnyr\u00eb sa m\u00eb optimale<\/p>\n<p>\u2022 t\u00eb ndihmoj n\u00eb procesin e regjistrimt t\u00eb shkoll\u00ebs pran institucioneve relevante n\u00eb Mal t\u00eb Zi<\/p>\n<p>\u2022 t\u00eb promovohet gjendja dhe nevoja e k\u00ebsaj shkolle pran\u00eb organizatave nd\u00ebrkomb\u00ebtare t\u00eb cilat ndajn\u00eb fonde p\u00ebr projekte t\u00eb k\u00ebsaj natyre<\/p>\n<p>\u2022 t\u00eb punohet n\u00eb krijimin e bashk\u00ebpunimit m\u00eb institucione si-motra nd\u00ebrkomb\u00ebtare p\u00ebr t\u00eb avancuar konceptin dhe metodologjine e pun\u00ebs, p\u00ebrmest teksteve, ligjiratave, prezantimeve, etj, etj&#8230;.<\/p>\n<p>Duke marr\u00eb parasyshe se p\u00ebr realizimin e prioriteteve, duhet t\u00eb nisim me baz\u00ebn financiare, shoqata e ka themeluar Fondin e Ve\u00e7ant p\u00ebr k\u00ebt\u00eb q\u00ebllim, prandaj apelojm\u00eb<\/p>\n<p>T\u00cb GJITH\u00cb BASHK\u00cbATDHETAR\u00cbT KUDO Q\u00cb JAN\u00cb N\u00cb VENDLINDJE APO N\u00cb DIASPOR\u00cb T`I HAPIN ZEMRAT E TYRE DHE TI NDIHMOJN\u00cb K\u00cbTO F\u00cbMIJ\u00cb,<\/p>\n<p>SIKUR T\u00cb KISHIN MUND\u00cbSI ATO GJITHESESI DO T`JU KISHIN TH\u00cbN\u00cb:<\/p>\n<p>&#8220;Jemi edhe ne,rrini pran\u00eb dhe besoni se vlejm\u00eb sa \u00e7do f\u00ebmij\u00eb tjet\u00ebr i k\u00ebsaj bote, edhe pse mundet q\u00eb dukemi ndryshe!<\/p>\n<p>T\u00eb gjith\u00eb t\u00eb interesuarit munden t\u00eb kontribojn\u00eb:<\/p>\n<p>\u2022 me kredit kart ose PayPal<\/p>\n<form action=\"https:\/\/www.paypal.com\/cgi-bin\/webscr\" method=\"post\"><input type=\"hidden\" name=\"cmd\" value=\"_s-xclick\" \/> <input type=\"hidden\" name=\"hosted_button_id\" value=\"6E56U2US89UC6\" \/> <input type=\"image\" name=\"submit\" src=\"https:\/\/www.paypalobjects.com\/WEBSCR-640-20110306-1\/en_US\/i\/btn\/btn_donateCC_LG.gif\" alt=\"PayPal - The safer, easier way to pay online!\" \/> <img loading=\"lazy\" src=\"https:\/\/www.paypalobjects.com\/WEBSCR-640-20110306-1\/en_US\/i\/scr\/pixel.gif\" alt=\"\" width=\"1\" height=\"1\" border=\"0\" \/><\/form>\n<p>\u2022 d\u00ebrgo donacionin n\u00eb adres\u00eb t\u00eb shoqat\u00ebs 112 Victory Blvd, Staten Island, NY 10301<\/p>\n<p>\u2022 ose kontaktoni p\u00ebr informata antar\u00ebt e K\u00ebshillit:<\/p>\n<h2><a href=\"http:\/\/anaemalit.com\/jetomemua\/donatoret.html\">Lista e donatorve<\/a><\/h2>\n<p><strong><br \/>\nMaida Llolla (347) 989-6087<a href=\"mailto:maida19@hotmail.com\"> e-mail<\/a><\/strong><\/p>\n<p><strong>Sulltana Gjeka (917) 476-3422 <a href=\"mailto:s_gjeka@hotmail.com\">e-mail<\/a><\/strong><\/p>\n<p><strong>Medina Zaga (917) 295-0008 <a href=\"mailto:dinaz04@aol.com\">e-mail<\/a><\/strong><\/p>\n<p><strong>Ismet Kurti (347) 723-5016 <a href=\"mailto:super@205e59.com\">e-mail<\/a><\/strong><\/p>\n<p><strong>Januz Osmani (917) 497-9278 <a href=\"mailto:jslosmani@gmail.com\">e-mail<\/a><\/strong><br \/>\n<!--YouTube Error: bad URL entered--><br \/>\n<span style=\"color: #ffffff;\">Amull, ana malit, Aru\u00e7ij, Bardhij, Berjashij, Blaca, Bojk\u00eb, Bolejt, Brajshe, bratic\u00eb, Brisku nelt, Brisku pasht, \u00c7obaj, Cukaj, Curajt nelt, Curij pasht, Darz\u00eb, Demirijt, Dodaj, Dragaj, Dragoviq, Durakij, Fraskanjell, Gjecbritij, Gjenashej, Gjenciq, Gjyrjani, Hajdarijt, Hardajt, Hutij, Kacaj, Kaleci, Kalimani, Kanaqi, katerkoll\u00eb, Klezna, Kod\u00ebr, Kolonza, Kosiq, Kova\u00e7ej, Kraj\u00eb, Kravari, Kryth\u00eb, Lekperij, Leskovac, Liarja, Lihari, Likaj, Lisna Bore, Lubanijt, Madgueshi, Mali i Zi, Markashij, Maxhurej, Megjure\u00e7, Millajt, Mill\u00eb, Montenegro, Mozhur\u00eb, ostros, peraj, Perashij, Pistull, Priftij, Qurkaj, Ramushje, Rastish, Re\u00e7, Runji, Sal\u00e7, Shas, Sh\u00ebngjergj, Shtodh\u00ebr, Shtoji, Sjerci, Subashij, Sukobin\u00eb, Sutjell, Syrliq, Tafajt, ulqin, ulqini, Veliqi, Vu\u00e7kij, Zogaj<\/span><\/p>\n","protected":false},"excerpt":{"rendered":"<p>NDIHMONI F\u00cbMIJ\u00cbT ME AFT\u00cbSI T\u00cb KUFIZUARA! Duan t\u00eb ndihen t\u00eb barabart\u00eb si t\u00eb gjith\u00eb f\u00ebmij\u00ebt e tjer\u00eb, ndon\u00ebse shoq\u00ebria i trajton si t\u00eb ndrysh\u00ebm. Duan t\u00eb k\u00ebdojn\u00eb, t\u00eb k\u00ebrcejn\u00eb, t\u00eb vizatojn\u00eb dhe b\u00ebjn\u00eb cdo gj\u00eb q\u00eb mund t`i arg\u00ebtoj\u00eb, por ajo \u00e7ka duan m\u00eb shum\u00eb \u00ebshte vemendja ndaj tyre! B\u00ebhet fjal p\u00ebr F\u00cbMIJ\u00cbT ME AFT\u00cbSI [&hellip;]<\/p>\n","protected":false},"author":1,"featured_media":0,"comment_status":"open","ping_status":"closed","sticky":false,"template":"","format":"standard","meta":{"spay_email":"","jetpack_publicize_message":"","jetpack_is_tweetstorm":false,"jetpack_publicize_feature_enabled":true},"categories":[1],"tags":[14351,212,17828,17834,17811,17831,14353,17808,14354,12340,17840,17839,17835,17814,17810,17816,17071,17807,3516,14652,17837,17827,14358,17802,17812,17803,17820,17825,17817,17805,17823,17832,3506,17818,214,17680,14362,14363,3507,17800,498,3500,14364,17799,3327,17841,17826,15213,3512,17806,17838,95,17813,17804,15141,17836,14366,79,17073,1653,1909,17815,14367,17801,14663,17822,14368,14369,17824,14370,2083,14371,14372,17844,17821,17830,17077,14375,17833,17829,200,18,17819,17809,14376],"jetpack_publicize_connections":[],"yoast_head":"<!-- This site is optimized with the Yoast SEO plugin v19.1 - https:\/\/yoast.com\/wordpress\/plugins\/seo\/ -->\n<title>Ndihmoni f\u00ebmij\u00ebt me aft\u00ebsi t\u00eb kufizuara n\u00eb An\u00eb t\u00eb Malit! - Lajme nga Ulqini<\/title>\n<meta name=\"description\" content=\"NDIHMONI F\u00cbMIJ\u00cbT ME AFT\u00cbSI T\u00cb KUFIZUARA! Duan t\u00eb ndihen t\u00eb barabart\u00eb si t\u00eb gjith\u00eb f\u00ebmij\u00ebt e tjer\u00eb, ndon\u00ebse shoq\u00ebria i trajton si t\u00eb ndrysh\u00ebm. Duan t\u00eb\" \/>\n<meta name=\"robots\" content=\"index, follow, max-snippet:-1, max-image-preview:large, max-video-preview:-1\" \/>\n<link rel=\"canonical\" href=\"https:\/\/www.visit-ulcinj.com\/blog\/2011\/03\/18\/ndihmoni-femijet-me-aftesi-te-kufizuara-ne-ane-te-malit\/\" \/>\n<meta property=\"og:locale\" content=\"en_US\" \/>\n<meta property=\"og:type\" content=\"article\" \/>\n<meta property=\"og:title\" content=\"Ndihmoni f\u00ebmij\u00ebt me aft\u00ebsi t\u00eb kufizuara n\u00eb An\u00eb t\u00eb Malit! - Lajme nga Ulqini\" \/>\n<meta property=\"og:description\" content=\"NDIHMONI F\u00cbMIJ\u00cbT ME AFT\u00cbSI T\u00cb KUFIZUARA! Duan t\u00eb ndihen t\u00eb barabart\u00eb si t\u00eb gjith\u00eb f\u00ebmij\u00ebt e tjer\u00eb, ndon\u00ebse shoq\u00ebria i trajton si t\u00eb ndrysh\u00ebm. Duan t\u00eb\" \/>\n<meta property=\"og:url\" content=\"https:\/\/www.visit-ulcinj.com\/blog\/2011\/03\/18\/ndihmoni-femijet-me-aftesi-te-kufizuara-ne-ane-te-malit\/\" \/>\n<meta property=\"og:site_name\" content=\"Lajme nga Ulqini\" \/>\n<meta property=\"article:published_time\" content=\"2011-03-18T09:09:32+00:00\" \/>\n<meta property=\"article:modified_time\" content=\"2011-10-28T11:40:04+00:00\" \/>\n<meta property=\"og:image\" content=\"http:\/\/www.visit-ulcinj.com\/blog\/wp-content\/uploads\/2011\/03\/YLBER-SHPRESE-979x1024.jpg\" \/>\n<meta name=\"twitter:label1\" content=\"Written by\" \/>\n\t<meta name=\"twitter:data1\" content=\"ulqini\" \/>\n\t<meta name=\"twitter:label2\" content=\"Est. reading time\" \/>\n\t<meta name=\"twitter:data2\" content=\"3 minutes\" \/>\n<script type=\"application\/ld+json\" class=\"yoast-schema-graph\">{\"@context\":\"https:\/\/schema.org\",\"@graph\":[{\"@type\":\"WebSite\",\"@id\":\"https:\/\/www.visit-ulcinj.com\/blog\/#website\",\"url\":\"https:\/\/www.visit-ulcinj.com\/blog\/\",\"name\":\"Lajme nga Ulqini\",\"description\":\"Lajme,Vijesti,Ulqini,Ulqin,Crna Gora,Mali i Zi\",\"potentialAction\":[{\"@type\":\"SearchAction\",\"target\":{\"@type\":\"EntryPoint\",\"urlTemplate\":\"https:\/\/www.visit-ulcinj.com\/blog\/?s={search_term_string}\"},\"query-input\":\"required name=search_term_string\"}],\"inLanguage\":\"en-US\"},{\"@type\":\"ImageObject\",\"inLanguage\":\"en-US\",\"@id\":\"https:\/\/www.visit-ulcinj.com\/blog\/2011\/03\/18\/ndihmoni-femijet-me-aftesi-te-kufizuara-ne-ane-te-malit\/#primaryimage\",\"url\":\"https:\/\/www.visit-ulcinj.com\/blog\/wp-content\/uploads\/2011\/03\/YLBER-SHPRESE.jpg\",\"contentUrl\":\"https:\/\/www.visit-ulcinj.com\/blog\/wp-content\/uploads\/2011\/03\/YLBER-SHPRESE.jpg\",\"width\":\"1110\",\"height\":\"1161\"},{\"@type\":\"WebPage\",\"@id\":\"https:\/\/www.visit-ulcinj.com\/blog\/2011\/03\/18\/ndihmoni-femijet-me-aftesi-te-kufizuara-ne-ane-te-malit\/#webpage\",\"url\":\"https:\/\/www.visit-ulcinj.com\/blog\/2011\/03\/18\/ndihmoni-femijet-me-aftesi-te-kufizuara-ne-ane-te-malit\/\",\"name\":\"Ndihmoni f\u00ebmij\u00ebt me aft\u00ebsi t\u00eb kufizuara n\u00eb An\u00eb t\u00eb Malit! - Lajme nga Ulqini\",\"isPartOf\":{\"@id\":\"https:\/\/www.visit-ulcinj.com\/blog\/#website\"},\"primaryImageOfPage\":{\"@id\":\"https:\/\/www.visit-ulcinj.com\/blog\/2011\/03\/18\/ndihmoni-femijet-me-aftesi-te-kufizuara-ne-ane-te-malit\/#primaryimage\"},\"datePublished\":\"2011-03-18T09:09:32+00:00\",\"dateModified\":\"2011-10-28T11:40:04+00:00\",\"author\":{\"@id\":\"https:\/\/www.visit-ulcinj.com\/blog\/#\/schema\/person\/dcab619c614d3038751c63bc2aadc06d\"},\"description\":\"NDIHMONI F\u00cbMIJ\u00cbT ME AFT\u00cbSI T\u00cb KUFIZUARA! Duan t\u00eb ndihen t\u00eb barabart\u00eb si t\u00eb gjith\u00eb f\u00ebmij\u00ebt e tjer\u00eb, ndon\u00ebse shoq\u00ebria i trajton si t\u00eb ndrysh\u00ebm. Duan t\u00eb\",\"breadcrumb\":{\"@id\":\"https:\/\/www.visit-ulcinj.com\/blog\/2011\/03\/18\/ndihmoni-femijet-me-aftesi-te-kufizuara-ne-ane-te-malit\/#breadcrumb\"},\"inLanguage\":\"en-US\",\"potentialAction\":[{\"@type\":\"ReadAction\",\"target\":[\"https:\/\/www.visit-ulcinj.com\/blog\/2011\/03\/18\/ndihmoni-femijet-me-aftesi-te-kufizuara-ne-ane-te-malit\/\"]}]},{\"@type\":\"BreadcrumbList\",\"@id\":\"https:\/\/www.visit-ulcinj.com\/blog\/2011\/03\/18\/ndihmoni-femijet-me-aftesi-te-kufizuara-ne-ane-te-malit\/#breadcrumb\",\"itemListElement\":[{\"@type\":\"ListItem\",\"position\":1,\"name\":\"Ndihmoni f\u00ebmij\u00ebt me aft\u00ebsi t\u00eb kufizuara n\u00eb An\u00eb t\u00eb Malit!\"}]},{\"@type\":\"Person\",\"@id\":\"https:\/\/www.visit-ulcinj.com\/blog\/#\/schema\/person\/dcab619c614d3038751c63bc2aadc06d\",\"name\":\"ulqini\",\"sameAs\":[\"http:\/\/www.visit-ulcinj.com\"],\"url\":\"https:\/\/www.visit-ulcinj.com\/blog\/author\/admin\/\"}]}<\/script>\n<!-- \/ Yoast SEO plugin. -->","yoast_head_json":{"title":"Ndihmoni f\u00ebmij\u00ebt me aft\u00ebsi t\u00eb kufizuara n\u00eb An\u00eb t\u00eb Malit! - Lajme nga Ulqini","description":"NDIHMONI F\u00cbMIJ\u00cbT ME AFT\u00cbSI T\u00cb KUFIZUARA! Duan t\u00eb ndihen t\u00eb barabart\u00eb si t\u00eb gjith\u00eb f\u00ebmij\u00ebt e tjer\u00eb, ndon\u00ebse shoq\u00ebria i trajton si t\u00eb ndrysh\u00ebm. Duan t\u00eb","robots":{"index":"index","follow":"follow","max-snippet":"max-snippet:-1","max-image-preview":"max-image-preview:large","max-video-preview":"max-video-preview:-1"},"canonical":"https:\/\/www.visit-ulcinj.com\/blog\/2011\/03\/18\/ndihmoni-femijet-me-aftesi-te-kufizuara-ne-ane-te-malit\/","og_locale":"en_US","og_type":"article","og_title":"Ndihmoni f\u00ebmij\u00ebt me aft\u00ebsi t\u00eb kufizuara n\u00eb An\u00eb t\u00eb Malit! - Lajme nga Ulqini","og_description":"NDIHMONI F\u00cbMIJ\u00cbT ME AFT\u00cbSI T\u00cb KUFIZUARA! Duan t\u00eb ndihen t\u00eb barabart\u00eb si t\u00eb gjith\u00eb f\u00ebmij\u00ebt e tjer\u00eb, ndon\u00ebse shoq\u00ebria i trajton si t\u00eb ndrysh\u00ebm. Duan t\u00eb","og_url":"https:\/\/www.visit-ulcinj.com\/blog\/2011\/03\/18\/ndihmoni-femijet-me-aftesi-te-kufizuara-ne-ane-te-malit\/","og_site_name":"Lajme nga Ulqini","article_published_time":"2011-03-18T09:09:32+00:00","article_modified_time":"2011-10-28T11:40:04+00:00","og_image":[{"url":"http:\/\/www.visit-ulcinj.com\/blog\/wp-content\/uploads\/2011\/03\/YLBER-SHPRESE-979x1024.jpg"}],"twitter_misc":{"Written by":"ulqini","Est. reading time":"3 minutes"},"schema":{"@context":"https:\/\/schema.org","@graph":[{"@type":"WebSite","@id":"https:\/\/www.visit-ulcinj.com\/blog\/#website","url":"https:\/\/www.visit-ulcinj.com\/blog\/","name":"Lajme nga Ulqini","description":"Lajme,Vijesti,Ulqini,Ulqin,Crna Gora,Mali i Zi","potentialAction":[{"@type":"SearchAction","target":{"@type":"EntryPoint","urlTemplate":"https:\/\/www.visit-ulcinj.com\/blog\/?s={search_term_string}"},"query-input":"required name=search_term_string"}],"inLanguage":"en-US"},{"@type":"ImageObject","inLanguage":"en-US","@id":"https:\/\/www.visit-ulcinj.com\/blog\/2011\/03\/18\/ndihmoni-femijet-me-aftesi-te-kufizuara-ne-ane-te-malit\/#primaryimage","url":"https:\/\/www.visit-ulcinj.com\/blog\/wp-content\/uploads\/2011\/03\/YLBER-SHPRESE.jpg","contentUrl":"https:\/\/www.visit-ulcinj.com\/blog\/wp-content\/uploads\/2011\/03\/YLBER-SHPRESE.jpg","width":"1110","height":"1161"},{"@type":"WebPage","@id":"https:\/\/www.visit-ulcinj.com\/blog\/2011\/03\/18\/ndihmoni-femijet-me-aftesi-te-kufizuara-ne-ane-te-malit\/#webpage","url":"https:\/\/www.visit-ulcinj.com\/blog\/2011\/03\/18\/ndihmoni-femijet-me-aftesi-te-kufizuara-ne-ane-te-malit\/","name":"Ndihmoni f\u00ebmij\u00ebt me aft\u00ebsi t\u00eb kufizuara n\u00eb An\u00eb t\u00eb Malit! - Lajme nga Ulqini","isPartOf":{"@id":"https:\/\/www.visit-ulcinj.com\/blog\/#website"},"primaryImageOfPage":{"@id":"https:\/\/www.visit-ulcinj.com\/blog\/2011\/03\/18\/ndihmoni-femijet-me-aftesi-te-kufizuara-ne-ane-te-malit\/#primaryimage"},"datePublished":"2011-03-18T09:09:32+00:00","dateModified":"2011-10-28T11:40:04+00:00","author":{"@id":"https:\/\/www.visit-ulcinj.com\/blog\/#\/schema\/person\/dcab619c614d3038751c63bc2aadc06d"},"description":"NDIHMONI F\u00cbMIJ\u00cbT ME AFT\u00cbSI T\u00cb KUFIZUARA! Duan t\u00eb ndihen t\u00eb barabart\u00eb si t\u00eb gjith\u00eb f\u00ebmij\u00ebt e tjer\u00eb, ndon\u00ebse shoq\u00ebria i trajton si t\u00eb ndrysh\u00ebm. Duan t\u00eb","breadcrumb":{"@id":"https:\/\/www.visit-ulcinj.com\/blog\/2011\/03\/18\/ndihmoni-femijet-me-aftesi-te-kufizuara-ne-ane-te-malit\/#breadcrumb"},"inLanguage":"en-US","potentialAction":[{"@type":"ReadAction","target":["https:\/\/www.visit-ulcinj.com\/blog\/2011\/03\/18\/ndihmoni-femijet-me-aftesi-te-kufizuara-ne-ane-te-malit\/"]}]},{"@type":"BreadcrumbList","@id":"https:\/\/www.visit-ulcinj.com\/blog\/2011\/03\/18\/ndihmoni-femijet-me-aftesi-te-kufizuara-ne-ane-te-malit\/#breadcrumb","itemListElement":[{"@type":"ListItem","position":1,"name":"Ndihmoni f\u00ebmij\u00ebt me aft\u00ebsi t\u00eb kufizuara n\u00eb An\u00eb t\u00eb Malit!"}]},{"@type":"Person","@id":"https:\/\/www.visit-ulcinj.com\/blog\/#\/schema\/person\/dcab619c614d3038751c63bc2aadc06d","name":"ulqini","sameAs":["http:\/\/www.visit-ulcinj.com"],"url":"https:\/\/www.visit-ulcinj.com\/blog\/author\/admin\/"}]}},"jetpack_featured_media_url":"","jetpack_sharing_enabled":true,"jetpack_shortlink":"https:\/\/wp.me\/pe6lTn-bFX","_links":{"self":[{"href":"https:\/\/www.visit-ulcinj.com\/blog\/wp-json\/wp\/v2\/posts\/44885"}],"collection":[{"href":"https:\/\/www.visit-ulcinj.com\/blog\/wp-json\/wp\/v2\/posts"}],"about":[{"href":"https:\/\/www.visit-ulcinj.com\/blog\/wp-json\/wp\/v2\/types\/post"}],"author":[{"embeddable":true,"href":"https:\/\/www.visit-ulcinj.com\/blog\/wp-json\/wp\/v2\/users\/1"}],"replies":[{"embeddable":true,"href":"https:\/\/www.visit-ulcinj.com\/blog\/wp-json\/wp\/v2\/comments?post=44885"}],"version-history":[{"count":7,"href":"https:\/\/www.visit-ulcinj.com\/blog\/wp-json\/wp\/v2\/posts\/44885\/revisions"}],"predecessor-version":[{"id":52437,"href":"https:\/\/www.visit-ulcinj.com\/blog\/wp-json\/wp\/v2\/posts\/44885\/revisions\/52437"}],"wp:attachment":[{"href":"https:\/\/www.visit-ulcinj.com\/blog\/wp-json\/wp\/v2\/media?parent=44885"}],"wp:term":[{"taxonomy":"category","embeddable":true,"href":"https:\/\/www.visit-ulcinj.com\/blog\/wp-json\/wp\/v2\/categories?post=44885"},{"taxonomy":"post_tag","embeddable":true,"href":"https:\/\/www.visit-ulcinj.com\/blog\/wp-json\/wp\/v2\/tags?post=44885"}],"curies":[{"name":"wp","href":"https:\/\/api.w.org\/{rel}","templated":true}]}}