{"id":44930,"date":"2011-03-19T18:53:37","date_gmt":"2011-03-19T17:53:37","guid":{"rendered":"http:\/\/www.visit-ulcinj.com\/blog\/?p=44930"},"modified":"2011-03-19T18:54:13","modified_gmt":"2011-03-19T17:54:13","slug":"predrag-sekulic-boravio-u-moskvi-tokom-sajma-turizma","status":"publish","type":"post","link":"https:\/\/www.visit-ulcinj.com\/blog\/2011\/03\/19\/predrag-sekulic-boravio-u-moskvi-tokom-sajma-turizma\/","title":{"rendered":"Predrag Sekuli\u0107 boravio u Moskvi tokom sajma turizma"},"content":{"rendered":"<p><a href=\"http:\/\/www.visit-ulcinj.com\/blog\/wp-content\/uploads\/2011\/03\/Predrag-Sekulic-boravio-u-Moskvi.jpg\"><img loading=\"lazy\" class=\"alignleft size-full wp-image-44931\" title=\"Predrag Sekulic boravio u Moskvi\" src=\"http:\/\/www.visit-ulcinj.com\/blog\/wp-content\/uploads\/2011\/03\/Predrag-Sekulic-boravio-u-Moskvi.jpg\" alt=\"\" width=\"508\" height=\"380\" srcset=\"https:\/\/www.visit-ulcinj.com\/blog\/wp-content\/uploads\/2011\/03\/Predrag-Sekulic-boravio-u-Moskvi.jpg 508w, https:\/\/www.visit-ulcinj.com\/blog\/wp-content\/uploads\/2011\/03\/Predrag-Sekulic-boravio-u-Moskvi-300x224.jpg 300w\" sizes=\"(max-width: 508px) 100vw, 508px\" \/><\/a>Me\u0111unarodni turisti\u010dki sajam MITT 2011, koji se odr\u017eava u Moskvi od 16. do 20.marta 2011. godine, okupio je preko 3000 izlaga\u010da iz preko 130 destinacija. Na toj sajamskoj manifestaciji o\u010dekuje se oko 100.000 posjetilaca, od \u010dega su vi\u0161e od 80% turisti\u010dki agenati iz \u010ditave Rusije i dr\u017eava sa prostora biv\u0161eg Sovjetskog Saveza.<\/p>\n<p>Tokom sajma, ministar Predrag Sekuli\u0107 imao je niz bilateralnih susreta sa predstavnicima velikih ruskih turoperatora i agencija :\u201eR-Tours\u201c, \u201eTalas\u2013M\u201c, \u201eBrezna Tours\u201c, i \u201eTravel Centar\u201c. Turoperatori su istakli da postoji izuzetno visoko interesovanje turista sa ruskog tr\u017ei\u0161ta, kada su u pitanju hotelski kapaciteti i privatni smje\u0161taj, pa se za ovu sezonu o\u010dekuje rast do 30% u odnosu na pro\u0161lu godinu.<\/p>\n<p>Za vrijeme ljetne turisti\u010dke sezone o\u010dekuje se preko \u010detrdeset letova nedjeljno na relaciji Moskva-Tivat-Moskva i Moskva\u2013Podgorica-Moskva. Takodje, Montenegro Airlines \u0107e tokom ljetnih mjeseci imati petnest rotacija nedjeljno. Prvi \u010darter letovi po\u010dinju krajem ovog mjeseca i traja\u0107e do novembra.<\/p>\n<p>Prema zvani\u010dnim statisti\u010dkim podacima, Crnu Goru je u 2010. godini posjetilo 150 194 ruskih turista, \u0161to je 4% vi\u0161e nego predhodne godine, i tom prilikom ostvarili su 1 217 978 no\u0107enja, \u0161to je za 15% no\u0107enja vi\u0161e u odnosu na 2009.godinu.<\/p>\n<p><a href=\"http:\/\/www.gov.me\/naslovna\/vijesti-iz-ministarstava\/104177\/Saopstenje-Ministar-odrzivog-razvoja-i-turizma-Predrag-Sekulic-boravio-u-Moskvi-tokom-sajma-turizma.html\" target=\"_blank\"><strong>Vlada.me<\/strong><\/a><\/p>\n<p><strong><!--YouTube Error: bad URL entered--><br \/>\n<\/strong><\/p>\n","protected":false},"excerpt":{"rendered":"<p>Me\u0111unarodni turisti\u010dki sajam MITT 2011, koji se odr\u017eava u Moskvi od 16. do 20.marta 2011. godine, okupio je preko 3000 izlaga\u010da iz preko 130 destinacija. Na toj sajamskoj manifestaciji o\u010dekuje se oko 100.000 posjetilaca, od \u010dega su vi\u0161e od 80% turisti\u010dki agenati iz \u010ditave Rusije i dr\u017eava sa prostora biv\u0161eg Sovjetskog Saveza. Tokom sajma, ministar [&hellip;]<\/p>\n","protected":false},"author":1,"featured_media":0,"comment_status":"open","ping_status":"closed","sticky":false,"template":"","format":"standard","meta":{"spay_email":"","jetpack_publicize_message":"","jetpack_is_tweetstorm":false,"jetpack_publicize_feature_enabled":true},"categories":[8337],"tags":[17862],"jetpack_publicize_connections":[],"yoast_head":"<!-- This site is optimized with the Yoast SEO plugin v19.1 - https:\/\/yoast.com\/wordpress\/plugins\/seo\/ -->\n<title>Predrag Sekuli\u0107 boravio u Moskvi tokom sajma turizma - Lajme nga Ulqini<\/title>\n<meta name=\"description\" content=\"Me\u0111unarodni turisti\u010dki sajam MITT 2011, koji se odr\u017eava u Moskvi od 16. do 20.marta 2011. godine, okupio je preko 3000 izlaga\u010da iz preko 130 destinacija.\" \/>\n<meta name=\"robots\" content=\"index, follow, max-snippet:-1, max-image-preview:large, max-video-preview:-1\" \/>\n<link rel=\"canonical\" href=\"https:\/\/www.visit-ulcinj.com\/blog\/2011\/03\/19\/predrag-sekulic-boravio-u-moskvi-tokom-sajma-turizma\/\" \/>\n<meta property=\"og:locale\" content=\"en_US\" \/>\n<meta property=\"og:type\" content=\"article\" \/>\n<meta property=\"og:title\" content=\"Predrag Sekuli\u0107 boravio u Moskvi tokom sajma turizma - Lajme nga Ulqini\" \/>\n<meta property=\"og:description\" content=\"Me\u0111unarodni turisti\u010dki sajam MITT 2011, koji se odr\u017eava u Moskvi od 16. do 20.marta 2011. godine, okupio je preko 3000 izlaga\u010da iz preko 130 destinacija.\" \/>\n<meta property=\"og:url\" content=\"https:\/\/www.visit-ulcinj.com\/blog\/2011\/03\/19\/predrag-sekulic-boravio-u-moskvi-tokom-sajma-turizma\/\" \/>\n<meta property=\"og:site_name\" content=\"Lajme nga Ulqini\" \/>\n<meta property=\"article:published_time\" content=\"2011-03-19T17:53:37+00:00\" \/>\n<meta property=\"article:modified_time\" content=\"2011-03-19T17:54:13+00:00\" \/>\n<meta property=\"og:image\" content=\"http:\/\/www.visit-ulcinj.com\/blog\/wp-content\/uploads\/2011\/03\/Predrag-Sekulic-boravio-u-Moskvi.jpg\" \/>\n<meta name=\"twitter:label1\" content=\"Written by\" \/>\n\t<meta name=\"twitter:data1\" content=\"ulqini\" \/>\n\t<meta name=\"twitter:label2\" content=\"Est. reading time\" \/>\n\t<meta name=\"twitter:data2\" content=\"1 minute\" \/>\n<script type=\"application\/ld+json\" class=\"yoast-schema-graph\">{\"@context\":\"https:\/\/schema.org\",\"@graph\":[{\"@type\":\"WebSite\",\"@id\":\"https:\/\/www.visit-ulcinj.com\/blog\/#website\",\"url\":\"https:\/\/www.visit-ulcinj.com\/blog\/\",\"name\":\"Lajme nga Ulqini\",\"description\":\"Lajme,Vijesti,Ulqini,Ulqin,Crna Gora,Mali i Zi\",\"potentialAction\":[{\"@type\":\"SearchAction\",\"target\":{\"@type\":\"EntryPoint\",\"urlTemplate\":\"https:\/\/www.visit-ulcinj.com\/blog\/?s={search_term_string}\"},\"query-input\":\"required name=search_term_string\"}],\"inLanguage\":\"en-US\"},{\"@type\":\"ImageObject\",\"inLanguage\":\"en-US\",\"@id\":\"https:\/\/www.visit-ulcinj.com\/blog\/2011\/03\/19\/predrag-sekulic-boravio-u-moskvi-tokom-sajma-turizma\/#primaryimage\",\"url\":\"https:\/\/www.visit-ulcinj.com\/blog\/wp-content\/uploads\/2011\/03\/Predrag-Sekulic-boravio-u-Moskvi.jpg\",\"contentUrl\":\"https:\/\/www.visit-ulcinj.com\/blog\/wp-content\/uploads\/2011\/03\/Predrag-Sekulic-boravio-u-Moskvi.jpg\",\"width\":\"508\",\"height\":\"380\"},{\"@type\":\"WebPage\",\"@id\":\"https:\/\/www.visit-ulcinj.com\/blog\/2011\/03\/19\/predrag-sekulic-boravio-u-moskvi-tokom-sajma-turizma\/#webpage\",\"url\":\"https:\/\/www.visit-ulcinj.com\/blog\/2011\/03\/19\/predrag-sekulic-boravio-u-moskvi-tokom-sajma-turizma\/\",\"name\":\"Predrag Sekuli\u0107 boravio u Moskvi tokom sajma turizma - Lajme nga Ulqini\",\"isPartOf\":{\"@id\":\"https:\/\/www.visit-ulcinj.com\/blog\/#website\"},\"primaryImageOfPage\":{\"@id\":\"https:\/\/www.visit-ulcinj.com\/blog\/2011\/03\/19\/predrag-sekulic-boravio-u-moskvi-tokom-sajma-turizma\/#primaryimage\"},\"datePublished\":\"2011-03-19T17:53:37+00:00\",\"dateModified\":\"2011-03-19T17:54:13+00:00\",\"author\":{\"@id\":\"https:\/\/www.visit-ulcinj.com\/blog\/#\/schema\/person\/dcab619c614d3038751c63bc2aadc06d\"},\"description\":\"Me\u0111unarodni turisti\u010dki sajam MITT 2011, koji se odr\u017eava u Moskvi od 16. do 20.marta 2011. godine, okupio je preko 3000 izlaga\u010da iz preko 130 destinacija.\",\"breadcrumb\":{\"@id\":\"https:\/\/www.visit-ulcinj.com\/blog\/2011\/03\/19\/predrag-sekulic-boravio-u-moskvi-tokom-sajma-turizma\/#breadcrumb\"},\"inLanguage\":\"en-US\",\"potentialAction\":[{\"@type\":\"ReadAction\",\"target\":[\"https:\/\/www.visit-ulcinj.com\/blog\/2011\/03\/19\/predrag-sekulic-boravio-u-moskvi-tokom-sajma-turizma\/\"]}]},{\"@type\":\"BreadcrumbList\",\"@id\":\"https:\/\/www.visit-ulcinj.com\/blog\/2011\/03\/19\/predrag-sekulic-boravio-u-moskvi-tokom-sajma-turizma\/#breadcrumb\",\"itemListElement\":[{\"@type\":\"ListItem\",\"position\":1,\"name\":\"Predrag Sekuli\u0107 boravio u Moskvi tokom sajma turizma\"}]},{\"@type\":\"Person\",\"@id\":\"https:\/\/www.visit-ulcinj.com\/blog\/#\/schema\/person\/dcab619c614d3038751c63bc2aadc06d\",\"name\":\"ulqini\",\"sameAs\":[\"http:\/\/www.visit-ulcinj.com\"],\"url\":\"https:\/\/www.visit-ulcinj.com\/blog\/author\/admin\/\"}]}<\/script>\n<!-- \/ Yoast SEO plugin. -->","yoast_head_json":{"title":"Predrag Sekuli\u0107 boravio u Moskvi tokom sajma turizma - Lajme nga Ulqini","description":"Me\u0111unarodni turisti\u010dki sajam MITT 2011, koji se odr\u017eava u Moskvi od 16. do 20.marta 2011. godine, okupio je preko 3000 izlaga\u010da iz preko 130 destinacija.","robots":{"index":"index","follow":"follow","max-snippet":"max-snippet:-1","max-image-preview":"max-image-preview:large","max-video-preview":"max-video-preview:-1"},"canonical":"https:\/\/www.visit-ulcinj.com\/blog\/2011\/03\/19\/predrag-sekulic-boravio-u-moskvi-tokom-sajma-turizma\/","og_locale":"en_US","og_type":"article","og_title":"Predrag Sekuli\u0107 boravio u Moskvi tokom sajma turizma - Lajme nga Ulqini","og_description":"Me\u0111unarodni turisti\u010dki sajam MITT 2011, koji se odr\u017eava u Moskvi od 16. do 20.marta 2011. godine, okupio je preko 3000 izlaga\u010da iz preko 130 destinacija.","og_url":"https:\/\/www.visit-ulcinj.com\/blog\/2011\/03\/19\/predrag-sekulic-boravio-u-moskvi-tokom-sajma-turizma\/","og_site_name":"Lajme nga Ulqini","article_published_time":"2011-03-19T17:53:37+00:00","article_modified_time":"2011-03-19T17:54:13+00:00","og_image":[{"url":"http:\/\/www.visit-ulcinj.com\/blog\/wp-content\/uploads\/2011\/03\/Predrag-Sekulic-boravio-u-Moskvi.jpg"}],"twitter_misc":{"Written by":"ulqini","Est. reading time":"1 minute"},"schema":{"@context":"https:\/\/schema.org","@graph":[{"@type":"WebSite","@id":"https:\/\/www.visit-ulcinj.com\/blog\/#website","url":"https:\/\/www.visit-ulcinj.com\/blog\/","name":"Lajme nga Ulqini","description":"Lajme,Vijesti,Ulqini,Ulqin,Crna Gora,Mali i Zi","potentialAction":[{"@type":"SearchAction","target":{"@type":"EntryPoint","urlTemplate":"https:\/\/www.visit-ulcinj.com\/blog\/?s={search_term_string}"},"query-input":"required name=search_term_string"}],"inLanguage":"en-US"},{"@type":"ImageObject","inLanguage":"en-US","@id":"https:\/\/www.visit-ulcinj.com\/blog\/2011\/03\/19\/predrag-sekulic-boravio-u-moskvi-tokom-sajma-turizma\/#primaryimage","url":"https:\/\/www.visit-ulcinj.com\/blog\/wp-content\/uploads\/2011\/03\/Predrag-Sekulic-boravio-u-Moskvi.jpg","contentUrl":"https:\/\/www.visit-ulcinj.com\/blog\/wp-content\/uploads\/2011\/03\/Predrag-Sekulic-boravio-u-Moskvi.jpg","width":"508","height":"380"},{"@type":"WebPage","@id":"https:\/\/www.visit-ulcinj.com\/blog\/2011\/03\/19\/predrag-sekulic-boravio-u-moskvi-tokom-sajma-turizma\/#webpage","url":"https:\/\/www.visit-ulcinj.com\/blog\/2011\/03\/19\/predrag-sekulic-boravio-u-moskvi-tokom-sajma-turizma\/","name":"Predrag Sekuli\u0107 boravio u Moskvi tokom sajma turizma - Lajme nga Ulqini","isPartOf":{"@id":"https:\/\/www.visit-ulcinj.com\/blog\/#website"},"primaryImageOfPage":{"@id":"https:\/\/www.visit-ulcinj.com\/blog\/2011\/03\/19\/predrag-sekulic-boravio-u-moskvi-tokom-sajma-turizma\/#primaryimage"},"datePublished":"2011-03-19T17:53:37+00:00","dateModified":"2011-03-19T17:54:13+00:00","author":{"@id":"https:\/\/www.visit-ulcinj.com\/blog\/#\/schema\/person\/dcab619c614d3038751c63bc2aadc06d"},"description":"Me\u0111unarodni turisti\u010dki sajam MITT 2011, koji se odr\u017eava u Moskvi od 16. do 20.marta 2011. godine, okupio je preko 3000 izlaga\u010da iz preko 130 destinacija.","breadcrumb":{"@id":"https:\/\/www.visit-ulcinj.com\/blog\/2011\/03\/19\/predrag-sekulic-boravio-u-moskvi-tokom-sajma-turizma\/#breadcrumb"},"inLanguage":"en-US","potentialAction":[{"@type":"ReadAction","target":["https:\/\/www.visit-ulcinj.com\/blog\/2011\/03\/19\/predrag-sekulic-boravio-u-moskvi-tokom-sajma-turizma\/"]}]},{"@type":"BreadcrumbList","@id":"https:\/\/www.visit-ulcinj.com\/blog\/2011\/03\/19\/predrag-sekulic-boravio-u-moskvi-tokom-sajma-turizma\/#breadcrumb","itemListElement":[{"@type":"ListItem","position":1,"name":"Predrag Sekuli\u0107 boravio u Moskvi tokom sajma turizma"}]},{"@type":"Person","@id":"https:\/\/www.visit-ulcinj.com\/blog\/#\/schema\/person\/dcab619c614d3038751c63bc2aadc06d","name":"ulqini","sameAs":["http:\/\/www.visit-ulcinj.com"],"url":"https:\/\/www.visit-ulcinj.com\/blog\/author\/admin\/"}]}},"jetpack_featured_media_url":"","jetpack_sharing_enabled":true,"jetpack_shortlink":"https:\/\/wp.me\/pe6lTn-bGG","_links":{"self":[{"href":"https:\/\/www.visit-ulcinj.com\/blog\/wp-json\/wp\/v2\/posts\/44930"}],"collection":[{"href":"https:\/\/www.visit-ulcinj.com\/blog\/wp-json\/wp\/v2\/posts"}],"about":[{"href":"https:\/\/www.visit-ulcinj.com\/blog\/wp-json\/wp\/v2\/types\/post"}],"author":[{"embeddable":true,"href":"https:\/\/www.visit-ulcinj.com\/blog\/wp-json\/wp\/v2\/users\/1"}],"replies":[{"embeddable":true,"href":"https:\/\/www.visit-ulcinj.com\/blog\/wp-json\/wp\/v2\/comments?post=44930"}],"version-history":[{"count":0,"href":"https:\/\/www.visit-ulcinj.com\/blog\/wp-json\/wp\/v2\/posts\/44930\/revisions"}],"wp:attachment":[{"href":"https:\/\/www.visit-ulcinj.com\/blog\/wp-json\/wp\/v2\/media?parent=44930"}],"wp:term":[{"taxonomy":"category","embeddable":true,"href":"https:\/\/www.visit-ulcinj.com\/blog\/wp-json\/wp\/v2\/categories?post=44930"},{"taxonomy":"post_tag","embeddable":true,"href":"https:\/\/www.visit-ulcinj.com\/blog\/wp-json\/wp\/v2\/tags?post=44930"}],"curies":[{"name":"wp","href":"https:\/\/api.w.org\/{rel}","templated":true}]}}