{"id":44947,"date":"2011-03-21T16:32:27","date_gmt":"2011-03-21T15:32:27","guid":{"rendered":"http:\/\/www.visit-ulcinj.com\/blog\/?p=44947"},"modified":"2011-03-22T08:39:52","modified_gmt":"2011-03-22T07:39:52","slug":"funkcioner-dps-sa-iz-ulcinja-ilmija-dervisi-optuzio-je-lokalnu-vlast","status":"publish","type":"post","link":"https:\/\/www.visit-ulcinj.com\/blog\/2011\/03\/21\/funkcioner-dps-sa-iz-ulcinja-ilmija-dervisi-optuzio-je-lokalnu-vlast\/","title":{"rendered":"Funkcioner DPS -sa iz Ulcinja Ilmija Dervi\u0161i, optu\u017eio je lokalnu vlast"},"content":{"rendered":"<p><a href=\"http:\/\/www.visit-ulcinj.com\/blog\/wp-content\/uploads\/2011\/03\/Opstina-Ulcinj_Komuna-e-Ulqinit_.jpg\"><img loading=\"lazy\" class=\"alignleft size-full wp-image-44948\" title=\"Opstina Ulcinj_Komuna e Ulqinit_\" src=\"http:\/\/www.visit-ulcinj.com\/blog\/wp-content\/uploads\/2011\/03\/Opstina-Ulcinj_Komuna-e-Ulqinit_.jpg\" alt=\"\" width=\"508\" height=\"370\" \/><\/a>Visoki funkcioner Demokratske partije socijalista iz Ulcinja Ilmija Dervi\u0161i, optu\u017eio je lokalnu vlast, u kojoj participira i njegova stranka, da je u prvoj polovini pro\u0161le godine gradski bud\u017eet o\u0161tetila za gotovo milion eura.<\/p>\n<p>Derve\u0161i je te ocjene izrekao na nedavnoj sjednici jednog ulcinjskog mjesnog odbora, tokom koje je ocijenio i da je koalicija sa Demokratskom unijom Albanaca, u pro\u0161lom mandatu, bila \u201cpotpuni proma\u0161aj\u201d.<\/p>\n<p><strong><a href=\"http:\/\/www.vijesti.me\/vijesti\/visoki-funkcioner-ulcinjskog-dps-a-lokalna-vlast-ukrala-milion-eura-clanak-11735\" target=\"_blank\">Pro\u010ditaj vijest do kraja &gt;&gt; Vijesti<\/a><\/strong><\/p>\n<p><strong><!--YouTube Error: bad URL entered--><br \/>\n<\/strong><\/p>\n","protected":false},"excerpt":{"rendered":"<p>Visoki funkcioner Demokratske partije socijalista iz Ulcinja Ilmija Dervi\u0161i, optu\u017eio je lokalnu vlast, u kojoj participira i njegova stranka, da je u prvoj polovini pro\u0161le godine gradski bud\u017eet o\u0161tetila za gotovo milion eura. Derve\u0161i je te ocjene izrekao na nedavnoj sjednici jednog ulcinjskog mjesnog odbora, tokom koje je ocijenio i da je koalicija sa Demokratskom [&hellip;]<\/p>\n","protected":false},"author":1,"featured_media":0,"comment_status":"open","ping_status":"closed","sticky":false,"template":"","format":"standard","meta":{"spay_email":"","jetpack_publicize_message":"","jetpack_is_tweetstorm":false,"jetpack_publicize_feature_enabled":true},"categories":[8337],"tags":[17863,264],"jetpack_publicize_connections":[],"yoast_head":"<!-- This site is optimized with the Yoast SEO plugin v19.1 - https:\/\/yoast.com\/wordpress\/plugins\/seo\/ -->\n<title>Funkcioner DPS -sa iz Ulcinja Ilmija Dervi\u0161i, optu\u017eio je lokalnu vlast - Lajme nga Ulqini<\/title>\n<meta name=\"description\" content=\"Visoki funkcioner Demokratske partije socijalista iz Ulcinja Ilmija Dervi\u0161i, optu\u017eio je lokalnu vlast, u kojoj participira i njegova stranka, da je u\" \/>\n<meta name=\"robots\" content=\"index, follow, max-snippet:-1, max-image-preview:large, max-video-preview:-1\" \/>\n<link rel=\"canonical\" href=\"https:\/\/www.visit-ulcinj.com\/blog\/2011\/03\/21\/funkcioner-dps-sa-iz-ulcinja-ilmija-dervisi-optuzio-je-lokalnu-vlast\/\" \/>\n<meta property=\"og:locale\" content=\"en_US\" \/>\n<meta property=\"og:type\" content=\"article\" \/>\n<meta property=\"og:title\" content=\"Funkcioner DPS -sa iz Ulcinja Ilmija Dervi\u0161i, optu\u017eio je lokalnu vlast - Lajme nga Ulqini\" \/>\n<meta property=\"og:description\" content=\"Visoki funkcioner Demokratske partije socijalista iz Ulcinja Ilmija Dervi\u0161i, optu\u017eio je lokalnu vlast, u kojoj participira i njegova stranka, da je u\" \/>\n<meta property=\"og:url\" content=\"https:\/\/www.visit-ulcinj.com\/blog\/2011\/03\/21\/funkcioner-dps-sa-iz-ulcinja-ilmija-dervisi-optuzio-je-lokalnu-vlast\/\" \/>\n<meta property=\"og:site_name\" content=\"Lajme nga Ulqini\" \/>\n<meta property=\"article:published_time\" content=\"2011-03-21T15:32:27+00:00\" \/>\n<meta property=\"article:modified_time\" content=\"2011-03-22T07:39:52+00:00\" \/>\n<meta property=\"og:image\" content=\"http:\/\/www.visit-ulcinj.com\/blog\/wp-content\/uploads\/2011\/03\/Opstina-Ulcinj_Komuna-e-Ulqinit_.jpg\" \/>\n<meta name=\"twitter:label1\" content=\"Written by\" \/>\n\t<meta name=\"twitter:data1\" content=\"ulqini\" \/>\n<script type=\"application\/ld+json\" class=\"yoast-schema-graph\">{\"@context\":\"https:\/\/schema.org\",\"@graph\":[{\"@type\":\"WebSite\",\"@id\":\"https:\/\/www.visit-ulcinj.com\/blog\/#website\",\"url\":\"https:\/\/www.visit-ulcinj.com\/blog\/\",\"name\":\"Lajme nga Ulqini\",\"description\":\"Lajme,Vijesti,Ulqini,Ulqin,Crna Gora,Mali i Zi\",\"potentialAction\":[{\"@type\":\"SearchAction\",\"target\":{\"@type\":\"EntryPoint\",\"urlTemplate\":\"https:\/\/www.visit-ulcinj.com\/blog\/?s={search_term_string}\"},\"query-input\":\"required name=search_term_string\"}],\"inLanguage\":\"en-US\"},{\"@type\":\"ImageObject\",\"inLanguage\":\"en-US\",\"@id\":\"https:\/\/www.visit-ulcinj.com\/blog\/2011\/03\/21\/funkcioner-dps-sa-iz-ulcinja-ilmija-dervisi-optuzio-je-lokalnu-vlast\/#primaryimage\",\"url\":\"https:\/\/www.visit-ulcinj.com\/blog\/wp-content\/uploads\/2011\/03\/Opstina-Ulcinj_Komuna-e-Ulqinit_.jpg\",\"contentUrl\":\"https:\/\/www.visit-ulcinj.com\/blog\/wp-content\/uploads\/2011\/03\/Opstina-Ulcinj_Komuna-e-Ulqinit_.jpg\",\"width\":\"1000\",\"height\":\"750\"},{\"@type\":\"WebPage\",\"@id\":\"https:\/\/www.visit-ulcinj.com\/blog\/2011\/03\/21\/funkcioner-dps-sa-iz-ulcinja-ilmija-dervisi-optuzio-je-lokalnu-vlast\/#webpage\",\"url\":\"https:\/\/www.visit-ulcinj.com\/blog\/2011\/03\/21\/funkcioner-dps-sa-iz-ulcinja-ilmija-dervisi-optuzio-je-lokalnu-vlast\/\",\"name\":\"Funkcioner DPS -sa iz Ulcinja Ilmija Dervi\u0161i, optu\u017eio je lokalnu vlast - Lajme nga Ulqini\",\"isPartOf\":{\"@id\":\"https:\/\/www.visit-ulcinj.com\/blog\/#website\"},\"primaryImageOfPage\":{\"@id\":\"https:\/\/www.visit-ulcinj.com\/blog\/2011\/03\/21\/funkcioner-dps-sa-iz-ulcinja-ilmija-dervisi-optuzio-je-lokalnu-vlast\/#primaryimage\"},\"datePublished\":\"2011-03-21T15:32:27+00:00\",\"dateModified\":\"2011-03-22T07:39:52+00:00\",\"author\":{\"@id\":\"https:\/\/www.visit-ulcinj.com\/blog\/#\/schema\/person\/dcab619c614d3038751c63bc2aadc06d\"},\"description\":\"Visoki funkcioner Demokratske partije socijalista iz Ulcinja Ilmija Dervi\u0161i, optu\u017eio je lokalnu vlast, u kojoj participira i njegova stranka, da je u\",\"breadcrumb\":{\"@id\":\"https:\/\/www.visit-ulcinj.com\/blog\/2011\/03\/21\/funkcioner-dps-sa-iz-ulcinja-ilmija-dervisi-optuzio-je-lokalnu-vlast\/#breadcrumb\"},\"inLanguage\":\"en-US\",\"potentialAction\":[{\"@type\":\"ReadAction\",\"target\":[\"https:\/\/www.visit-ulcinj.com\/blog\/2011\/03\/21\/funkcioner-dps-sa-iz-ulcinja-ilmija-dervisi-optuzio-je-lokalnu-vlast\/\"]}]},{\"@type\":\"BreadcrumbList\",\"@id\":\"https:\/\/www.visit-ulcinj.com\/blog\/2011\/03\/21\/funkcioner-dps-sa-iz-ulcinja-ilmija-dervisi-optuzio-je-lokalnu-vlast\/#breadcrumb\",\"itemListElement\":[{\"@type\":\"ListItem\",\"position\":1,\"name\":\"Funkcioner DPS -sa iz Ulcinja Ilmija Dervi\u0161i, optu\u017eio je lokalnu vlast\"}]},{\"@type\":\"Person\",\"@id\":\"https:\/\/www.visit-ulcinj.com\/blog\/#\/schema\/person\/dcab619c614d3038751c63bc2aadc06d\",\"name\":\"ulqini\",\"sameAs\":[\"http:\/\/www.visit-ulcinj.com\"],\"url\":\"https:\/\/www.visit-ulcinj.com\/blog\/author\/admin\/\"}]}<\/script>\n<!-- \/ Yoast SEO plugin. -->","yoast_head_json":{"title":"Funkcioner DPS -sa iz Ulcinja Ilmija Dervi\u0161i, optu\u017eio je lokalnu vlast - Lajme nga Ulqini","description":"Visoki funkcioner Demokratske partije socijalista iz Ulcinja Ilmija Dervi\u0161i, optu\u017eio je lokalnu vlast, u kojoj participira i njegova stranka, da je u","robots":{"index":"index","follow":"follow","max-snippet":"max-snippet:-1","max-image-preview":"max-image-preview:large","max-video-preview":"max-video-preview:-1"},"canonical":"https:\/\/www.visit-ulcinj.com\/blog\/2011\/03\/21\/funkcioner-dps-sa-iz-ulcinja-ilmija-dervisi-optuzio-je-lokalnu-vlast\/","og_locale":"en_US","og_type":"article","og_title":"Funkcioner DPS -sa iz Ulcinja Ilmija Dervi\u0161i, optu\u017eio je lokalnu vlast - Lajme nga Ulqini","og_description":"Visoki funkcioner Demokratske partije socijalista iz Ulcinja Ilmija Dervi\u0161i, optu\u017eio je lokalnu vlast, u kojoj participira i njegova stranka, da je u","og_url":"https:\/\/www.visit-ulcinj.com\/blog\/2011\/03\/21\/funkcioner-dps-sa-iz-ulcinja-ilmija-dervisi-optuzio-je-lokalnu-vlast\/","og_site_name":"Lajme nga Ulqini","article_published_time":"2011-03-21T15:32:27+00:00","article_modified_time":"2011-03-22T07:39:52+00:00","og_image":[{"url":"http:\/\/www.visit-ulcinj.com\/blog\/wp-content\/uploads\/2011\/03\/Opstina-Ulcinj_Komuna-e-Ulqinit_.jpg"}],"twitter_misc":{"Written by":"ulqini"},"schema":{"@context":"https:\/\/schema.org","@graph":[{"@type":"WebSite","@id":"https:\/\/www.visit-ulcinj.com\/blog\/#website","url":"https:\/\/www.visit-ulcinj.com\/blog\/","name":"Lajme nga Ulqini","description":"Lajme,Vijesti,Ulqini,Ulqin,Crna Gora,Mali i Zi","potentialAction":[{"@type":"SearchAction","target":{"@type":"EntryPoint","urlTemplate":"https:\/\/www.visit-ulcinj.com\/blog\/?s={search_term_string}"},"query-input":"required name=search_term_string"}],"inLanguage":"en-US"},{"@type":"ImageObject","inLanguage":"en-US","@id":"https:\/\/www.visit-ulcinj.com\/blog\/2011\/03\/21\/funkcioner-dps-sa-iz-ulcinja-ilmija-dervisi-optuzio-je-lokalnu-vlast\/#primaryimage","url":"https:\/\/www.visit-ulcinj.com\/blog\/wp-content\/uploads\/2011\/03\/Opstina-Ulcinj_Komuna-e-Ulqinit_.jpg","contentUrl":"https:\/\/www.visit-ulcinj.com\/blog\/wp-content\/uploads\/2011\/03\/Opstina-Ulcinj_Komuna-e-Ulqinit_.jpg","width":"1000","height":"750"},{"@type":"WebPage","@id":"https:\/\/www.visit-ulcinj.com\/blog\/2011\/03\/21\/funkcioner-dps-sa-iz-ulcinja-ilmija-dervisi-optuzio-je-lokalnu-vlast\/#webpage","url":"https:\/\/www.visit-ulcinj.com\/blog\/2011\/03\/21\/funkcioner-dps-sa-iz-ulcinja-ilmija-dervisi-optuzio-je-lokalnu-vlast\/","name":"Funkcioner DPS -sa iz Ulcinja Ilmija Dervi\u0161i, optu\u017eio je lokalnu vlast - Lajme nga Ulqini","isPartOf":{"@id":"https:\/\/www.visit-ulcinj.com\/blog\/#website"},"primaryImageOfPage":{"@id":"https:\/\/www.visit-ulcinj.com\/blog\/2011\/03\/21\/funkcioner-dps-sa-iz-ulcinja-ilmija-dervisi-optuzio-je-lokalnu-vlast\/#primaryimage"},"datePublished":"2011-03-21T15:32:27+00:00","dateModified":"2011-03-22T07:39:52+00:00","author":{"@id":"https:\/\/www.visit-ulcinj.com\/blog\/#\/schema\/person\/dcab619c614d3038751c63bc2aadc06d"},"description":"Visoki funkcioner Demokratske partije socijalista iz Ulcinja Ilmija Dervi\u0161i, optu\u017eio je lokalnu vlast, u kojoj participira i njegova stranka, da je u","breadcrumb":{"@id":"https:\/\/www.visit-ulcinj.com\/blog\/2011\/03\/21\/funkcioner-dps-sa-iz-ulcinja-ilmija-dervisi-optuzio-je-lokalnu-vlast\/#breadcrumb"},"inLanguage":"en-US","potentialAction":[{"@type":"ReadAction","target":["https:\/\/www.visit-ulcinj.com\/blog\/2011\/03\/21\/funkcioner-dps-sa-iz-ulcinja-ilmija-dervisi-optuzio-je-lokalnu-vlast\/"]}]},{"@type":"BreadcrumbList","@id":"https:\/\/www.visit-ulcinj.com\/blog\/2011\/03\/21\/funkcioner-dps-sa-iz-ulcinja-ilmija-dervisi-optuzio-je-lokalnu-vlast\/#breadcrumb","itemListElement":[{"@type":"ListItem","position":1,"name":"Funkcioner DPS -sa iz Ulcinja Ilmija Dervi\u0161i, optu\u017eio je lokalnu vlast"}]},{"@type":"Person","@id":"https:\/\/www.visit-ulcinj.com\/blog\/#\/schema\/person\/dcab619c614d3038751c63bc2aadc06d","name":"ulqini","sameAs":["http:\/\/www.visit-ulcinj.com"],"url":"https:\/\/www.visit-ulcinj.com\/blog\/author\/admin\/"}]}},"jetpack_featured_media_url":"","jetpack_sharing_enabled":true,"jetpack_shortlink":"https:\/\/wp.me\/pe6lTn-bGX","_links":{"self":[{"href":"https:\/\/www.visit-ulcinj.com\/blog\/wp-json\/wp\/v2\/posts\/44947"}],"collection":[{"href":"https:\/\/www.visit-ulcinj.com\/blog\/wp-json\/wp\/v2\/posts"}],"about":[{"href":"https:\/\/www.visit-ulcinj.com\/blog\/wp-json\/wp\/v2\/types\/post"}],"author":[{"embeddable":true,"href":"https:\/\/www.visit-ulcinj.com\/blog\/wp-json\/wp\/v2\/users\/1"}],"replies":[{"embeddable":true,"href":"https:\/\/www.visit-ulcinj.com\/blog\/wp-json\/wp\/v2\/comments?post=44947"}],"version-history":[{"count":0,"href":"https:\/\/www.visit-ulcinj.com\/blog\/wp-json\/wp\/v2\/posts\/44947\/revisions"}],"wp:attachment":[{"href":"https:\/\/www.visit-ulcinj.com\/blog\/wp-json\/wp\/v2\/media?parent=44947"}],"wp:term":[{"taxonomy":"category","embeddable":true,"href":"https:\/\/www.visit-ulcinj.com\/blog\/wp-json\/wp\/v2\/categories?post=44947"},{"taxonomy":"post_tag","embeddable":true,"href":"https:\/\/www.visit-ulcinj.com\/blog\/wp-json\/wp\/v2\/tags?post=44947"}],"curies":[{"name":"wp","href":"https:\/\/api.w.org\/{rel}","templated":true}]}}