{"id":44958,"date":"2011-03-21T17:31:31","date_gmt":"2011-03-21T16:31:31","guid":{"rendered":"http:\/\/www.visit-ulcinj.com\/blog\/?p=44958"},"modified":"2011-03-21T17:33:37","modified_gmt":"2011-03-21T16:33:37","slug":"dulcineja-iz-ulcinja","status":"publish","type":"post","link":"https:\/\/www.visit-ulcinj.com\/blog\/2011\/03\/21\/dulcineja-iz-ulcinja\/","title":{"rendered":"Dul\u010dineja iz Ulcinja"},"content":{"rendered":"<p><a href=\"http:\/\/www.visit-ulcinj.com\/blog\/wp-content\/uploads\/2011\/03\/Dulcinea_Ulcinj_Miguel-Servantesit-Saavedra.jpg\"><img loading=\"lazy\" class=\"alignleft size-full wp-image-44959\" title=\"Dulcinea_Ulcinj_Miguel-Servantesit-Saavedra\" src=\"http:\/\/www.visit-ulcinj.com\/blog\/wp-content\/uploads\/2011\/03\/Dulcinea_Ulcinj_Miguel-Servantesit-Saavedra.jpg\" alt=\"\" width=\"360\" height=\"584\" \/><\/a>Ulcinj se nalazi na samom jugu Crne Gore. Vjeruje se da su drevni Ulcinj, sada\u0161nji Stari grad, u V vijeku prije na\u0161e ere osnovali Grci iz Kolhide, otud i otad prvo ime &#8211; Kolhinijum. U II vijeku prije na\u0161e ere osvajaju ga Rimljani i daju mu ime Olcinijum, po starosjedjela\u010dkom ilirskom plemenu Olcinijates. Slijede vjekovi burne istorije.<\/p>\n<p>No, osim istorijskih \u010dinjenica o gradu koji se zvao i Dolcinjo, Lcin u Ocin, postoje i zanimljive legende. Najprepri\u010davanija je ona o robu Servetu i njegovoj Ulcinjanki. Zapravo, o slavnom Miguelu de Servantesu i Dul\u010dineji ili Dulsineji zbog koje je Don Kihot juri\u0161ao i na vjeternja\u010de. Pri\u010da otprilike glasi ovako:<\/p>\n<p>Jednog dana 1575. godine tri ulcinjska leuta (brzi gusarski \u010damci) negdje u Sredozemnom moru napali su \u0161pansku fregatu (ratni brod s dvije palube). Borba je bila krvava i kratka. Mada opremljen i pripravan na sve bojeve na moru, \u0161panski brod bio je isuvi\u0161e trom, ali i neoprezan da izdr\u017ei navalu brojnih i vje\u0161tijih ulcinjskih gusara. I, nakon nekoliko dana, kako to opisuje dragocjeni sakuplja\u010d istorijskih pri\u010da i predanja ovog kraja Milenko Ratkovi\u0107, fregata je uplovila u Ulcinj pra\u0107ena leutima. Razumije se, s bogatim plijenom i mno\u0161tvom zarobljenika.<br \/>\n<a href=\"http:\/\/www.visit-ulcinj.com\/blog\/wp-content\/uploads\/2011\/03\/Ulcinjska_Dulcinea_Miguel-Servantesit-Saavedra.1.jpg\"><img loading=\"lazy\" class=\"alignleft size-full wp-image-44961\" title=\"Ulcinjska_Dulcinea_Miguel-Servantesit-Saavedra.1\" src=\"http:\/\/www.visit-ulcinj.com\/blog\/wp-content\/uploads\/2011\/03\/Ulcinjska_Dulcinea_Miguel-Servantesit-Saavedra.1.jpg\" alt=\"\" width=\"300\" height=\"400\" \/><\/a><\/p>\n<p>Me\u0111u robljem se nalazio i jedan naizgled neugledan mornar, bez lijeve ruke, koju je izgubio u bici kod Lepanta, ali gusarima posebno zanimljiv. Naime, kod tog Serveta, kako mu je ime sa\u010duvalo predanje, na\u0111eni su neki papiri s pe\u010datom \u0161panskog kralja. Ne samo vi\u010dni borbi na moru nego i vje\u0161ti trgovci, gusari su odmah shvatili da su se dokopali vrijednog plijena. Ve\u0107 su \u010duli zveckanje zlatnika koji \u0107e sti\u0107i za njegov otkup i nijesu ga, poput ostalih, izlo\u017eili na Trgu robova, ve\u0107 su \u010dekali odgovor iz \u0160panije.<\/p>\n<p>Legenda dalje veli da je novac zaista i stigao, ali je rob Servet ostao u zato\u010deni\u0161tvu, po\u0161to se odrekao slobode u korist svog brata Rodriga koji je s njim zarobljen, a dukata je bilo samo za jednog. Servet je imao dozvolu za redovnu \u0161etnju gradskim ulicama, i to bez lanaca. Dugo je ostajao budan u tamnici, pone\u0161to kri\u0161om zapisivao i \u010desto lijepo pjevu\u0161io na mje\u0161tanima nepoznatom jeziku.<\/p>\n<p>Onda je jednoj djevojci zapao za oko i planula je ljubav, zabranjena i \u010de\u017enjiva. Pri\u010da ka\u017ee da je nakon nekoliko godina u Ulcinj stigao bogati stranac. Otkupio je romanti\u010dnog roba, a ovaj je zgrabio za ruku svoju voljenu Ulcinjanku i ovjekovje\u010dio je u ,,Don Kihotu\u201d \u2013 kao Dul\u010dineju &#8211; Dulsineju.<\/p>\n<p><a href=\"http:\/\/www.pobjeda.co.me\/citanje.php?datum=2011-03-21&amp;id=204172\" target=\"_blank\"><strong>Pobjeda<\/strong><\/a><\/p>\n<!--YouTube Error: bad URL entered-->\n","protected":false},"excerpt":{"rendered":"<p>Ulcinj se nalazi na samom jugu Crne Gore. Vjeruje se da su drevni Ulcinj, sada\u0161nji Stari grad, u V vijeku prije na\u0161e ere osnovali Grci iz Kolhide, otud i otad prvo ime &#8211; Kolhinijum. U II vijeku prije na\u0161e ere osvajaju ga Rimljani i daju mu ime Olcinijum, po starosjedjela\u010dkom ilirskom plemenu Olcinijates. Slijede vjekovi [&hellip;]<\/p>\n","protected":false},"author":1,"featured_media":0,"comment_status":"open","ping_status":"closed","sticky":false,"template":"","format":"standard","meta":{"spay_email":"","jetpack_publicize_message":"","jetpack_is_tweetstorm":false,"jetpack_publicize_feature_enabled":true},"categories":[8337],"tags":[13243,17677,17678,19,200,18],"jetpack_publicize_connections":[],"yoast_head":"<!-- This site is optimized with the Yoast SEO plugin v19.1 - https:\/\/yoast.com\/wordpress\/plugins\/seo\/ -->\n<title>Dul\u010dineja iz Ulcinja - Lajme nga Ulqini<\/title>\n<meta name=\"description\" content=\"Ulcinj se nalazi na samom jugu Crne Gore. Vjeruje se da su drevni Ulcinj, sada\u0161nji Stari grad, u V vijeku prije na\u0161e ere osnovali Grci iz Kolhide, otud i\" \/>\n<meta name=\"robots\" content=\"index, follow, max-snippet:-1, max-image-preview:large, max-video-preview:-1\" \/>\n<link rel=\"canonical\" href=\"https:\/\/www.visit-ulcinj.com\/blog\/2011\/03\/21\/dulcineja-iz-ulcinja\/\" \/>\n<meta property=\"og:locale\" content=\"en_US\" \/>\n<meta property=\"og:type\" content=\"article\" \/>\n<meta property=\"og:title\" content=\"Dul\u010dineja iz Ulcinja - Lajme nga Ulqini\" \/>\n<meta property=\"og:description\" content=\"Ulcinj se nalazi na samom jugu Crne Gore. Vjeruje se da su drevni Ulcinj, sada\u0161nji Stari grad, u V vijeku prije na\u0161e ere osnovali Grci iz Kolhide, otud i\" \/>\n<meta property=\"og:url\" content=\"https:\/\/www.visit-ulcinj.com\/blog\/2011\/03\/21\/dulcineja-iz-ulcinja\/\" \/>\n<meta property=\"og:site_name\" content=\"Lajme nga Ulqini\" \/>\n<meta property=\"article:published_time\" content=\"2011-03-21T16:31:31+00:00\" \/>\n<meta property=\"article:modified_time\" content=\"2011-03-21T16:33:37+00:00\" \/>\n<meta property=\"og:image\" content=\"http:\/\/www.visit-ulcinj.com\/blog\/wp-content\/uploads\/2011\/03\/Dulcinea_Ulcinj_Miguel-Servantesit-Saavedra.jpg\" \/>\n<meta name=\"twitter:label1\" content=\"Written by\" \/>\n\t<meta name=\"twitter:data1\" content=\"ulqini\" \/>\n\t<meta name=\"twitter:label2\" content=\"Est. reading time\" \/>\n\t<meta name=\"twitter:data2\" content=\"2 minutes\" \/>\n<script type=\"application\/ld+json\" class=\"yoast-schema-graph\">{\"@context\":\"https:\/\/schema.org\",\"@graph\":[{\"@type\":\"WebSite\",\"@id\":\"https:\/\/www.visit-ulcinj.com\/blog\/#website\",\"url\":\"https:\/\/www.visit-ulcinj.com\/blog\/\",\"name\":\"Lajme nga Ulqini\",\"description\":\"Lajme,Vijesti,Ulqini,Ulqin,Crna Gora,Mali i Zi\",\"potentialAction\":[{\"@type\":\"SearchAction\",\"target\":{\"@type\":\"EntryPoint\",\"urlTemplate\":\"https:\/\/www.visit-ulcinj.com\/blog\/?s={search_term_string}\"},\"query-input\":\"required name=search_term_string\"}],\"inLanguage\":\"en-US\"},{\"@type\":\"ImageObject\",\"inLanguage\":\"en-US\",\"@id\":\"https:\/\/www.visit-ulcinj.com\/blog\/2011\/03\/21\/dulcineja-iz-ulcinja\/#primaryimage\",\"url\":\"https:\/\/www.visit-ulcinj.com\/blog\/wp-content\/uploads\/2011\/03\/Dulcinea_Ulcinj_Miguel-Servantesit-Saavedra.jpg\",\"contentUrl\":\"https:\/\/www.visit-ulcinj.com\/blog\/wp-content\/uploads\/2011\/03\/Dulcinea_Ulcinj_Miguel-Servantesit-Saavedra.jpg\",\"width\":\"400\",\"height\":\"584\"},{\"@type\":\"WebPage\",\"@id\":\"https:\/\/www.visit-ulcinj.com\/blog\/2011\/03\/21\/dulcineja-iz-ulcinja\/#webpage\",\"url\":\"https:\/\/www.visit-ulcinj.com\/blog\/2011\/03\/21\/dulcineja-iz-ulcinja\/\",\"name\":\"Dul\u010dineja iz Ulcinja - Lajme nga Ulqini\",\"isPartOf\":{\"@id\":\"https:\/\/www.visit-ulcinj.com\/blog\/#website\"},\"primaryImageOfPage\":{\"@id\":\"https:\/\/www.visit-ulcinj.com\/blog\/2011\/03\/21\/dulcineja-iz-ulcinja\/#primaryimage\"},\"datePublished\":\"2011-03-21T16:31:31+00:00\",\"dateModified\":\"2011-03-21T16:33:37+00:00\",\"author\":{\"@id\":\"https:\/\/www.visit-ulcinj.com\/blog\/#\/schema\/person\/dcab619c614d3038751c63bc2aadc06d\"},\"description\":\"Ulcinj se nalazi na samom jugu Crne Gore. Vjeruje se da su drevni Ulcinj, sada\u0161nji Stari grad, u V vijeku prije na\u0161e ere osnovali Grci iz Kolhide, otud i\",\"breadcrumb\":{\"@id\":\"https:\/\/www.visit-ulcinj.com\/blog\/2011\/03\/21\/dulcineja-iz-ulcinja\/#breadcrumb\"},\"inLanguage\":\"en-US\",\"potentialAction\":[{\"@type\":\"ReadAction\",\"target\":[\"https:\/\/www.visit-ulcinj.com\/blog\/2011\/03\/21\/dulcineja-iz-ulcinja\/\"]}]},{\"@type\":\"BreadcrumbList\",\"@id\":\"https:\/\/www.visit-ulcinj.com\/blog\/2011\/03\/21\/dulcineja-iz-ulcinja\/#breadcrumb\",\"itemListElement\":[{\"@type\":\"ListItem\",\"position\":1,\"name\":\"Dul\u010dineja iz Ulcinja\"}]},{\"@type\":\"Person\",\"@id\":\"https:\/\/www.visit-ulcinj.com\/blog\/#\/schema\/person\/dcab619c614d3038751c63bc2aadc06d\",\"name\":\"ulqini\",\"sameAs\":[\"http:\/\/www.visit-ulcinj.com\"],\"url\":\"https:\/\/www.visit-ulcinj.com\/blog\/author\/admin\/\"}]}<\/script>\n<!-- \/ Yoast SEO plugin. -->","yoast_head_json":{"title":"Dul\u010dineja iz Ulcinja - Lajme nga Ulqini","description":"Ulcinj se nalazi na samom jugu Crne Gore. Vjeruje se da su drevni Ulcinj, sada\u0161nji Stari grad, u V vijeku prije na\u0161e ere osnovali Grci iz Kolhide, otud i","robots":{"index":"index","follow":"follow","max-snippet":"max-snippet:-1","max-image-preview":"max-image-preview:large","max-video-preview":"max-video-preview:-1"},"canonical":"https:\/\/www.visit-ulcinj.com\/blog\/2011\/03\/21\/dulcineja-iz-ulcinja\/","og_locale":"en_US","og_type":"article","og_title":"Dul\u010dineja iz Ulcinja - Lajme nga Ulqini","og_description":"Ulcinj se nalazi na samom jugu Crne Gore. Vjeruje se da su drevni Ulcinj, sada\u0161nji Stari grad, u V vijeku prije na\u0161e ere osnovali Grci iz Kolhide, otud i","og_url":"https:\/\/www.visit-ulcinj.com\/blog\/2011\/03\/21\/dulcineja-iz-ulcinja\/","og_site_name":"Lajme nga Ulqini","article_published_time":"2011-03-21T16:31:31+00:00","article_modified_time":"2011-03-21T16:33:37+00:00","og_image":[{"url":"http:\/\/www.visit-ulcinj.com\/blog\/wp-content\/uploads\/2011\/03\/Dulcinea_Ulcinj_Miguel-Servantesit-Saavedra.jpg"}],"twitter_misc":{"Written by":"ulqini","Est. reading time":"2 minutes"},"schema":{"@context":"https:\/\/schema.org","@graph":[{"@type":"WebSite","@id":"https:\/\/www.visit-ulcinj.com\/blog\/#website","url":"https:\/\/www.visit-ulcinj.com\/blog\/","name":"Lajme nga Ulqini","description":"Lajme,Vijesti,Ulqini,Ulqin,Crna Gora,Mali i Zi","potentialAction":[{"@type":"SearchAction","target":{"@type":"EntryPoint","urlTemplate":"https:\/\/www.visit-ulcinj.com\/blog\/?s={search_term_string}"},"query-input":"required name=search_term_string"}],"inLanguage":"en-US"},{"@type":"ImageObject","inLanguage":"en-US","@id":"https:\/\/www.visit-ulcinj.com\/blog\/2011\/03\/21\/dulcineja-iz-ulcinja\/#primaryimage","url":"https:\/\/www.visit-ulcinj.com\/blog\/wp-content\/uploads\/2011\/03\/Dulcinea_Ulcinj_Miguel-Servantesit-Saavedra.jpg","contentUrl":"https:\/\/www.visit-ulcinj.com\/blog\/wp-content\/uploads\/2011\/03\/Dulcinea_Ulcinj_Miguel-Servantesit-Saavedra.jpg","width":"400","height":"584"},{"@type":"WebPage","@id":"https:\/\/www.visit-ulcinj.com\/blog\/2011\/03\/21\/dulcineja-iz-ulcinja\/#webpage","url":"https:\/\/www.visit-ulcinj.com\/blog\/2011\/03\/21\/dulcineja-iz-ulcinja\/","name":"Dul\u010dineja iz Ulcinja - Lajme nga Ulqini","isPartOf":{"@id":"https:\/\/www.visit-ulcinj.com\/blog\/#website"},"primaryImageOfPage":{"@id":"https:\/\/www.visit-ulcinj.com\/blog\/2011\/03\/21\/dulcineja-iz-ulcinja\/#primaryimage"},"datePublished":"2011-03-21T16:31:31+00:00","dateModified":"2011-03-21T16:33:37+00:00","author":{"@id":"https:\/\/www.visit-ulcinj.com\/blog\/#\/schema\/person\/dcab619c614d3038751c63bc2aadc06d"},"description":"Ulcinj se nalazi na samom jugu Crne Gore. Vjeruje se da su drevni Ulcinj, sada\u0161nji Stari grad, u V vijeku prije na\u0161e ere osnovali Grci iz Kolhide, otud i","breadcrumb":{"@id":"https:\/\/www.visit-ulcinj.com\/blog\/2011\/03\/21\/dulcineja-iz-ulcinja\/#breadcrumb"},"inLanguage":"en-US","potentialAction":[{"@type":"ReadAction","target":["https:\/\/www.visit-ulcinj.com\/blog\/2011\/03\/21\/dulcineja-iz-ulcinja\/"]}]},{"@type":"BreadcrumbList","@id":"https:\/\/www.visit-ulcinj.com\/blog\/2011\/03\/21\/dulcineja-iz-ulcinja\/#breadcrumb","itemListElement":[{"@type":"ListItem","position":1,"name":"Dul\u010dineja iz Ulcinja"}]},{"@type":"Person","@id":"https:\/\/www.visit-ulcinj.com\/blog\/#\/schema\/person\/dcab619c614d3038751c63bc2aadc06d","name":"ulqini","sameAs":["http:\/\/www.visit-ulcinj.com"],"url":"https:\/\/www.visit-ulcinj.com\/blog\/author\/admin\/"}]}},"jetpack_featured_media_url":"","jetpack_sharing_enabled":true,"jetpack_shortlink":"https:\/\/wp.me\/pe6lTn-bH8","_links":{"self":[{"href":"https:\/\/www.visit-ulcinj.com\/blog\/wp-json\/wp\/v2\/posts\/44958"}],"collection":[{"href":"https:\/\/www.visit-ulcinj.com\/blog\/wp-json\/wp\/v2\/posts"}],"about":[{"href":"https:\/\/www.visit-ulcinj.com\/blog\/wp-json\/wp\/v2\/types\/post"}],"author":[{"embeddable":true,"href":"https:\/\/www.visit-ulcinj.com\/blog\/wp-json\/wp\/v2\/users\/1"}],"replies":[{"embeddable":true,"href":"https:\/\/www.visit-ulcinj.com\/blog\/wp-json\/wp\/v2\/comments?post=44958"}],"version-history":[{"count":0,"href":"https:\/\/www.visit-ulcinj.com\/blog\/wp-json\/wp\/v2\/posts\/44958\/revisions"}],"wp:attachment":[{"href":"https:\/\/www.visit-ulcinj.com\/blog\/wp-json\/wp\/v2\/media?parent=44958"}],"wp:term":[{"taxonomy":"category","embeddable":true,"href":"https:\/\/www.visit-ulcinj.com\/blog\/wp-json\/wp\/v2\/categories?post=44958"},{"taxonomy":"post_tag","embeddable":true,"href":"https:\/\/www.visit-ulcinj.com\/blog\/wp-json\/wp\/v2\/tags?post=44958"}],"curies":[{"name":"wp","href":"https:\/\/api.w.org\/{rel}","templated":true}]}}