{"id":44971,"date":"2011-03-22T14:59:15","date_gmt":"2011-03-22T13:59:15","guid":{"rendered":"http:\/\/www.visit-ulcinj.com\/blog\/?p=44971"},"modified":"2011-03-22T14:59:32","modified_gmt":"2011-03-22T13:59:32","slug":"u-opstini-ulcinj-odbacuju-optuzbe","status":"publish","type":"post","link":"https:\/\/www.visit-ulcinj.com\/blog\/2011\/03\/22\/u-opstini-ulcinj-odbacuju-optuzbe\/","title":{"rendered":"U op\u0161tini Ulcinj odbacuju optu\u017ebe"},"content":{"rendered":"<p><strong><a href=\"http:\/\/www.visit-ulcinj.com\/blog\/wp-content\/uploads\/2011\/03\/Luigj-Lui-Shkrela.jpg\"><img loading=\"lazy\" class=\"alignleft size-full wp-image-44972\" title=\"Luigj Lui Shkrela\" src=\"http:\/\/www.visit-ulcinj.com\/blog\/wp-content\/uploads\/2011\/03\/Luigj-Lui-Shkrela.jpg\" alt=\"\" width=\"508\" height=\"370\" \/><\/a>Nakon optu\u017ebi da je vlast u Ulcinju pronevjerila milion, Luk\u0161i\u0107 tra\u017ei istragu<\/strong><\/p>\n<p><strong> <\/strong>Premijer Igor Luk\u0161i\u0107 izjavio je sino\u0107 da se moraju provjeriti optu\u017ebe da je vlast u Ulcinju o\u0161tetila bud\u017eet za milion eura.<\/p>\n<p>\u201cIstupi koji se \u010duju iz Ulcinja su ne\u0161to \u0161to treba provjeriti i mislim da zavre\u0111uju pa\u017enju institucija koje treba da se bave time\u201c, kazao je Luk\u0161i\u0107 u Herceg Novom, komentari\u0161u\u0107i izjavu visokog funkcionera DPS-a iz tog grada Ilmija Dervi\u0161ija koji je optu\u017eio lokalnu vlast, u kojoj participira i njegova stranka, da je u prvoj polovini pro\u0161le godine gradski bud\u017eet o\u0161tetila za gotovo milion eura.<br \/>\nLuk\u0161i\u0107 je bio kategori\u010dan da nepravilnosti \u201etreba sankcionistai, kao i njihove nosioce\u201c. On je dodao da to \u0161to slu\u010daj korenspondira sa vremenom kada je Luk\u0161i\u0107 bio ministar finansija, prema premijerovoj ocjeni \u201esamo po sebi ne zna\u010di ni\u0161ta\u201c.<\/p>\n<p><a href=\"http:\/\/www.vijesti.me\/vijesti\/nakon-optuzbi-da-je-vlast-ulcinju-pronevjerila-milion-luksic-trazi-istragu-clanak-11918\" target=\"_blank\"><br \/>\n<\/a><\/p>\n<p><a href=\"http:\/\/www.vijesti.me\/vijesti\/nakon-optuzbi-da-je-vlast-ulcinju-pronevjerila-milion-luksic-trazi-istragu-clanak-11918\" target=\"_blank\"><strong> <\/strong><strong>Pro\u010ditaj vijest do kraja &gt;&gt; Vijesti<\/strong><\/a><\/p>\n<p><strong><!--YouTube Error: bad URL entered--><br \/>\n<\/strong><\/p>\n","protected":false},"excerpt":{"rendered":"<p>Nakon optu\u017ebi da je vlast u Ulcinju pronevjerila milion, Luk\u0161i\u0107 tra\u017ei istragu Premijer Igor Luk\u0161i\u0107 izjavio je sino\u0107 da se moraju provjeriti optu\u017ebe da je vlast u Ulcinju o\u0161tetila bud\u017eet za milion eura. \u201cIstupi koji se \u010duju iz Ulcinja su ne\u0161to \u0161to treba provjeriti i mislim da zavre\u0111uju pa\u017enju institucija koje treba da se bave [&hellip;]<\/p>\n","protected":false},"author":1,"featured_media":0,"comment_status":"open","ping_status":"closed","sticky":false,"template":"","format":"standard","meta":{"spay_email":"","jetpack_publicize_message":"","jetpack_is_tweetstorm":false,"jetpack_publicize_feature_enabled":true},"categories":[8337],"tags":[264],"jetpack_publicize_connections":[],"yoast_head":"<!-- This site is optimized with the Yoast SEO plugin v19.1 - https:\/\/yoast.com\/wordpress\/plugins\/seo\/ -->\n<title>U op\u0161tini Ulcinj odbacuju optu\u017ebe - Lajme nga Ulqini<\/title>\n<meta name=\"description\" content=\"Nakon optu\u017ebi da je vlast u Ulcinju pronevjerila milion, Luk\u0161i\u0107 tra\u017ei istragu Premijer Igor Luk\u0161i\u0107 izjavio je sino\u0107 da se moraju provjeriti optu\u017ebe da je\" \/>\n<meta name=\"robots\" content=\"index, follow, max-snippet:-1, max-image-preview:large, max-video-preview:-1\" \/>\n<link rel=\"canonical\" href=\"https:\/\/www.visit-ulcinj.com\/blog\/2011\/03\/22\/u-opstini-ulcinj-odbacuju-optuzbe\/\" \/>\n<meta property=\"og:locale\" content=\"en_US\" \/>\n<meta property=\"og:type\" content=\"article\" \/>\n<meta property=\"og:title\" content=\"U op\u0161tini Ulcinj odbacuju optu\u017ebe - Lajme nga Ulqini\" \/>\n<meta property=\"og:description\" content=\"Nakon optu\u017ebi da je vlast u Ulcinju pronevjerila milion, Luk\u0161i\u0107 tra\u017ei istragu Premijer Igor Luk\u0161i\u0107 izjavio je sino\u0107 da se moraju provjeriti optu\u017ebe da je\" \/>\n<meta property=\"og:url\" content=\"https:\/\/www.visit-ulcinj.com\/blog\/2011\/03\/22\/u-opstini-ulcinj-odbacuju-optuzbe\/\" \/>\n<meta property=\"og:site_name\" content=\"Lajme nga Ulqini\" \/>\n<meta property=\"article:published_time\" content=\"2011-03-22T13:59:15+00:00\" \/>\n<meta property=\"article:modified_time\" content=\"2011-03-22T13:59:32+00:00\" \/>\n<meta property=\"og:image\" content=\"http:\/\/www.visit-ulcinj.com\/blog\/wp-content\/uploads\/2011\/03\/Luigj-Lui-Shkrela.jpg\" \/>\n<meta name=\"twitter:label1\" content=\"Written by\" \/>\n\t<meta name=\"twitter:data1\" content=\"ulqini\" \/>\n\t<meta name=\"twitter:label2\" content=\"Est. reading time\" \/>\n\t<meta name=\"twitter:data2\" content=\"1 minute\" \/>\n<script type=\"application\/ld+json\" class=\"yoast-schema-graph\">{\"@context\":\"https:\/\/schema.org\",\"@graph\":[{\"@type\":\"WebSite\",\"@id\":\"https:\/\/www.visit-ulcinj.com\/blog\/#website\",\"url\":\"https:\/\/www.visit-ulcinj.com\/blog\/\",\"name\":\"Lajme nga Ulqini\",\"description\":\"Lajme,Vijesti,Ulqini,Ulqin,Crna Gora,Mali i Zi\",\"potentialAction\":[{\"@type\":\"SearchAction\",\"target\":{\"@type\":\"EntryPoint\",\"urlTemplate\":\"https:\/\/www.visit-ulcinj.com\/blog\/?s={search_term_string}\"},\"query-input\":\"required name=search_term_string\"}],\"inLanguage\":\"en-US\"},{\"@type\":\"ImageObject\",\"inLanguage\":\"en-US\",\"@id\":\"https:\/\/www.visit-ulcinj.com\/blog\/2011\/03\/22\/u-opstini-ulcinj-odbacuju-optuzbe\/#primaryimage\",\"url\":\"https:\/\/www.visit-ulcinj.com\/blog\/wp-content\/uploads\/2011\/03\/Luigj-Lui-Shkrela.jpg\",\"contentUrl\":\"https:\/\/www.visit-ulcinj.com\/blog\/wp-content\/uploads\/2011\/03\/Luigj-Lui-Shkrela.jpg\",\"width\":\"508\",\"height\":\"448\"},{\"@type\":\"WebPage\",\"@id\":\"https:\/\/www.visit-ulcinj.com\/blog\/2011\/03\/22\/u-opstini-ulcinj-odbacuju-optuzbe\/#webpage\",\"url\":\"https:\/\/www.visit-ulcinj.com\/blog\/2011\/03\/22\/u-opstini-ulcinj-odbacuju-optuzbe\/\",\"name\":\"U op\u0161tini Ulcinj odbacuju optu\u017ebe - Lajme nga Ulqini\",\"isPartOf\":{\"@id\":\"https:\/\/www.visit-ulcinj.com\/blog\/#website\"},\"primaryImageOfPage\":{\"@id\":\"https:\/\/www.visit-ulcinj.com\/blog\/2011\/03\/22\/u-opstini-ulcinj-odbacuju-optuzbe\/#primaryimage\"},\"datePublished\":\"2011-03-22T13:59:15+00:00\",\"dateModified\":\"2011-03-22T13:59:32+00:00\",\"author\":{\"@id\":\"https:\/\/www.visit-ulcinj.com\/blog\/#\/schema\/person\/dcab619c614d3038751c63bc2aadc06d\"},\"description\":\"Nakon optu\u017ebi da je vlast u Ulcinju pronevjerila milion, Luk\u0161i\u0107 tra\u017ei istragu Premijer Igor Luk\u0161i\u0107 izjavio je sino\u0107 da se moraju provjeriti optu\u017ebe da je\",\"breadcrumb\":{\"@id\":\"https:\/\/www.visit-ulcinj.com\/blog\/2011\/03\/22\/u-opstini-ulcinj-odbacuju-optuzbe\/#breadcrumb\"},\"inLanguage\":\"en-US\",\"potentialAction\":[{\"@type\":\"ReadAction\",\"target\":[\"https:\/\/www.visit-ulcinj.com\/blog\/2011\/03\/22\/u-opstini-ulcinj-odbacuju-optuzbe\/\"]}]},{\"@type\":\"BreadcrumbList\",\"@id\":\"https:\/\/www.visit-ulcinj.com\/blog\/2011\/03\/22\/u-opstini-ulcinj-odbacuju-optuzbe\/#breadcrumb\",\"itemListElement\":[{\"@type\":\"ListItem\",\"position\":1,\"name\":\"U op\u0161tini Ulcinj odbacuju optu\u017ebe\"}]},{\"@type\":\"Person\",\"@id\":\"https:\/\/www.visit-ulcinj.com\/blog\/#\/schema\/person\/dcab619c614d3038751c63bc2aadc06d\",\"name\":\"ulqini\",\"sameAs\":[\"http:\/\/www.visit-ulcinj.com\"],\"url\":\"https:\/\/www.visit-ulcinj.com\/blog\/author\/admin\/\"}]}<\/script>\n<!-- \/ Yoast SEO plugin. -->","yoast_head_json":{"title":"U op\u0161tini Ulcinj odbacuju optu\u017ebe - Lajme nga Ulqini","description":"Nakon optu\u017ebi da je vlast u Ulcinju pronevjerila milion, Luk\u0161i\u0107 tra\u017ei istragu Premijer Igor Luk\u0161i\u0107 izjavio je sino\u0107 da se moraju provjeriti optu\u017ebe da je","robots":{"index":"index","follow":"follow","max-snippet":"max-snippet:-1","max-image-preview":"max-image-preview:large","max-video-preview":"max-video-preview:-1"},"canonical":"https:\/\/www.visit-ulcinj.com\/blog\/2011\/03\/22\/u-opstini-ulcinj-odbacuju-optuzbe\/","og_locale":"en_US","og_type":"article","og_title":"U op\u0161tini Ulcinj odbacuju optu\u017ebe - Lajme nga Ulqini","og_description":"Nakon optu\u017ebi da je vlast u Ulcinju pronevjerila milion, Luk\u0161i\u0107 tra\u017ei istragu Premijer Igor Luk\u0161i\u0107 izjavio je sino\u0107 da se moraju provjeriti optu\u017ebe da je","og_url":"https:\/\/www.visit-ulcinj.com\/blog\/2011\/03\/22\/u-opstini-ulcinj-odbacuju-optuzbe\/","og_site_name":"Lajme nga Ulqini","article_published_time":"2011-03-22T13:59:15+00:00","article_modified_time":"2011-03-22T13:59:32+00:00","og_image":[{"url":"http:\/\/www.visit-ulcinj.com\/blog\/wp-content\/uploads\/2011\/03\/Luigj-Lui-Shkrela.jpg"}],"twitter_misc":{"Written by":"ulqini","Est. reading time":"1 minute"},"schema":{"@context":"https:\/\/schema.org","@graph":[{"@type":"WebSite","@id":"https:\/\/www.visit-ulcinj.com\/blog\/#website","url":"https:\/\/www.visit-ulcinj.com\/blog\/","name":"Lajme nga Ulqini","description":"Lajme,Vijesti,Ulqini,Ulqin,Crna Gora,Mali i Zi","potentialAction":[{"@type":"SearchAction","target":{"@type":"EntryPoint","urlTemplate":"https:\/\/www.visit-ulcinj.com\/blog\/?s={search_term_string}"},"query-input":"required name=search_term_string"}],"inLanguage":"en-US"},{"@type":"ImageObject","inLanguage":"en-US","@id":"https:\/\/www.visit-ulcinj.com\/blog\/2011\/03\/22\/u-opstini-ulcinj-odbacuju-optuzbe\/#primaryimage","url":"https:\/\/www.visit-ulcinj.com\/blog\/wp-content\/uploads\/2011\/03\/Luigj-Lui-Shkrela.jpg","contentUrl":"https:\/\/www.visit-ulcinj.com\/blog\/wp-content\/uploads\/2011\/03\/Luigj-Lui-Shkrela.jpg","width":"508","height":"448"},{"@type":"WebPage","@id":"https:\/\/www.visit-ulcinj.com\/blog\/2011\/03\/22\/u-opstini-ulcinj-odbacuju-optuzbe\/#webpage","url":"https:\/\/www.visit-ulcinj.com\/blog\/2011\/03\/22\/u-opstini-ulcinj-odbacuju-optuzbe\/","name":"U op\u0161tini Ulcinj odbacuju optu\u017ebe - Lajme nga Ulqini","isPartOf":{"@id":"https:\/\/www.visit-ulcinj.com\/blog\/#website"},"primaryImageOfPage":{"@id":"https:\/\/www.visit-ulcinj.com\/blog\/2011\/03\/22\/u-opstini-ulcinj-odbacuju-optuzbe\/#primaryimage"},"datePublished":"2011-03-22T13:59:15+00:00","dateModified":"2011-03-22T13:59:32+00:00","author":{"@id":"https:\/\/www.visit-ulcinj.com\/blog\/#\/schema\/person\/dcab619c614d3038751c63bc2aadc06d"},"description":"Nakon optu\u017ebi da je vlast u Ulcinju pronevjerila milion, Luk\u0161i\u0107 tra\u017ei istragu Premijer Igor Luk\u0161i\u0107 izjavio je sino\u0107 da se moraju provjeriti optu\u017ebe da je","breadcrumb":{"@id":"https:\/\/www.visit-ulcinj.com\/blog\/2011\/03\/22\/u-opstini-ulcinj-odbacuju-optuzbe\/#breadcrumb"},"inLanguage":"en-US","potentialAction":[{"@type":"ReadAction","target":["https:\/\/www.visit-ulcinj.com\/blog\/2011\/03\/22\/u-opstini-ulcinj-odbacuju-optuzbe\/"]}]},{"@type":"BreadcrumbList","@id":"https:\/\/www.visit-ulcinj.com\/blog\/2011\/03\/22\/u-opstini-ulcinj-odbacuju-optuzbe\/#breadcrumb","itemListElement":[{"@type":"ListItem","position":1,"name":"U op\u0161tini Ulcinj odbacuju optu\u017ebe"}]},{"@type":"Person","@id":"https:\/\/www.visit-ulcinj.com\/blog\/#\/schema\/person\/dcab619c614d3038751c63bc2aadc06d","name":"ulqini","sameAs":["http:\/\/www.visit-ulcinj.com"],"url":"https:\/\/www.visit-ulcinj.com\/blog\/author\/admin\/"}]}},"jetpack_featured_media_url":"","jetpack_sharing_enabled":true,"jetpack_shortlink":"https:\/\/wp.me\/pe6lTn-bHl","_links":{"self":[{"href":"https:\/\/www.visit-ulcinj.com\/blog\/wp-json\/wp\/v2\/posts\/44971"}],"collection":[{"href":"https:\/\/www.visit-ulcinj.com\/blog\/wp-json\/wp\/v2\/posts"}],"about":[{"href":"https:\/\/www.visit-ulcinj.com\/blog\/wp-json\/wp\/v2\/types\/post"}],"author":[{"embeddable":true,"href":"https:\/\/www.visit-ulcinj.com\/blog\/wp-json\/wp\/v2\/users\/1"}],"replies":[{"embeddable":true,"href":"https:\/\/www.visit-ulcinj.com\/blog\/wp-json\/wp\/v2\/comments?post=44971"}],"version-history":[{"count":0,"href":"https:\/\/www.visit-ulcinj.com\/blog\/wp-json\/wp\/v2\/posts\/44971\/revisions"}],"wp:attachment":[{"href":"https:\/\/www.visit-ulcinj.com\/blog\/wp-json\/wp\/v2\/media?parent=44971"}],"wp:term":[{"taxonomy":"category","embeddable":true,"href":"https:\/\/www.visit-ulcinj.com\/blog\/wp-json\/wp\/v2\/categories?post=44971"},{"taxonomy":"post_tag","embeddable":true,"href":"https:\/\/www.visit-ulcinj.com\/blog\/wp-json\/wp\/v2\/tags?post=44971"}],"curies":[{"name":"wp","href":"https:\/\/api.w.org\/{rel}","templated":true}]}}