{"id":44988,"date":"2011-03-22T20:54:38","date_gmt":"2011-03-22T19:54:38","guid":{"rendered":"http:\/\/www.visit-ulcinj.com\/blog\/?p=44988"},"modified":"2011-04-03T19:07:24","modified_gmt":"2011-04-03T18:07:24","slug":"turneu-nderkombetar-ne-ulqin-samurai-karate-cup-2011","status":"publish","type":"post","link":"https:\/\/www.visit-ulcinj.com\/blog\/2011\/03\/22\/turneu-nderkombetar-ne-ulqin-samurai-karate-cup-2011\/","title":{"rendered":"Turneu nd\u00ebrkomb\u00ebtar n\u00eb Ulqin: Samurai Karate Cup 2011"},"content":{"rendered":"<p><strong><a href=\"http:\/\/www.visit-ulcinj.com\/blog\/wp-content\/uploads\/2011\/03\/Turneu-nderkombetar-n\u00eb-Ulqin_Samurai-Karate-Cup-2011.jpg\"><img loading=\"lazy\" class=\"alignleft size-full wp-image-44990\" title=\"Turneu nderkombetar n\u00eb Ulqin_Samurai Karate Cup 2011\" src=\"http:\/\/www.visit-ulcinj.com\/blog\/wp-content\/uploads\/2011\/03\/Turneu-nderkombetar-n\u00eb-Ulqin_Samurai-Karate-Cup-2011.jpg\" alt=\"\" width=\"508\" height=\"380\" srcset=\"https:\/\/www.visit-ulcinj.com\/blog\/wp-content\/uploads\/2011\/03\/Turneu-nderkombetar-n\u00eb-Ulqin_Samurai-Karate-Cup-2011.jpg 720w, https:\/\/www.visit-ulcinj.com\/blog\/wp-content\/uploads\/2011\/03\/Turneu-nderkombetar-n\u00eb-Ulqin_Samurai-Karate-Cup-2011-300x225.jpg 300w\" sizes=\"(max-width: 508px) 100vw, 508px\" \/><\/a><a href=\"http:\/\/www.facebook.com\/event.php?eid=203761142986939#!\/event.php?eid=203761142986939\" target=\"_blank\">International Karate Tournament&#8221;SAMURAI KARATE CUP&#8221;2011<\/a><\/strong><\/p>\n<p>Klubi i karatese &#8220;Champion&#8221;dhe klubi i karatese &#8220;Albulena&#8221;,me rastin e dites se Komunes se Ulqinit, me date 3 prill organizojne turneun internacional &#8220;Samurai Karate Cup&#8221;2011.<br \/>\nFtojme te gjithe sportistet dhe dashamiresit e sportit qe te behen pjese e ketij evenimenti madheshtore ku do te perfaqesohen klubet nga: Shqiperia,Kosova,Kroacia,Maqedonija,Bosna dhe Hercegovina,Serbia dhe Mali i Zi.<br \/>\nLe te jete per ju ky aktivitet nje arsye&#8230; me shume per te vizituar dhe shijuar bukurite e ve\u00e7anta te qytetit te Ulqinit.<\/p>\n<p>Prania Juaj do te na nderoje !<br \/>\nJeni te mirepritur!<\/p>\n<p><strong>Info. e-mail: <a href=\"mailto:eliza_ul@t-com.me\" target=\"_blank\">eliza_ul@t-com.me<\/a><br \/>\nTel: +382( 0) 69 558 294<\/strong><\/p>\n<p><a href=\"http:\/\/www.facebook.com\/event.php?eid=203761142986939#!\/event.php?eid=203761142986939\" target=\"_blank\"><strong>P\u00ebrdor Linkun p\u00ebr pjesmarjen e juve:<br \/>\nInternational Karate Tournament&#8221;SAMURAI KARATE CUP&#8221;2011<\/strong><\/a><\/p>\n<p><strong><a href=\"http:\/\/www.facebook.com\/event.php?eid=203761142986939#!\/event.php?eid=203761142986939\" target=\"_blank\">Flora Markiq Facebook<\/a><\/strong><\/p>\n<p><strong><!--YouTube Error: bad URL entered--><br \/>\n<\/strong><\/p>\n","protected":false},"excerpt":{"rendered":"<p>International Karate Tournament&#8221;SAMURAI KARATE CUP&#8221;2011 Klubi i karatese &#8220;Champion&#8221;dhe klubi i karatese &#8220;Albulena&#8221;,me rastin e dites se Komunes se Ulqinit, me date 3 prill organizojne turneun internacional &#8220;Samurai Karate Cup&#8221;2011. Ftojme te gjithe sportistet dhe dashamiresit e sportit qe te behen pjese e ketij evenimenti madheshtore ku do te perfaqesohen klubet nga: Shqiperia,Kosova,Kroacia,Maqedonija,Bosna dhe Hercegovina,Serbia [&hellip;]<\/p>\n","protected":false},"author":1,"featured_media":0,"comment_status":"open","ping_status":"closed","sticky":false,"template":"","format":"standard","meta":{"spay_email":"","jetpack_publicize_message":"","jetpack_is_tweetstorm":false,"jetpack_publicize_feature_enabled":true},"categories":[3],"tags":[179,14086,2936,19,200,18,17865],"jetpack_publicize_connections":[],"yoast_head":"<!-- This site is optimized with the Yoast SEO plugin v19.1 - https:\/\/yoast.com\/wordpress\/plugins\/seo\/ -->\n<title>Turneu nd\u00ebrkomb\u00ebtar n\u00eb Ulqin: Samurai Karate Cup 2011 - Lajme nga Ulqini<\/title>\n<meta name=\"description\" content=\"International Karate Tournament&quot;SAMURAI KARATE CUP&quot;2011 Klubi i karatese &quot;Champion&quot;dhe klubi i karatese &quot;Albulena&quot;,me rastin e dites se Komunes se\" \/>\n<meta name=\"robots\" content=\"index, follow, max-snippet:-1, max-image-preview:large, max-video-preview:-1\" \/>\n<link rel=\"canonical\" href=\"https:\/\/www.visit-ulcinj.com\/blog\/2011\/03\/22\/turneu-nderkombetar-ne-ulqin-samurai-karate-cup-2011\/\" \/>\n<meta property=\"og:locale\" content=\"en_US\" \/>\n<meta property=\"og:type\" content=\"article\" \/>\n<meta property=\"og:title\" content=\"Turneu nd\u00ebrkomb\u00ebtar n\u00eb Ulqin: Samurai Karate Cup 2011 - Lajme nga Ulqini\" \/>\n<meta property=\"og:description\" content=\"International Karate Tournament&quot;SAMURAI KARATE CUP&quot;2011 Klubi i karatese &quot;Champion&quot;dhe klubi i karatese &quot;Albulena&quot;,me rastin e dites se Komunes se\" \/>\n<meta property=\"og:url\" content=\"https:\/\/www.visit-ulcinj.com\/blog\/2011\/03\/22\/turneu-nderkombetar-ne-ulqin-samurai-karate-cup-2011\/\" \/>\n<meta property=\"og:site_name\" content=\"Lajme nga Ulqini\" \/>\n<meta property=\"article:published_time\" content=\"2011-03-22T19:54:38+00:00\" \/>\n<meta property=\"article:modified_time\" content=\"2011-04-03T18:07:24+00:00\" \/>\n<meta name=\"twitter:label1\" content=\"Written by\" \/>\n\t<meta name=\"twitter:data1\" content=\"ulqini\" \/>\n\t<meta name=\"twitter:label2\" content=\"Est. reading time\" \/>\n\t<meta name=\"twitter:data2\" content=\"1 minute\" \/>\n<script type=\"application\/ld+json\" class=\"yoast-schema-graph\">{\"@context\":\"https:\/\/schema.org\",\"@graph\":[{\"@type\":\"WebSite\",\"@id\":\"https:\/\/www.visit-ulcinj.com\/blog\/#website\",\"url\":\"https:\/\/www.visit-ulcinj.com\/blog\/\",\"name\":\"Lajme nga Ulqini\",\"description\":\"Lajme,Vijesti,Ulqini,Ulqin,Crna Gora,Mali i Zi\",\"potentialAction\":[{\"@type\":\"SearchAction\",\"target\":{\"@type\":\"EntryPoint\",\"urlTemplate\":\"https:\/\/www.visit-ulcinj.com\/blog\/?s={search_term_string}\"},\"query-input\":\"required name=search_term_string\"}],\"inLanguage\":\"en-US\"},{\"@type\":\"WebPage\",\"@id\":\"https:\/\/www.visit-ulcinj.com\/blog\/2011\/03\/22\/turneu-nderkombetar-ne-ulqin-samurai-karate-cup-2011\/#webpage\",\"url\":\"https:\/\/www.visit-ulcinj.com\/blog\/2011\/03\/22\/turneu-nderkombetar-ne-ulqin-samurai-karate-cup-2011\/\",\"name\":\"Turneu nd\u00ebrkomb\u00ebtar n\u00eb Ulqin: Samurai Karate Cup 2011 - Lajme nga Ulqini\",\"isPartOf\":{\"@id\":\"https:\/\/www.visit-ulcinj.com\/blog\/#website\"},\"datePublished\":\"2011-03-22T19:54:38+00:00\",\"dateModified\":\"2011-04-03T18:07:24+00:00\",\"author\":{\"@id\":\"https:\/\/www.visit-ulcinj.com\/blog\/#\/schema\/person\/dcab619c614d3038751c63bc2aadc06d\"},\"description\":\"International Karate Tournament\\\"SAMURAI KARATE CUP\\\"2011 Klubi i karatese \\\"Champion\\\"dhe klubi i karatese \\\"Albulena\\\",me rastin e dites se Komunes se\",\"breadcrumb\":{\"@id\":\"https:\/\/www.visit-ulcinj.com\/blog\/2011\/03\/22\/turneu-nderkombetar-ne-ulqin-samurai-karate-cup-2011\/#breadcrumb\"},\"inLanguage\":\"en-US\",\"potentialAction\":[{\"@type\":\"ReadAction\",\"target\":[\"https:\/\/www.visit-ulcinj.com\/blog\/2011\/03\/22\/turneu-nderkombetar-ne-ulqin-samurai-karate-cup-2011\/\"]}]},{\"@type\":\"BreadcrumbList\",\"@id\":\"https:\/\/www.visit-ulcinj.com\/blog\/2011\/03\/22\/turneu-nderkombetar-ne-ulqin-samurai-karate-cup-2011\/#breadcrumb\",\"itemListElement\":[{\"@type\":\"ListItem\",\"position\":1,\"name\":\"Turneu nd\u00ebrkomb\u00ebtar n\u00eb Ulqin: Samurai Karate Cup 2011\"}]},{\"@type\":\"Person\",\"@id\":\"https:\/\/www.visit-ulcinj.com\/blog\/#\/schema\/person\/dcab619c614d3038751c63bc2aadc06d\",\"name\":\"ulqini\",\"sameAs\":[\"http:\/\/www.visit-ulcinj.com\"],\"url\":\"https:\/\/www.visit-ulcinj.com\/blog\/author\/admin\/\"}]}<\/script>\n<!-- \/ Yoast SEO plugin. -->","yoast_head_json":{"title":"Turneu nd\u00ebrkomb\u00ebtar n\u00eb Ulqin: Samurai Karate Cup 2011 - Lajme nga Ulqini","description":"International Karate Tournament\"SAMURAI KARATE CUP\"2011 Klubi i karatese \"Champion\"dhe klubi i karatese \"Albulena\",me rastin e dites se Komunes se","robots":{"index":"index","follow":"follow","max-snippet":"max-snippet:-1","max-image-preview":"max-image-preview:large","max-video-preview":"max-video-preview:-1"},"canonical":"https:\/\/www.visit-ulcinj.com\/blog\/2011\/03\/22\/turneu-nderkombetar-ne-ulqin-samurai-karate-cup-2011\/","og_locale":"en_US","og_type":"article","og_title":"Turneu nd\u00ebrkomb\u00ebtar n\u00eb Ulqin: Samurai Karate Cup 2011 - Lajme nga Ulqini","og_description":"International Karate Tournament\"SAMURAI KARATE CUP\"2011 Klubi i karatese \"Champion\"dhe klubi i karatese \"Albulena\",me rastin e dites se Komunes se","og_url":"https:\/\/www.visit-ulcinj.com\/blog\/2011\/03\/22\/turneu-nderkombetar-ne-ulqin-samurai-karate-cup-2011\/","og_site_name":"Lajme nga Ulqini","article_published_time":"2011-03-22T19:54:38+00:00","article_modified_time":"2011-04-03T18:07:24+00:00","twitter_misc":{"Written by":"ulqini","Est. reading time":"1 minute"},"schema":{"@context":"https:\/\/schema.org","@graph":[{"@type":"WebSite","@id":"https:\/\/www.visit-ulcinj.com\/blog\/#website","url":"https:\/\/www.visit-ulcinj.com\/blog\/","name":"Lajme nga Ulqini","description":"Lajme,Vijesti,Ulqini,Ulqin,Crna Gora,Mali i Zi","potentialAction":[{"@type":"SearchAction","target":{"@type":"EntryPoint","urlTemplate":"https:\/\/www.visit-ulcinj.com\/blog\/?s={search_term_string}"},"query-input":"required name=search_term_string"}],"inLanguage":"en-US"},{"@type":"WebPage","@id":"https:\/\/www.visit-ulcinj.com\/blog\/2011\/03\/22\/turneu-nderkombetar-ne-ulqin-samurai-karate-cup-2011\/#webpage","url":"https:\/\/www.visit-ulcinj.com\/blog\/2011\/03\/22\/turneu-nderkombetar-ne-ulqin-samurai-karate-cup-2011\/","name":"Turneu nd\u00ebrkomb\u00ebtar n\u00eb Ulqin: Samurai Karate Cup 2011 - Lajme nga Ulqini","isPartOf":{"@id":"https:\/\/www.visit-ulcinj.com\/blog\/#website"},"datePublished":"2011-03-22T19:54:38+00:00","dateModified":"2011-04-03T18:07:24+00:00","author":{"@id":"https:\/\/www.visit-ulcinj.com\/blog\/#\/schema\/person\/dcab619c614d3038751c63bc2aadc06d"},"description":"International Karate Tournament\"SAMURAI KARATE CUP\"2011 Klubi i karatese \"Champion\"dhe klubi i karatese \"Albulena\",me rastin e dites se Komunes se","breadcrumb":{"@id":"https:\/\/www.visit-ulcinj.com\/blog\/2011\/03\/22\/turneu-nderkombetar-ne-ulqin-samurai-karate-cup-2011\/#breadcrumb"},"inLanguage":"en-US","potentialAction":[{"@type":"ReadAction","target":["https:\/\/www.visit-ulcinj.com\/blog\/2011\/03\/22\/turneu-nderkombetar-ne-ulqin-samurai-karate-cup-2011\/"]}]},{"@type":"BreadcrumbList","@id":"https:\/\/www.visit-ulcinj.com\/blog\/2011\/03\/22\/turneu-nderkombetar-ne-ulqin-samurai-karate-cup-2011\/#breadcrumb","itemListElement":[{"@type":"ListItem","position":1,"name":"Turneu nd\u00ebrkomb\u00ebtar n\u00eb Ulqin: Samurai Karate Cup 2011"}]},{"@type":"Person","@id":"https:\/\/www.visit-ulcinj.com\/blog\/#\/schema\/person\/dcab619c614d3038751c63bc2aadc06d","name":"ulqini","sameAs":["http:\/\/www.visit-ulcinj.com"],"url":"https:\/\/www.visit-ulcinj.com\/blog\/author\/admin\/"}]}},"jetpack_featured_media_url":"","jetpack_sharing_enabled":true,"jetpack_shortlink":"https:\/\/wp.me\/pe6lTn-bHC","_links":{"self":[{"href":"https:\/\/www.visit-ulcinj.com\/blog\/wp-json\/wp\/v2\/posts\/44988"}],"collection":[{"href":"https:\/\/www.visit-ulcinj.com\/blog\/wp-json\/wp\/v2\/posts"}],"about":[{"href":"https:\/\/www.visit-ulcinj.com\/blog\/wp-json\/wp\/v2\/types\/post"}],"author":[{"embeddable":true,"href":"https:\/\/www.visit-ulcinj.com\/blog\/wp-json\/wp\/v2\/users\/1"}],"replies":[{"embeddable":true,"href":"https:\/\/www.visit-ulcinj.com\/blog\/wp-json\/wp\/v2\/comments?post=44988"}],"version-history":[{"count":0,"href":"https:\/\/www.visit-ulcinj.com\/blog\/wp-json\/wp\/v2\/posts\/44988\/revisions"}],"wp:attachment":[{"href":"https:\/\/www.visit-ulcinj.com\/blog\/wp-json\/wp\/v2\/media?parent=44988"}],"wp:term":[{"taxonomy":"category","embeddable":true,"href":"https:\/\/www.visit-ulcinj.com\/blog\/wp-json\/wp\/v2\/categories?post=44988"},{"taxonomy":"post_tag","embeddable":true,"href":"https:\/\/www.visit-ulcinj.com\/blog\/wp-json\/wp\/v2\/tags?post=44988"}],"curies":[{"name":"wp","href":"https:\/\/api.w.org\/{rel}","templated":true}]}}