{"id":450,"date":"2008-02-09T10:37:12","date_gmt":"2008-02-09T15:37:12","guid":{"rendered":"http:\/\/www.visit-ulcinj.com\/blog\/2008\/02\/09\/forca-rinore-shpall-konkursin-e-fotografise\/"},"modified":"2008-02-12T14:10:04","modified_gmt":"2008-02-12T19:10:04","slug":"forca-rinore-shpall-konkursin-e-fotografise","status":"publish","type":"post","link":"https:\/\/www.visit-ulcinj.com\/blog\/2008\/02\/09\/forca-rinore-shpall-konkursin-e-fotografise\/","title":{"rendered":"Forca Rinore shpall konkursin e fotografis\u00eb"},"content":{"rendered":"<p><a href=\"http:\/\/www.visit-ulcinj.com\/blog\/2008\/02\/09\/forca-rinore-shpall-konkursin-e-fotografise\/forca-rinore\/\" rel=\"attachment wp-att-449\" title=\"forca rinore\"><img loading=\"lazy\" src=\"http:\/\/www.visit-ulcinj.com\/blog\/wp-content\/uploads\/2008\/02\/forca-rinore.png\" alt=\"forca rinore\" align=\"left\" height=\"223\" hspace=\"2\" vspace=\"2\" width=\"298\" \/><\/a>Ju njoftojm\u00eb q\u00eb Forca Rinore p\u00ebr t\u00eb tretin vit me radh\u00eb organizon konkursin e fotografis\u00eb, nj\u00eb eveniment tashm\u00eb tradicional kulturor.<br \/>\nTema e konkursit t\u00eb sivjetsh\u00ebm \u00ebsht\u00eb \u201eN\u00eb fokusin e t\u00eb rinjve\u201c dhe p\u00ebr dallim prej dy viteve t\u00eb kaluara ku t\u00eb drejt\u00eb konkurrimi kan\u00eb pasur vet\u00ebm t\u00eb rinjt\u00eb nga komuna e Ulqinit, n\u00eb konkursin e sivjetsh\u00ebm t\u00eb drejt\u00eb pjes\u00ebmarrjeje kan\u00eb t\u00eb rinjt\u00eb nga t\u00eb gjitha qytetet n\u00eb Mal t\u00eb Zi.<br \/>\nNe fund t\u00eb konkursit fotografit\u00eb e p\u00ebrzgjedhura nga Juria profesioniste do t\u00eb ekspozohen n\u00eb nj\u00eb<!--more--> seri ekspozitash q\u00eb do t\u00eb organizohen n\u00eb qytete t\u00eb ndryshme t\u00eb Malit t\u00eb Zi. Nj\u00eb nga k\u00ebto ekspozita do t\u00eb mbahet edhe n\u00eb Tuz.<br \/>\nKonkursi \u00ebsht\u00eb hapur dje dhe ai do t\u00eb zgjas\u00eb deri m\u00eb 15 shkurt 2008.<br \/>\nT\u00eb gjith\u00eb t\u00eb interesuarit q\u00eb d\u00ebshirojn\u00eb t\u00eb marrin pjes\u00eb n\u00eb konkurs mund t\u2019i dor\u00ebzojn\u00eb fotografit\u00eb n\u00eb zyrat e Forc\u00ebs. Po ashtu p\u00ebr informata m\u00eb t\u00eb holl\u00ebsishme mund t\u00eb vizitoni faqen ton\u00eb t\u00eb internetit www.forcarinore.com ose t\u00eb na shkruani n\u00eb email-in ton\u00eb forcarinore@cg.yu.<br \/>\nForca Rinore i fton t\u00eb gjith\u00eb t\u00eb rinjt\u00eb q\u00eb t\u00eb marrin pjes\u00eb n\u00eb k\u00ebt\u00eb konkurs dhe t\u00eb b\u00ebhen pjes\u00eb e k\u00ebtij aktiviteti duke ekspozuar talentin dhe kreativitetin e tyre n\u00eb fush\u00ebn e fotografis\u00eb.<\/p>\n","protected":false},"excerpt":{"rendered":"<p><img loading=\"lazy\" src=\"http:\/\/www.visit-ulcinj.com\/blog\/wp-content\/uploads\/2008\/02\/forca-rinore.png\" alt=\"forca rinore\" height=\"140\" width=\"140\" \/><\/p>\n","protected":false},"author":1,"featured_media":0,"comment_status":"open","ping_status":"closed","sticky":false,"template":"","format":"standard","meta":{"spay_email":"","jetpack_publicize_message":"","jetpack_is_tweetstorm":false,"jetpack_publicize_feature_enabled":true},"categories":[4],"tags":[],"jetpack_publicize_connections":[],"yoast_head":"<!-- This site is optimized with the Yoast SEO plugin v19.1 - https:\/\/yoast.com\/wordpress\/plugins\/seo\/ -->\n<title>Forca Rinore shpall konkursin e fotografis\u00eb - Lajme nga Ulqini<\/title>\n<meta name=\"robots\" content=\"index, follow, max-snippet:-1, max-image-preview:large, max-video-preview:-1\" \/>\n<link rel=\"canonical\" href=\"https:\/\/www.visit-ulcinj.com\/blog\/2008\/02\/09\/forca-rinore-shpall-konkursin-e-fotografise\/\" \/>\n<meta property=\"og:locale\" content=\"en_US\" \/>\n<meta property=\"og:type\" content=\"article\" \/>\n<meta property=\"og:title\" content=\"Forca Rinore shpall konkursin e fotografis\u00eb - Lajme nga Ulqini\" \/>\n<meta property=\"og:url\" content=\"https:\/\/www.visit-ulcinj.com\/blog\/2008\/02\/09\/forca-rinore-shpall-konkursin-e-fotografise\/\" \/>\n<meta property=\"og:site_name\" content=\"Lajme nga Ulqini\" \/>\n<meta property=\"article:published_time\" content=\"2008-02-09T15:37:12+00:00\" \/>\n<meta property=\"article:modified_time\" content=\"2008-02-12T19:10:04+00:00\" \/>\n<meta property=\"og:image\" content=\"http:\/\/www.visit-ulcinj.com\/blog\/wp-content\/uploads\/2008\/02\/forca-rinore.png\" \/>\n<meta name=\"twitter:label1\" content=\"Written by\" \/>\n\t<meta name=\"twitter:data1\" content=\"ulqini\" \/>\n\t<meta name=\"twitter:label2\" content=\"Est. reading time\" \/>\n\t<meta name=\"twitter:data2\" content=\"1 minute\" \/>\n<script type=\"application\/ld+json\" class=\"yoast-schema-graph\">{\"@context\":\"https:\/\/schema.org\",\"@graph\":[{\"@type\":\"WebSite\",\"@id\":\"https:\/\/www.visit-ulcinj.com\/blog\/#website\",\"url\":\"https:\/\/www.visit-ulcinj.com\/blog\/\",\"name\":\"Lajme nga Ulqini\",\"description\":\"Lajme,Vijesti,Ulqini,Ulqin,Crna Gora,Mali i Zi\",\"potentialAction\":[{\"@type\":\"SearchAction\",\"target\":{\"@type\":\"EntryPoint\",\"urlTemplate\":\"https:\/\/www.visit-ulcinj.com\/blog\/?s={search_term_string}\"},\"query-input\":\"required name=search_term_string\"}],\"inLanguage\":\"en-US\"},{\"@type\":\"ImageObject\",\"inLanguage\":\"en-US\",\"@id\":\"https:\/\/www.visit-ulcinj.com\/blog\/2008\/02\/09\/forca-rinore-shpall-konkursin-e-fotografise\/#primaryimage\",\"url\":\"http:\/\/www.visit-ulcinj.com\/blog\/wp-content\/uploads\/2008\/02\/forca-rinore.png\",\"contentUrl\":\"http:\/\/www.visit-ulcinj.com\/blog\/wp-content\/uploads\/2008\/02\/forca-rinore.png\"},{\"@type\":\"WebPage\",\"@id\":\"https:\/\/www.visit-ulcinj.com\/blog\/2008\/02\/09\/forca-rinore-shpall-konkursin-e-fotografise\/#webpage\",\"url\":\"https:\/\/www.visit-ulcinj.com\/blog\/2008\/02\/09\/forca-rinore-shpall-konkursin-e-fotografise\/\",\"name\":\"Forca Rinore shpall konkursin e fotografis\u00eb - Lajme nga Ulqini\",\"isPartOf\":{\"@id\":\"https:\/\/www.visit-ulcinj.com\/blog\/#website\"},\"primaryImageOfPage\":{\"@id\":\"https:\/\/www.visit-ulcinj.com\/blog\/2008\/02\/09\/forca-rinore-shpall-konkursin-e-fotografise\/#primaryimage\"},\"datePublished\":\"2008-02-09T15:37:12+00:00\",\"dateModified\":\"2008-02-12T19:10:04+00:00\",\"author\":{\"@id\":\"https:\/\/www.visit-ulcinj.com\/blog\/#\/schema\/person\/dcab619c614d3038751c63bc2aadc06d\"},\"breadcrumb\":{\"@id\":\"https:\/\/www.visit-ulcinj.com\/blog\/2008\/02\/09\/forca-rinore-shpall-konkursin-e-fotografise\/#breadcrumb\"},\"inLanguage\":\"en-US\",\"potentialAction\":[{\"@type\":\"ReadAction\",\"target\":[\"https:\/\/www.visit-ulcinj.com\/blog\/2008\/02\/09\/forca-rinore-shpall-konkursin-e-fotografise\/\"]}]},{\"@type\":\"BreadcrumbList\",\"@id\":\"https:\/\/www.visit-ulcinj.com\/blog\/2008\/02\/09\/forca-rinore-shpall-konkursin-e-fotografise\/#breadcrumb\",\"itemListElement\":[{\"@type\":\"ListItem\",\"position\":1,\"name\":\"Forca Rinore shpall konkursin e fotografis\u00eb\"}]},{\"@type\":\"Person\",\"@id\":\"https:\/\/www.visit-ulcinj.com\/blog\/#\/schema\/person\/dcab619c614d3038751c63bc2aadc06d\",\"name\":\"ulqini\",\"sameAs\":[\"http:\/\/www.visit-ulcinj.com\"],\"url\":\"https:\/\/www.visit-ulcinj.com\/blog\/author\/admin\/\"}]}<\/script>\n<!-- \/ Yoast SEO plugin. -->","yoast_head_json":{"title":"Forca Rinore shpall konkursin e fotografis\u00eb - Lajme nga Ulqini","robots":{"index":"index","follow":"follow","max-snippet":"max-snippet:-1","max-image-preview":"max-image-preview:large","max-video-preview":"max-video-preview:-1"},"canonical":"https:\/\/www.visit-ulcinj.com\/blog\/2008\/02\/09\/forca-rinore-shpall-konkursin-e-fotografise\/","og_locale":"en_US","og_type":"article","og_title":"Forca Rinore shpall konkursin e fotografis\u00eb - Lajme nga Ulqini","og_url":"https:\/\/www.visit-ulcinj.com\/blog\/2008\/02\/09\/forca-rinore-shpall-konkursin-e-fotografise\/","og_site_name":"Lajme nga Ulqini","article_published_time":"2008-02-09T15:37:12+00:00","article_modified_time":"2008-02-12T19:10:04+00:00","og_image":[{"url":"http:\/\/www.visit-ulcinj.com\/blog\/wp-content\/uploads\/2008\/02\/forca-rinore.png"}],"twitter_misc":{"Written by":"ulqini","Est. reading time":"1 minute"},"schema":{"@context":"https:\/\/schema.org","@graph":[{"@type":"WebSite","@id":"https:\/\/www.visit-ulcinj.com\/blog\/#website","url":"https:\/\/www.visit-ulcinj.com\/blog\/","name":"Lajme nga Ulqini","description":"Lajme,Vijesti,Ulqini,Ulqin,Crna Gora,Mali i Zi","potentialAction":[{"@type":"SearchAction","target":{"@type":"EntryPoint","urlTemplate":"https:\/\/www.visit-ulcinj.com\/blog\/?s={search_term_string}"},"query-input":"required name=search_term_string"}],"inLanguage":"en-US"},{"@type":"ImageObject","inLanguage":"en-US","@id":"https:\/\/www.visit-ulcinj.com\/blog\/2008\/02\/09\/forca-rinore-shpall-konkursin-e-fotografise\/#primaryimage","url":"http:\/\/www.visit-ulcinj.com\/blog\/wp-content\/uploads\/2008\/02\/forca-rinore.png","contentUrl":"http:\/\/www.visit-ulcinj.com\/blog\/wp-content\/uploads\/2008\/02\/forca-rinore.png"},{"@type":"WebPage","@id":"https:\/\/www.visit-ulcinj.com\/blog\/2008\/02\/09\/forca-rinore-shpall-konkursin-e-fotografise\/#webpage","url":"https:\/\/www.visit-ulcinj.com\/blog\/2008\/02\/09\/forca-rinore-shpall-konkursin-e-fotografise\/","name":"Forca Rinore shpall konkursin e fotografis\u00eb - Lajme nga Ulqini","isPartOf":{"@id":"https:\/\/www.visit-ulcinj.com\/blog\/#website"},"primaryImageOfPage":{"@id":"https:\/\/www.visit-ulcinj.com\/blog\/2008\/02\/09\/forca-rinore-shpall-konkursin-e-fotografise\/#primaryimage"},"datePublished":"2008-02-09T15:37:12+00:00","dateModified":"2008-02-12T19:10:04+00:00","author":{"@id":"https:\/\/www.visit-ulcinj.com\/blog\/#\/schema\/person\/dcab619c614d3038751c63bc2aadc06d"},"breadcrumb":{"@id":"https:\/\/www.visit-ulcinj.com\/blog\/2008\/02\/09\/forca-rinore-shpall-konkursin-e-fotografise\/#breadcrumb"},"inLanguage":"en-US","potentialAction":[{"@type":"ReadAction","target":["https:\/\/www.visit-ulcinj.com\/blog\/2008\/02\/09\/forca-rinore-shpall-konkursin-e-fotografise\/"]}]},{"@type":"BreadcrumbList","@id":"https:\/\/www.visit-ulcinj.com\/blog\/2008\/02\/09\/forca-rinore-shpall-konkursin-e-fotografise\/#breadcrumb","itemListElement":[{"@type":"ListItem","position":1,"name":"Forca Rinore shpall konkursin e fotografis\u00eb"}]},{"@type":"Person","@id":"https:\/\/www.visit-ulcinj.com\/blog\/#\/schema\/person\/dcab619c614d3038751c63bc2aadc06d","name":"ulqini","sameAs":["http:\/\/www.visit-ulcinj.com"],"url":"https:\/\/www.visit-ulcinj.com\/blog\/author\/admin\/"}]}},"jetpack_featured_media_url":"","jetpack_sharing_enabled":true,"jetpack_shortlink":"https:\/\/wp.me\/pe6lTn-7g","_links":{"self":[{"href":"https:\/\/www.visit-ulcinj.com\/blog\/wp-json\/wp\/v2\/posts\/450"}],"collection":[{"href":"https:\/\/www.visit-ulcinj.com\/blog\/wp-json\/wp\/v2\/posts"}],"about":[{"href":"https:\/\/www.visit-ulcinj.com\/blog\/wp-json\/wp\/v2\/types\/post"}],"author":[{"embeddable":true,"href":"https:\/\/www.visit-ulcinj.com\/blog\/wp-json\/wp\/v2\/users\/1"}],"replies":[{"embeddable":true,"href":"https:\/\/www.visit-ulcinj.com\/blog\/wp-json\/wp\/v2\/comments?post=450"}],"version-history":[{"count":0,"href":"https:\/\/www.visit-ulcinj.com\/blog\/wp-json\/wp\/v2\/posts\/450\/revisions"}],"wp:attachment":[{"href":"https:\/\/www.visit-ulcinj.com\/blog\/wp-json\/wp\/v2\/media?parent=450"}],"wp:term":[{"taxonomy":"category","embeddable":true,"href":"https:\/\/www.visit-ulcinj.com\/blog\/wp-json\/wp\/v2\/categories?post=450"},{"taxonomy":"post_tag","embeddable":true,"href":"https:\/\/www.visit-ulcinj.com\/blog\/wp-json\/wp\/v2\/tags?post=450"}],"curies":[{"name":"wp","href":"https:\/\/api.w.org\/{rel}","templated":true}]}}