{"id":45016,"date":"2011-03-22T21:58:58","date_gmt":"2011-03-22T20:58:58","guid":{"rendered":"http:\/\/www.visit-ulcinj.com\/blog\/?p=45016"},"modified":"2011-03-24T17:24:47","modified_gmt":"2011-03-24T16:24:47","slug":"uspjesan-nastup-na-sajmovima","status":"publish","type":"post","link":"https:\/\/www.visit-ulcinj.com\/blog\/2011\/03\/22\/uspjesan-nastup-na-sajmovima\/","title":{"rendered":"Uspje\u0161an nastup na sajmovima"},"content":{"rendered":"<p><a href=\"http:\/\/www.visit-ulcinj.com\/blog\/wp-content\/uploads\/2011\/03\/Sa-sajma-Turizma-u-Moskvi_Ulcinjska-rivijera.jpg\"><img loading=\"lazy\" class=\"alignleft size-full wp-image-45017\" title=\"Sa sajma Turizma u Moskvi_Ulcinjska rivijera\" src=\"http:\/\/www.visit-ulcinj.com\/blog\/wp-content\/uploads\/2011\/03\/Sa-sajma-Turizma-u-Moskvi_Ulcinjska-rivijera.jpg\" alt=\"\" width=\"508\" height=\"380\" \/><\/a>Nakon uspje\u0161nog predstavljanja na sajmovima u Berlinu i Moskvi, HTP \u201eUlcinjska rivijera\u201c \u0107e od 24. do 26. marta zajedno sa TO Ulcinja predstaviti svoju ponudu na sajmu turizma u Budvi.<\/p>\n<p>HTP \u201eUlcinjska rivijera\u201c \u0107e se na sajmu \u201eMETUBES\u201c predstaviti sa bro\u0161urom za 2011-u godinu i popularnim cijenama koje se kre\u0107u od 20 do 36 eura za polupansion po osobi dnevno.<\/p>\n<p>Doma\u0107e tr\u017ei\u0161te \u0107emo dodatno animirati vikend aran\u017emanima koji podrazumijevaju boravak u na\u0161im hotelima po cijeni od 30 evra za dva no\u0107enja s doru\u010dkom po osobi i 40 evra za dva polupansiona po osobi. Tako\u0111e, u Budvi \u0107emo predstaviti i ponudu za organizovanje seminara u hotelu \u201eOlympic\u201c na Velikoj pla\u017ei po cijeni od 33 eura za pun pansion po osobi koja uklju\u010duje kori\u0161\u0107enje svih hotelskih sadr\u017eaja i sale za satanke, opremljene video-bimom, projektorom, flip chart tablom i be\u017ei\u010dnim internetom.<\/p>\n<p>Sajmovi u Moskvi u Berlinu su pokazali da je prodaja aran\u017emana na njema\u010dkom i ruskom tr\u017ei\u0161tu znatno bolja za ovu u odnosu na pro\u0161lu godinu tako da u ljetnoj sezoni u Ulcinjskoj rivijeri o\u010dekujemo 50% vi\u0161e gostiju iz Njema\u010dke i oko 30% vi\u0161e gostiju iz Rusije. Tokom 2010-e godine gosti sa njema\u010dkog tr\u017ei\u0161ta su u hotelima \u201eUlcinjske rivijere\u201c ostvarili 7.880 no\u0107enja (oko 10% od ukupnog broja no\u0107enja), turisti iz Rusije su ostvarili 2642 no\u0107enja, dok su doma\u0107i turisti ostvarili 12 620 no\u0107enja ili 16% od ukupnog broja no\u0107enja.<\/p>\n<p><strong><a title=\"Ulcinjska rivijera\" href=\"http:\/\/www.ulcinjska-rivijera.com\/me\/index.php\" target=\"_blank\">www.ulcinjska-rivijera.com<\/a><\/strong>\n\t\t<style type=\"text\/css\">\n\t\t\t#gallery-1 {\n\t\t\t\tmargin: auto;\n\t\t\t}\n\t\t\t#gallery-1 .gallery-item {\n\t\t\t\tfloat: left;\n\t\t\t\tmargin-top: 10px;\n\t\t\t\ttext-align: center;\n\t\t\t\twidth: 33%;\n\t\t\t}\n\t\t\t#gallery-1 img {\n\t\t\t\tborder: 2px solid #cfcfcf;\n\t\t\t}\n\t\t\t#gallery-1 .gallery-caption {\n\t\t\t\tmargin-left: 0;\n\t\t\t}\n\t\t\t\/* see gallery_shortcode() in wp-includes\/media.php *\/\n\t\t<\/style>\n\t\t<div id='gallery-1' class='gallery galleryid-45016 gallery-columns-3 gallery-size-thumbnail'><dl class='gallery-item'>\n\t\t\t<dt class='gallery-icon landscape'>\n\t\t\t\t<a href='https:\/\/www.visit-ulcinj.com\/blog\/wp-content\/uploads\/2011\/03\/Sa-sajma-Turizma-u-Moskvi_Ulcinjska-rivijera.jpg'><img width=\"150\" height=\"150\" src=\"https:\/\/www.visit-ulcinj.com\/blog\/wp-content\/uploads\/2011\/03\/Sa-sajma-Turizma-u-Moskvi_Ulcinjska-rivijera-150x150.jpg\" class=\"attachment-thumbnail size-thumbnail\" alt=\"\" loading=\"lazy\" \/><\/a>\n\t\t\t<\/dt><\/dl><dl class='gallery-item'>\n\t\t\t<dt class='gallery-icon landscape'>\n\t\t\t\t<a href='https:\/\/www.visit-ulcinj.com\/blog\/wp-content\/uploads\/2011\/03\/Sa-sajma-Turizma-u-Moskvi_Ulcinjska-rivijera_1.jpg'><img width=\"150\" height=\"150\" src=\"https:\/\/www.visit-ulcinj.com\/blog\/wp-content\/uploads\/2011\/03\/Sa-sajma-Turizma-u-Moskvi_Ulcinjska-rivijera_1-150x150.jpg\" class=\"attachment-thumbnail size-thumbnail\" alt=\"\" loading=\"lazy\" \/><\/a>\n\t\t\t<\/dt><\/dl><dl class='gallery-item'>\n\t\t\t<dt class='gallery-icon portrait'>\n\t\t\t\t<a href='https:\/\/www.visit-ulcinj.com\/blog\/wp-content\/uploads\/2011\/03\/Sa-sajma-Turizma-u-Moskvi_Ulcinjska-rivijera_.jpg'><img width=\"150\" height=\"150\" src=\"https:\/\/www.visit-ulcinj.com\/blog\/wp-content\/uploads\/2011\/03\/Sa-sajma-Turizma-u-Moskvi_Ulcinjska-rivijera_-150x150.jpg\" class=\"attachment-thumbnail size-thumbnail\" alt=\"\" loading=\"lazy\" \/><\/a>\n\t\t\t<\/dt><\/dl><br style=\"clear: both\" \/>\n\t\t<\/div>\n<br \/>\n<!--YouTube Error: bad URL entered--><\/p>\n","protected":false},"excerpt":{"rendered":"<p>Nakon uspje\u0161nog predstavljanja na sajmovima u Berlinu i Moskvi, HTP \u201eUlcinjska rivijera\u201c \u0107e od 24. do 26. marta zajedno sa TO Ulcinja predstaviti svoju ponudu na sajmu turizma u Budvi. HTP \u201eUlcinjska rivijera\u201c \u0107e se na sajmu \u201eMETUBES\u201c predstaviti sa bro\u0161urom za 2011-u godinu i popularnim cijenama koje se kre\u0107u od 20 do 36 eura [&hellip;]<\/p>\n","protected":false},"author":1,"featured_media":0,"comment_status":"open","ping_status":"closed","sticky":false,"template":"","format":"standard","meta":{"spay_email":"","jetpack_publicize_message":"","jetpack_is_tweetstorm":false,"jetpack_publicize_feature_enabled":true},"categories":[10,13],"tags":[4032,571,250,17869,17862,15063,22009,3696,19],"jetpack_publicize_connections":[],"yoast_head":"<!-- This site is optimized with the Yoast SEO plugin v19.1 - https:\/\/yoast.com\/wordpress\/plugins\/seo\/ -->\n<title>Uspje\u0161an nastup na sajmovima - Lajme nga Ulqini<\/title>\n<meta name=\"description\" content=\"Nakon uspje\u0161nog predstavljanja na sajmovima u Berlinu i Moskvi, HTP \u201eUlcinjska rivijera\u201c \u0107e od 24. do 26. marta zajedno sa TO Ulcinja predstaviti svoju\" \/>\n<meta name=\"robots\" content=\"index, follow, max-snippet:-1, max-image-preview:large, max-video-preview:-1\" \/>\n<link rel=\"canonical\" href=\"https:\/\/www.visit-ulcinj.com\/blog\/2011\/03\/22\/uspjesan-nastup-na-sajmovima\/\" \/>\n<meta property=\"og:locale\" content=\"en_US\" \/>\n<meta property=\"og:type\" content=\"article\" \/>\n<meta property=\"og:title\" content=\"Uspje\u0161an nastup na sajmovima - Lajme nga Ulqini\" \/>\n<meta property=\"og:description\" content=\"Nakon uspje\u0161nog predstavljanja na sajmovima u Berlinu i Moskvi, HTP \u201eUlcinjska rivijera\u201c \u0107e od 24. do 26. marta zajedno sa TO Ulcinja predstaviti svoju\" \/>\n<meta property=\"og:url\" content=\"https:\/\/www.visit-ulcinj.com\/blog\/2011\/03\/22\/uspjesan-nastup-na-sajmovima\/\" \/>\n<meta property=\"og:site_name\" content=\"Lajme nga Ulqini\" \/>\n<meta property=\"article:published_time\" content=\"2011-03-22T20:58:58+00:00\" \/>\n<meta property=\"article:modified_time\" content=\"2011-03-24T16:24:47+00:00\" \/>\n<meta property=\"og:image\" content=\"https:\/\/www.visit-ulcinj.com\/blog\/wp-content\/uploads\/2011\/03\/Sa-sajma-Turizma-u-Moskvi_Ulcinjska-rivijera-150x150.jpg\" \/>\n<meta name=\"twitter:label1\" content=\"Written by\" \/>\n\t<meta name=\"twitter:data1\" content=\"ulqini\" \/>\n\t<meta name=\"twitter:label2\" content=\"Est. reading time\" \/>\n\t<meta name=\"twitter:data2\" content=\"1 minute\" \/>\n<script type=\"application\/ld+json\" class=\"yoast-schema-graph\">{\"@context\":\"https:\/\/schema.org\",\"@graph\":[{\"@type\":\"WebSite\",\"@id\":\"https:\/\/www.visit-ulcinj.com\/blog\/#website\",\"url\":\"https:\/\/www.visit-ulcinj.com\/blog\/\",\"name\":\"Lajme nga Ulqini\",\"description\":\"Lajme,Vijesti,Ulqini,Ulqin,Crna Gora,Mali i Zi\",\"potentialAction\":[{\"@type\":\"SearchAction\",\"target\":{\"@type\":\"EntryPoint\",\"urlTemplate\":\"https:\/\/www.visit-ulcinj.com\/blog\/?s={search_term_string}\"},\"query-input\":\"required name=search_term_string\"}],\"inLanguage\":\"en-US\"},{\"@type\":\"ImageObject\",\"inLanguage\":\"en-US\",\"@id\":\"https:\/\/www.visit-ulcinj.com\/blog\/2011\/03\/22\/uspjesan-nastup-na-sajmovima\/#primaryimage\",\"url\":\"https:\/\/www.visit-ulcinj.com\/blog\/wp-content\/uploads\/2011\/03\/Sa-sajma-Turizma-u-Moskvi_Ulcinjska-rivijera.jpg\",\"contentUrl\":\"https:\/\/www.visit-ulcinj.com\/blog\/wp-content\/uploads\/2011\/03\/Sa-sajma-Turizma-u-Moskvi_Ulcinjska-rivijera.jpg\",\"width\":\"1024\",\"height\":\"751\"},{\"@type\":\"WebPage\",\"@id\":\"https:\/\/www.visit-ulcinj.com\/blog\/2011\/03\/22\/uspjesan-nastup-na-sajmovima\/#webpage\",\"url\":\"https:\/\/www.visit-ulcinj.com\/blog\/2011\/03\/22\/uspjesan-nastup-na-sajmovima\/\",\"name\":\"Uspje\u0161an nastup na sajmovima - Lajme nga Ulqini\",\"isPartOf\":{\"@id\":\"https:\/\/www.visit-ulcinj.com\/blog\/#website\"},\"primaryImageOfPage\":{\"@id\":\"https:\/\/www.visit-ulcinj.com\/blog\/2011\/03\/22\/uspjesan-nastup-na-sajmovima\/#primaryimage\"},\"datePublished\":\"2011-03-22T20:58:58+00:00\",\"dateModified\":\"2011-03-24T16:24:47+00:00\",\"author\":{\"@id\":\"https:\/\/www.visit-ulcinj.com\/blog\/#\/schema\/person\/dcab619c614d3038751c63bc2aadc06d\"},\"description\":\"Nakon uspje\u0161nog predstavljanja na sajmovima u Berlinu i Moskvi, HTP \u201eUlcinjska rivijera\u201c \u0107e od 24. do 26. marta zajedno sa TO Ulcinja predstaviti svoju\",\"breadcrumb\":{\"@id\":\"https:\/\/www.visit-ulcinj.com\/blog\/2011\/03\/22\/uspjesan-nastup-na-sajmovima\/#breadcrumb\"},\"inLanguage\":\"en-US\",\"potentialAction\":[{\"@type\":\"ReadAction\",\"target\":[\"https:\/\/www.visit-ulcinj.com\/blog\/2011\/03\/22\/uspjesan-nastup-na-sajmovima\/\"]}]},{\"@type\":\"BreadcrumbList\",\"@id\":\"https:\/\/www.visit-ulcinj.com\/blog\/2011\/03\/22\/uspjesan-nastup-na-sajmovima\/#breadcrumb\",\"itemListElement\":[{\"@type\":\"ListItem\",\"position\":1,\"name\":\"Uspje\u0161an nastup na sajmovima\"}]},{\"@type\":\"Person\",\"@id\":\"https:\/\/www.visit-ulcinj.com\/blog\/#\/schema\/person\/dcab619c614d3038751c63bc2aadc06d\",\"name\":\"ulqini\",\"sameAs\":[\"http:\/\/www.visit-ulcinj.com\"],\"url\":\"https:\/\/www.visit-ulcinj.com\/blog\/author\/admin\/\"}]}<\/script>\n<!-- \/ Yoast SEO plugin. -->","yoast_head_json":{"title":"Uspje\u0161an nastup na sajmovima - Lajme nga Ulqini","description":"Nakon uspje\u0161nog predstavljanja na sajmovima u Berlinu i Moskvi, HTP \u201eUlcinjska rivijera\u201c \u0107e od 24. do 26. marta zajedno sa TO Ulcinja predstaviti svoju","robots":{"index":"index","follow":"follow","max-snippet":"max-snippet:-1","max-image-preview":"max-image-preview:large","max-video-preview":"max-video-preview:-1"},"canonical":"https:\/\/www.visit-ulcinj.com\/blog\/2011\/03\/22\/uspjesan-nastup-na-sajmovima\/","og_locale":"en_US","og_type":"article","og_title":"Uspje\u0161an nastup na sajmovima - Lajme nga Ulqini","og_description":"Nakon uspje\u0161nog predstavljanja na sajmovima u Berlinu i Moskvi, HTP \u201eUlcinjska rivijera\u201c \u0107e od 24. do 26. marta zajedno sa TO Ulcinja predstaviti svoju","og_url":"https:\/\/www.visit-ulcinj.com\/blog\/2011\/03\/22\/uspjesan-nastup-na-sajmovima\/","og_site_name":"Lajme nga Ulqini","article_published_time":"2011-03-22T20:58:58+00:00","article_modified_time":"2011-03-24T16:24:47+00:00","og_image":[{"url":"https:\/\/www.visit-ulcinj.com\/blog\/wp-content\/uploads\/2011\/03\/Sa-sajma-Turizma-u-Moskvi_Ulcinjska-rivijera-150x150.jpg"}],"twitter_misc":{"Written by":"ulqini","Est. reading time":"1 minute"},"schema":{"@context":"https:\/\/schema.org","@graph":[{"@type":"WebSite","@id":"https:\/\/www.visit-ulcinj.com\/blog\/#website","url":"https:\/\/www.visit-ulcinj.com\/blog\/","name":"Lajme nga Ulqini","description":"Lajme,Vijesti,Ulqini,Ulqin,Crna Gora,Mali i Zi","potentialAction":[{"@type":"SearchAction","target":{"@type":"EntryPoint","urlTemplate":"https:\/\/www.visit-ulcinj.com\/blog\/?s={search_term_string}"},"query-input":"required name=search_term_string"}],"inLanguage":"en-US"},{"@type":"ImageObject","inLanguage":"en-US","@id":"https:\/\/www.visit-ulcinj.com\/blog\/2011\/03\/22\/uspjesan-nastup-na-sajmovima\/#primaryimage","url":"https:\/\/www.visit-ulcinj.com\/blog\/wp-content\/uploads\/2011\/03\/Sa-sajma-Turizma-u-Moskvi_Ulcinjska-rivijera.jpg","contentUrl":"https:\/\/www.visit-ulcinj.com\/blog\/wp-content\/uploads\/2011\/03\/Sa-sajma-Turizma-u-Moskvi_Ulcinjska-rivijera.jpg","width":"1024","height":"751"},{"@type":"WebPage","@id":"https:\/\/www.visit-ulcinj.com\/blog\/2011\/03\/22\/uspjesan-nastup-na-sajmovima\/#webpage","url":"https:\/\/www.visit-ulcinj.com\/blog\/2011\/03\/22\/uspjesan-nastup-na-sajmovima\/","name":"Uspje\u0161an nastup na sajmovima - Lajme nga Ulqini","isPartOf":{"@id":"https:\/\/www.visit-ulcinj.com\/blog\/#website"},"primaryImageOfPage":{"@id":"https:\/\/www.visit-ulcinj.com\/blog\/2011\/03\/22\/uspjesan-nastup-na-sajmovima\/#primaryimage"},"datePublished":"2011-03-22T20:58:58+00:00","dateModified":"2011-03-24T16:24:47+00:00","author":{"@id":"https:\/\/www.visit-ulcinj.com\/blog\/#\/schema\/person\/dcab619c614d3038751c63bc2aadc06d"},"description":"Nakon uspje\u0161nog predstavljanja na sajmovima u Berlinu i Moskvi, HTP \u201eUlcinjska rivijera\u201c \u0107e od 24. do 26. marta zajedno sa TO Ulcinja predstaviti svoju","breadcrumb":{"@id":"https:\/\/www.visit-ulcinj.com\/blog\/2011\/03\/22\/uspjesan-nastup-na-sajmovima\/#breadcrumb"},"inLanguage":"en-US","potentialAction":[{"@type":"ReadAction","target":["https:\/\/www.visit-ulcinj.com\/blog\/2011\/03\/22\/uspjesan-nastup-na-sajmovima\/"]}]},{"@type":"BreadcrumbList","@id":"https:\/\/www.visit-ulcinj.com\/blog\/2011\/03\/22\/uspjesan-nastup-na-sajmovima\/#breadcrumb","itemListElement":[{"@type":"ListItem","position":1,"name":"Uspje\u0161an nastup na sajmovima"}]},{"@type":"Person","@id":"https:\/\/www.visit-ulcinj.com\/blog\/#\/schema\/person\/dcab619c614d3038751c63bc2aadc06d","name":"ulqini","sameAs":["http:\/\/www.visit-ulcinj.com"],"url":"https:\/\/www.visit-ulcinj.com\/blog\/author\/admin\/"}]}},"jetpack_featured_media_url":"","jetpack_sharing_enabled":true,"jetpack_shortlink":"https:\/\/wp.me\/pe6lTn-bI4","_links":{"self":[{"href":"https:\/\/www.visit-ulcinj.com\/blog\/wp-json\/wp\/v2\/posts\/45016"}],"collection":[{"href":"https:\/\/www.visit-ulcinj.com\/blog\/wp-json\/wp\/v2\/posts"}],"about":[{"href":"https:\/\/www.visit-ulcinj.com\/blog\/wp-json\/wp\/v2\/types\/post"}],"author":[{"embeddable":true,"href":"https:\/\/www.visit-ulcinj.com\/blog\/wp-json\/wp\/v2\/users\/1"}],"replies":[{"embeddable":true,"href":"https:\/\/www.visit-ulcinj.com\/blog\/wp-json\/wp\/v2\/comments?post=45016"}],"version-history":[{"count":0,"href":"https:\/\/www.visit-ulcinj.com\/blog\/wp-json\/wp\/v2\/posts\/45016\/revisions"}],"wp:attachment":[{"href":"https:\/\/www.visit-ulcinj.com\/blog\/wp-json\/wp\/v2\/media?parent=45016"}],"wp:term":[{"taxonomy":"category","embeddable":true,"href":"https:\/\/www.visit-ulcinj.com\/blog\/wp-json\/wp\/v2\/categories?post=45016"},{"taxonomy":"post_tag","embeddable":true,"href":"https:\/\/www.visit-ulcinj.com\/blog\/wp-json\/wp\/v2\/tags?post=45016"}],"curies":[{"name":"wp","href":"https:\/\/api.w.org\/{rel}","templated":true}]}}