{"id":45026,"date":"2011-03-23T10:17:50","date_gmt":"2011-03-23T09:17:50","guid":{"rendered":"http:\/\/www.visit-ulcinj.com\/blog\/?p=45026"},"modified":"2011-03-23T10:18:20","modified_gmt":"2011-03-23T09:18:20","slug":"rozana-i-thote-rovenes-ti-kerkon-fame-ne-kurrizin-tim","status":"publish","type":"post","link":"https:\/\/www.visit-ulcinj.com\/blog\/2011\/03\/23\/rozana-i-thote-rovenes-ti-kerkon-fame-ne-kurrizin-tim\/","title":{"rendered":"Rozana i thot\u00eb Roven\u00ebs: Ti k\u00ebrkon fam\u00eb n\u00eb kurrizin tim"},"content":{"rendered":"<p><a href=\"http:\/\/www.visit-ulcinj.com\/blog\/wp-content\/uploads\/2011\/03\/Rozana-Radi_Rovena-Stefa.jpg\"><img loading=\"lazy\" class=\"alignleft size-full wp-image-45027\" title=\"Rozana Radi_Rovena Stefa\" src=\"http:\/\/www.visit-ulcinj.com\/blog\/wp-content\/uploads\/2011\/03\/Rozana-Radi_Rovena-Stefa.jpg\" alt=\"\" width=\"508\" height=\"347\" \/><\/a>Eh, nuk marrin kurr\u00eb fund z\u00ebnkat mes artist\u00ebve! Rozana-Rezarta, Rozana-Rovena, e k\u00ebshtu debatet p\u00ebr profesionalizimin apo xhelozin\u00eb e nj\u00ebr\u00ebs apo tjetr\u00ebs vijojn\u00eb pafund edhe pse nuk merret vesh se kush ka qen\u00eb iniciatore.<\/p>\n<p>&nbsp;<\/p>\n<p>Nd\u00ebrkaq, dy dit\u00eb m\u00eb par\u00eb, n\u00eb emisionin \u201cZon\u00eb e Lir\u00eb\u201d t\u00eb Arian \u00c7anit, e ftuar p\u00ebr klipin e saj m\u00eb t\u00eb ri, Rovena \u00ebsht\u00eb pyetur nga moderatori, n\u00ebse do ta mallkonte apo jo Rozan\u00ebn, q\u00eb t\u2019i \u00e7ahej silikoni q\u00eb ajo ka vendosur n\u00eb gjoks pak muaj m\u00eb par\u00eb. \u201cUn\u00eb nuk mallkoj njeri\u201d, \u2013 \u00ebsht\u00eb shprehur si p\u00ebr t\u00eb ruajtur ekuilibrin Rovena, duke shtuar se ajo nuk ka pasur asnj\u00ebher\u00eb gj\u00eb me Rozin, por ka qen\u00eb kjo e fundit, q\u00eb ka folur lart e posht\u00eb p\u00ebr t\u00eb si k\u00ebng\u00ebtare, mesa duket nga \u201cdashuria e madhe\u201d. Ja sesi iu p\u00ebrgjigj Rozana Radi pa kaluar as 5 minuta, p\u00ebrmes nj\u00eb sms-je:<\/p>\n<p>\u00c7ani, un\u00eb nuk zihem me njeri. Kam kat\u00ebr profesione, poete, flautiste, aktore dhe k\u00ebng\u00ebtare, ndaj i thuaj asaj k\u00ebng\u00ebtares q\u00eb ke n\u00eb studio, t\u00eb flas\u00eb p\u00ebr at\u00eb q\u00eb ka ardhur aty e jo p\u00ebr mua, q\u00eb m\u00eb marrin n\u00ebp\u00ebr goj\u00eb edhe kur un\u00eb e b\u00ebj pushim. Duan t\u00eb z\u00ebn\u00eb faqet e para t\u00eb gazetave me emrin tim\u201d, \u2013 \u00ebsht\u00eb shprehur Rozi, nd\u00ebrsa nga ana e saj, Rovena i ka d\u00ebrguar nj\u00eb puthje p\u00ebrmes ekranit. Gj\u00ebrat nuk shkojn\u00eb mir\u00eb p\u00ebr dy k\u00ebng\u00ebtaret, t\u00eb cilat sa her\u00eb q\u00eb flasin p\u00ebr nj\u00ebra-tjetr\u00ebn, me t\u00eb v\u00ebrtet\u00eb pushtojn\u00eb faqet e gazetave. N\u00ebse vijojn\u00eb k\u00ebshtu, do vij\u00eb momenti q\u00eb edhe ato vet\u00eb nuk do p\u00ebrb\u00ebjn\u00eb m\u00eb lajm\u2026<\/p>\n<!--YouTube Error: bad URL entered-->\n","protected":false},"excerpt":{"rendered":"<p>Eh, nuk marrin kurr\u00eb fund z\u00ebnkat mes artist\u00ebve! Rozana-Rezarta, Rozana-Rovena, e k\u00ebshtu debatet p\u00ebr profesionalizimin apo xhelozin\u00eb e nj\u00ebr\u00ebs apo tjetr\u00ebs vijojn\u00eb pafund edhe pse nuk merret vesh se kush ka qen\u00eb iniciatore. &nbsp; Nd\u00ebrkaq, dy dit\u00eb m\u00eb par\u00eb, n\u00eb emisionin \u201cZon\u00eb e Lir\u00eb\u201d t\u00eb Arian \u00c7anit, e ftuar p\u00ebr klipin e saj m\u00eb t\u00eb [&hellip;]<\/p>\n","protected":false},"author":1,"featured_media":0,"comment_status":"open","ping_status":"closed","sticky":false,"template":"","format":"standard","meta":{"spay_email":"","jetpack_publicize_message":"","jetpack_is_tweetstorm":false,"jetpack_publicize_feature_enabled":true},"categories":[1],"tags":[4869,4964],"jetpack_publicize_connections":[],"yoast_head":"<!-- This site is optimized with the Yoast SEO plugin v19.1 - https:\/\/yoast.com\/wordpress\/plugins\/seo\/ -->\n<title>Rozana i thot\u00eb Roven\u00ebs: Ti k\u00ebrkon fam\u00eb n\u00eb kurrizin tim - Lajme nga Ulqini<\/title>\n<meta name=\"description\" content=\"Eh, nuk marrin kurr\u00eb fund z\u00ebnkat mes artist\u00ebve! Rozana-Rezarta, Rozana-Rovena, e k\u00ebshtu debatet p\u00ebr profesionalizimin apo xhelozin\u00eb e nj\u00ebr\u00ebs apo tjetr\u00ebs\" \/>\n<meta name=\"robots\" content=\"index, follow, max-snippet:-1, max-image-preview:large, max-video-preview:-1\" \/>\n<link rel=\"canonical\" href=\"https:\/\/www.visit-ulcinj.com\/blog\/2011\/03\/23\/rozana-i-thote-rovenes-ti-kerkon-fame-ne-kurrizin-tim\/\" \/>\n<meta property=\"og:locale\" content=\"en_US\" \/>\n<meta property=\"og:type\" content=\"article\" \/>\n<meta property=\"og:title\" content=\"Rozana i thot\u00eb Roven\u00ebs: Ti k\u00ebrkon fam\u00eb n\u00eb kurrizin tim - Lajme nga Ulqini\" \/>\n<meta property=\"og:description\" content=\"Eh, nuk marrin kurr\u00eb fund z\u00ebnkat mes artist\u00ebve! Rozana-Rezarta, Rozana-Rovena, e k\u00ebshtu debatet p\u00ebr profesionalizimin apo xhelozin\u00eb e nj\u00ebr\u00ebs apo tjetr\u00ebs\" \/>\n<meta property=\"og:url\" content=\"https:\/\/www.visit-ulcinj.com\/blog\/2011\/03\/23\/rozana-i-thote-rovenes-ti-kerkon-fame-ne-kurrizin-tim\/\" \/>\n<meta property=\"og:site_name\" content=\"Lajme nga Ulqini\" \/>\n<meta property=\"article:published_time\" content=\"2011-03-23T09:17:50+00:00\" \/>\n<meta property=\"article:modified_time\" content=\"2011-03-23T09:18:20+00:00\" \/>\n<meta property=\"og:image\" content=\"http:\/\/www.visit-ulcinj.com\/blog\/wp-content\/uploads\/2011\/03\/Rozana-Radi_Rovena-Stefa.jpg\" \/>\n<meta name=\"twitter:label1\" content=\"Written by\" \/>\n\t<meta name=\"twitter:data1\" content=\"ulqini\" \/>\n\t<meta name=\"twitter:label2\" content=\"Est. reading time\" \/>\n\t<meta name=\"twitter:data2\" content=\"2 minutes\" \/>\n<script type=\"application\/ld+json\" class=\"yoast-schema-graph\">{\"@context\":\"https:\/\/schema.org\",\"@graph\":[{\"@type\":\"WebSite\",\"@id\":\"https:\/\/www.visit-ulcinj.com\/blog\/#website\",\"url\":\"https:\/\/www.visit-ulcinj.com\/blog\/\",\"name\":\"Lajme nga Ulqini\",\"description\":\"Lajme,Vijesti,Ulqini,Ulqin,Crna Gora,Mali i Zi\",\"potentialAction\":[{\"@type\":\"SearchAction\",\"target\":{\"@type\":\"EntryPoint\",\"urlTemplate\":\"https:\/\/www.visit-ulcinj.com\/blog\/?s={search_term_string}\"},\"query-input\":\"required name=search_term_string\"}],\"inLanguage\":\"en-US\"},{\"@type\":\"ImageObject\",\"inLanguage\":\"en-US\",\"@id\":\"https:\/\/www.visit-ulcinj.com\/blog\/2011\/03\/23\/rozana-i-thote-rovenes-ti-kerkon-fame-ne-kurrizin-tim\/#primaryimage\",\"url\":\"http:\/\/www.visit-ulcinj.com\/blog\/wp-content\/uploads\/2011\/03\/Rozana-Radi_Rovena-Stefa.jpg\",\"contentUrl\":\"http:\/\/www.visit-ulcinj.com\/blog\/wp-content\/uploads\/2011\/03\/Rozana-Radi_Rovena-Stefa.jpg\"},{\"@type\":\"WebPage\",\"@id\":\"https:\/\/www.visit-ulcinj.com\/blog\/2011\/03\/23\/rozana-i-thote-rovenes-ti-kerkon-fame-ne-kurrizin-tim\/#webpage\",\"url\":\"https:\/\/www.visit-ulcinj.com\/blog\/2011\/03\/23\/rozana-i-thote-rovenes-ti-kerkon-fame-ne-kurrizin-tim\/\",\"name\":\"Rozana i thot\u00eb Roven\u00ebs: Ti k\u00ebrkon fam\u00eb n\u00eb kurrizin tim - Lajme nga Ulqini\",\"isPartOf\":{\"@id\":\"https:\/\/www.visit-ulcinj.com\/blog\/#website\"},\"primaryImageOfPage\":{\"@id\":\"https:\/\/www.visit-ulcinj.com\/blog\/2011\/03\/23\/rozana-i-thote-rovenes-ti-kerkon-fame-ne-kurrizin-tim\/#primaryimage\"},\"datePublished\":\"2011-03-23T09:17:50+00:00\",\"dateModified\":\"2011-03-23T09:18:20+00:00\",\"author\":{\"@id\":\"https:\/\/www.visit-ulcinj.com\/blog\/#\/schema\/person\/dcab619c614d3038751c63bc2aadc06d\"},\"description\":\"Eh, nuk marrin kurr\u00eb fund z\u00ebnkat mes artist\u00ebve! Rozana-Rezarta, Rozana-Rovena, e k\u00ebshtu debatet p\u00ebr profesionalizimin apo xhelozin\u00eb e nj\u00ebr\u00ebs apo tjetr\u00ebs\",\"breadcrumb\":{\"@id\":\"https:\/\/www.visit-ulcinj.com\/blog\/2011\/03\/23\/rozana-i-thote-rovenes-ti-kerkon-fame-ne-kurrizin-tim\/#breadcrumb\"},\"inLanguage\":\"en-US\",\"potentialAction\":[{\"@type\":\"ReadAction\",\"target\":[\"https:\/\/www.visit-ulcinj.com\/blog\/2011\/03\/23\/rozana-i-thote-rovenes-ti-kerkon-fame-ne-kurrizin-tim\/\"]}]},{\"@type\":\"BreadcrumbList\",\"@id\":\"https:\/\/www.visit-ulcinj.com\/blog\/2011\/03\/23\/rozana-i-thote-rovenes-ti-kerkon-fame-ne-kurrizin-tim\/#breadcrumb\",\"itemListElement\":[{\"@type\":\"ListItem\",\"position\":1,\"name\":\"Rozana i thot\u00eb Roven\u00ebs: Ti k\u00ebrkon fam\u00eb n\u00eb kurrizin tim\"}]},{\"@type\":\"Person\",\"@id\":\"https:\/\/www.visit-ulcinj.com\/blog\/#\/schema\/person\/dcab619c614d3038751c63bc2aadc06d\",\"name\":\"ulqini\",\"sameAs\":[\"http:\/\/www.visit-ulcinj.com\"],\"url\":\"https:\/\/www.visit-ulcinj.com\/blog\/author\/admin\/\"}]}<\/script>\n<!-- \/ Yoast SEO plugin. -->","yoast_head_json":{"title":"Rozana i thot\u00eb Roven\u00ebs: Ti k\u00ebrkon fam\u00eb n\u00eb kurrizin tim - Lajme nga Ulqini","description":"Eh, nuk marrin kurr\u00eb fund z\u00ebnkat mes artist\u00ebve! Rozana-Rezarta, Rozana-Rovena, e k\u00ebshtu debatet p\u00ebr profesionalizimin apo xhelozin\u00eb e nj\u00ebr\u00ebs apo tjetr\u00ebs","robots":{"index":"index","follow":"follow","max-snippet":"max-snippet:-1","max-image-preview":"max-image-preview:large","max-video-preview":"max-video-preview:-1"},"canonical":"https:\/\/www.visit-ulcinj.com\/blog\/2011\/03\/23\/rozana-i-thote-rovenes-ti-kerkon-fame-ne-kurrizin-tim\/","og_locale":"en_US","og_type":"article","og_title":"Rozana i thot\u00eb Roven\u00ebs: Ti k\u00ebrkon fam\u00eb n\u00eb kurrizin tim - Lajme nga Ulqini","og_description":"Eh, nuk marrin kurr\u00eb fund z\u00ebnkat mes artist\u00ebve! Rozana-Rezarta, Rozana-Rovena, e k\u00ebshtu debatet p\u00ebr profesionalizimin apo xhelozin\u00eb e nj\u00ebr\u00ebs apo tjetr\u00ebs","og_url":"https:\/\/www.visit-ulcinj.com\/blog\/2011\/03\/23\/rozana-i-thote-rovenes-ti-kerkon-fame-ne-kurrizin-tim\/","og_site_name":"Lajme nga Ulqini","article_published_time":"2011-03-23T09:17:50+00:00","article_modified_time":"2011-03-23T09:18:20+00:00","og_image":[{"url":"http:\/\/www.visit-ulcinj.com\/blog\/wp-content\/uploads\/2011\/03\/Rozana-Radi_Rovena-Stefa.jpg"}],"twitter_misc":{"Written by":"ulqini","Est. reading time":"2 minutes"},"schema":{"@context":"https:\/\/schema.org","@graph":[{"@type":"WebSite","@id":"https:\/\/www.visit-ulcinj.com\/blog\/#website","url":"https:\/\/www.visit-ulcinj.com\/blog\/","name":"Lajme nga Ulqini","description":"Lajme,Vijesti,Ulqini,Ulqin,Crna Gora,Mali i Zi","potentialAction":[{"@type":"SearchAction","target":{"@type":"EntryPoint","urlTemplate":"https:\/\/www.visit-ulcinj.com\/blog\/?s={search_term_string}"},"query-input":"required name=search_term_string"}],"inLanguage":"en-US"},{"@type":"ImageObject","inLanguage":"en-US","@id":"https:\/\/www.visit-ulcinj.com\/blog\/2011\/03\/23\/rozana-i-thote-rovenes-ti-kerkon-fame-ne-kurrizin-tim\/#primaryimage","url":"http:\/\/www.visit-ulcinj.com\/blog\/wp-content\/uploads\/2011\/03\/Rozana-Radi_Rovena-Stefa.jpg","contentUrl":"http:\/\/www.visit-ulcinj.com\/blog\/wp-content\/uploads\/2011\/03\/Rozana-Radi_Rovena-Stefa.jpg"},{"@type":"WebPage","@id":"https:\/\/www.visit-ulcinj.com\/blog\/2011\/03\/23\/rozana-i-thote-rovenes-ti-kerkon-fame-ne-kurrizin-tim\/#webpage","url":"https:\/\/www.visit-ulcinj.com\/blog\/2011\/03\/23\/rozana-i-thote-rovenes-ti-kerkon-fame-ne-kurrizin-tim\/","name":"Rozana i thot\u00eb Roven\u00ebs: Ti k\u00ebrkon fam\u00eb n\u00eb kurrizin tim - Lajme nga Ulqini","isPartOf":{"@id":"https:\/\/www.visit-ulcinj.com\/blog\/#website"},"primaryImageOfPage":{"@id":"https:\/\/www.visit-ulcinj.com\/blog\/2011\/03\/23\/rozana-i-thote-rovenes-ti-kerkon-fame-ne-kurrizin-tim\/#primaryimage"},"datePublished":"2011-03-23T09:17:50+00:00","dateModified":"2011-03-23T09:18:20+00:00","author":{"@id":"https:\/\/www.visit-ulcinj.com\/blog\/#\/schema\/person\/dcab619c614d3038751c63bc2aadc06d"},"description":"Eh, nuk marrin kurr\u00eb fund z\u00ebnkat mes artist\u00ebve! Rozana-Rezarta, Rozana-Rovena, e k\u00ebshtu debatet p\u00ebr profesionalizimin apo xhelozin\u00eb e nj\u00ebr\u00ebs apo tjetr\u00ebs","breadcrumb":{"@id":"https:\/\/www.visit-ulcinj.com\/blog\/2011\/03\/23\/rozana-i-thote-rovenes-ti-kerkon-fame-ne-kurrizin-tim\/#breadcrumb"},"inLanguage":"en-US","potentialAction":[{"@type":"ReadAction","target":["https:\/\/www.visit-ulcinj.com\/blog\/2011\/03\/23\/rozana-i-thote-rovenes-ti-kerkon-fame-ne-kurrizin-tim\/"]}]},{"@type":"BreadcrumbList","@id":"https:\/\/www.visit-ulcinj.com\/blog\/2011\/03\/23\/rozana-i-thote-rovenes-ti-kerkon-fame-ne-kurrizin-tim\/#breadcrumb","itemListElement":[{"@type":"ListItem","position":1,"name":"Rozana i thot\u00eb Roven\u00ebs: Ti k\u00ebrkon fam\u00eb n\u00eb kurrizin tim"}]},{"@type":"Person","@id":"https:\/\/www.visit-ulcinj.com\/blog\/#\/schema\/person\/dcab619c614d3038751c63bc2aadc06d","name":"ulqini","sameAs":["http:\/\/www.visit-ulcinj.com"],"url":"https:\/\/www.visit-ulcinj.com\/blog\/author\/admin\/"}]}},"jetpack_featured_media_url":"","jetpack_sharing_enabled":true,"jetpack_shortlink":"https:\/\/wp.me\/pe6lTn-bIe","_links":{"self":[{"href":"https:\/\/www.visit-ulcinj.com\/blog\/wp-json\/wp\/v2\/posts\/45026"}],"collection":[{"href":"https:\/\/www.visit-ulcinj.com\/blog\/wp-json\/wp\/v2\/posts"}],"about":[{"href":"https:\/\/www.visit-ulcinj.com\/blog\/wp-json\/wp\/v2\/types\/post"}],"author":[{"embeddable":true,"href":"https:\/\/www.visit-ulcinj.com\/blog\/wp-json\/wp\/v2\/users\/1"}],"replies":[{"embeddable":true,"href":"https:\/\/www.visit-ulcinj.com\/blog\/wp-json\/wp\/v2\/comments?post=45026"}],"version-history":[{"count":0,"href":"https:\/\/www.visit-ulcinj.com\/blog\/wp-json\/wp\/v2\/posts\/45026\/revisions"}],"wp:attachment":[{"href":"https:\/\/www.visit-ulcinj.com\/blog\/wp-json\/wp\/v2\/media?parent=45026"}],"wp:term":[{"taxonomy":"category","embeddable":true,"href":"https:\/\/www.visit-ulcinj.com\/blog\/wp-json\/wp\/v2\/categories?post=45026"},{"taxonomy":"post_tag","embeddable":true,"href":"https:\/\/www.visit-ulcinj.com\/blog\/wp-json\/wp\/v2\/tags?post=45026"}],"curies":[{"name":"wp","href":"https:\/\/api.w.org\/{rel}","templated":true}]}}