{"id":45030,"date":"2011-03-23T10:43:52","date_gmt":"2011-03-23T09:43:52","guid":{"rendered":"http:\/\/www.visit-ulcinj.com\/blog\/?p=45030"},"modified":"2012-12-05T07:49:25","modified_gmt":"2012-12-05T06:49:25","slug":"shkendije-mujaj-reklamon-te-pasmet-e-reja","status":"publish","type":"post","link":"https:\/\/www.visit-ulcinj.com\/blog\/2011\/03\/23\/shkendije-mujaj-reklamon-te-pasmet-e-reja\/","title":{"rendered":"Shk\u00ebndije Mujaj reklamon t\u00eb pasmet e reja"},"content":{"rendered":"<p><a href=\"http:\/\/www.visit-ulcinj.com\/blog\/wp-content\/uploads\/2011\/03\/Shkendije-Mujaj.5.jpg\"><img loading=\"lazy\" class=\"alignleft size-full wp-image-45031\" title=\"Shkendije Mujaj.5\" src=\"http:\/\/www.visit-ulcinj.com\/blog\/wp-content\/uploads\/2011\/03\/Shkendije-Mujaj.5.jpg\" alt=\"\" width=\"508\" height=\"380\" \/><\/a>Askush nuk do ta besonte q\u00eb t\u00eb pasmet e saj jan\u00eb natyrale. Mjafton t\u00eb shihen k\u00ebto foto dhe t\u00eb bindemi se jan\u00eb t\u00eb mbushura me silikon! Shk\u00ebndije Mujaj, k\u00ebng\u00ebtarja kosovare e cila po jeton n\u00eb Zvic\u00ebr, k\u00ebto dit\u00eb n\u00eb faqen e fansave t\u00eb saj ka publikuar disa foto t\u00eb reja n\u00eb t\u00eb cilat shihet e veshur vet\u00ebm me tanga duke reklamuar trupin dhe duke nxjerr\u00eb n\u00eb pah prapanic\u00ebn e saj t\u00eb re e cila me shum\u00eb bindje duket q\u00eb \u00ebsht\u00eb e silikonizuar.<br \/>\n<a href=\"http:\/\/www.visit-ulcinj.com\/blog\/wp-content\/uploads\/2011\/03\/shkendijemujaj.jpg\"><img loading=\"lazy\" class=\"alignleft  wp-image-66489\" title=\"shkendijemujaj\" src=\"http:\/\/www.visit-ulcinj.com\/blog\/wp-content\/uploads\/2011\/03\/shkendijemujaj.jpg\" alt=\"\" width=\"508\" height=\"600\" \/><\/a><\/p>\n<p>Fotot e publikuara jan\u00eb shum\u00eb private dhe kan\u00eb marr\u00eb shum\u00eb komente nga bota mashkullore duke e cil\u00ebsuar si nj\u00eb nga prapanicat m\u00eb t\u00eb bukura shqiptare por jo natyrale. Me k\u00ebt\u00eb gj\u00eb Shk\u00ebndija ka dashur t\u00eb b\u00ebj\u00eb me dije se edhe shqiptaret mund t\u00eb duken si latino-amerikane!<\/p>\n<p><strong>bl. re<br \/>\n<br \/>\n<\/strong><br \/>\n<iframe loading=\"lazy\" src=\"http:\/\/www.youtube.com\/embed\/TqUY0glNpzY?rel=0\" frameborder=\"0\" width=\"508\" height=\"360\"><\/iframe><\/p>\n<p>&nbsp;<\/p>\n","protected":false},"excerpt":{"rendered":"<p>Askush nuk do ta besonte q\u00eb t\u00eb pasmet e saj jan\u00eb natyrale. Mjafton t\u00eb shihen k\u00ebto foto dhe t\u00eb bindemi se jan\u00eb t\u00eb mbushura me silikon! Shk\u00ebndije Mujaj, k\u00ebng\u00ebtarja kosovare e cila po jeton n\u00eb Zvic\u00ebr, k\u00ebto dit\u00eb n\u00eb faqen e fansave t\u00eb saj ka publikuar disa foto t\u00eb reja n\u00eb t\u00eb cilat shihet e [&hellip;]<\/p>\n","protected":false},"author":1,"featured_media":0,"comment_status":"open","ping_status":"closed","sticky":false,"template":"","format":"standard","meta":{"spay_email":"","jetpack_publicize_message":"","jetpack_is_tweetstorm":false,"jetpack_publicize_feature_enabled":true},"categories":[1],"tags":[15434],"jetpack_publicize_connections":[],"yoast_head":"<!-- This site is optimized with the Yoast SEO plugin v19.1 - https:\/\/yoast.com\/wordpress\/plugins\/seo\/ -->\n<title>Shk\u00ebndije Mujaj reklamon t\u00eb pasmet e reja - Lajme nga Ulqini<\/title>\n<meta name=\"description\" content=\"Askush nuk do ta besonte q\u00eb t\u00eb pasmet e saj jan\u00eb natyrale. Mjafton t\u00eb shihen k\u00ebto foto dhe t\u00eb bindemi se jan\u00eb t\u00eb mbushura me silikon! Shk\u00ebndije Mujaj,\" \/>\n<meta name=\"robots\" content=\"index, follow, max-snippet:-1, max-image-preview:large, max-video-preview:-1\" \/>\n<link rel=\"canonical\" href=\"https:\/\/www.visit-ulcinj.com\/blog\/2011\/03\/23\/shkendije-mujaj-reklamon-te-pasmet-e-reja\/\" \/>\n<meta property=\"og:locale\" content=\"en_US\" \/>\n<meta property=\"og:type\" content=\"article\" \/>\n<meta property=\"og:title\" content=\"Shk\u00ebndije Mujaj reklamon t\u00eb pasmet e reja - Lajme nga Ulqini\" \/>\n<meta property=\"og:description\" content=\"Askush nuk do ta besonte q\u00eb t\u00eb pasmet e saj jan\u00eb natyrale. Mjafton t\u00eb shihen k\u00ebto foto dhe t\u00eb bindemi se jan\u00eb t\u00eb mbushura me silikon! Shk\u00ebndije Mujaj,\" \/>\n<meta property=\"og:url\" content=\"https:\/\/www.visit-ulcinj.com\/blog\/2011\/03\/23\/shkendije-mujaj-reklamon-te-pasmet-e-reja\/\" \/>\n<meta property=\"og:site_name\" content=\"Lajme nga Ulqini\" \/>\n<meta property=\"article:published_time\" content=\"2011-03-23T09:43:52+00:00\" \/>\n<meta property=\"article:modified_time\" content=\"2012-12-05T06:49:25+00:00\" \/>\n<meta property=\"og:image\" content=\"https:\/\/www.visit-ulcinj.com\/blog\/wp-content\/uploads\/2011\/03\/Shkendije-Mujaj.5-150x150.jpg\" \/>\n<meta name=\"twitter:label1\" content=\"Written by\" \/>\n\t<meta name=\"twitter:data1\" content=\"ulqini\" \/>\n\t<meta name=\"twitter:label2\" content=\"Est. reading time\" \/>\n\t<meta name=\"twitter:data2\" content=\"1 minute\" \/>\n<script type=\"application\/ld+json\" class=\"yoast-schema-graph\">{\"@context\":\"https:\/\/schema.org\",\"@graph\":[{\"@type\":\"WebSite\",\"@id\":\"https:\/\/www.visit-ulcinj.com\/blog\/#website\",\"url\":\"https:\/\/www.visit-ulcinj.com\/blog\/\",\"name\":\"Lajme nga Ulqini\",\"description\":\"Lajme,Vijesti,Ulqini,Ulqin,Crna Gora,Mali i Zi\",\"potentialAction\":[{\"@type\":\"SearchAction\",\"target\":{\"@type\":\"EntryPoint\",\"urlTemplate\":\"https:\/\/www.visit-ulcinj.com\/blog\/?s={search_term_string}\"},\"query-input\":\"required name=search_term_string\"}],\"inLanguage\":\"en-US\"},{\"@type\":\"ImageObject\",\"inLanguage\":\"en-US\",\"@id\":\"https:\/\/www.visit-ulcinj.com\/blog\/2011\/03\/23\/shkendije-mujaj-reklamon-te-pasmet-e-reja\/#primaryimage\",\"url\":\"http:\/\/www.visit-ulcinj.com\/blog\/wp-content\/uploads\/2011\/03\/Shkendije-Mujaj.5.jpg\",\"contentUrl\":\"http:\/\/www.visit-ulcinj.com\/blog\/wp-content\/uploads\/2011\/03\/Shkendije-Mujaj.5.jpg\"},{\"@type\":\"WebPage\",\"@id\":\"https:\/\/www.visit-ulcinj.com\/blog\/2011\/03\/23\/shkendije-mujaj-reklamon-te-pasmet-e-reja\/#webpage\",\"url\":\"https:\/\/www.visit-ulcinj.com\/blog\/2011\/03\/23\/shkendije-mujaj-reklamon-te-pasmet-e-reja\/\",\"name\":\"Shk\u00ebndije Mujaj reklamon t\u00eb pasmet e reja - Lajme nga Ulqini\",\"isPartOf\":{\"@id\":\"https:\/\/www.visit-ulcinj.com\/blog\/#website\"},\"primaryImageOfPage\":{\"@id\":\"https:\/\/www.visit-ulcinj.com\/blog\/2011\/03\/23\/shkendije-mujaj-reklamon-te-pasmet-e-reja\/#primaryimage\"},\"datePublished\":\"2011-03-23T09:43:52+00:00\",\"dateModified\":\"2012-12-05T06:49:25+00:00\",\"author\":{\"@id\":\"https:\/\/www.visit-ulcinj.com\/blog\/#\/schema\/person\/dcab619c614d3038751c63bc2aadc06d\"},\"description\":\"Askush nuk do ta besonte q\u00eb t\u00eb pasmet e saj jan\u00eb natyrale. Mjafton t\u00eb shihen k\u00ebto foto dhe t\u00eb bindemi se jan\u00eb t\u00eb mbushura me silikon! Shk\u00ebndije Mujaj,\",\"breadcrumb\":{\"@id\":\"https:\/\/www.visit-ulcinj.com\/blog\/2011\/03\/23\/shkendije-mujaj-reklamon-te-pasmet-e-reja\/#breadcrumb\"},\"inLanguage\":\"en-US\",\"potentialAction\":[{\"@type\":\"ReadAction\",\"target\":[\"https:\/\/www.visit-ulcinj.com\/blog\/2011\/03\/23\/shkendije-mujaj-reklamon-te-pasmet-e-reja\/\"]}]},{\"@type\":\"BreadcrumbList\",\"@id\":\"https:\/\/www.visit-ulcinj.com\/blog\/2011\/03\/23\/shkendije-mujaj-reklamon-te-pasmet-e-reja\/#breadcrumb\",\"itemListElement\":[{\"@type\":\"ListItem\",\"position\":1,\"name\":\"Shk\u00ebndije Mujaj reklamon t\u00eb pasmet e reja\"}]},{\"@type\":\"Person\",\"@id\":\"https:\/\/www.visit-ulcinj.com\/blog\/#\/schema\/person\/dcab619c614d3038751c63bc2aadc06d\",\"name\":\"ulqini\",\"sameAs\":[\"http:\/\/www.visit-ulcinj.com\"],\"url\":\"https:\/\/www.visit-ulcinj.com\/blog\/author\/admin\/\"}]}<\/script>\n<!-- \/ Yoast SEO plugin. -->","yoast_head_json":{"title":"Shk\u00ebndije Mujaj reklamon t\u00eb pasmet e reja - Lajme nga Ulqini","description":"Askush nuk do ta besonte q\u00eb t\u00eb pasmet e saj jan\u00eb natyrale. Mjafton t\u00eb shihen k\u00ebto foto dhe t\u00eb bindemi se jan\u00eb t\u00eb mbushura me silikon! Shk\u00ebndije Mujaj,","robots":{"index":"index","follow":"follow","max-snippet":"max-snippet:-1","max-image-preview":"max-image-preview:large","max-video-preview":"max-video-preview:-1"},"canonical":"https:\/\/www.visit-ulcinj.com\/blog\/2011\/03\/23\/shkendije-mujaj-reklamon-te-pasmet-e-reja\/","og_locale":"en_US","og_type":"article","og_title":"Shk\u00ebndije Mujaj reklamon t\u00eb pasmet e reja - Lajme nga Ulqini","og_description":"Askush nuk do ta besonte q\u00eb t\u00eb pasmet e saj jan\u00eb natyrale. Mjafton t\u00eb shihen k\u00ebto foto dhe t\u00eb bindemi se jan\u00eb t\u00eb mbushura me silikon! Shk\u00ebndije Mujaj,","og_url":"https:\/\/www.visit-ulcinj.com\/blog\/2011\/03\/23\/shkendije-mujaj-reklamon-te-pasmet-e-reja\/","og_site_name":"Lajme nga Ulqini","article_published_time":"2011-03-23T09:43:52+00:00","article_modified_time":"2012-12-05T06:49:25+00:00","og_image":[{"url":"https:\/\/www.visit-ulcinj.com\/blog\/wp-content\/uploads\/2011\/03\/Shkendije-Mujaj.5-150x150.jpg"}],"twitter_misc":{"Written by":"ulqini","Est. reading time":"1 minute"},"schema":{"@context":"https:\/\/schema.org","@graph":[{"@type":"WebSite","@id":"https:\/\/www.visit-ulcinj.com\/blog\/#website","url":"https:\/\/www.visit-ulcinj.com\/blog\/","name":"Lajme nga Ulqini","description":"Lajme,Vijesti,Ulqini,Ulqin,Crna Gora,Mali i Zi","potentialAction":[{"@type":"SearchAction","target":{"@type":"EntryPoint","urlTemplate":"https:\/\/www.visit-ulcinj.com\/blog\/?s={search_term_string}"},"query-input":"required name=search_term_string"}],"inLanguage":"en-US"},{"@type":"ImageObject","inLanguage":"en-US","@id":"https:\/\/www.visit-ulcinj.com\/blog\/2011\/03\/23\/shkendije-mujaj-reklamon-te-pasmet-e-reja\/#primaryimage","url":"http:\/\/www.visit-ulcinj.com\/blog\/wp-content\/uploads\/2011\/03\/Shkendije-Mujaj.5.jpg","contentUrl":"http:\/\/www.visit-ulcinj.com\/blog\/wp-content\/uploads\/2011\/03\/Shkendije-Mujaj.5.jpg"},{"@type":"WebPage","@id":"https:\/\/www.visit-ulcinj.com\/blog\/2011\/03\/23\/shkendije-mujaj-reklamon-te-pasmet-e-reja\/#webpage","url":"https:\/\/www.visit-ulcinj.com\/blog\/2011\/03\/23\/shkendije-mujaj-reklamon-te-pasmet-e-reja\/","name":"Shk\u00ebndije Mujaj reklamon t\u00eb pasmet e reja - Lajme nga Ulqini","isPartOf":{"@id":"https:\/\/www.visit-ulcinj.com\/blog\/#website"},"primaryImageOfPage":{"@id":"https:\/\/www.visit-ulcinj.com\/blog\/2011\/03\/23\/shkendije-mujaj-reklamon-te-pasmet-e-reja\/#primaryimage"},"datePublished":"2011-03-23T09:43:52+00:00","dateModified":"2012-12-05T06:49:25+00:00","author":{"@id":"https:\/\/www.visit-ulcinj.com\/blog\/#\/schema\/person\/dcab619c614d3038751c63bc2aadc06d"},"description":"Askush nuk do ta besonte q\u00eb t\u00eb pasmet e saj jan\u00eb natyrale. Mjafton t\u00eb shihen k\u00ebto foto dhe t\u00eb bindemi se jan\u00eb t\u00eb mbushura me silikon! Shk\u00ebndije Mujaj,","breadcrumb":{"@id":"https:\/\/www.visit-ulcinj.com\/blog\/2011\/03\/23\/shkendije-mujaj-reklamon-te-pasmet-e-reja\/#breadcrumb"},"inLanguage":"en-US","potentialAction":[{"@type":"ReadAction","target":["https:\/\/www.visit-ulcinj.com\/blog\/2011\/03\/23\/shkendije-mujaj-reklamon-te-pasmet-e-reja\/"]}]},{"@type":"BreadcrumbList","@id":"https:\/\/www.visit-ulcinj.com\/blog\/2011\/03\/23\/shkendije-mujaj-reklamon-te-pasmet-e-reja\/#breadcrumb","itemListElement":[{"@type":"ListItem","position":1,"name":"Shk\u00ebndije Mujaj reklamon t\u00eb pasmet e reja"}]},{"@type":"Person","@id":"https:\/\/www.visit-ulcinj.com\/blog\/#\/schema\/person\/dcab619c614d3038751c63bc2aadc06d","name":"ulqini","sameAs":["http:\/\/www.visit-ulcinj.com"],"url":"https:\/\/www.visit-ulcinj.com\/blog\/author\/admin\/"}]}},"jetpack_featured_media_url":"","jetpack_sharing_enabled":true,"jetpack_shortlink":"https:\/\/wp.me\/pe6lTn-bIi","_links":{"self":[{"href":"https:\/\/www.visit-ulcinj.com\/blog\/wp-json\/wp\/v2\/posts\/45030"}],"collection":[{"href":"https:\/\/www.visit-ulcinj.com\/blog\/wp-json\/wp\/v2\/posts"}],"about":[{"href":"https:\/\/www.visit-ulcinj.com\/blog\/wp-json\/wp\/v2\/types\/post"}],"author":[{"embeddable":true,"href":"https:\/\/www.visit-ulcinj.com\/blog\/wp-json\/wp\/v2\/users\/1"}],"replies":[{"embeddable":true,"href":"https:\/\/www.visit-ulcinj.com\/blog\/wp-json\/wp\/v2\/comments?post=45030"}],"version-history":[{"count":6,"href":"https:\/\/www.visit-ulcinj.com\/blog\/wp-json\/wp\/v2\/posts\/45030\/revisions"}],"predecessor-version":[{"id":65002,"href":"https:\/\/www.visit-ulcinj.com\/blog\/wp-json\/wp\/v2\/posts\/45030\/revisions\/65002"}],"wp:attachment":[{"href":"https:\/\/www.visit-ulcinj.com\/blog\/wp-json\/wp\/v2\/media?parent=45030"}],"wp:term":[{"taxonomy":"category","embeddable":true,"href":"https:\/\/www.visit-ulcinj.com\/blog\/wp-json\/wp\/v2\/categories?post=45030"},{"taxonomy":"post_tag","embeddable":true,"href":"https:\/\/www.visit-ulcinj.com\/blog\/wp-json\/wp\/v2\/tags?post=45030"}],"curies":[{"name":"wp","href":"https:\/\/api.w.org\/{rel}","templated":true}]}}