{"id":45043,"date":"2011-03-23T10:59:00","date_gmt":"2011-03-23T09:59:00","guid":{"rendered":"http:\/\/www.visit-ulcinj.com\/blog\/?p=45043"},"modified":"2011-03-23T10:59:25","modified_gmt":"2011-03-23T09:59:25","slug":"aurela-gace-zbulohet-lidhja","status":"publish","type":"post","link":"https:\/\/www.visit-ulcinj.com\/blog\/2011\/03\/23\/aurela-gace-zbulohet-lidhja\/","title":{"rendered":"Aurela Gace, zbulohet lidhja"},"content":{"rendered":"<p><a href=\"http:\/\/www.visit-ulcinj.com\/blog\/wp-content\/uploads\/2011\/03\/Aurela-Gace-dhe-manaxheri.jpg\"><img loading=\"lazy\" class=\"alignleft size-full wp-image-45044\" title=\"Aurela Gace dhe manaxheri\" src=\"http:\/\/www.visit-ulcinj.com\/blog\/wp-content\/uploads\/2011\/03\/Aurela-Gace-dhe-manaxheri.jpg\" alt=\"\" width=\"351\" height=\"208\" \/><\/a>Nuk e dim\u00eb ende n\u00ebse \u00ebsht\u00eb nj\u00eb pasion i v\u00ebrtet\u00eb dashurie, apo nj\u00eb histori q\u00eb ka filluar nga nj\u00eb marr\u00ebdh\u00ebnie pune dhe \u00ebsht\u00eb kthyer n\u00eb nj\u00eb lidhje intime. B\u00ebhet fjal\u00eb p\u00ebr nj\u00eb lidhje t\u00eb krijuar mes k\u00ebng\u00ebtares 36- vje\u00e7are Aurela Ga\u00e7e dhe menaxherit t\u00eb saj, nj\u00eb djal\u00eb zeshkan nga Tirana, disa vite m\u00eb i ri se ajo, rreth 30 vje\u00e7.<br \/>\nAta jan\u00eb par\u00eb gjithnj\u00eb e m\u00eb shum\u00eb n\u00eb shoq\u00ebrin\u00eb e nj\u00ebri-tjetrit n\u00eb Tiran\u00eb, sidomos k\u00ebt\u00eb jav\u00eb, pas p\u00ebrfundimit t\u00eb xhirimeve t\u00eb klipit \u201cFeel the passion\u201d, k\u00ebng\u00eb me t\u00eb cil\u00ebn Aurela do t\u00eb p\u00ebrfaq\u00ebsoj\u00eb Shqip\u00ebrin\u00eb n\u00eb Edicionin e 56-t\u00eb t\u00eb Festivalit Europian t\u00eb K\u00ebng\u00ebs (Eurovision Song Contest), q\u00eb do t\u00eb organizohet n\u00eb datat 10-14 maj n\u00eb qytetin Dyseldorf t\u00eb Gjermanis\u00eb. Pasi ka realizuar klipin q\u00eb vet\u00eb k\u00ebng\u00ebtarja ka pohuar n\u00eb media se i kushtohet edhe turizmit shqiptar, Aurela ka vendosur t\u00eb b\u00ebj\u00eb disa dit\u00eb relaks, nd\u00ebrsa thuhet se vet\u00ebm para pak dit\u00ebsh \u00ebsht\u00eb larguar drejt Greqis\u00eb me menaxherin e saj, q\u00eb \u00ebsht\u00eb djali q\u00eb shihni n\u00eb foto dhe me t\u00eb cilin thuhet se ajo tashm\u00eb ka krijuar nj\u00eb lidhje. Aq shum\u00eb koh\u00eb kalojn\u00eb bashk\u00eb, sa tashm\u00eb Aurela shihet shum\u00eb pak n\u00eb shoq\u00ebrin\u00eb e mikeshave t\u00eb saj artiste, si\u00e7 e kemi par\u00eb gjithmon\u00eb q\u00eb pas kthimit t\u00eb saj nga Amerika.<\/p>\n<p>CILI \u00ebsht\u00eb menaxheri n\u00eb krah t\u00eb Aurel\u00ebs<br \/>\nN\u00eb fakt dihet q\u00eb, qoft\u00eb edhe p\u00ebr natyr\u00ebn e saj shum\u00eb t\u00eb mbyllur p\u00ebrsa u p\u00ebrket \u00e7\u00ebshtjeve private, Aurela hyn te k\u00ebng\u00ebtaret q\u00eb nuk \u00ebsht\u00eb p\u00ebrfolur p\u00ebr lidhje, ndoshta edhe p\u00ebr faktin se pas shum\u00eb vitesh q\u00eb ka jetuar n\u00eb Shtetet e Bashkuara t\u00eb Amerik\u00ebs jeta e saj ka qen\u00eb gjithmon\u00eb n\u00eb l\u00ebvizje. Por, Aurel\u00ebs, tashm\u00eb q\u00eb po p\u00ebrgatitet p\u00ebr nj\u00eb sfid\u00eb t\u00eb re n\u00eb karrier\u00ebn e saj, q\u00eb \u00ebsht\u00eb konkurrimi n\u00eb Eurosong, i duhet t\u00eb jet\u00eb m\u00eb e pranishme n\u00eb Tiran\u00eb, nd\u00ebrsa po b\u00ebn p\u00ebrgatitjet e fundit p\u00ebr gar\u00ebn e madhe. Dhe, duke qen\u00eb e pranishme m\u00eb shum\u00eb k\u00ebtu, nuk mund t\u00eb shp\u00ebtoj\u00eb nga komentet se me cilin shoq\u00ebrohet ajo n\u00eb Tiran\u00eb.<br \/>\nPik\u00ebrisht k\u00ebto dit\u00eb, kur ka marr\u00eb komentet nga miqt\u00eb dhe gazetat p\u00ebr cil\u00ebsin\u00eb e klipit t\u00eb ri, ku ajo shfaqet n\u00ebn simbolik\u00ebn e shqiponj\u00ebs, nuk \u00ebsht\u00eb munduar aspak ta mbaj\u00eb fshehur djalin me t\u00eb cilin po kalon m\u00eb shum\u00eb koh\u00eb. P\u00ebr gjith\u00e7ka q\u00eb ka t\u00eb b\u00ebj\u00eb me look-n dhe, pse jo, idet\u00eb profesionale, kujdeset nj\u00eb menaxher, i cili ka qen\u00eb pran\u00eb saj qysh n\u00eb Festivalin e 49-t\u00eb t\u00eb K\u00ebng\u00ebs. Djali q\u00eb shihni n\u00eb foto \u00ebsht\u00eb nga Tirana dhe quhet Skerdi. Ai tashm\u00eb ka marr\u00eb p\u00ebrsip\u00ebr edhe menaxhimin e Aurel\u00ebs p\u00ebr t\u2019u p\u00ebrfaq\u00ebsuar n\u00eb Eurosong si fillim, por edhe p\u00ebr koncertet e saj. Si\u00e7 e shihni n\u00eb foto, \u00ebsht\u00eb diku rreth mosh\u00ebs 30 vje\u00e7 dhe m\u00eb par\u00eb ka jetuar n\u00eb Greqi. Ai \u00ebsht\u00eb marr\u00eb me menaxhimin e k\u00ebng\u00ebtar\u00ebve dhe balerin\u00ebve t\u00eb huaj p\u00ebr koncerte e party t\u00eb ndrysh\u00ebm. Skerdi njihet n\u00eb rrethet artistike t\u00eb Tiran\u00ebs, po ashtu edhe n\u00eb klube p\u00ebr faktin se ka sjell\u00eb artist\u00eb dhe balerin\u00eb t\u00eb huaj n\u00eb disa klube e Tiran\u00ebs.<br \/>\nEdhe pse ai u shfaq shum\u00eb i af\u00ebrt n\u00eb krah t\u00eb k\u00ebng\u00ebtares n\u00eb muajin dhjetor, n\u00eb Festivalin e 49-t\u00eb t\u00eb K\u00ebng\u00ebs n\u00eb RTSH, ata u kujdes\u00ebn q\u00eb t\u00eb mos binin n\u00eb sy se mes tyre ekzistonte di\u00e7ka m\u00eb shum\u00eb se nj\u00eb marr\u00ebdh\u00ebnie pune. Paparaci yn\u00eb ka realizuar k\u00ebto foto pas kuintave t\u00eb Festivalit t\u00eb K\u00ebng\u00ebs tre muaj m\u00eb par\u00eb, nd\u00ebrsa djali zeshkan ishte pothuaj personi i vet\u00ebm q\u00eb i q\u00ebndronte af\u00ebr k\u00ebng\u00ebtares, duke u kujdesur p\u00ebr \u00e7do detaj t\u00eb performanc\u00ebs s\u00eb saj, por edhe p\u00ebr nj\u00eb suport shpirt\u00ebror. Duket nj\u00eb marr\u00ebdh\u00ebnie e bukur p\u00ebr k\u00ebng\u00ebtaren vlonjate me shum\u00eb vite n\u00eb sken\u00eb dhe e p\u00eblqyer n\u00eb k\u00ebng\u00ebt e saj Pop dhe Soul.<br \/>\nPas rikthimit nga Amerika n\u00eb 2007, Aurela ka realizuar disa k\u00ebng\u00eb, si: \u201cHape Veten\u201d, me t\u00eb cil\u00ebn fitoi \u201cK\u00ebnga Magjike 2007\u201d, \u201cM\u2019u than\u00eb syt\u00eb\u201d, \u201cJehon\u00eb\u201d (feat. West Side Family), \u201cBosh\u201d, \u201cOrigjinale\u201d (feat. Dr. Flori &amp; Marsel). Kjo e fundit \u00ebsht\u00eb cil\u00ebsuar si k\u00ebnga m\u00eb e suksesshme, pasi ka arritur 4.5 milion\u00eb klikime n\u00eb Youtube. Ne i urojm\u00eb k\u00ebng\u00ebtares po kaq sukses edhe n\u00eb jet\u00ebn e saj private.<\/p>\n<p><strong>Panorama Plus<\/strong><\/p>\n<p><strong><!--YouTube Error: bad URL entered--><br \/>\n<\/strong><\/p>\n","protected":false},"excerpt":{"rendered":"<p>Nuk e dim\u00eb ende n\u00ebse \u00ebsht\u00eb nj\u00eb pasion i v\u00ebrtet\u00eb dashurie, apo nj\u00eb histori q\u00eb ka filluar nga nj\u00eb marr\u00ebdh\u00ebnie pune dhe \u00ebsht\u00eb kthyer n\u00eb nj\u00eb lidhje intime. B\u00ebhet fjal\u00eb p\u00ebr nj\u00eb lidhje t\u00eb krijuar mes k\u00ebng\u00ebtares 36- vje\u00e7are Aurela Ga\u00e7e dhe menaxherit t\u00eb saj, nj\u00eb djal\u00eb zeshkan nga Tirana, disa vite m\u00eb i ri [&hellip;]<\/p>\n","protected":false},"author":1,"featured_media":0,"comment_status":"open","ping_status":"closed","sticky":false,"template":"","format":"standard","meta":{"spay_email":"","jetpack_publicize_message":"","jetpack_is_tweetstorm":false,"jetpack_publicize_feature_enabled":true},"categories":[1],"tags":[5088],"jetpack_publicize_connections":[],"yoast_head":"<!-- This site is optimized with the Yoast SEO plugin v19.1 - https:\/\/yoast.com\/wordpress\/plugins\/seo\/ -->\n<title>Aurela Gace, zbulohet lidhja - Lajme nga Ulqini<\/title>\n<meta name=\"description\" content=\"Nuk e dim\u00eb ende n\u00ebse \u00ebsht\u00eb nj\u00eb pasion i v\u00ebrtet\u00eb dashurie, apo nj\u00eb histori q\u00eb ka filluar nga nj\u00eb marr\u00ebdh\u00ebnie pune dhe \u00ebsht\u00eb kthyer n\u00eb nj\u00eb lidhje intime.\" \/>\n<meta name=\"robots\" content=\"index, follow, max-snippet:-1, max-image-preview:large, max-video-preview:-1\" \/>\n<link rel=\"canonical\" href=\"https:\/\/www.visit-ulcinj.com\/blog\/2011\/03\/23\/aurela-gace-zbulohet-lidhja\/\" \/>\n<meta property=\"og:locale\" content=\"en_US\" \/>\n<meta property=\"og:type\" content=\"article\" \/>\n<meta property=\"og:title\" content=\"Aurela Gace, zbulohet lidhja - Lajme nga Ulqini\" \/>\n<meta property=\"og:description\" content=\"Nuk e dim\u00eb ende n\u00ebse \u00ebsht\u00eb nj\u00eb pasion i v\u00ebrtet\u00eb dashurie, apo nj\u00eb histori q\u00eb ka filluar nga nj\u00eb marr\u00ebdh\u00ebnie pune dhe \u00ebsht\u00eb kthyer n\u00eb nj\u00eb lidhje intime.\" \/>\n<meta property=\"og:url\" content=\"https:\/\/www.visit-ulcinj.com\/blog\/2011\/03\/23\/aurela-gace-zbulohet-lidhja\/\" \/>\n<meta property=\"og:site_name\" content=\"Lajme nga Ulqini\" \/>\n<meta property=\"article:published_time\" content=\"2011-03-23T09:59:00+00:00\" \/>\n<meta property=\"article:modified_time\" content=\"2011-03-23T09:59:25+00:00\" \/>\n<meta property=\"og:image\" content=\"http:\/\/www.visit-ulcinj.com\/blog\/wp-content\/uploads\/2011\/03\/Aurela-Gace-dhe-manaxheri.jpg\" \/>\n<meta name=\"twitter:label1\" content=\"Written by\" \/>\n\t<meta name=\"twitter:data1\" content=\"ulqini\" \/>\n\t<meta name=\"twitter:label2\" content=\"Est. reading time\" \/>\n\t<meta name=\"twitter:data2\" content=\"4 minutes\" \/>\n<script type=\"application\/ld+json\" class=\"yoast-schema-graph\">{\"@context\":\"https:\/\/schema.org\",\"@graph\":[{\"@type\":\"WebSite\",\"@id\":\"https:\/\/www.visit-ulcinj.com\/blog\/#website\",\"url\":\"https:\/\/www.visit-ulcinj.com\/blog\/\",\"name\":\"Lajme nga Ulqini\",\"description\":\"Lajme,Vijesti,Ulqini,Ulqin,Crna Gora,Mali i Zi\",\"potentialAction\":[{\"@type\":\"SearchAction\",\"target\":{\"@type\":\"EntryPoint\",\"urlTemplate\":\"https:\/\/www.visit-ulcinj.com\/blog\/?s={search_term_string}\"},\"query-input\":\"required name=search_term_string\"}],\"inLanguage\":\"en-US\"},{\"@type\":\"ImageObject\",\"inLanguage\":\"en-US\",\"@id\":\"https:\/\/www.visit-ulcinj.com\/blog\/2011\/03\/23\/aurela-gace-zbulohet-lidhja\/#primaryimage\",\"url\":\"http:\/\/www.visit-ulcinj.com\/blog\/wp-content\/uploads\/2011\/03\/Aurela-Gace-dhe-manaxheri.jpg\",\"contentUrl\":\"http:\/\/www.visit-ulcinj.com\/blog\/wp-content\/uploads\/2011\/03\/Aurela-Gace-dhe-manaxheri.jpg\"},{\"@type\":\"WebPage\",\"@id\":\"https:\/\/www.visit-ulcinj.com\/blog\/2011\/03\/23\/aurela-gace-zbulohet-lidhja\/#webpage\",\"url\":\"https:\/\/www.visit-ulcinj.com\/blog\/2011\/03\/23\/aurela-gace-zbulohet-lidhja\/\",\"name\":\"Aurela Gace, zbulohet lidhja - Lajme nga Ulqini\",\"isPartOf\":{\"@id\":\"https:\/\/www.visit-ulcinj.com\/blog\/#website\"},\"primaryImageOfPage\":{\"@id\":\"https:\/\/www.visit-ulcinj.com\/blog\/2011\/03\/23\/aurela-gace-zbulohet-lidhja\/#primaryimage\"},\"datePublished\":\"2011-03-23T09:59:00+00:00\",\"dateModified\":\"2011-03-23T09:59:25+00:00\",\"author\":{\"@id\":\"https:\/\/www.visit-ulcinj.com\/blog\/#\/schema\/person\/dcab619c614d3038751c63bc2aadc06d\"},\"description\":\"Nuk e dim\u00eb ende n\u00ebse \u00ebsht\u00eb nj\u00eb pasion i v\u00ebrtet\u00eb dashurie, apo nj\u00eb histori q\u00eb ka filluar nga nj\u00eb marr\u00ebdh\u00ebnie pune dhe \u00ebsht\u00eb kthyer n\u00eb nj\u00eb lidhje intime.\",\"breadcrumb\":{\"@id\":\"https:\/\/www.visit-ulcinj.com\/blog\/2011\/03\/23\/aurela-gace-zbulohet-lidhja\/#breadcrumb\"},\"inLanguage\":\"en-US\",\"potentialAction\":[{\"@type\":\"ReadAction\",\"target\":[\"https:\/\/www.visit-ulcinj.com\/blog\/2011\/03\/23\/aurela-gace-zbulohet-lidhja\/\"]}]},{\"@type\":\"BreadcrumbList\",\"@id\":\"https:\/\/www.visit-ulcinj.com\/blog\/2011\/03\/23\/aurela-gace-zbulohet-lidhja\/#breadcrumb\",\"itemListElement\":[{\"@type\":\"ListItem\",\"position\":1,\"name\":\"Aurela Gace, zbulohet lidhja\"}]},{\"@type\":\"Person\",\"@id\":\"https:\/\/www.visit-ulcinj.com\/blog\/#\/schema\/person\/dcab619c614d3038751c63bc2aadc06d\",\"name\":\"ulqini\",\"sameAs\":[\"http:\/\/www.visit-ulcinj.com\"],\"url\":\"https:\/\/www.visit-ulcinj.com\/blog\/author\/admin\/\"}]}<\/script>\n<!-- \/ Yoast SEO plugin. -->","yoast_head_json":{"title":"Aurela Gace, zbulohet lidhja - Lajme nga Ulqini","description":"Nuk e dim\u00eb ende n\u00ebse \u00ebsht\u00eb nj\u00eb pasion i v\u00ebrtet\u00eb dashurie, apo nj\u00eb histori q\u00eb ka filluar nga nj\u00eb marr\u00ebdh\u00ebnie pune dhe \u00ebsht\u00eb kthyer n\u00eb nj\u00eb lidhje intime.","robots":{"index":"index","follow":"follow","max-snippet":"max-snippet:-1","max-image-preview":"max-image-preview:large","max-video-preview":"max-video-preview:-1"},"canonical":"https:\/\/www.visit-ulcinj.com\/blog\/2011\/03\/23\/aurela-gace-zbulohet-lidhja\/","og_locale":"en_US","og_type":"article","og_title":"Aurela Gace, zbulohet lidhja - Lajme nga Ulqini","og_description":"Nuk e dim\u00eb ende n\u00ebse \u00ebsht\u00eb nj\u00eb pasion i v\u00ebrtet\u00eb dashurie, apo nj\u00eb histori q\u00eb ka filluar nga nj\u00eb marr\u00ebdh\u00ebnie pune dhe \u00ebsht\u00eb kthyer n\u00eb nj\u00eb lidhje intime.","og_url":"https:\/\/www.visit-ulcinj.com\/blog\/2011\/03\/23\/aurela-gace-zbulohet-lidhja\/","og_site_name":"Lajme nga Ulqini","article_published_time":"2011-03-23T09:59:00+00:00","article_modified_time":"2011-03-23T09:59:25+00:00","og_image":[{"url":"http:\/\/www.visit-ulcinj.com\/blog\/wp-content\/uploads\/2011\/03\/Aurela-Gace-dhe-manaxheri.jpg"}],"twitter_misc":{"Written by":"ulqini","Est. reading time":"4 minutes"},"schema":{"@context":"https:\/\/schema.org","@graph":[{"@type":"WebSite","@id":"https:\/\/www.visit-ulcinj.com\/blog\/#website","url":"https:\/\/www.visit-ulcinj.com\/blog\/","name":"Lajme nga Ulqini","description":"Lajme,Vijesti,Ulqini,Ulqin,Crna Gora,Mali i Zi","potentialAction":[{"@type":"SearchAction","target":{"@type":"EntryPoint","urlTemplate":"https:\/\/www.visit-ulcinj.com\/blog\/?s={search_term_string}"},"query-input":"required name=search_term_string"}],"inLanguage":"en-US"},{"@type":"ImageObject","inLanguage":"en-US","@id":"https:\/\/www.visit-ulcinj.com\/blog\/2011\/03\/23\/aurela-gace-zbulohet-lidhja\/#primaryimage","url":"http:\/\/www.visit-ulcinj.com\/blog\/wp-content\/uploads\/2011\/03\/Aurela-Gace-dhe-manaxheri.jpg","contentUrl":"http:\/\/www.visit-ulcinj.com\/blog\/wp-content\/uploads\/2011\/03\/Aurela-Gace-dhe-manaxheri.jpg"},{"@type":"WebPage","@id":"https:\/\/www.visit-ulcinj.com\/blog\/2011\/03\/23\/aurela-gace-zbulohet-lidhja\/#webpage","url":"https:\/\/www.visit-ulcinj.com\/blog\/2011\/03\/23\/aurela-gace-zbulohet-lidhja\/","name":"Aurela Gace, zbulohet lidhja - Lajme nga Ulqini","isPartOf":{"@id":"https:\/\/www.visit-ulcinj.com\/blog\/#website"},"primaryImageOfPage":{"@id":"https:\/\/www.visit-ulcinj.com\/blog\/2011\/03\/23\/aurela-gace-zbulohet-lidhja\/#primaryimage"},"datePublished":"2011-03-23T09:59:00+00:00","dateModified":"2011-03-23T09:59:25+00:00","author":{"@id":"https:\/\/www.visit-ulcinj.com\/blog\/#\/schema\/person\/dcab619c614d3038751c63bc2aadc06d"},"description":"Nuk e dim\u00eb ende n\u00ebse \u00ebsht\u00eb nj\u00eb pasion i v\u00ebrtet\u00eb dashurie, apo nj\u00eb histori q\u00eb ka filluar nga nj\u00eb marr\u00ebdh\u00ebnie pune dhe \u00ebsht\u00eb kthyer n\u00eb nj\u00eb lidhje intime.","breadcrumb":{"@id":"https:\/\/www.visit-ulcinj.com\/blog\/2011\/03\/23\/aurela-gace-zbulohet-lidhja\/#breadcrumb"},"inLanguage":"en-US","potentialAction":[{"@type":"ReadAction","target":["https:\/\/www.visit-ulcinj.com\/blog\/2011\/03\/23\/aurela-gace-zbulohet-lidhja\/"]}]},{"@type":"BreadcrumbList","@id":"https:\/\/www.visit-ulcinj.com\/blog\/2011\/03\/23\/aurela-gace-zbulohet-lidhja\/#breadcrumb","itemListElement":[{"@type":"ListItem","position":1,"name":"Aurela Gace, zbulohet lidhja"}]},{"@type":"Person","@id":"https:\/\/www.visit-ulcinj.com\/blog\/#\/schema\/person\/dcab619c614d3038751c63bc2aadc06d","name":"ulqini","sameAs":["http:\/\/www.visit-ulcinj.com"],"url":"https:\/\/www.visit-ulcinj.com\/blog\/author\/admin\/"}]}},"jetpack_featured_media_url":"","jetpack_sharing_enabled":true,"jetpack_shortlink":"https:\/\/wp.me\/pe6lTn-bIv","_links":{"self":[{"href":"https:\/\/www.visit-ulcinj.com\/blog\/wp-json\/wp\/v2\/posts\/45043"}],"collection":[{"href":"https:\/\/www.visit-ulcinj.com\/blog\/wp-json\/wp\/v2\/posts"}],"about":[{"href":"https:\/\/www.visit-ulcinj.com\/blog\/wp-json\/wp\/v2\/types\/post"}],"author":[{"embeddable":true,"href":"https:\/\/www.visit-ulcinj.com\/blog\/wp-json\/wp\/v2\/users\/1"}],"replies":[{"embeddable":true,"href":"https:\/\/www.visit-ulcinj.com\/blog\/wp-json\/wp\/v2\/comments?post=45043"}],"version-history":[{"count":0,"href":"https:\/\/www.visit-ulcinj.com\/blog\/wp-json\/wp\/v2\/posts\/45043\/revisions"}],"wp:attachment":[{"href":"https:\/\/www.visit-ulcinj.com\/blog\/wp-json\/wp\/v2\/media?parent=45043"}],"wp:term":[{"taxonomy":"category","embeddable":true,"href":"https:\/\/www.visit-ulcinj.com\/blog\/wp-json\/wp\/v2\/categories?post=45043"},{"taxonomy":"post_tag","embeddable":true,"href":"https:\/\/www.visit-ulcinj.com\/blog\/wp-json\/wp\/v2\/tags?post=45043"}],"curies":[{"name":"wp","href":"https:\/\/api.w.org\/{rel}","templated":true}]}}