{"id":45068,"date":"2011-03-23T13:36:33","date_gmt":"2011-03-23T12:36:33","guid":{"rendered":"http:\/\/www.visit-ulcinj.com\/blog\/?p=45068"},"modified":"2011-03-24T17:23:02","modified_gmt":"2011-03-24T16:23:02","slug":"riviera-e-ulqinit-merr-pjese-ne-panairin-e-berlinit-dhe-te-moskves","status":"publish","type":"post","link":"https:\/\/www.visit-ulcinj.com\/blog\/2011\/03\/23\/riviera-e-ulqinit-merr-pjese-ne-panairin-e-berlinit-dhe-te-moskves\/","title":{"rendered":"Riviera e Ulqinit merr pjese ne Panairin e Berlinit dhe t\u00eb Moskv\u00ebs"},"content":{"rendered":"<p><a href=\"http:\/\/www.visit-ulcinj.com\/blog\/wp-content\/uploads\/2011\/03\/Riviera-e-Ulqinit-merr-pjese-ne-Panairin-e-Berlinit-dhe-te-Moskves-2.jpg\"><img loading=\"lazy\" class=\"alignleft size-full wp-image-45069\" title=\"Riviera e Ulqinit merr pjese ne Panairin e Berlinit dhe te Moskves (2)\" src=\"http:\/\/www.visit-ulcinj.com\/blog\/wp-content\/uploads\/2011\/03\/Riviera-e-Ulqinit-merr-pjese-ne-Panairin-e-Berlinit-dhe-te-Moskves-2.jpg\" alt=\"\" width=\"508\" height=\"380\" \/><\/a>Riviera e Ulqinit ka marr\u00eb pjes\u00eb n\u00eb Panairin nd\u00ebrkomb\u00ebtar t\u00eb Berlinit dhe n\u00eb Panairin nd\u00ebrkomb\u00ebtar t\u00eb Moskves , q\u00eb u zhvillua nga data 9 deri m\u00eb 13 mars n\u00eb qendr\u00ebn e panaireve &#8220;Messe Dam&#8221; t\u00eb Berlinit.<br \/>\nVendi yn\u00eb u p\u00ebrfaq\u00ebsua me an\u00eb t\u00eb nj\u00eb stende me nj\u00eb sip\u00ebrfaqe prej disa\u00a0 metrash katror nga stafi i Rivier\u00ebs s\u00eb Ulqinit.<br \/>\nTurizmi \u00ebsht\u00eb nj\u00eb treg mjaft konkurrues, q\u00eb k\u00ebrkon aft\u00ebsi menaxhuese, talent dhe nj\u00eb qeveri q\u00eb di t\u00eb mb\u00ebshtetet n\u00eb politikat e duhura. Turizmi \u00ebsht\u00eb tashm\u00eb nj\u00eb element par\u00ebsor n\u00eb rind\u00ebrtimin dhe ribalancimin e ekonomis\u00eb s\u00eb vendit ton\u00eb. Qeveria \u00a0malazeze dhe ajo vendase e konsideron zhvillimin e industris\u00eb s\u00eb turizmit si nj\u00eb nd\u00ebr tri fushat kryesore p\u00ebr zhvillimin e shpejt\u00eb dhe t\u00eb q\u00ebndruesh\u00ebm t\u00eb vendit t\u00eb Ulqinit.<br \/>\n<a href=\"http:\/\/www.visit-ulcinj.com\/blog\/wp-content\/uploads\/2011\/03\/Riviera-e-Ulqinit-merr-pjese-ne-Panairin-e-Berlinit-dhe-te-Moskves.6.jpg\"><img loading=\"lazy\" class=\"alignleft size-full wp-image-45077\" title=\"Riviera e Ulqinit merr pjese ne Panairin e Berlinit dhe te Moskves.6\" src=\"http:\/\/www.visit-ulcinj.com\/blog\/wp-content\/uploads\/2011\/03\/Riviera-e-Ulqinit-merr-pjese-ne-Panairin-e-Berlinit-dhe-te-Moskves.6.jpg\" alt=\"\" width=\"508\" height=\"360\" \/><\/a><br \/>\nObjektivi madhor \u00ebsht\u00eb kthimi i vendit n\u00eb nj\u00eb destinacion turistik kryesor mesdhetar. P\u00ebr t\u00eb arritur k\u00ebt\u00eb, ne kemi marr\u00eb vazhdimisht masat e duhura, si n\u00eb aspektin ligjor dhe institucional p\u00ebr t\u00eb promovuar dhe leht\u00ebsuar rritjen e investimeve t\u00eb huaja&#8221;, &#8211; u shpreh nd\u00ebr t\u00eb tjera z. Predrag Sekuliq.<br \/>\nE ve\u00e7ant\u00eb e k\u00ebtij panairi ishte interesi mjaft i lart\u00eb nga ana e agjencive dhe vizitor\u00ebve, t\u00eb cil\u00ebt shpreh\u00ebn nj\u00eb interes t\u00eb madh p\u00ebr t\u00eb vizituar vendin ton\u00eb. Arritje pozitive ka sh\u00ebnuar imazhi i stend\u00ebs s\u00eb turizmit\u00a0 n\u00eb Ulqin, e cila mori vler\u00ebsime t\u00eb konsideru-eshme nga nj\u00eb pjes\u00eb e vizitor\u00ebve t\u00eb saj. Gjat\u00eb \u00a0dit\u00ebve t\u00eb panairit u vu re nj\u00eb interesim mjaft i lart\u00eb si nga ana e vizitor\u00ebve t\u00eb biznesit t\u00eb p\u00ebrfaq\u00ebsuar prej kompanive t\u00eb ndryshme t\u00eb marketingut, p\u00ebrfaq\u00ebsuesve PR, mediave etj, si edhe nga ana e vizitor\u00ebve individual\u00eb, t\u00eb cil\u00ebt shpreh\u00ebn interes p\u00ebr potencialet dhe produktet turistike .<\/p>\n<p>Nd\u00ebrkoh\u00eb q\u00eb n\u00eb dy dit\u00ebt e ardh\u00ebshme me 24 deri me 26 mars Riviera e Ulqinit do t\u00eb jen\u00eb prezent n\u00eb Panairin e turizmit METUBES 2011 n\u00eb Budve,ku gjysm\u00eb pansioni n\u00eb hotelet e Rvier\u00ebs s\u00eb Ulqinit do sillen prej 20 deri 36 euro p\u00ebr person.<br \/>\n\n\t\t<style type=\"text\/css\">\n\t\t\t#gallery-1 {\n\t\t\t\tmargin: auto;\n\t\t\t}\n\t\t\t#gallery-1 .gallery-item {\n\t\t\t\tfloat: left;\n\t\t\t\tmargin-top: 10px;\n\t\t\t\ttext-align: center;\n\t\t\t\twidth: 33%;\n\t\t\t}\n\t\t\t#gallery-1 img {\n\t\t\t\tborder: 2px solid #cfcfcf;\n\t\t\t}\n\t\t\t#gallery-1 .gallery-caption {\n\t\t\t\tmargin-left: 0;\n\t\t\t}\n\t\t\t\/* see gallery_shortcode() in wp-includes\/media.php *\/\n\t\t<\/style>\n\t\t<div id='gallery-1' class='gallery galleryid-45068 gallery-columns-3 gallery-size-thumbnail'><dl class='gallery-item'>\n\t\t\t<dt class='gallery-icon landscape'>\n\t\t\t\t<a href='https:\/\/www.visit-ulcinj.com\/blog\/wp-content\/uploads\/2011\/03\/Riviera-e-Ulqinit-merr-pjese-ne-Panairin-e-Berlinit-dhe-te-Moskves-2.jpg'><img width=\"150\" height=\"150\" src=\"https:\/\/www.visit-ulcinj.com\/blog\/wp-content\/uploads\/2011\/03\/Riviera-e-Ulqinit-merr-pjese-ne-Panairin-e-Berlinit-dhe-te-Moskves-2-150x150.jpg\" class=\"attachment-thumbnail size-thumbnail\" alt=\"\" loading=\"lazy\" \/><\/a>\n\t\t\t<\/dt><\/dl><dl class='gallery-item'>\n\t\t\t<dt class='gallery-icon landscape'>\n\t\t\t\t<a href='https:\/\/www.visit-ulcinj.com\/blog\/wp-content\/uploads\/2011\/03\/Riviera-e-Ulqinit-merr-pjese-ne-Panairin-e-Berlinit-dhe-te-Moskves.2.jpg'><img width=\"150\" height=\"150\" src=\"https:\/\/www.visit-ulcinj.com\/blog\/wp-content\/uploads\/2011\/03\/Riviera-e-Ulqinit-merr-pjese-ne-Panairin-e-Berlinit-dhe-te-Moskves.2-150x150.jpg\" class=\"attachment-thumbnail size-thumbnail\" alt=\"\" loading=\"lazy\" \/><\/a>\n\t\t\t<\/dt><\/dl><dl class='gallery-item'>\n\t\t\t<dt class='gallery-icon portrait'>\n\t\t\t\t<a href='https:\/\/www.visit-ulcinj.com\/blog\/wp-content\/uploads\/2011\/03\/Riviera-e-Ulqinit-merr-pjese-ne-Panairin-e-Berlinit-dhe-te-Moskves.1.jpg'><img width=\"150\" height=\"150\" src=\"https:\/\/www.visit-ulcinj.com\/blog\/wp-content\/uploads\/2011\/03\/Riviera-e-Ulqinit-merr-pjese-ne-Panairin-e-Berlinit-dhe-te-Moskves.1-150x150.jpg\" class=\"attachment-thumbnail size-thumbnail\" alt=\"\" loading=\"lazy\" \/><\/a>\n\t\t\t<\/dt><\/dl><br style=\"clear: both\" \/><dl class='gallery-item'>\n\t\t\t<dt class='gallery-icon landscape'>\n\t\t\t\t<a href='https:\/\/www.visit-ulcinj.com\/blog\/wp-content\/uploads\/2011\/03\/Riviera-e-Ulqinit-merr-pjese-ne-Panairin-e-Berlinit-dhe-te-Moskves.5.jpg'><img width=\"150\" height=\"150\" src=\"https:\/\/www.visit-ulcinj.com\/blog\/wp-content\/uploads\/2011\/03\/Riviera-e-Ulqinit-merr-pjese-ne-Panairin-e-Berlinit-dhe-te-Moskves.5-150x150.jpg\" class=\"attachment-thumbnail size-thumbnail\" alt=\"\" loading=\"lazy\" \/><\/a>\n\t\t\t<\/dt><\/dl><dl class='gallery-item'>\n\t\t\t<dt class='gallery-icon landscape'>\n\t\t\t\t<a href='https:\/\/www.visit-ulcinj.com\/blog\/wp-content\/uploads\/2011\/03\/Riviera-e-Ulqinit-merr-pjese-ne-Panairin-e-Berlinit-dhe-te-Moskves.6.jpg'><img width=\"150\" height=\"150\" src=\"https:\/\/www.visit-ulcinj.com\/blog\/wp-content\/uploads\/2011\/03\/Riviera-e-Ulqinit-merr-pjese-ne-Panairin-e-Berlinit-dhe-te-Moskves.6-150x150.jpg\" class=\"attachment-thumbnail size-thumbnail\" alt=\"\" loading=\"lazy\" \/><\/a>\n\t\t\t<\/dt><\/dl>\n\t\t\t<br style='clear: both' \/>\n\t\t<\/div>\n<br \/>\n<!--YouTube Error: bad URL entered--><\/p>\n","protected":false},"excerpt":{"rendered":"<p>Riviera e Ulqinit ka marr\u00eb pjes\u00eb n\u00eb Panairin nd\u00ebrkomb\u00ebtar t\u00eb Berlinit dhe n\u00eb Panairin nd\u00ebrkomb\u00ebtar t\u00eb Moskves , q\u00eb u zhvillua nga data 9 deri m\u00eb 13 mars n\u00eb qendr\u00ebn e panaireve &#8220;Messe Dam&#8221; t\u00eb Berlinit. Vendi yn\u00eb u p\u00ebrfaq\u00ebsua me an\u00eb t\u00eb nj\u00eb stende me nj\u00eb sip\u00ebrfaqe prej disa\u00a0 metrash katror nga stafi i [&hellip;]<\/p>\n","protected":false},"author":1,"featured_media":0,"comment_status":"open","ping_status":"closed","sticky":false,"template":"","format":"standard","meta":{"spay_email":"","jetpack_publicize_message":"","jetpack_is_tweetstorm":false,"jetpack_publicize_feature_enabled":true},"categories":[10,1],"tags":[17875,27,12174,9671,17872,17874,17873,289,200],"jetpack_publicize_connections":[],"yoast_head":"<!-- This site is optimized with the Yoast SEO plugin v19.1 - https:\/\/yoast.com\/wordpress\/plugins\/seo\/ -->\n<title>Riviera e Ulqinit merr pjese ne Panairin e Berlinit dhe t\u00eb Moskv\u00ebs - Lajme nga Ulqini<\/title>\n<meta name=\"description\" content=\"Riviera e Ulqinit ka marr\u00eb pjes\u00eb n\u00eb Panairin nd\u00ebrkomb\u00ebtar t\u00eb Berlinit dhe n\u00eb Panairin nd\u00ebrkomb\u00ebtar t\u00eb Moskves , q\u00eb u zhvillua nga data 9 deri m\u00eb 13 mars\" \/>\n<meta name=\"robots\" content=\"index, follow, max-snippet:-1, max-image-preview:large, max-video-preview:-1\" \/>\n<link rel=\"canonical\" href=\"https:\/\/www.visit-ulcinj.com\/blog\/2011\/03\/23\/riviera-e-ulqinit-merr-pjese-ne-panairin-e-berlinit-dhe-te-moskves\/\" \/>\n<meta property=\"og:locale\" content=\"en_US\" \/>\n<meta property=\"og:type\" content=\"article\" \/>\n<meta property=\"og:title\" content=\"Riviera e Ulqinit merr pjese ne Panairin e Berlinit dhe t\u00eb Moskv\u00ebs - Lajme nga Ulqini\" \/>\n<meta property=\"og:description\" content=\"Riviera e Ulqinit ka marr\u00eb pjes\u00eb n\u00eb Panairin nd\u00ebrkomb\u00ebtar t\u00eb Berlinit dhe n\u00eb Panairin nd\u00ebrkomb\u00ebtar t\u00eb Moskves , q\u00eb u zhvillua nga data 9 deri m\u00eb 13 mars\" \/>\n<meta property=\"og:url\" content=\"https:\/\/www.visit-ulcinj.com\/blog\/2011\/03\/23\/riviera-e-ulqinit-merr-pjese-ne-panairin-e-berlinit-dhe-te-moskves\/\" \/>\n<meta property=\"og:site_name\" content=\"Lajme nga Ulqini\" \/>\n<meta property=\"article:published_time\" content=\"2011-03-23T12:36:33+00:00\" \/>\n<meta property=\"article:modified_time\" content=\"2011-03-24T16:23:02+00:00\" \/>\n<meta property=\"og:image\" content=\"https:\/\/www.visit-ulcinj.com\/blog\/wp-content\/uploads\/2011\/03\/Riviera-e-Ulqinit-merr-pjese-ne-Panairin-e-Berlinit-dhe-te-Moskves-2-150x150.jpg\" \/>\n<meta name=\"twitter:label1\" content=\"Written by\" \/>\n\t<meta name=\"twitter:data1\" content=\"ulqini\" \/>\n\t<meta name=\"twitter:label2\" content=\"Est. reading time\" \/>\n\t<meta name=\"twitter:data2\" content=\"2 minutes\" \/>\n<script type=\"application\/ld+json\" class=\"yoast-schema-graph\">{\"@context\":\"https:\/\/schema.org\",\"@graph\":[{\"@type\":\"WebSite\",\"@id\":\"https:\/\/www.visit-ulcinj.com\/blog\/#website\",\"url\":\"https:\/\/www.visit-ulcinj.com\/blog\/\",\"name\":\"Lajme nga Ulqini\",\"description\":\"Lajme,Vijesti,Ulqini,Ulqin,Crna Gora,Mali i Zi\",\"potentialAction\":[{\"@type\":\"SearchAction\",\"target\":{\"@type\":\"EntryPoint\",\"urlTemplate\":\"https:\/\/www.visit-ulcinj.com\/blog\/?s={search_term_string}\"},\"query-input\":\"required name=search_term_string\"}],\"inLanguage\":\"en-US\"},{\"@type\":\"ImageObject\",\"inLanguage\":\"en-US\",\"@id\":\"https:\/\/www.visit-ulcinj.com\/blog\/2011\/03\/23\/riviera-e-ulqinit-merr-pjese-ne-panairin-e-berlinit-dhe-te-moskves\/#primaryimage\",\"url\":\"https:\/\/www.visit-ulcinj.com\/blog\/wp-content\/uploads\/2011\/03\/Riviera-e-Ulqinit-merr-pjese-ne-Panairin-e-Berlinit-dhe-te-Moskves-2.jpg\",\"contentUrl\":\"https:\/\/www.visit-ulcinj.com\/blog\/wp-content\/uploads\/2011\/03\/Riviera-e-Ulqinit-merr-pjese-ne-Panairin-e-Berlinit-dhe-te-Moskves-2.jpg\",\"width\":\"1024\",\"height\":\"751\"},{\"@type\":\"WebPage\",\"@id\":\"https:\/\/www.visit-ulcinj.com\/blog\/2011\/03\/23\/riviera-e-ulqinit-merr-pjese-ne-panairin-e-berlinit-dhe-te-moskves\/#webpage\",\"url\":\"https:\/\/www.visit-ulcinj.com\/blog\/2011\/03\/23\/riviera-e-ulqinit-merr-pjese-ne-panairin-e-berlinit-dhe-te-moskves\/\",\"name\":\"Riviera e Ulqinit merr pjese ne Panairin e Berlinit dhe t\u00eb Moskv\u00ebs - Lajme nga Ulqini\",\"isPartOf\":{\"@id\":\"https:\/\/www.visit-ulcinj.com\/blog\/#website\"},\"primaryImageOfPage\":{\"@id\":\"https:\/\/www.visit-ulcinj.com\/blog\/2011\/03\/23\/riviera-e-ulqinit-merr-pjese-ne-panairin-e-berlinit-dhe-te-moskves\/#primaryimage\"},\"datePublished\":\"2011-03-23T12:36:33+00:00\",\"dateModified\":\"2011-03-24T16:23:02+00:00\",\"author\":{\"@id\":\"https:\/\/www.visit-ulcinj.com\/blog\/#\/schema\/person\/dcab619c614d3038751c63bc2aadc06d\"},\"description\":\"Riviera e Ulqinit ka marr\u00eb pjes\u00eb n\u00eb Panairin nd\u00ebrkomb\u00ebtar t\u00eb Berlinit dhe n\u00eb Panairin nd\u00ebrkomb\u00ebtar t\u00eb Moskves , q\u00eb u zhvillua nga data 9 deri m\u00eb 13 mars\",\"breadcrumb\":{\"@id\":\"https:\/\/www.visit-ulcinj.com\/blog\/2011\/03\/23\/riviera-e-ulqinit-merr-pjese-ne-panairin-e-berlinit-dhe-te-moskves\/#breadcrumb\"},\"inLanguage\":\"en-US\",\"potentialAction\":[{\"@type\":\"ReadAction\",\"target\":[\"https:\/\/www.visit-ulcinj.com\/blog\/2011\/03\/23\/riviera-e-ulqinit-merr-pjese-ne-panairin-e-berlinit-dhe-te-moskves\/\"]}]},{\"@type\":\"BreadcrumbList\",\"@id\":\"https:\/\/www.visit-ulcinj.com\/blog\/2011\/03\/23\/riviera-e-ulqinit-merr-pjese-ne-panairin-e-berlinit-dhe-te-moskves\/#breadcrumb\",\"itemListElement\":[{\"@type\":\"ListItem\",\"position\":1,\"name\":\"Riviera e Ulqinit merr pjese ne Panairin e Berlinit dhe t\u00eb Moskv\u00ebs\"}]},{\"@type\":\"Person\",\"@id\":\"https:\/\/www.visit-ulcinj.com\/blog\/#\/schema\/person\/dcab619c614d3038751c63bc2aadc06d\",\"name\":\"ulqini\",\"sameAs\":[\"http:\/\/www.visit-ulcinj.com\"],\"url\":\"https:\/\/www.visit-ulcinj.com\/blog\/author\/admin\/\"}]}<\/script>\n<!-- \/ Yoast SEO plugin. -->","yoast_head_json":{"title":"Riviera e Ulqinit merr pjese ne Panairin e Berlinit dhe t\u00eb Moskv\u00ebs - Lajme nga Ulqini","description":"Riviera e Ulqinit ka marr\u00eb pjes\u00eb n\u00eb Panairin nd\u00ebrkomb\u00ebtar t\u00eb Berlinit dhe n\u00eb Panairin nd\u00ebrkomb\u00ebtar t\u00eb Moskves , q\u00eb u zhvillua nga data 9 deri m\u00eb 13 mars","robots":{"index":"index","follow":"follow","max-snippet":"max-snippet:-1","max-image-preview":"max-image-preview:large","max-video-preview":"max-video-preview:-1"},"canonical":"https:\/\/www.visit-ulcinj.com\/blog\/2011\/03\/23\/riviera-e-ulqinit-merr-pjese-ne-panairin-e-berlinit-dhe-te-moskves\/","og_locale":"en_US","og_type":"article","og_title":"Riviera e Ulqinit merr pjese ne Panairin e Berlinit dhe t\u00eb Moskv\u00ebs - Lajme nga Ulqini","og_description":"Riviera e Ulqinit ka marr\u00eb pjes\u00eb n\u00eb Panairin nd\u00ebrkomb\u00ebtar t\u00eb Berlinit dhe n\u00eb Panairin nd\u00ebrkomb\u00ebtar t\u00eb Moskves , q\u00eb u zhvillua nga data 9 deri m\u00eb 13 mars","og_url":"https:\/\/www.visit-ulcinj.com\/blog\/2011\/03\/23\/riviera-e-ulqinit-merr-pjese-ne-panairin-e-berlinit-dhe-te-moskves\/","og_site_name":"Lajme nga Ulqini","article_published_time":"2011-03-23T12:36:33+00:00","article_modified_time":"2011-03-24T16:23:02+00:00","og_image":[{"url":"https:\/\/www.visit-ulcinj.com\/blog\/wp-content\/uploads\/2011\/03\/Riviera-e-Ulqinit-merr-pjese-ne-Panairin-e-Berlinit-dhe-te-Moskves-2-150x150.jpg"}],"twitter_misc":{"Written by":"ulqini","Est. reading time":"2 minutes"},"schema":{"@context":"https:\/\/schema.org","@graph":[{"@type":"WebSite","@id":"https:\/\/www.visit-ulcinj.com\/blog\/#website","url":"https:\/\/www.visit-ulcinj.com\/blog\/","name":"Lajme nga Ulqini","description":"Lajme,Vijesti,Ulqini,Ulqin,Crna Gora,Mali i Zi","potentialAction":[{"@type":"SearchAction","target":{"@type":"EntryPoint","urlTemplate":"https:\/\/www.visit-ulcinj.com\/blog\/?s={search_term_string}"},"query-input":"required name=search_term_string"}],"inLanguage":"en-US"},{"@type":"ImageObject","inLanguage":"en-US","@id":"https:\/\/www.visit-ulcinj.com\/blog\/2011\/03\/23\/riviera-e-ulqinit-merr-pjese-ne-panairin-e-berlinit-dhe-te-moskves\/#primaryimage","url":"https:\/\/www.visit-ulcinj.com\/blog\/wp-content\/uploads\/2011\/03\/Riviera-e-Ulqinit-merr-pjese-ne-Panairin-e-Berlinit-dhe-te-Moskves-2.jpg","contentUrl":"https:\/\/www.visit-ulcinj.com\/blog\/wp-content\/uploads\/2011\/03\/Riviera-e-Ulqinit-merr-pjese-ne-Panairin-e-Berlinit-dhe-te-Moskves-2.jpg","width":"1024","height":"751"},{"@type":"WebPage","@id":"https:\/\/www.visit-ulcinj.com\/blog\/2011\/03\/23\/riviera-e-ulqinit-merr-pjese-ne-panairin-e-berlinit-dhe-te-moskves\/#webpage","url":"https:\/\/www.visit-ulcinj.com\/blog\/2011\/03\/23\/riviera-e-ulqinit-merr-pjese-ne-panairin-e-berlinit-dhe-te-moskves\/","name":"Riviera e Ulqinit merr pjese ne Panairin e Berlinit dhe t\u00eb Moskv\u00ebs - Lajme nga Ulqini","isPartOf":{"@id":"https:\/\/www.visit-ulcinj.com\/blog\/#website"},"primaryImageOfPage":{"@id":"https:\/\/www.visit-ulcinj.com\/blog\/2011\/03\/23\/riviera-e-ulqinit-merr-pjese-ne-panairin-e-berlinit-dhe-te-moskves\/#primaryimage"},"datePublished":"2011-03-23T12:36:33+00:00","dateModified":"2011-03-24T16:23:02+00:00","author":{"@id":"https:\/\/www.visit-ulcinj.com\/blog\/#\/schema\/person\/dcab619c614d3038751c63bc2aadc06d"},"description":"Riviera e Ulqinit ka marr\u00eb pjes\u00eb n\u00eb Panairin nd\u00ebrkomb\u00ebtar t\u00eb Berlinit dhe n\u00eb Panairin nd\u00ebrkomb\u00ebtar t\u00eb Moskves , q\u00eb u zhvillua nga data 9 deri m\u00eb 13 mars","breadcrumb":{"@id":"https:\/\/www.visit-ulcinj.com\/blog\/2011\/03\/23\/riviera-e-ulqinit-merr-pjese-ne-panairin-e-berlinit-dhe-te-moskves\/#breadcrumb"},"inLanguage":"en-US","potentialAction":[{"@type":"ReadAction","target":["https:\/\/www.visit-ulcinj.com\/blog\/2011\/03\/23\/riviera-e-ulqinit-merr-pjese-ne-panairin-e-berlinit-dhe-te-moskves\/"]}]},{"@type":"BreadcrumbList","@id":"https:\/\/www.visit-ulcinj.com\/blog\/2011\/03\/23\/riviera-e-ulqinit-merr-pjese-ne-panairin-e-berlinit-dhe-te-moskves\/#breadcrumb","itemListElement":[{"@type":"ListItem","position":1,"name":"Riviera e Ulqinit merr pjese ne Panairin e Berlinit dhe t\u00eb Moskv\u00ebs"}]},{"@type":"Person","@id":"https:\/\/www.visit-ulcinj.com\/blog\/#\/schema\/person\/dcab619c614d3038751c63bc2aadc06d","name":"ulqini","sameAs":["http:\/\/www.visit-ulcinj.com"],"url":"https:\/\/www.visit-ulcinj.com\/blog\/author\/admin\/"}]}},"jetpack_featured_media_url":"","jetpack_sharing_enabled":true,"jetpack_shortlink":"https:\/\/wp.me\/pe6lTn-bIU","_links":{"self":[{"href":"https:\/\/www.visit-ulcinj.com\/blog\/wp-json\/wp\/v2\/posts\/45068"}],"collection":[{"href":"https:\/\/www.visit-ulcinj.com\/blog\/wp-json\/wp\/v2\/posts"}],"about":[{"href":"https:\/\/www.visit-ulcinj.com\/blog\/wp-json\/wp\/v2\/types\/post"}],"author":[{"embeddable":true,"href":"https:\/\/www.visit-ulcinj.com\/blog\/wp-json\/wp\/v2\/users\/1"}],"replies":[{"embeddable":true,"href":"https:\/\/www.visit-ulcinj.com\/blog\/wp-json\/wp\/v2\/comments?post=45068"}],"version-history":[{"count":0,"href":"https:\/\/www.visit-ulcinj.com\/blog\/wp-json\/wp\/v2\/posts\/45068\/revisions"}],"wp:attachment":[{"href":"https:\/\/www.visit-ulcinj.com\/blog\/wp-json\/wp\/v2\/media?parent=45068"}],"wp:term":[{"taxonomy":"category","embeddable":true,"href":"https:\/\/www.visit-ulcinj.com\/blog\/wp-json\/wp\/v2\/categories?post=45068"},{"taxonomy":"post_tag","embeddable":true,"href":"https:\/\/www.visit-ulcinj.com\/blog\/wp-json\/wp\/v2\/tags?post=45068"}],"curies":[{"name":"wp","href":"https:\/\/api.w.org\/{rel}","templated":true}]}}