{"id":45080,"date":"2011-03-23T22:18:48","date_gmt":"2011-03-23T21:18:48","guid":{"rendered":"http:\/\/www.visit-ulcinj.com\/blog\/?p=45080"},"modified":"2011-03-23T22:19:12","modified_gmt":"2011-03-23T21:19:12","slug":"usvojen-statut-i-poslovnik-o-radu-to-ulcinj","status":"publish","type":"post","link":"https:\/\/www.visit-ulcinj.com\/blog\/2011\/03\/23\/usvojen-statut-i-poslovnik-o-radu-to-ulcinj\/","title":{"rendered":"Usvojen statut i poslovnik o radu TO Ulcinj"},"content":{"rendered":"<p><a href=\"http:\/\/www.visit-ulcinj.com\/blog\/wp-content\/uploads\/2011\/03\/Turisticka-organizacija-Ulcinja_.jpg\"><img loading=\"lazy\" class=\"alignleft size-full wp-image-45081\" title=\"Turisticka-organizacija-Ulcinja_\" src=\"http:\/\/www.visit-ulcinj.com\/blog\/wp-content\/uploads\/2011\/03\/Turisticka-organizacija-Ulcinja_.jpg\" alt=\"\" width=\"508\" height=\"302\" srcset=\"https:\/\/www.visit-ulcinj.com\/blog\/wp-content\/uploads\/2011\/03\/Turisticka-organizacija-Ulcinja_.jpg 508w, https:\/\/www.visit-ulcinj.com\/blog\/wp-content\/uploads\/2011\/03\/Turisticka-organizacija-Ulcinja_-300x178.jpg 300w\" sizes=\"(max-width: 508px) 100vw, 508px\" \/><\/a>ULCINJ &#8211; Na osniva\u010dkoj skup\u0161tini op\u0161tinske turisti\u010dke organizacije, odr\u017eanoj u ponedjeljak, usvojen je Statut i Poslovnik o radu Skup\u0161tine TO Ulcinj. Skup\u0161tinom je predsjedavao predsjednik Skup\u0161tine TO Ulcinj, koji je ujedno i predsjednik SO Gzim Hajdinaga.<\/p>\n<p>Osniva\u010dkoj skup\u0161tini su prisustvovali prestavnici osniva\u010da \u2013 op\u0161tine Ulcinj, predstavnici Udru\u017eenja hotelijera, turisti\u010dkih agencija, HTP Ulcinjske rivijere, TN Velike pla\u017ee i zakupaca kupali\u0161ta.<\/p>\n<p>Na skup\u0161tini je izabran i Izvr\u0161ni odbor, kojeg \u010dine predstavnici osniva\u010da. Predsjednik IO je Vaso Radovi\u0107 iz Sekretarijata za privredu, a \u010dlanovi su direktor \u201eKomunalno i vodovod\u201c Fatmir \u0110eka, na\u010delnik Komunalne policije Kaplan Mu\u010daj, Ragip Bu\u0161ati iz Sekretarijata za finansije, predstavnik HTP Ulcinjska rivijera je Adem \u0110inovi\u0107, turisti\u010dkih agencija Hajdar Murati, a predstavnik kupali\u0161ta Marko \u0160krelja. Izabran je i Nadzorni odbor koji \u010dine Sead Osmanovi\u0107, Milazim Mustafa i Milan Matovi\u0107.<br \/>\n<a title=\"Usvojen statut i poslovnik o radu TO Ulcinj\" href=\"http:\/\/www.pobjeda.co.me\/citanje.php?datum=2011-03-23&amp;id=204380\" target=\"_blank\"><strong>A. \u017d.<br \/>\nPobjeda<\/strong><\/a><\/p>\n<!--YouTube Error: bad URL entered-->\n","protected":false},"excerpt":{"rendered":"<p>ULCINJ &#8211; Na osniva\u010dkoj skup\u0161tini op\u0161tinske turisti\u010dke organizacije, odr\u017eanoj u ponedjeljak, usvojen je Statut i Poslovnik o radu Skup\u0161tine TO Ulcinj. Skup\u0161tinom je predsjedavao predsjednik Skup\u0161tine TO Ulcinj, koji je ujedno i predsjednik SO Gzim Hajdinaga. Osniva\u010dkoj skup\u0161tini su prisustvovali prestavnici osniva\u010da \u2013 op\u0161tine Ulcinj, predstavnici Udru\u017eenja hotelijera, turisti\u010dkih agencija, HTP Ulcinjske rivijere, TN Velike [&hellip;]<\/p>\n","protected":false},"author":1,"featured_media":0,"comment_status":"open","ping_status":"closed","sticky":false,"template":"","format":"standard","meta":{"spay_email":"","jetpack_publicize_message":"","jetpack_is_tweetstorm":false,"jetpack_publicize_feature_enabled":true},"categories":[8337],"tags":[20,12420,19],"jetpack_publicize_connections":[],"yoast_head":"<!-- This site is optimized with the Yoast SEO plugin v19.1 - https:\/\/yoast.com\/wordpress\/plugins\/seo\/ -->\n<title>Usvojen statut i poslovnik o radu TO Ulcinj - Lajme nga Ulqini<\/title>\n<meta name=\"description\" content=\"ULCINJ - Na osniva\u010dkoj skup\u0161tini op\u0161tinske turisti\u010dke organizacije, odr\u017eanoj u ponedjeljak, usvojen je Statut i Poslovnik o radu Skup\u0161tine TO Ulcinj.\" \/>\n<meta name=\"robots\" content=\"index, follow, max-snippet:-1, max-image-preview:large, max-video-preview:-1\" \/>\n<link rel=\"canonical\" href=\"https:\/\/www.visit-ulcinj.com\/blog\/2011\/03\/23\/usvojen-statut-i-poslovnik-o-radu-to-ulcinj\/\" \/>\n<meta property=\"og:locale\" content=\"en_US\" \/>\n<meta property=\"og:type\" content=\"article\" \/>\n<meta property=\"og:title\" content=\"Usvojen statut i poslovnik o radu TO Ulcinj - Lajme nga Ulqini\" \/>\n<meta property=\"og:description\" content=\"ULCINJ - Na osniva\u010dkoj skup\u0161tini op\u0161tinske turisti\u010dke organizacije, odr\u017eanoj u ponedjeljak, usvojen je Statut i Poslovnik o radu Skup\u0161tine TO Ulcinj.\" \/>\n<meta property=\"og:url\" content=\"https:\/\/www.visit-ulcinj.com\/blog\/2011\/03\/23\/usvojen-statut-i-poslovnik-o-radu-to-ulcinj\/\" \/>\n<meta property=\"og:site_name\" content=\"Lajme nga Ulqini\" \/>\n<meta property=\"article:published_time\" content=\"2011-03-23T21:18:48+00:00\" \/>\n<meta property=\"article:modified_time\" content=\"2011-03-23T21:19:12+00:00\" \/>\n<meta property=\"og:image\" content=\"http:\/\/www.visit-ulcinj.com\/blog\/wp-content\/uploads\/2011\/03\/Turisticka-organizacija-Ulcinja_.jpg\" \/>\n<meta name=\"twitter:label1\" content=\"Written by\" \/>\n\t<meta name=\"twitter:data1\" content=\"ulqini\" \/>\n\t<meta name=\"twitter:label2\" content=\"Est. reading time\" \/>\n\t<meta name=\"twitter:data2\" content=\"1 minute\" \/>\n<script type=\"application\/ld+json\" class=\"yoast-schema-graph\">{\"@context\":\"https:\/\/schema.org\",\"@graph\":[{\"@type\":\"WebSite\",\"@id\":\"https:\/\/www.visit-ulcinj.com\/blog\/#website\",\"url\":\"https:\/\/www.visit-ulcinj.com\/blog\/\",\"name\":\"Lajme nga Ulqini\",\"description\":\"Lajme,Vijesti,Ulqini,Ulqin,Crna Gora,Mali i Zi\",\"potentialAction\":[{\"@type\":\"SearchAction\",\"target\":{\"@type\":\"EntryPoint\",\"urlTemplate\":\"https:\/\/www.visit-ulcinj.com\/blog\/?s={search_term_string}\"},\"query-input\":\"required name=search_term_string\"}],\"inLanguage\":\"en-US\"},{\"@type\":\"ImageObject\",\"inLanguage\":\"en-US\",\"@id\":\"https:\/\/www.visit-ulcinj.com\/blog\/2011\/03\/23\/usvojen-statut-i-poslovnik-o-radu-to-ulcinj\/#primaryimage\",\"url\":\"https:\/\/www.visit-ulcinj.com\/blog\/wp-content\/uploads\/2011\/03\/Turisticka-organizacija-Ulcinja_.jpg\",\"contentUrl\":\"https:\/\/www.visit-ulcinj.com\/blog\/wp-content\/uploads\/2011\/03\/Turisticka-organizacija-Ulcinja_.jpg\",\"width\":\"508\",\"height\":\"302\"},{\"@type\":\"WebPage\",\"@id\":\"https:\/\/www.visit-ulcinj.com\/blog\/2011\/03\/23\/usvojen-statut-i-poslovnik-o-radu-to-ulcinj\/#webpage\",\"url\":\"https:\/\/www.visit-ulcinj.com\/blog\/2011\/03\/23\/usvojen-statut-i-poslovnik-o-radu-to-ulcinj\/\",\"name\":\"Usvojen statut i poslovnik o radu TO Ulcinj - Lajme nga Ulqini\",\"isPartOf\":{\"@id\":\"https:\/\/www.visit-ulcinj.com\/blog\/#website\"},\"primaryImageOfPage\":{\"@id\":\"https:\/\/www.visit-ulcinj.com\/blog\/2011\/03\/23\/usvojen-statut-i-poslovnik-o-radu-to-ulcinj\/#primaryimage\"},\"datePublished\":\"2011-03-23T21:18:48+00:00\",\"dateModified\":\"2011-03-23T21:19:12+00:00\",\"author\":{\"@id\":\"https:\/\/www.visit-ulcinj.com\/blog\/#\/schema\/person\/dcab619c614d3038751c63bc2aadc06d\"},\"description\":\"ULCINJ - Na osniva\u010dkoj skup\u0161tini op\u0161tinske turisti\u010dke organizacije, odr\u017eanoj u ponedjeljak, usvojen je Statut i Poslovnik o radu Skup\u0161tine TO Ulcinj.\",\"breadcrumb\":{\"@id\":\"https:\/\/www.visit-ulcinj.com\/blog\/2011\/03\/23\/usvojen-statut-i-poslovnik-o-radu-to-ulcinj\/#breadcrumb\"},\"inLanguage\":\"en-US\",\"potentialAction\":[{\"@type\":\"ReadAction\",\"target\":[\"https:\/\/www.visit-ulcinj.com\/blog\/2011\/03\/23\/usvojen-statut-i-poslovnik-o-radu-to-ulcinj\/\"]}]},{\"@type\":\"BreadcrumbList\",\"@id\":\"https:\/\/www.visit-ulcinj.com\/blog\/2011\/03\/23\/usvojen-statut-i-poslovnik-o-radu-to-ulcinj\/#breadcrumb\",\"itemListElement\":[{\"@type\":\"ListItem\",\"position\":1,\"name\":\"Usvojen statut i poslovnik o radu TO Ulcinj\"}]},{\"@type\":\"Person\",\"@id\":\"https:\/\/www.visit-ulcinj.com\/blog\/#\/schema\/person\/dcab619c614d3038751c63bc2aadc06d\",\"name\":\"ulqini\",\"sameAs\":[\"http:\/\/www.visit-ulcinj.com\"],\"url\":\"https:\/\/www.visit-ulcinj.com\/blog\/author\/admin\/\"}]}<\/script>\n<!-- \/ Yoast SEO plugin. -->","yoast_head_json":{"title":"Usvojen statut i poslovnik o radu TO Ulcinj - Lajme nga Ulqini","description":"ULCINJ - Na osniva\u010dkoj skup\u0161tini op\u0161tinske turisti\u010dke organizacije, odr\u017eanoj u ponedjeljak, usvojen je Statut i Poslovnik o radu Skup\u0161tine TO Ulcinj.","robots":{"index":"index","follow":"follow","max-snippet":"max-snippet:-1","max-image-preview":"max-image-preview:large","max-video-preview":"max-video-preview:-1"},"canonical":"https:\/\/www.visit-ulcinj.com\/blog\/2011\/03\/23\/usvojen-statut-i-poslovnik-o-radu-to-ulcinj\/","og_locale":"en_US","og_type":"article","og_title":"Usvojen statut i poslovnik o radu TO Ulcinj - Lajme nga Ulqini","og_description":"ULCINJ - Na osniva\u010dkoj skup\u0161tini op\u0161tinske turisti\u010dke organizacije, odr\u017eanoj u ponedjeljak, usvojen je Statut i Poslovnik o radu Skup\u0161tine TO Ulcinj.","og_url":"https:\/\/www.visit-ulcinj.com\/blog\/2011\/03\/23\/usvojen-statut-i-poslovnik-o-radu-to-ulcinj\/","og_site_name":"Lajme nga Ulqini","article_published_time":"2011-03-23T21:18:48+00:00","article_modified_time":"2011-03-23T21:19:12+00:00","og_image":[{"url":"http:\/\/www.visit-ulcinj.com\/blog\/wp-content\/uploads\/2011\/03\/Turisticka-organizacija-Ulcinja_.jpg"}],"twitter_misc":{"Written by":"ulqini","Est. reading time":"1 minute"},"schema":{"@context":"https:\/\/schema.org","@graph":[{"@type":"WebSite","@id":"https:\/\/www.visit-ulcinj.com\/blog\/#website","url":"https:\/\/www.visit-ulcinj.com\/blog\/","name":"Lajme nga Ulqini","description":"Lajme,Vijesti,Ulqini,Ulqin,Crna Gora,Mali i Zi","potentialAction":[{"@type":"SearchAction","target":{"@type":"EntryPoint","urlTemplate":"https:\/\/www.visit-ulcinj.com\/blog\/?s={search_term_string}"},"query-input":"required name=search_term_string"}],"inLanguage":"en-US"},{"@type":"ImageObject","inLanguage":"en-US","@id":"https:\/\/www.visit-ulcinj.com\/blog\/2011\/03\/23\/usvojen-statut-i-poslovnik-o-radu-to-ulcinj\/#primaryimage","url":"https:\/\/www.visit-ulcinj.com\/blog\/wp-content\/uploads\/2011\/03\/Turisticka-organizacija-Ulcinja_.jpg","contentUrl":"https:\/\/www.visit-ulcinj.com\/blog\/wp-content\/uploads\/2011\/03\/Turisticka-organizacija-Ulcinja_.jpg","width":"508","height":"302"},{"@type":"WebPage","@id":"https:\/\/www.visit-ulcinj.com\/blog\/2011\/03\/23\/usvojen-statut-i-poslovnik-o-radu-to-ulcinj\/#webpage","url":"https:\/\/www.visit-ulcinj.com\/blog\/2011\/03\/23\/usvojen-statut-i-poslovnik-o-radu-to-ulcinj\/","name":"Usvojen statut i poslovnik o radu TO Ulcinj - Lajme nga Ulqini","isPartOf":{"@id":"https:\/\/www.visit-ulcinj.com\/blog\/#website"},"primaryImageOfPage":{"@id":"https:\/\/www.visit-ulcinj.com\/blog\/2011\/03\/23\/usvojen-statut-i-poslovnik-o-radu-to-ulcinj\/#primaryimage"},"datePublished":"2011-03-23T21:18:48+00:00","dateModified":"2011-03-23T21:19:12+00:00","author":{"@id":"https:\/\/www.visit-ulcinj.com\/blog\/#\/schema\/person\/dcab619c614d3038751c63bc2aadc06d"},"description":"ULCINJ - Na osniva\u010dkoj skup\u0161tini op\u0161tinske turisti\u010dke organizacije, odr\u017eanoj u ponedjeljak, usvojen je Statut i Poslovnik o radu Skup\u0161tine TO Ulcinj.","breadcrumb":{"@id":"https:\/\/www.visit-ulcinj.com\/blog\/2011\/03\/23\/usvojen-statut-i-poslovnik-o-radu-to-ulcinj\/#breadcrumb"},"inLanguage":"en-US","potentialAction":[{"@type":"ReadAction","target":["https:\/\/www.visit-ulcinj.com\/blog\/2011\/03\/23\/usvojen-statut-i-poslovnik-o-radu-to-ulcinj\/"]}]},{"@type":"BreadcrumbList","@id":"https:\/\/www.visit-ulcinj.com\/blog\/2011\/03\/23\/usvojen-statut-i-poslovnik-o-radu-to-ulcinj\/#breadcrumb","itemListElement":[{"@type":"ListItem","position":1,"name":"Usvojen statut i poslovnik o radu TO Ulcinj"}]},{"@type":"Person","@id":"https:\/\/www.visit-ulcinj.com\/blog\/#\/schema\/person\/dcab619c614d3038751c63bc2aadc06d","name":"ulqini","sameAs":["http:\/\/www.visit-ulcinj.com"],"url":"https:\/\/www.visit-ulcinj.com\/blog\/author\/admin\/"}]}},"jetpack_featured_media_url":"","jetpack_sharing_enabled":true,"jetpack_shortlink":"https:\/\/wp.me\/pe6lTn-bJ6","_links":{"self":[{"href":"https:\/\/www.visit-ulcinj.com\/blog\/wp-json\/wp\/v2\/posts\/45080"}],"collection":[{"href":"https:\/\/www.visit-ulcinj.com\/blog\/wp-json\/wp\/v2\/posts"}],"about":[{"href":"https:\/\/www.visit-ulcinj.com\/blog\/wp-json\/wp\/v2\/types\/post"}],"author":[{"embeddable":true,"href":"https:\/\/www.visit-ulcinj.com\/blog\/wp-json\/wp\/v2\/users\/1"}],"replies":[{"embeddable":true,"href":"https:\/\/www.visit-ulcinj.com\/blog\/wp-json\/wp\/v2\/comments?post=45080"}],"version-history":[{"count":0,"href":"https:\/\/www.visit-ulcinj.com\/blog\/wp-json\/wp\/v2\/posts\/45080\/revisions"}],"wp:attachment":[{"href":"https:\/\/www.visit-ulcinj.com\/blog\/wp-json\/wp\/v2\/media?parent=45080"}],"wp:term":[{"taxonomy":"category","embeddable":true,"href":"https:\/\/www.visit-ulcinj.com\/blog\/wp-json\/wp\/v2\/categories?post=45080"},{"taxonomy":"post_tag","embeddable":true,"href":"https:\/\/www.visit-ulcinj.com\/blog\/wp-json\/wp\/v2\/tags?post=45080"}],"curies":[{"name":"wp","href":"https:\/\/api.w.org\/{rel}","templated":true}]}}