{"id":45092,"date":"2011-03-24T11:15:57","date_gmt":"2011-03-24T10:15:57","guid":{"rendered":"http:\/\/www.visit-ulcinj.com\/blog\/?p=45092"},"modified":"2011-03-24T11:16:18","modified_gmt":"2011-03-24T10:16:18","slug":"forca-kumtese-organizata-turistike","status":"publish","type":"post","link":"https:\/\/www.visit-ulcinj.com\/blog\/2011\/03\/24\/forca-kumtese-organizata-turistike\/","title":{"rendered":"Forca &#8211; Kumtese: Organizata Turistike"},"content":{"rendered":"<p><a href=\"http:\/\/www.visit-ulcinj.com\/blog\/wp-content\/uploads\/2011\/03\/TO-ULCINJ_Forca.jpg\"><img loading=\"lazy\" class=\"alignleft size-full wp-image-45093\" title=\"TO ULCINJ_Forca\" src=\"http:\/\/www.visit-ulcinj.com\/blog\/wp-content\/uploads\/2011\/03\/TO-ULCINJ_Forca.jpg\" alt=\"\" width=\"350\" height=\"169\" \/><\/a>Se ku \u00ebsht\u00eb nisur dhe deri ku ka mb\u00ebrritur turizmi i Ulqinit, qart\u00eb mund t\u00eb shihet nga Kuvendi themelues i Organizat\u00ebs turistike t\u00eb Komun\u00ebs s\u00eb Ulqinit i cili \u00ebsht\u00eb mbajtur dje.<\/p>\n<p>Themelimi i organizat\u00ebs turistike lokale, prej vitit 2004 \u00ebsht\u00eb obligim ligjor.<\/p>\n<p>Pra, kan\u00eb kaluar gati 7 vite dhe ve\u00e7 tani b\u00ebhet themelimi i Kuvendit dhe emrimi i K\u00ebshillit drejtues, mir\u00ebpo sipas tradit\u00ebs, pa t\u00eb drejt\u00eb t\u00eb pjesmarrjes s\u00eb opozit\u00ebs.<\/p>\n<p>Vendimi mbi themelimin e Organizat\u00ebs turistike t\u00eb Komun\u00ebs s\u00eb Ulqinit \u00ebsht\u00eb miratuar n\u00eb vitin 2007, kurse kryetari i komun\u00ebs Hajdinaga, ve\u00e7 tani ka vendosur t\u00eb &#8220;respektoj\u00eb&#8221; ligjin.<\/p>\n<p>Normalisht, e t\u00ebr\u00eb kjo b\u00ebhet pa kurrfar\u00eb raporti t\u00eb pun\u00ebs s\u00eb deritashme t\u00eb ushtruesit t\u00eb detyr\u00ebs s\u00eb drejtorit t\u00eb OT dhe t\u00eb n\u00ebpun\u00ebsve partiak, t\u00eb cil\u00ebt prej m\u00eb se nj\u00eb viti po punojn\u00eb dhe po i shpenzojn\u00eb parat nga buxheti dhe taksat e banimit.<\/p>\n<p>Ne Hajdinag\u00ebs i b\u00ebjm\u00eb dy pyetje:<\/p>\n<p>1. Si mund ta themeloni Kuvendin e Organizat\u00ebs turistike pa p\u00ebrfaq\u00ebsuesit e Forc\u00ebs t\u00eb cil\u00ebt e p\u00ebrb\u00ebjn\u00eb nj\u00eb t\u00eb tret\u00ebn e Kuvendit komunal t\u00eb Ulqinit, gjegj\u00ebsisht themeluesit t\u00eb k\u00ebsaj organizate, kurse p\u00ebrfaqesuesit e saj nuk jan\u00eb ftuar n\u00eb mbledhje?<\/p>\n<p>2. Kush do t\u00eb jap llogari p\u00ebr mjetet nga t\u00eb ardhurat e an\u00ebtar\u00ebsimit t\u00eb cilat \u00ebsht\u00eb dashur t\u00eb vilen s\u00eb paku tri vite?<\/p>\n<p>Themelimi i organizat\u00ebs turistike ishte i parapar\u00eb para tri vitesh dhe p\u00ebr k\u00ebt\u00eb arsye edhe dokumentacioni ishte i p\u00ebrgatitur, mir\u00ebpo ajo tani \u00ebsht\u00eb aktualizuar me q\u00ebllim q\u00eb t\u00eb t\u00ebrheqet v\u00ebmendja n\u00eb tema t\u00eb tjera dhe populli t\u00eb mendoj\u00eb se pushteti ekzekutiv n\u00eb Ulqin, m\u00eb n\u00eb fund pas kat\u00ebr vitesh e gjys\u00ebm, ka filluar t\u00eb punoj\u00eb.<\/p>\n<p>Shpresojm\u00eb se p\u00ebr t\u00eb gjitha k\u00ebto por edhe p\u00ebr \u00e7\u00ebshtje t\u00eb tjera, shum\u00eb shpejt do t\u00eb b\u00ebhen shqyrtimet n\u00eb seancat e Kuvendit t\u00eb Komun\u00ebs s\u00eb Ulqinit.<\/p>\n<p>&nbsp;<\/p>\n<p>&nbsp;<\/p>\n<p><strong>Sh\u00ebrbimi informativ i Forc\u00ebs<br \/>\n<!--YouTube Error: bad URL entered--><br \/>\n<\/strong><\/p>\n","protected":false},"excerpt":{"rendered":"<p>Se ku \u00ebsht\u00eb nisur dhe deri ku ka mb\u00ebrritur turizmi i Ulqinit, qart\u00eb mund t\u00eb shihet nga Kuvendi themelues i Organizat\u00ebs turistike t\u00eb Komun\u00ebs s\u00eb Ulqinit i cili \u00ebsht\u00eb mbajtur dje. Themelimi i organizat\u00ebs turistike lokale, prej vitit 2004 \u00ebsht\u00eb obligim ligjor. Pra, kan\u00eb kaluar gati 7 vite dhe ve\u00e7 tani b\u00ebhet themelimi i Kuvendit [&hellip;]<\/p>\n","protected":false},"author":1,"featured_media":0,"comment_status":"open","ping_status":"closed","sticky":false,"template":"","format":"standard","meta":{"spay_email":"","jetpack_publicize_message":"","jetpack_is_tweetstorm":false,"jetpack_publicize_feature_enabled":true},"categories":[6],"tags":[874,17877,200,18],"jetpack_publicize_connections":[],"yoast_head":"<!-- This site is optimized with the Yoast SEO plugin v19.1 - https:\/\/yoast.com\/wordpress\/plugins\/seo\/ -->\n<title>Forca - Kumtese: Organizata Turistike - Lajme nga Ulqini<\/title>\n<meta name=\"description\" content=\"Se ku \u00ebsht\u00eb nisur dhe deri ku ka mb\u00ebrritur turizmi i Ulqinit, qart\u00eb mund t\u00eb shihet nga Kuvendi themelues i Organizat\u00ebs turistike t\u00eb Komun\u00ebs s\u00eb Ulqinit i\" \/>\n<meta name=\"robots\" content=\"index, follow, max-snippet:-1, max-image-preview:large, max-video-preview:-1\" \/>\n<link rel=\"canonical\" href=\"https:\/\/www.visit-ulcinj.com\/blog\/2011\/03\/24\/forca-kumtese-organizata-turistike\/\" \/>\n<meta property=\"og:locale\" content=\"en_US\" \/>\n<meta property=\"og:type\" content=\"article\" \/>\n<meta property=\"og:title\" content=\"Forca - Kumtese: Organizata Turistike - Lajme nga Ulqini\" \/>\n<meta property=\"og:description\" content=\"Se ku \u00ebsht\u00eb nisur dhe deri ku ka mb\u00ebrritur turizmi i Ulqinit, qart\u00eb mund t\u00eb shihet nga Kuvendi themelues i Organizat\u00ebs turistike t\u00eb Komun\u00ebs s\u00eb Ulqinit i\" \/>\n<meta property=\"og:url\" content=\"https:\/\/www.visit-ulcinj.com\/blog\/2011\/03\/24\/forca-kumtese-organizata-turistike\/\" \/>\n<meta property=\"og:site_name\" content=\"Lajme nga Ulqini\" \/>\n<meta property=\"article:published_time\" content=\"2011-03-24T10:15:57+00:00\" \/>\n<meta property=\"article:modified_time\" content=\"2011-03-24T10:16:18+00:00\" \/>\n<meta property=\"og:image\" content=\"http:\/\/www.visit-ulcinj.com\/blog\/wp-content\/uploads\/2011\/03\/TO-ULCINJ_Forca.jpg\" \/>\n<meta name=\"twitter:label1\" content=\"Written by\" \/>\n\t<meta name=\"twitter:data1\" content=\"ulqini\" \/>\n\t<meta name=\"twitter:label2\" content=\"Est. reading time\" \/>\n\t<meta name=\"twitter:data2\" content=\"2 minutes\" \/>\n<script type=\"application\/ld+json\" class=\"yoast-schema-graph\">{\"@context\":\"https:\/\/schema.org\",\"@graph\":[{\"@type\":\"WebSite\",\"@id\":\"https:\/\/www.visit-ulcinj.com\/blog\/#website\",\"url\":\"https:\/\/www.visit-ulcinj.com\/blog\/\",\"name\":\"Lajme nga Ulqini\",\"description\":\"Lajme,Vijesti,Ulqini,Ulqin,Crna Gora,Mali i Zi\",\"potentialAction\":[{\"@type\":\"SearchAction\",\"target\":{\"@type\":\"EntryPoint\",\"urlTemplate\":\"https:\/\/www.visit-ulcinj.com\/blog\/?s={search_term_string}\"},\"query-input\":\"required name=search_term_string\"}],\"inLanguage\":\"en-US\"},{\"@type\":\"ImageObject\",\"inLanguage\":\"en-US\",\"@id\":\"https:\/\/www.visit-ulcinj.com\/blog\/2011\/03\/24\/forca-kumtese-organizata-turistike\/#primaryimage\",\"url\":\"https:\/\/www.visit-ulcinj.com\/blog\/wp-content\/uploads\/2011\/03\/TO-ULCINJ_Forca.jpg\",\"contentUrl\":\"https:\/\/www.visit-ulcinj.com\/blog\/wp-content\/uploads\/2011\/03\/TO-ULCINJ_Forca.jpg\",\"width\":\"400\",\"height\":\"169\"},{\"@type\":\"WebPage\",\"@id\":\"https:\/\/www.visit-ulcinj.com\/blog\/2011\/03\/24\/forca-kumtese-organizata-turistike\/#webpage\",\"url\":\"https:\/\/www.visit-ulcinj.com\/blog\/2011\/03\/24\/forca-kumtese-organizata-turistike\/\",\"name\":\"Forca - Kumtese: Organizata Turistike - Lajme nga Ulqini\",\"isPartOf\":{\"@id\":\"https:\/\/www.visit-ulcinj.com\/blog\/#website\"},\"primaryImageOfPage\":{\"@id\":\"https:\/\/www.visit-ulcinj.com\/blog\/2011\/03\/24\/forca-kumtese-organizata-turistike\/#primaryimage\"},\"datePublished\":\"2011-03-24T10:15:57+00:00\",\"dateModified\":\"2011-03-24T10:16:18+00:00\",\"author\":{\"@id\":\"https:\/\/www.visit-ulcinj.com\/blog\/#\/schema\/person\/dcab619c614d3038751c63bc2aadc06d\"},\"description\":\"Se ku \u00ebsht\u00eb nisur dhe deri ku ka mb\u00ebrritur turizmi i Ulqinit, qart\u00eb mund t\u00eb shihet nga Kuvendi themelues i Organizat\u00ebs turistike t\u00eb Komun\u00ebs s\u00eb Ulqinit i\",\"breadcrumb\":{\"@id\":\"https:\/\/www.visit-ulcinj.com\/blog\/2011\/03\/24\/forca-kumtese-organizata-turistike\/#breadcrumb\"},\"inLanguage\":\"en-US\",\"potentialAction\":[{\"@type\":\"ReadAction\",\"target\":[\"https:\/\/www.visit-ulcinj.com\/blog\/2011\/03\/24\/forca-kumtese-organizata-turistike\/\"]}]},{\"@type\":\"BreadcrumbList\",\"@id\":\"https:\/\/www.visit-ulcinj.com\/blog\/2011\/03\/24\/forca-kumtese-organizata-turistike\/#breadcrumb\",\"itemListElement\":[{\"@type\":\"ListItem\",\"position\":1,\"name\":\"Forca &#8211; Kumtese: Organizata Turistike\"}]},{\"@type\":\"Person\",\"@id\":\"https:\/\/www.visit-ulcinj.com\/blog\/#\/schema\/person\/dcab619c614d3038751c63bc2aadc06d\",\"name\":\"ulqini\",\"sameAs\":[\"http:\/\/www.visit-ulcinj.com\"],\"url\":\"https:\/\/www.visit-ulcinj.com\/blog\/author\/admin\/\"}]}<\/script>\n<!-- \/ Yoast SEO plugin. -->","yoast_head_json":{"title":"Forca - Kumtese: Organizata Turistike - Lajme nga Ulqini","description":"Se ku \u00ebsht\u00eb nisur dhe deri ku ka mb\u00ebrritur turizmi i Ulqinit, qart\u00eb mund t\u00eb shihet nga Kuvendi themelues i Organizat\u00ebs turistike t\u00eb Komun\u00ebs s\u00eb Ulqinit i","robots":{"index":"index","follow":"follow","max-snippet":"max-snippet:-1","max-image-preview":"max-image-preview:large","max-video-preview":"max-video-preview:-1"},"canonical":"https:\/\/www.visit-ulcinj.com\/blog\/2011\/03\/24\/forca-kumtese-organizata-turistike\/","og_locale":"en_US","og_type":"article","og_title":"Forca - Kumtese: Organizata Turistike - Lajme nga Ulqini","og_description":"Se ku \u00ebsht\u00eb nisur dhe deri ku ka mb\u00ebrritur turizmi i Ulqinit, qart\u00eb mund t\u00eb shihet nga Kuvendi themelues i Organizat\u00ebs turistike t\u00eb Komun\u00ebs s\u00eb Ulqinit i","og_url":"https:\/\/www.visit-ulcinj.com\/blog\/2011\/03\/24\/forca-kumtese-organizata-turistike\/","og_site_name":"Lajme nga Ulqini","article_published_time":"2011-03-24T10:15:57+00:00","article_modified_time":"2011-03-24T10:16:18+00:00","og_image":[{"url":"http:\/\/www.visit-ulcinj.com\/blog\/wp-content\/uploads\/2011\/03\/TO-ULCINJ_Forca.jpg"}],"twitter_misc":{"Written by":"ulqini","Est. reading time":"2 minutes"},"schema":{"@context":"https:\/\/schema.org","@graph":[{"@type":"WebSite","@id":"https:\/\/www.visit-ulcinj.com\/blog\/#website","url":"https:\/\/www.visit-ulcinj.com\/blog\/","name":"Lajme nga Ulqini","description":"Lajme,Vijesti,Ulqini,Ulqin,Crna Gora,Mali i Zi","potentialAction":[{"@type":"SearchAction","target":{"@type":"EntryPoint","urlTemplate":"https:\/\/www.visit-ulcinj.com\/blog\/?s={search_term_string}"},"query-input":"required name=search_term_string"}],"inLanguage":"en-US"},{"@type":"ImageObject","inLanguage":"en-US","@id":"https:\/\/www.visit-ulcinj.com\/blog\/2011\/03\/24\/forca-kumtese-organizata-turistike\/#primaryimage","url":"https:\/\/www.visit-ulcinj.com\/blog\/wp-content\/uploads\/2011\/03\/TO-ULCINJ_Forca.jpg","contentUrl":"https:\/\/www.visit-ulcinj.com\/blog\/wp-content\/uploads\/2011\/03\/TO-ULCINJ_Forca.jpg","width":"400","height":"169"},{"@type":"WebPage","@id":"https:\/\/www.visit-ulcinj.com\/blog\/2011\/03\/24\/forca-kumtese-organizata-turistike\/#webpage","url":"https:\/\/www.visit-ulcinj.com\/blog\/2011\/03\/24\/forca-kumtese-organizata-turistike\/","name":"Forca - Kumtese: Organizata Turistike - Lajme nga Ulqini","isPartOf":{"@id":"https:\/\/www.visit-ulcinj.com\/blog\/#website"},"primaryImageOfPage":{"@id":"https:\/\/www.visit-ulcinj.com\/blog\/2011\/03\/24\/forca-kumtese-organizata-turistike\/#primaryimage"},"datePublished":"2011-03-24T10:15:57+00:00","dateModified":"2011-03-24T10:16:18+00:00","author":{"@id":"https:\/\/www.visit-ulcinj.com\/blog\/#\/schema\/person\/dcab619c614d3038751c63bc2aadc06d"},"description":"Se ku \u00ebsht\u00eb nisur dhe deri ku ka mb\u00ebrritur turizmi i Ulqinit, qart\u00eb mund t\u00eb shihet nga Kuvendi themelues i Organizat\u00ebs turistike t\u00eb Komun\u00ebs s\u00eb Ulqinit i","breadcrumb":{"@id":"https:\/\/www.visit-ulcinj.com\/blog\/2011\/03\/24\/forca-kumtese-organizata-turistike\/#breadcrumb"},"inLanguage":"en-US","potentialAction":[{"@type":"ReadAction","target":["https:\/\/www.visit-ulcinj.com\/blog\/2011\/03\/24\/forca-kumtese-organizata-turistike\/"]}]},{"@type":"BreadcrumbList","@id":"https:\/\/www.visit-ulcinj.com\/blog\/2011\/03\/24\/forca-kumtese-organizata-turistike\/#breadcrumb","itemListElement":[{"@type":"ListItem","position":1,"name":"Forca &#8211; Kumtese: Organizata Turistike"}]},{"@type":"Person","@id":"https:\/\/www.visit-ulcinj.com\/blog\/#\/schema\/person\/dcab619c614d3038751c63bc2aadc06d","name":"ulqini","sameAs":["http:\/\/www.visit-ulcinj.com"],"url":"https:\/\/www.visit-ulcinj.com\/blog\/author\/admin\/"}]}},"jetpack_featured_media_url":"","jetpack_sharing_enabled":true,"jetpack_shortlink":"https:\/\/wp.me\/pe6lTn-bJi","_links":{"self":[{"href":"https:\/\/www.visit-ulcinj.com\/blog\/wp-json\/wp\/v2\/posts\/45092"}],"collection":[{"href":"https:\/\/www.visit-ulcinj.com\/blog\/wp-json\/wp\/v2\/posts"}],"about":[{"href":"https:\/\/www.visit-ulcinj.com\/blog\/wp-json\/wp\/v2\/types\/post"}],"author":[{"embeddable":true,"href":"https:\/\/www.visit-ulcinj.com\/blog\/wp-json\/wp\/v2\/users\/1"}],"replies":[{"embeddable":true,"href":"https:\/\/www.visit-ulcinj.com\/blog\/wp-json\/wp\/v2\/comments?post=45092"}],"version-history":[{"count":0,"href":"https:\/\/www.visit-ulcinj.com\/blog\/wp-json\/wp\/v2\/posts\/45092\/revisions"}],"wp:attachment":[{"href":"https:\/\/www.visit-ulcinj.com\/blog\/wp-json\/wp\/v2\/media?parent=45092"}],"wp:term":[{"taxonomy":"category","embeddable":true,"href":"https:\/\/www.visit-ulcinj.com\/blog\/wp-json\/wp\/v2\/categories?post=45092"},{"taxonomy":"post_tag","embeddable":true,"href":"https:\/\/www.visit-ulcinj.com\/blog\/wp-json\/wp\/v2\/tags?post=45092"}],"curies":[{"name":"wp","href":"https:\/\/api.w.org\/{rel}","templated":true}]}}