{"id":45098,"date":"2011-03-24T11:51:57","date_gmt":"2011-03-24T10:51:57","guid":{"rendered":"http:\/\/www.visit-ulcinj.com\/blog\/?p=45098"},"modified":"2011-03-24T11:52:18","modified_gmt":"2011-03-24T10:52:18","slug":"opstina-ulcinj-pod-lupom","status":"publish","type":"post","link":"https:\/\/www.visit-ulcinj.com\/blog\/2011\/03\/24\/opstina-ulcinj-pod-lupom\/","title":{"rendered":"Op\u0161tina Ulcinj pod lupom"},"content":{"rendered":"<p><strong><a href=\"http:\/\/www.visit-ulcinj.com\/blog\/wp-content\/uploads\/2011\/03\/Opstina-Ulcinj.jpg\"><img loading=\"lazy\" class=\"alignleft size-full wp-image-45099\" title=\"Opstina Ulcinj\" src=\"http:\/\/www.visit-ulcinj.com\/blog\/wp-content\/uploads\/2011\/03\/Opstina-Ulcinj.jpg\" alt=\"\" width=\"508\" height=\"360\" \/><\/a>Nakon optu\u017ebi o pronevjeri milion eura, specijalno tu\u017eila\u0161tvo \u010de\u0161lja Ulcinj<br \/>\n<\/strong>U op\u0161tini su odlu\u010dili da sa\u010dekaju odgovor specijalnog tu\u017eioca za organizovani kriminal pa da se tek onda obrate javnosti.<br \/>\nSpecijalno tu\u017eila\u0161tvo za organizovani kriminal preuzelo je dokumentaciju iz ulcinjske op\u0161tine u okviru predkrivi\u010dnog postupka povodom navoda objavljenih u medjima da je lokalna vlast na osnovu ugovora o djelu tokom prvih \u0161est mjeseci pro\u0161le godine o\u0161tetila gradski bud\u017eet za blizu milion eura, saznaju &#8220;Vijesti&#8221; iz vi\u0161e izvora.<\/p>\n<p>&nbsp;<\/p>\n<h3><a href=\"http:\/\/www.vijesti.me\/vijesti\/nakon-optuzbi-pronevjeri-milion-eura-specijalno-tuzilastvo-ceslja-ulcinj-clanak-12225\" target=\"_blank\"><strong>Pro\u010ditaj vijest do kraja &gt;&gt; Vijesti<\/strong><\/a><\/h3>\n<!--YouTube Error: bad URL entered-->\n","protected":false},"excerpt":{"rendered":"<p>Nakon optu\u017ebi o pronevjeri milion eura, specijalno tu\u017eila\u0161tvo \u010de\u0161lja Ulcinj U op\u0161tini su odlu\u010dili da sa\u010dekaju odgovor specijalnog tu\u017eioca za organizovani kriminal pa da se tek onda obrate javnosti. Specijalno tu\u017eila\u0161tvo za organizovani kriminal preuzelo je dokumentaciju iz ulcinjske op\u0161tine u okviru predkrivi\u010dnog postupka povodom navoda objavljenih u medjima da je lokalna vlast na osnovu [&hellip;]<\/p>\n","protected":false},"author":1,"featured_media":0,"comment_status":"open","ping_status":"closed","sticky":false,"template":"","format":"standard","meta":{"spay_email":"","jetpack_publicize_message":"","jetpack_is_tweetstorm":false,"jetpack_publicize_feature_enabled":true},"categories":[8337],"tags":[264],"jetpack_publicize_connections":[],"yoast_head":"<!-- This site is optimized with the Yoast SEO plugin v19.1 - https:\/\/yoast.com\/wordpress\/plugins\/seo\/ -->\n<title>Op\u0161tina Ulcinj pod lupom - Lajme nga Ulqini<\/title>\n<meta name=\"description\" content=\"Nakon optu\u017ebi o pronevjeri milion eura, specijalno tu\u017eila\u0161tvo \u010de\u0161lja Ulcinj U op\u0161tini su odlu\u010dili da sa\u010dekaju odgovor specijalnog tu\u017eioca za organizovani\" \/>\n<meta name=\"robots\" content=\"index, follow, max-snippet:-1, max-image-preview:large, max-video-preview:-1\" \/>\n<link rel=\"canonical\" href=\"https:\/\/www.visit-ulcinj.com\/blog\/2011\/03\/24\/opstina-ulcinj-pod-lupom\/\" \/>\n<meta property=\"og:locale\" content=\"en_US\" \/>\n<meta property=\"og:type\" content=\"article\" \/>\n<meta property=\"og:title\" content=\"Op\u0161tina Ulcinj pod lupom - Lajme nga Ulqini\" \/>\n<meta property=\"og:description\" content=\"Nakon optu\u017ebi o pronevjeri milion eura, specijalno tu\u017eila\u0161tvo \u010de\u0161lja Ulcinj U op\u0161tini su odlu\u010dili da sa\u010dekaju odgovor specijalnog tu\u017eioca za organizovani\" \/>\n<meta property=\"og:url\" content=\"https:\/\/www.visit-ulcinj.com\/blog\/2011\/03\/24\/opstina-ulcinj-pod-lupom\/\" \/>\n<meta property=\"og:site_name\" content=\"Lajme nga Ulqini\" \/>\n<meta property=\"article:published_time\" content=\"2011-03-24T10:51:57+00:00\" \/>\n<meta property=\"article:modified_time\" content=\"2011-03-24T10:52:18+00:00\" \/>\n<meta property=\"og:image\" content=\"http:\/\/www.visit-ulcinj.com\/blog\/wp-content\/uploads\/2011\/03\/Opstina-Ulcinj.jpg\" \/>\n<meta name=\"twitter:label1\" content=\"Written by\" \/>\n\t<meta name=\"twitter:data1\" content=\"ulqini\" \/>\n\t<meta name=\"twitter:label2\" content=\"Est. reading time\" \/>\n\t<meta name=\"twitter:data2\" content=\"1 minute\" \/>\n<script type=\"application\/ld+json\" class=\"yoast-schema-graph\">{\"@context\":\"https:\/\/schema.org\",\"@graph\":[{\"@type\":\"WebSite\",\"@id\":\"https:\/\/www.visit-ulcinj.com\/blog\/#website\",\"url\":\"https:\/\/www.visit-ulcinj.com\/blog\/\",\"name\":\"Lajme nga Ulqini\",\"description\":\"Lajme,Vijesti,Ulqini,Ulqin,Crna Gora,Mali i Zi\",\"potentialAction\":[{\"@type\":\"SearchAction\",\"target\":{\"@type\":\"EntryPoint\",\"urlTemplate\":\"https:\/\/www.visit-ulcinj.com\/blog\/?s={search_term_string}\"},\"query-input\":\"required name=search_term_string\"}],\"inLanguage\":\"en-US\"},{\"@type\":\"ImageObject\",\"inLanguage\":\"en-US\",\"@id\":\"https:\/\/www.visit-ulcinj.com\/blog\/2011\/03\/24\/opstina-ulcinj-pod-lupom\/#primaryimage\",\"url\":\"https:\/\/www.visit-ulcinj.com\/blog\/wp-content\/uploads\/2011\/03\/Opstina-Ulcinj.jpg\",\"contentUrl\":\"https:\/\/www.visit-ulcinj.com\/blog\/wp-content\/uploads\/2011\/03\/Opstina-Ulcinj.jpg\",\"width\":\"830\",\"height\":\"380\"},{\"@type\":\"WebPage\",\"@id\":\"https:\/\/www.visit-ulcinj.com\/blog\/2011\/03\/24\/opstina-ulcinj-pod-lupom\/#webpage\",\"url\":\"https:\/\/www.visit-ulcinj.com\/blog\/2011\/03\/24\/opstina-ulcinj-pod-lupom\/\",\"name\":\"Op\u0161tina Ulcinj pod lupom - Lajme nga Ulqini\",\"isPartOf\":{\"@id\":\"https:\/\/www.visit-ulcinj.com\/blog\/#website\"},\"primaryImageOfPage\":{\"@id\":\"https:\/\/www.visit-ulcinj.com\/blog\/2011\/03\/24\/opstina-ulcinj-pod-lupom\/#primaryimage\"},\"datePublished\":\"2011-03-24T10:51:57+00:00\",\"dateModified\":\"2011-03-24T10:52:18+00:00\",\"author\":{\"@id\":\"https:\/\/www.visit-ulcinj.com\/blog\/#\/schema\/person\/dcab619c614d3038751c63bc2aadc06d\"},\"description\":\"Nakon optu\u017ebi o pronevjeri milion eura, specijalno tu\u017eila\u0161tvo \u010de\u0161lja Ulcinj U op\u0161tini su odlu\u010dili da sa\u010dekaju odgovor specijalnog tu\u017eioca za organizovani\",\"breadcrumb\":{\"@id\":\"https:\/\/www.visit-ulcinj.com\/blog\/2011\/03\/24\/opstina-ulcinj-pod-lupom\/#breadcrumb\"},\"inLanguage\":\"en-US\",\"potentialAction\":[{\"@type\":\"ReadAction\",\"target\":[\"https:\/\/www.visit-ulcinj.com\/blog\/2011\/03\/24\/opstina-ulcinj-pod-lupom\/\"]}]},{\"@type\":\"BreadcrumbList\",\"@id\":\"https:\/\/www.visit-ulcinj.com\/blog\/2011\/03\/24\/opstina-ulcinj-pod-lupom\/#breadcrumb\",\"itemListElement\":[{\"@type\":\"ListItem\",\"position\":1,\"name\":\"Op\u0161tina Ulcinj pod lupom\"}]},{\"@type\":\"Person\",\"@id\":\"https:\/\/www.visit-ulcinj.com\/blog\/#\/schema\/person\/dcab619c614d3038751c63bc2aadc06d\",\"name\":\"ulqini\",\"sameAs\":[\"http:\/\/www.visit-ulcinj.com\"],\"url\":\"https:\/\/www.visit-ulcinj.com\/blog\/author\/admin\/\"}]}<\/script>\n<!-- \/ Yoast SEO plugin. -->","yoast_head_json":{"title":"Op\u0161tina Ulcinj pod lupom - Lajme nga Ulqini","description":"Nakon optu\u017ebi o pronevjeri milion eura, specijalno tu\u017eila\u0161tvo \u010de\u0161lja Ulcinj U op\u0161tini su odlu\u010dili da sa\u010dekaju odgovor specijalnog tu\u017eioca za organizovani","robots":{"index":"index","follow":"follow","max-snippet":"max-snippet:-1","max-image-preview":"max-image-preview:large","max-video-preview":"max-video-preview:-1"},"canonical":"https:\/\/www.visit-ulcinj.com\/blog\/2011\/03\/24\/opstina-ulcinj-pod-lupom\/","og_locale":"en_US","og_type":"article","og_title":"Op\u0161tina Ulcinj pod lupom - Lajme nga Ulqini","og_description":"Nakon optu\u017ebi o pronevjeri milion eura, specijalno tu\u017eila\u0161tvo \u010de\u0161lja Ulcinj U op\u0161tini su odlu\u010dili da sa\u010dekaju odgovor specijalnog tu\u017eioca za organizovani","og_url":"https:\/\/www.visit-ulcinj.com\/blog\/2011\/03\/24\/opstina-ulcinj-pod-lupom\/","og_site_name":"Lajme nga Ulqini","article_published_time":"2011-03-24T10:51:57+00:00","article_modified_time":"2011-03-24T10:52:18+00:00","og_image":[{"url":"http:\/\/www.visit-ulcinj.com\/blog\/wp-content\/uploads\/2011\/03\/Opstina-Ulcinj.jpg"}],"twitter_misc":{"Written by":"ulqini","Est. reading time":"1 minute"},"schema":{"@context":"https:\/\/schema.org","@graph":[{"@type":"WebSite","@id":"https:\/\/www.visit-ulcinj.com\/blog\/#website","url":"https:\/\/www.visit-ulcinj.com\/blog\/","name":"Lajme nga Ulqini","description":"Lajme,Vijesti,Ulqini,Ulqin,Crna Gora,Mali i Zi","potentialAction":[{"@type":"SearchAction","target":{"@type":"EntryPoint","urlTemplate":"https:\/\/www.visit-ulcinj.com\/blog\/?s={search_term_string}"},"query-input":"required name=search_term_string"}],"inLanguage":"en-US"},{"@type":"ImageObject","inLanguage":"en-US","@id":"https:\/\/www.visit-ulcinj.com\/blog\/2011\/03\/24\/opstina-ulcinj-pod-lupom\/#primaryimage","url":"https:\/\/www.visit-ulcinj.com\/blog\/wp-content\/uploads\/2011\/03\/Opstina-Ulcinj.jpg","contentUrl":"https:\/\/www.visit-ulcinj.com\/blog\/wp-content\/uploads\/2011\/03\/Opstina-Ulcinj.jpg","width":"830","height":"380"},{"@type":"WebPage","@id":"https:\/\/www.visit-ulcinj.com\/blog\/2011\/03\/24\/opstina-ulcinj-pod-lupom\/#webpage","url":"https:\/\/www.visit-ulcinj.com\/blog\/2011\/03\/24\/opstina-ulcinj-pod-lupom\/","name":"Op\u0161tina Ulcinj pod lupom - Lajme nga Ulqini","isPartOf":{"@id":"https:\/\/www.visit-ulcinj.com\/blog\/#website"},"primaryImageOfPage":{"@id":"https:\/\/www.visit-ulcinj.com\/blog\/2011\/03\/24\/opstina-ulcinj-pod-lupom\/#primaryimage"},"datePublished":"2011-03-24T10:51:57+00:00","dateModified":"2011-03-24T10:52:18+00:00","author":{"@id":"https:\/\/www.visit-ulcinj.com\/blog\/#\/schema\/person\/dcab619c614d3038751c63bc2aadc06d"},"description":"Nakon optu\u017ebi o pronevjeri milion eura, specijalno tu\u017eila\u0161tvo \u010de\u0161lja Ulcinj U op\u0161tini su odlu\u010dili da sa\u010dekaju odgovor specijalnog tu\u017eioca za organizovani","breadcrumb":{"@id":"https:\/\/www.visit-ulcinj.com\/blog\/2011\/03\/24\/opstina-ulcinj-pod-lupom\/#breadcrumb"},"inLanguage":"en-US","potentialAction":[{"@type":"ReadAction","target":["https:\/\/www.visit-ulcinj.com\/blog\/2011\/03\/24\/opstina-ulcinj-pod-lupom\/"]}]},{"@type":"BreadcrumbList","@id":"https:\/\/www.visit-ulcinj.com\/blog\/2011\/03\/24\/opstina-ulcinj-pod-lupom\/#breadcrumb","itemListElement":[{"@type":"ListItem","position":1,"name":"Op\u0161tina Ulcinj pod lupom"}]},{"@type":"Person","@id":"https:\/\/www.visit-ulcinj.com\/blog\/#\/schema\/person\/dcab619c614d3038751c63bc2aadc06d","name":"ulqini","sameAs":["http:\/\/www.visit-ulcinj.com"],"url":"https:\/\/www.visit-ulcinj.com\/blog\/author\/admin\/"}]}},"jetpack_featured_media_url":"","jetpack_sharing_enabled":true,"jetpack_shortlink":"https:\/\/wp.me\/pe6lTn-bJo","_links":{"self":[{"href":"https:\/\/www.visit-ulcinj.com\/blog\/wp-json\/wp\/v2\/posts\/45098"}],"collection":[{"href":"https:\/\/www.visit-ulcinj.com\/blog\/wp-json\/wp\/v2\/posts"}],"about":[{"href":"https:\/\/www.visit-ulcinj.com\/blog\/wp-json\/wp\/v2\/types\/post"}],"author":[{"embeddable":true,"href":"https:\/\/www.visit-ulcinj.com\/blog\/wp-json\/wp\/v2\/users\/1"}],"replies":[{"embeddable":true,"href":"https:\/\/www.visit-ulcinj.com\/blog\/wp-json\/wp\/v2\/comments?post=45098"}],"version-history":[{"count":0,"href":"https:\/\/www.visit-ulcinj.com\/blog\/wp-json\/wp\/v2\/posts\/45098\/revisions"}],"wp:attachment":[{"href":"https:\/\/www.visit-ulcinj.com\/blog\/wp-json\/wp\/v2\/media?parent=45098"}],"wp:term":[{"taxonomy":"category","embeddable":true,"href":"https:\/\/www.visit-ulcinj.com\/blog\/wp-json\/wp\/v2\/categories?post=45098"},{"taxonomy":"post_tag","embeddable":true,"href":"https:\/\/www.visit-ulcinj.com\/blog\/wp-json\/wp\/v2\/tags?post=45098"}],"curies":[{"name":"wp","href":"https:\/\/api.w.org\/{rel}","templated":true}]}}