{"id":45102,"date":"2011-03-24T12:18:44","date_gmt":"2011-03-24T11:18:44","guid":{"rendered":"http:\/\/www.visit-ulcinj.com\/blog\/?p=45102"},"modified":"2011-03-24T13:34:21","modified_gmt":"2011-03-24T12:34:21","slug":"u-ulcinjskoj-skoli-zapalili-15-dnevnika","status":"publish","type":"post","link":"https:\/\/www.visit-ulcinj.com\/blog\/2011\/03\/24\/u-ulcinjskoj-skoli-zapalili-15-dnevnika\/","title":{"rendered":"U ulcinjskoj \u0161koli zapalili 15 dnevnika &#8211; Video"},"content":{"rendered":"<p><strong><a href=\"http:\/\/www.visit-ulcinj.com\/blog\/wp-content\/uploads\/2011\/03\/Skola-Bratstvo-jedinstvo-Ulcinj.jpg\"><img loading=\"lazy\" class=\"alignleft size-full wp-image-45103\" title=\"Skola Bratstvo  jedinstvo Ulcinj\" src=\"http:\/\/www.visit-ulcinj.com\/blog\/wp-content\/uploads\/2011\/03\/Skola-Bratstvo-jedinstvo-Ulcinj.jpg\" alt=\"\" width=\"508\" height=\"324\" srcset=\"https:\/\/www.visit-ulcinj.com\/blog\/wp-content\/uploads\/2011\/03\/Skola-Bratstvo-jedinstvo-Ulcinj.jpg 508w, https:\/\/www.visit-ulcinj.com\/blog\/wp-content\/uploads\/2011\/03\/Skola-Bratstvo-jedinstvo-Ulcinj-300x191.jpg 300w\" sizes=\"(max-width: 508px) 100vw, 508px\" \/><\/a>Istraga u toku<\/strong><\/p>\n<p>Nepoznati provlanici sino\u0107 su u\u0161li u zbornicu Srednje \u0161kole &#8220;Bratstvo i jedinstvo&#8221; u Ulcinju i odnijeli vi\u0161e od 15 dnevnika koje su potom spalili napolju, stotinjak metara od \u0161kole.<\/p>\n<p>Policija je jutros iza\u0161la na lice mjesta i uvi\u0111aj je u toku.<\/p>\n<p>&#8220;Vijesti&#8221; nezvani\u010dno saznaju da je rije\u010d od dnevnicima odjeljenja tre\u0107eg i \u010detvrtog razreda ulcinjske srednje \u0161kole.<\/p>\n<p><a href=\"http:\/\/www.vijesti.me\/vijesti\/u-ulcinjskoj-skoli-zapalili-15-dnevnika-clanak-12072\" target=\"_blank\"><strong>Samir Adrovi\u0107<\/strong><br \/>\n<\/a> <strong><a href=\"http:\/\/www.vijesti.me\/vijesti\/u-ulcinjskoj-skoli-zapalili-15-dnevnika-clanak-12072\" target=\"_blank\">Vijesti<\/a><br \/>\n<\/strong><!--YouTube Error: bad URL entered--><strong><\/strong><\/p>\n","protected":false},"excerpt":{"rendered":"<p>Istraga u toku Nepoznati provlanici sino\u0107 su u\u0161li u zbornicu Srednje \u0161kole &#8220;Bratstvo i jedinstvo&#8221; u Ulcinju i odnijeli vi\u0161e od 15 dnevnika koje su potom spalili napolju, stotinjak metara od \u0161kole. Policija je jutros iza\u0161la na lice mjesta i uvi\u0111aj je u toku. &#8220;Vijesti&#8221; nezvani\u010dno saznaju da je rije\u010d od dnevnicima odjeljenja tre\u0107eg i [&hellip;]<\/p>\n","protected":false},"author":1,"featured_media":0,"comment_status":"open","ping_status":"closed","sticky":false,"template":"","format":"standard","meta":{"spay_email":"","jetpack_publicize_message":"","jetpack_is_tweetstorm":false,"jetpack_publicize_feature_enabled":true},"categories":[8337],"tags":[17878],"jetpack_publicize_connections":[],"yoast_head":"<!-- This site is optimized with the Yoast SEO plugin v19.1 - https:\/\/yoast.com\/wordpress\/plugins\/seo\/ -->\n<title>U ulcinjskoj \u0161koli zapalili 15 dnevnika - Video - Lajme nga Ulqini<\/title>\n<meta name=\"description\" content=\"Istraga u toku Nepoznati provlanici sino\u0107 su u\u0161li u zbornicu Srednje \u0161kole &quot;Bratstvo i jedinstvo&quot; u Ulcinju i odnijeli vi\u0161e od 15 dnevnika koje su potom\" \/>\n<meta name=\"robots\" content=\"index, follow, max-snippet:-1, max-image-preview:large, max-video-preview:-1\" \/>\n<link rel=\"canonical\" href=\"https:\/\/www.visit-ulcinj.com\/blog\/2011\/03\/24\/u-ulcinjskoj-skoli-zapalili-15-dnevnika\/\" \/>\n<meta property=\"og:locale\" content=\"en_US\" \/>\n<meta property=\"og:type\" content=\"article\" \/>\n<meta property=\"og:title\" content=\"U ulcinjskoj \u0161koli zapalili 15 dnevnika - Video - Lajme nga Ulqini\" \/>\n<meta property=\"og:description\" content=\"Istraga u toku Nepoznati provlanici sino\u0107 su u\u0161li u zbornicu Srednje \u0161kole &quot;Bratstvo i jedinstvo&quot; u Ulcinju i odnijeli vi\u0161e od 15 dnevnika koje su potom\" \/>\n<meta property=\"og:url\" content=\"https:\/\/www.visit-ulcinj.com\/blog\/2011\/03\/24\/u-ulcinjskoj-skoli-zapalili-15-dnevnika\/\" \/>\n<meta property=\"og:site_name\" content=\"Lajme nga Ulqini\" \/>\n<meta property=\"article:published_time\" content=\"2011-03-24T11:18:44+00:00\" \/>\n<meta property=\"article:modified_time\" content=\"2011-03-24T12:34:21+00:00\" \/>\n<meta property=\"og:image\" content=\"http:\/\/www.visit-ulcinj.com\/blog\/wp-content\/uploads\/2011\/03\/Skola-Bratstvo-jedinstvo-Ulcinj.jpg\" \/>\n<meta name=\"twitter:label1\" content=\"Written by\" \/>\n\t<meta name=\"twitter:data1\" content=\"ulqini\" \/>\n<script type=\"application\/ld+json\" class=\"yoast-schema-graph\">{\"@context\":\"https:\/\/schema.org\",\"@graph\":[{\"@type\":\"WebSite\",\"@id\":\"https:\/\/www.visit-ulcinj.com\/blog\/#website\",\"url\":\"https:\/\/www.visit-ulcinj.com\/blog\/\",\"name\":\"Lajme nga Ulqini\",\"description\":\"Lajme,Vijesti,Ulqini,Ulqin,Crna Gora,Mali i Zi\",\"potentialAction\":[{\"@type\":\"SearchAction\",\"target\":{\"@type\":\"EntryPoint\",\"urlTemplate\":\"https:\/\/www.visit-ulcinj.com\/blog\/?s={search_term_string}\"},\"query-input\":\"required name=search_term_string\"}],\"inLanguage\":\"en-US\"},{\"@type\":\"ImageObject\",\"inLanguage\":\"en-US\",\"@id\":\"https:\/\/www.visit-ulcinj.com\/blog\/2011\/03\/24\/u-ulcinjskoj-skoli-zapalili-15-dnevnika\/#primaryimage\",\"url\":\"https:\/\/www.visit-ulcinj.com\/blog\/wp-content\/uploads\/2011\/03\/Skola-Bratstvo-jedinstvo-Ulcinj.jpg\",\"contentUrl\":\"https:\/\/www.visit-ulcinj.com\/blog\/wp-content\/uploads\/2011\/03\/Skola-Bratstvo-jedinstvo-Ulcinj.jpg\",\"width\":\"508\",\"height\":\"324\"},{\"@type\":\"WebPage\",\"@id\":\"https:\/\/www.visit-ulcinj.com\/blog\/2011\/03\/24\/u-ulcinjskoj-skoli-zapalili-15-dnevnika\/#webpage\",\"url\":\"https:\/\/www.visit-ulcinj.com\/blog\/2011\/03\/24\/u-ulcinjskoj-skoli-zapalili-15-dnevnika\/\",\"name\":\"U ulcinjskoj \u0161koli zapalili 15 dnevnika - Video - Lajme nga Ulqini\",\"isPartOf\":{\"@id\":\"https:\/\/www.visit-ulcinj.com\/blog\/#website\"},\"primaryImageOfPage\":{\"@id\":\"https:\/\/www.visit-ulcinj.com\/blog\/2011\/03\/24\/u-ulcinjskoj-skoli-zapalili-15-dnevnika\/#primaryimage\"},\"datePublished\":\"2011-03-24T11:18:44+00:00\",\"dateModified\":\"2011-03-24T12:34:21+00:00\",\"author\":{\"@id\":\"https:\/\/www.visit-ulcinj.com\/blog\/#\/schema\/person\/dcab619c614d3038751c63bc2aadc06d\"},\"description\":\"Istraga u toku Nepoznati provlanici sino\u0107 su u\u0161li u zbornicu Srednje \u0161kole \\\"Bratstvo i jedinstvo\\\" u Ulcinju i odnijeli vi\u0161e od 15 dnevnika koje su potom\",\"breadcrumb\":{\"@id\":\"https:\/\/www.visit-ulcinj.com\/blog\/2011\/03\/24\/u-ulcinjskoj-skoli-zapalili-15-dnevnika\/#breadcrumb\"},\"inLanguage\":\"en-US\",\"potentialAction\":[{\"@type\":\"ReadAction\",\"target\":[\"https:\/\/www.visit-ulcinj.com\/blog\/2011\/03\/24\/u-ulcinjskoj-skoli-zapalili-15-dnevnika\/\"]}]},{\"@type\":\"BreadcrumbList\",\"@id\":\"https:\/\/www.visit-ulcinj.com\/blog\/2011\/03\/24\/u-ulcinjskoj-skoli-zapalili-15-dnevnika\/#breadcrumb\",\"itemListElement\":[{\"@type\":\"ListItem\",\"position\":1,\"name\":\"U ulcinjskoj \u0161koli zapalili 15 dnevnika &#8211; Video\"}]},{\"@type\":\"Person\",\"@id\":\"https:\/\/www.visit-ulcinj.com\/blog\/#\/schema\/person\/dcab619c614d3038751c63bc2aadc06d\",\"name\":\"ulqini\",\"sameAs\":[\"http:\/\/www.visit-ulcinj.com\"],\"url\":\"https:\/\/www.visit-ulcinj.com\/blog\/author\/admin\/\"}]}<\/script>\n<!-- \/ Yoast SEO plugin. -->","yoast_head_json":{"title":"U ulcinjskoj \u0161koli zapalili 15 dnevnika - Video - Lajme nga Ulqini","description":"Istraga u toku Nepoznati provlanici sino\u0107 su u\u0161li u zbornicu Srednje \u0161kole \"Bratstvo i jedinstvo\" u Ulcinju i odnijeli vi\u0161e od 15 dnevnika koje su potom","robots":{"index":"index","follow":"follow","max-snippet":"max-snippet:-1","max-image-preview":"max-image-preview:large","max-video-preview":"max-video-preview:-1"},"canonical":"https:\/\/www.visit-ulcinj.com\/blog\/2011\/03\/24\/u-ulcinjskoj-skoli-zapalili-15-dnevnika\/","og_locale":"en_US","og_type":"article","og_title":"U ulcinjskoj \u0161koli zapalili 15 dnevnika - Video - Lajme nga Ulqini","og_description":"Istraga u toku Nepoznati provlanici sino\u0107 su u\u0161li u zbornicu Srednje \u0161kole \"Bratstvo i jedinstvo\" u Ulcinju i odnijeli vi\u0161e od 15 dnevnika koje su potom","og_url":"https:\/\/www.visit-ulcinj.com\/blog\/2011\/03\/24\/u-ulcinjskoj-skoli-zapalili-15-dnevnika\/","og_site_name":"Lajme nga Ulqini","article_published_time":"2011-03-24T11:18:44+00:00","article_modified_time":"2011-03-24T12:34:21+00:00","og_image":[{"url":"http:\/\/www.visit-ulcinj.com\/blog\/wp-content\/uploads\/2011\/03\/Skola-Bratstvo-jedinstvo-Ulcinj.jpg"}],"twitter_misc":{"Written by":"ulqini"},"schema":{"@context":"https:\/\/schema.org","@graph":[{"@type":"WebSite","@id":"https:\/\/www.visit-ulcinj.com\/blog\/#website","url":"https:\/\/www.visit-ulcinj.com\/blog\/","name":"Lajme nga Ulqini","description":"Lajme,Vijesti,Ulqini,Ulqin,Crna Gora,Mali i Zi","potentialAction":[{"@type":"SearchAction","target":{"@type":"EntryPoint","urlTemplate":"https:\/\/www.visit-ulcinj.com\/blog\/?s={search_term_string}"},"query-input":"required name=search_term_string"}],"inLanguage":"en-US"},{"@type":"ImageObject","inLanguage":"en-US","@id":"https:\/\/www.visit-ulcinj.com\/blog\/2011\/03\/24\/u-ulcinjskoj-skoli-zapalili-15-dnevnika\/#primaryimage","url":"https:\/\/www.visit-ulcinj.com\/blog\/wp-content\/uploads\/2011\/03\/Skola-Bratstvo-jedinstvo-Ulcinj.jpg","contentUrl":"https:\/\/www.visit-ulcinj.com\/blog\/wp-content\/uploads\/2011\/03\/Skola-Bratstvo-jedinstvo-Ulcinj.jpg","width":"508","height":"324"},{"@type":"WebPage","@id":"https:\/\/www.visit-ulcinj.com\/blog\/2011\/03\/24\/u-ulcinjskoj-skoli-zapalili-15-dnevnika\/#webpage","url":"https:\/\/www.visit-ulcinj.com\/blog\/2011\/03\/24\/u-ulcinjskoj-skoli-zapalili-15-dnevnika\/","name":"U ulcinjskoj \u0161koli zapalili 15 dnevnika - Video - Lajme nga Ulqini","isPartOf":{"@id":"https:\/\/www.visit-ulcinj.com\/blog\/#website"},"primaryImageOfPage":{"@id":"https:\/\/www.visit-ulcinj.com\/blog\/2011\/03\/24\/u-ulcinjskoj-skoli-zapalili-15-dnevnika\/#primaryimage"},"datePublished":"2011-03-24T11:18:44+00:00","dateModified":"2011-03-24T12:34:21+00:00","author":{"@id":"https:\/\/www.visit-ulcinj.com\/blog\/#\/schema\/person\/dcab619c614d3038751c63bc2aadc06d"},"description":"Istraga u toku Nepoznati provlanici sino\u0107 su u\u0161li u zbornicu Srednje \u0161kole \"Bratstvo i jedinstvo\" u Ulcinju i odnijeli vi\u0161e od 15 dnevnika koje su potom","breadcrumb":{"@id":"https:\/\/www.visit-ulcinj.com\/blog\/2011\/03\/24\/u-ulcinjskoj-skoli-zapalili-15-dnevnika\/#breadcrumb"},"inLanguage":"en-US","potentialAction":[{"@type":"ReadAction","target":["https:\/\/www.visit-ulcinj.com\/blog\/2011\/03\/24\/u-ulcinjskoj-skoli-zapalili-15-dnevnika\/"]}]},{"@type":"BreadcrumbList","@id":"https:\/\/www.visit-ulcinj.com\/blog\/2011\/03\/24\/u-ulcinjskoj-skoli-zapalili-15-dnevnika\/#breadcrumb","itemListElement":[{"@type":"ListItem","position":1,"name":"U ulcinjskoj \u0161koli zapalili 15 dnevnika &#8211; Video"}]},{"@type":"Person","@id":"https:\/\/www.visit-ulcinj.com\/blog\/#\/schema\/person\/dcab619c614d3038751c63bc2aadc06d","name":"ulqini","sameAs":["http:\/\/www.visit-ulcinj.com"],"url":"https:\/\/www.visit-ulcinj.com\/blog\/author\/admin\/"}]}},"jetpack_featured_media_url":"","jetpack_sharing_enabled":true,"jetpack_shortlink":"https:\/\/wp.me\/pe6lTn-bJs","_links":{"self":[{"href":"https:\/\/www.visit-ulcinj.com\/blog\/wp-json\/wp\/v2\/posts\/45102"}],"collection":[{"href":"https:\/\/www.visit-ulcinj.com\/blog\/wp-json\/wp\/v2\/posts"}],"about":[{"href":"https:\/\/www.visit-ulcinj.com\/blog\/wp-json\/wp\/v2\/types\/post"}],"author":[{"embeddable":true,"href":"https:\/\/www.visit-ulcinj.com\/blog\/wp-json\/wp\/v2\/users\/1"}],"replies":[{"embeddable":true,"href":"https:\/\/www.visit-ulcinj.com\/blog\/wp-json\/wp\/v2\/comments?post=45102"}],"version-history":[{"count":0,"href":"https:\/\/www.visit-ulcinj.com\/blog\/wp-json\/wp\/v2\/posts\/45102\/revisions"}],"wp:attachment":[{"href":"https:\/\/www.visit-ulcinj.com\/blog\/wp-json\/wp\/v2\/media?parent=45102"}],"wp:term":[{"taxonomy":"category","embeddable":true,"href":"https:\/\/www.visit-ulcinj.com\/blog\/wp-json\/wp\/v2\/categories?post=45102"},{"taxonomy":"post_tag","embeddable":true,"href":"https:\/\/www.visit-ulcinj.com\/blog\/wp-json\/wp\/v2\/tags?post=45102"}],"curies":[{"name":"wp","href":"https:\/\/api.w.org\/{rel}","templated":true}]}}