{"id":45106,"date":"2011-03-24T12:27:23","date_gmt":"2011-03-24T11:27:23","guid":{"rendered":"http:\/\/www.visit-ulcinj.com\/blog\/?p=45106"},"modified":"2011-03-24T12:27:35","modified_gmt":"2011-03-24T11:27:35","slug":"digjen-ditaret-e-shkolles-vellazerim-%e2%80%93-bashkim-ne-ulqin","status":"publish","type":"post","link":"https:\/\/www.visit-ulcinj.com\/blog\/2011\/03\/24\/digjen-ditaret-e-shkolles-vellazerim-%e2%80%93-bashkim-ne-ulqin\/","title":{"rendered":"Digjen ditaret e shkoll\u00ebs V\u00ebllaz\u00ebrim \u2013 Bashkim n\u00eb Ulqin"},"content":{"rendered":"<p><a href=\"http:\/\/www.visit-ulcinj.com\/blog\/wp-content\/uploads\/2011\/03\/Shkolla-Vellazerim-\u2013-Bashkim-ne-Ulqin.jpg\"><img loading=\"lazy\" class=\"alignleft size-full wp-image-45107\" title=\"Shkolla Vellazerim \u2013 Bashkim ne Ulqin\" src=\"http:\/\/www.visit-ulcinj.com\/blog\/wp-content\/uploads\/2011\/03\/Shkolla-Vellazerim-\u2013-Bashkim-ne-Ulqin.jpg\" alt=\"\" width=\"508\" height=\"324\" srcset=\"https:\/\/www.visit-ulcinj.com\/blog\/wp-content\/uploads\/2011\/03\/Shkolla-Vellazerim-\u2013-Bashkim-ne-Ulqin.jpg 508w, https:\/\/www.visit-ulcinj.com\/blog\/wp-content\/uploads\/2011\/03\/Shkolla-Vellazerim-\u2013-Bashkim-ne-Ulqin-300x191.jpg 300w\" sizes=\"(max-width: 508px) 100vw, 508px\" \/><\/a>Mbr\u00ebm\u00eb nj\u00eb apo disa keqb\u00ebr\u00ebs t\u00eb panjohur kan\u00eb hyr\u00eb n\u00eb sall\u00ebn e arsimtar\u00ebve t\u00eb shkoll\u00ebs s\u00eb mesme \u201cV\u00ebllaz\u00ebrim \u2013 Bashkim\u201c n\u00eb Ulqin dhe kan\u00eb marr\u00eb me vehte m\u00eb shum\u00eb se 15 ditar\u00eb t\u00eb cil\u00ebt m\u00eb pastaj disa prej tyre edhe i kan\u00eb djegur n\u00eb larg\u00ebsi 100 metra nga shkolla, njofton Vijesti.<\/p>\n<p>Policia n\u00eb oret e mengjesit ka dal\u00eb n\u00eb vendngjarje dhe ka filluar hetimet p\u00ebr k\u00ebt\u00eb rast shum\u00eb t\u00eb r\u00ebnd\u00eb.<\/p>\n<p>Poashtu, sipas t\u00eb t\u00eb nj\u00ebjtit burim, nga t\u00eb dh\u00ebna jozyrtare m\u00ebsohet se pjesa m\u00eb e madhe e ditar\u00ebve t\u00eb d\u00ebmtuar jan\u00eb ato t\u00eb viteve t\u00eb treta dhe t\u00eb kat\u00ebrta.<\/p>\n<p>&nbsp;<\/p>\n<p><a href=\"http:\/\/promul.com\/index.php?option=com_content&amp;view=article&amp;id=551:rast-i-rende-ne-shkollen-e-mesme-ne-ulqin-digjen-ditaret-e-shkolles&amp;catid=54:shoqeri&amp;Itemid=78\" target=\"_blank\"><strong>Promul Ulqin<\/strong><\/a><\/p>\n<!--YouTube Error: bad URL entered-->\n","protected":false},"excerpt":{"rendered":"<p>Mbr\u00ebm\u00eb nj\u00eb apo disa keqb\u00ebr\u00ebs t\u00eb panjohur kan\u00eb hyr\u00eb n\u00eb sall\u00ebn e arsimtar\u00ebve t\u00eb shkoll\u00ebs s\u00eb mesme \u201cV\u00ebllaz\u00ebrim \u2013 Bashkim\u201c n\u00eb Ulqin dhe kan\u00eb marr\u00eb me vehte m\u00eb shum\u00eb se 15 ditar\u00eb t\u00eb cil\u00ebt m\u00eb pastaj disa prej tyre edhe i kan\u00eb djegur n\u00eb larg\u00ebsi 100 metra nga shkolla, njofton Vijesti. Policia n\u00eb oret e [&hellip;]<\/p>\n","protected":false},"author":1,"featured_media":0,"comment_status":"open","ping_status":"closed","sticky":false,"template":"","format":"standard","meta":{"spay_email":"","jetpack_publicize_message":"","jetpack_is_tweetstorm":false,"jetpack_publicize_feature_enabled":true},"categories":[11],"tags":[95,2904,200,18],"jetpack_publicize_connections":[],"yoast_head":"<!-- This site is optimized with the Yoast SEO plugin v19.1 - https:\/\/yoast.com\/wordpress\/plugins\/seo\/ -->\n<title>Digjen ditaret e shkoll\u00ebs V\u00ebllaz\u00ebrim \u2013 Bashkim n\u00eb Ulqin - Lajme nga Ulqini<\/title>\n<meta name=\"description\" content=\"Mbr\u00ebm\u00eb nj\u00eb apo disa keqb\u00ebr\u00ebs t\u00eb panjohur kan\u00eb hyr\u00eb n\u00eb sall\u00ebn e arsimtar\u00ebve t\u00eb shkoll\u00ebs s\u00eb mesme \u201cV\u00ebllaz\u00ebrim \u2013 Bashkim\u201c n\u00eb Ulqin dhe kan\u00eb marr\u00eb me vehte m\u00eb\" \/>\n<meta name=\"robots\" content=\"index, follow, max-snippet:-1, max-image-preview:large, max-video-preview:-1\" \/>\n<link rel=\"canonical\" href=\"https:\/\/www.visit-ulcinj.com\/blog\/2011\/03\/24\/digjen-ditaret-e-shkolles-vellazerim-\u2013-bashkim-ne-ulqin\/\" \/>\n<meta property=\"og:locale\" content=\"en_US\" \/>\n<meta property=\"og:type\" content=\"article\" \/>\n<meta property=\"og:title\" content=\"Digjen ditaret e shkoll\u00ebs V\u00ebllaz\u00ebrim \u2013 Bashkim n\u00eb Ulqin - Lajme nga Ulqini\" \/>\n<meta property=\"og:description\" content=\"Mbr\u00ebm\u00eb nj\u00eb apo disa keqb\u00ebr\u00ebs t\u00eb panjohur kan\u00eb hyr\u00eb n\u00eb sall\u00ebn e arsimtar\u00ebve t\u00eb shkoll\u00ebs s\u00eb mesme \u201cV\u00ebllaz\u00ebrim \u2013 Bashkim\u201c n\u00eb Ulqin dhe kan\u00eb marr\u00eb me vehte m\u00eb\" \/>\n<meta property=\"og:url\" content=\"https:\/\/www.visit-ulcinj.com\/blog\/2011\/03\/24\/digjen-ditaret-e-shkolles-vellazerim-\u2013-bashkim-ne-ulqin\/\" \/>\n<meta property=\"og:site_name\" content=\"Lajme nga Ulqini\" \/>\n<meta property=\"article:published_time\" content=\"2011-03-24T11:27:23+00:00\" \/>\n<meta property=\"article:modified_time\" content=\"2011-03-24T11:27:35+00:00\" \/>\n<meta name=\"twitter:label1\" content=\"Written by\" \/>\n\t<meta name=\"twitter:data1\" content=\"ulqini\" \/>\n\t<meta name=\"twitter:label2\" content=\"Est. reading time\" \/>\n\t<meta name=\"twitter:data2\" content=\"1 minute\" \/>\n<script type=\"application\/ld+json\" class=\"yoast-schema-graph\">{\"@context\":\"https:\/\/schema.org\",\"@graph\":[{\"@type\":\"WebSite\",\"@id\":\"https:\/\/www.visit-ulcinj.com\/blog\/#website\",\"url\":\"https:\/\/www.visit-ulcinj.com\/blog\/\",\"name\":\"Lajme nga Ulqini\",\"description\":\"Lajme,Vijesti,Ulqini,Ulqin,Crna Gora,Mali i Zi\",\"potentialAction\":[{\"@type\":\"SearchAction\",\"target\":{\"@type\":\"EntryPoint\",\"urlTemplate\":\"https:\/\/www.visit-ulcinj.com\/blog\/?s={search_term_string}\"},\"query-input\":\"required name=search_term_string\"}],\"inLanguage\":\"en-US\"},{\"@type\":\"WebPage\",\"@id\":\"https:\/\/www.visit-ulcinj.com\/blog\/2011\/03\/24\/digjen-ditaret-e-shkolles-vellazerim-%e2%80%93-bashkim-ne-ulqin\/#webpage\",\"url\":\"https:\/\/www.visit-ulcinj.com\/blog\/2011\/03\/24\/digjen-ditaret-e-shkolles-vellazerim-%e2%80%93-bashkim-ne-ulqin\/\",\"name\":\"Digjen ditaret e shkoll\u00ebs V\u00ebllaz\u00ebrim \u2013 Bashkim n\u00eb Ulqin - Lajme nga Ulqini\",\"isPartOf\":{\"@id\":\"https:\/\/www.visit-ulcinj.com\/blog\/#website\"},\"datePublished\":\"2011-03-24T11:27:23+00:00\",\"dateModified\":\"2011-03-24T11:27:35+00:00\",\"author\":{\"@id\":\"https:\/\/www.visit-ulcinj.com\/blog\/#\/schema\/person\/dcab619c614d3038751c63bc2aadc06d\"},\"description\":\"Mbr\u00ebm\u00eb nj\u00eb apo disa keqb\u00ebr\u00ebs t\u00eb panjohur kan\u00eb hyr\u00eb n\u00eb sall\u00ebn e arsimtar\u00ebve t\u00eb shkoll\u00ebs s\u00eb mesme \u201cV\u00ebllaz\u00ebrim \u2013 Bashkim\u201c n\u00eb Ulqin dhe kan\u00eb marr\u00eb me vehte m\u00eb\",\"breadcrumb\":{\"@id\":\"https:\/\/www.visit-ulcinj.com\/blog\/2011\/03\/24\/digjen-ditaret-e-shkolles-vellazerim-%e2%80%93-bashkim-ne-ulqin\/#breadcrumb\"},\"inLanguage\":\"en-US\",\"potentialAction\":[{\"@type\":\"ReadAction\",\"target\":[\"https:\/\/www.visit-ulcinj.com\/blog\/2011\/03\/24\/digjen-ditaret-e-shkolles-vellazerim-%e2%80%93-bashkim-ne-ulqin\/\"]}]},{\"@type\":\"BreadcrumbList\",\"@id\":\"https:\/\/www.visit-ulcinj.com\/blog\/2011\/03\/24\/digjen-ditaret-e-shkolles-vellazerim-%e2%80%93-bashkim-ne-ulqin\/#breadcrumb\",\"itemListElement\":[{\"@type\":\"ListItem\",\"position\":1,\"name\":\"Digjen ditaret e shkoll\u00ebs V\u00ebllaz\u00ebrim \u2013 Bashkim n\u00eb Ulqin\"}]},{\"@type\":\"Person\",\"@id\":\"https:\/\/www.visit-ulcinj.com\/blog\/#\/schema\/person\/dcab619c614d3038751c63bc2aadc06d\",\"name\":\"ulqini\",\"sameAs\":[\"http:\/\/www.visit-ulcinj.com\"],\"url\":\"https:\/\/www.visit-ulcinj.com\/blog\/author\/admin\/\"}]}<\/script>\n<!-- \/ Yoast SEO plugin. -->","yoast_head_json":{"title":"Digjen ditaret e shkoll\u00ebs V\u00ebllaz\u00ebrim \u2013 Bashkim n\u00eb Ulqin - Lajme nga Ulqini","description":"Mbr\u00ebm\u00eb nj\u00eb apo disa keqb\u00ebr\u00ebs t\u00eb panjohur kan\u00eb hyr\u00eb n\u00eb sall\u00ebn e arsimtar\u00ebve t\u00eb shkoll\u00ebs s\u00eb mesme \u201cV\u00ebllaz\u00ebrim \u2013 Bashkim\u201c n\u00eb Ulqin dhe kan\u00eb marr\u00eb me vehte m\u00eb","robots":{"index":"index","follow":"follow","max-snippet":"max-snippet:-1","max-image-preview":"max-image-preview:large","max-video-preview":"max-video-preview:-1"},"canonical":"https:\/\/www.visit-ulcinj.com\/blog\/2011\/03\/24\/digjen-ditaret-e-shkolles-vellazerim-\u2013-bashkim-ne-ulqin\/","og_locale":"en_US","og_type":"article","og_title":"Digjen ditaret e shkoll\u00ebs V\u00ebllaz\u00ebrim \u2013 Bashkim n\u00eb Ulqin - Lajme nga Ulqini","og_description":"Mbr\u00ebm\u00eb nj\u00eb apo disa keqb\u00ebr\u00ebs t\u00eb panjohur kan\u00eb hyr\u00eb n\u00eb sall\u00ebn e arsimtar\u00ebve t\u00eb shkoll\u00ebs s\u00eb mesme \u201cV\u00ebllaz\u00ebrim \u2013 Bashkim\u201c n\u00eb Ulqin dhe kan\u00eb marr\u00eb me vehte m\u00eb","og_url":"https:\/\/www.visit-ulcinj.com\/blog\/2011\/03\/24\/digjen-ditaret-e-shkolles-vellazerim-\u2013-bashkim-ne-ulqin\/","og_site_name":"Lajme nga Ulqini","article_published_time":"2011-03-24T11:27:23+00:00","article_modified_time":"2011-03-24T11:27:35+00:00","twitter_misc":{"Written by":"ulqini","Est. reading time":"1 minute"},"schema":{"@context":"https:\/\/schema.org","@graph":[{"@type":"WebSite","@id":"https:\/\/www.visit-ulcinj.com\/blog\/#website","url":"https:\/\/www.visit-ulcinj.com\/blog\/","name":"Lajme nga Ulqini","description":"Lajme,Vijesti,Ulqini,Ulqin,Crna Gora,Mali i Zi","potentialAction":[{"@type":"SearchAction","target":{"@type":"EntryPoint","urlTemplate":"https:\/\/www.visit-ulcinj.com\/blog\/?s={search_term_string}"},"query-input":"required name=search_term_string"}],"inLanguage":"en-US"},{"@type":"WebPage","@id":"https:\/\/www.visit-ulcinj.com\/blog\/2011\/03\/24\/digjen-ditaret-e-shkolles-vellazerim-%e2%80%93-bashkim-ne-ulqin\/#webpage","url":"https:\/\/www.visit-ulcinj.com\/blog\/2011\/03\/24\/digjen-ditaret-e-shkolles-vellazerim-%e2%80%93-bashkim-ne-ulqin\/","name":"Digjen ditaret e shkoll\u00ebs V\u00ebllaz\u00ebrim \u2013 Bashkim n\u00eb Ulqin - Lajme nga Ulqini","isPartOf":{"@id":"https:\/\/www.visit-ulcinj.com\/blog\/#website"},"datePublished":"2011-03-24T11:27:23+00:00","dateModified":"2011-03-24T11:27:35+00:00","author":{"@id":"https:\/\/www.visit-ulcinj.com\/blog\/#\/schema\/person\/dcab619c614d3038751c63bc2aadc06d"},"description":"Mbr\u00ebm\u00eb nj\u00eb apo disa keqb\u00ebr\u00ebs t\u00eb panjohur kan\u00eb hyr\u00eb n\u00eb sall\u00ebn e arsimtar\u00ebve t\u00eb shkoll\u00ebs s\u00eb mesme \u201cV\u00ebllaz\u00ebrim \u2013 Bashkim\u201c n\u00eb Ulqin dhe kan\u00eb marr\u00eb me vehte m\u00eb","breadcrumb":{"@id":"https:\/\/www.visit-ulcinj.com\/blog\/2011\/03\/24\/digjen-ditaret-e-shkolles-vellazerim-%e2%80%93-bashkim-ne-ulqin\/#breadcrumb"},"inLanguage":"en-US","potentialAction":[{"@type":"ReadAction","target":["https:\/\/www.visit-ulcinj.com\/blog\/2011\/03\/24\/digjen-ditaret-e-shkolles-vellazerim-%e2%80%93-bashkim-ne-ulqin\/"]}]},{"@type":"BreadcrumbList","@id":"https:\/\/www.visit-ulcinj.com\/blog\/2011\/03\/24\/digjen-ditaret-e-shkolles-vellazerim-%e2%80%93-bashkim-ne-ulqin\/#breadcrumb","itemListElement":[{"@type":"ListItem","position":1,"name":"Digjen ditaret e shkoll\u00ebs V\u00ebllaz\u00ebrim \u2013 Bashkim n\u00eb Ulqin"}]},{"@type":"Person","@id":"https:\/\/www.visit-ulcinj.com\/blog\/#\/schema\/person\/dcab619c614d3038751c63bc2aadc06d","name":"ulqini","sameAs":["http:\/\/www.visit-ulcinj.com"],"url":"https:\/\/www.visit-ulcinj.com\/blog\/author\/admin\/"}]}},"jetpack_featured_media_url":"","jetpack_sharing_enabled":true,"jetpack_shortlink":"https:\/\/wp.me\/pe6lTn-bJw","_links":{"self":[{"href":"https:\/\/www.visit-ulcinj.com\/blog\/wp-json\/wp\/v2\/posts\/45106"}],"collection":[{"href":"https:\/\/www.visit-ulcinj.com\/blog\/wp-json\/wp\/v2\/posts"}],"about":[{"href":"https:\/\/www.visit-ulcinj.com\/blog\/wp-json\/wp\/v2\/types\/post"}],"author":[{"embeddable":true,"href":"https:\/\/www.visit-ulcinj.com\/blog\/wp-json\/wp\/v2\/users\/1"}],"replies":[{"embeddable":true,"href":"https:\/\/www.visit-ulcinj.com\/blog\/wp-json\/wp\/v2\/comments?post=45106"}],"version-history":[{"count":0,"href":"https:\/\/www.visit-ulcinj.com\/blog\/wp-json\/wp\/v2\/posts\/45106\/revisions"}],"wp:attachment":[{"href":"https:\/\/www.visit-ulcinj.com\/blog\/wp-json\/wp\/v2\/media?parent=45106"}],"wp:term":[{"taxonomy":"category","embeddable":true,"href":"https:\/\/www.visit-ulcinj.com\/blog\/wp-json\/wp\/v2\/categories?post=45106"},{"taxonomy":"post_tag","embeddable":true,"href":"https:\/\/www.visit-ulcinj.com\/blog\/wp-json\/wp\/v2\/tags?post=45106"}],"curies":[{"name":"wp","href":"https:\/\/api.w.org\/{rel}","templated":true}]}}