{"id":45111,"date":"2011-03-24T13:28:12","date_gmt":"2011-03-24T12:28:12","guid":{"rendered":"http:\/\/www.visit-ulcinj.com\/blog\/?p=45111"},"modified":"2011-03-29T21:14:22","modified_gmt":"2011-03-29T20:14:22","slug":"htp-ulcinjska-rivijera-u-sajam-turizma-metubes-2011","status":"publish","type":"post","link":"https:\/\/www.visit-ulcinj.com\/blog\/2011\/03\/24\/htp-ulcinjska-rivijera-u-sajam-turizma-metubes-2011\/","title":{"rendered":"HTP Ulcinjska rivijera u sajam turizma METUBES 2011"},"content":{"rendered":"<p><strong><a href=\"http:\/\/www.visit-ulcinj.com\/blog\/wp-content\/uploads\/2011\/03\/Ulcinjska-rivijera-_-METUBES-2011_Budva.jpg\"><img loading=\"lazy\" class=\"alignleft size-full wp-image-45112\" title=\"Ulcinjska rivijera _ METUBES 2011_Budva\" src=\"http:\/\/www.visit-ulcinj.com\/blog\/wp-content\/uploads\/2011\/03\/Ulcinjska-rivijera-_-METUBES-2011_Budva.jpg\" alt=\"\" width=\"508\" height=\"708\" \/><\/a>Sajam turizma METUBES 2011 koji danas po\u010dinje u Budvi i traje do 26.marta<\/strong><\/p>\n<p>Nakon predstavljanja na sajmovima turizma u Berlinu i Moskvi, HTP Ulcinjska rivijera \u0107e od 24. do 26. marta zajedno sa Turisti\u010dkom organizacijom Ulcinja predstaviti svoju ponudu na sajmu turizma u Budvi &#8211; METUBES 2011.<\/p>\n<p>Najavljeno je da \u0107e se HTP Ulcinjska rivijera na sajmu METUBES predstaviti sa bro\u0161urom za 2011. godinu i cijenama koje se kre\u0107u od 20 do 36 eura za polupansion po osobi dnevno.<\/p>\n<p>&#8220;Doma\u0107e tr\u017ei\u0161te \u0107emo dodatno animirati vikend aran\u017eamima koji podrazumijevaju boravak u na\u0161im hotelima po cijeni od 30 eura za dva no\u0107enja s doru\u010dkom po osobi i 40 eura za dva polupansiona po osobi. Predstavi\u0107emo i ponudu za organizovanje seminara u hotelu \u201eOlympic\u201c na Velikoj pla\u017ei po cijeni od 33 eura za pun pansion po osobi koja uklju\u010duje kori\u0161\u0107enje svih hotelskih sadr\u017eaja i sale za satanke, opremljene video-bimom, projektorom, flip chart tablom i be\u017ei\u010dnim internetom\u201c, ka\u017eu u Ulcinjskoj rivijeri.<\/p>\n<p>U okviru METUBES-a i ove godine bi\u0107e organizovan Festival turisti\u010dkih komunikacija u organizaciji AMC Communications i Jadranskog sajma a pod pokroviteljstvom Nacionalne turisti\u010dke organizacije Crne Gore.<br \/>\nIzme\u0111u ostalog svoje strategije \u0107e predstaviti turisti\u010dke organizacije Slovenije, Srbije, Albanije i Crne Gore.<\/p>\n<!--YouTube Error: bad URL entered-->\n","protected":false},"excerpt":{"rendered":"<p>Sajam turizma METUBES 2011 koji danas po\u010dinje u Budvi i traje do 26.marta Nakon predstavljanja na sajmovima turizma u Berlinu i Moskvi, HTP Ulcinjska rivijera \u0107e od 24. do 26. marta zajedno sa Turisti\u010dkom organizacijom Ulcinja predstaviti svoju ponudu na sajmu turizma u Budvi &#8211; METUBES 2011. Najavljeno je da \u0107e se HTP Ulcinjska rivijera [&hellip;]<\/p>\n","protected":false},"author":1,"featured_media":0,"comment_status":"open","ping_status":"closed","sticky":false,"template":"","format":"standard","meta":{"spay_email":"","jetpack_publicize_message":"","jetpack_is_tweetstorm":false,"jetpack_publicize_feature_enabled":true},"categories":[8337],"tags":[4032,21,250,14061,14067,17879,11838,11830,14065,14066,11834,19,12120,17880],"jetpack_publicize_connections":[],"yoast_head":"<!-- This site is optimized with the Yoast SEO plugin v19.1 - https:\/\/yoast.com\/wordpress\/plugins\/seo\/ -->\n<title>HTP Ulcinjska rivijera u sajam turizma METUBES 2011 - Lajme nga Ulqini<\/title>\n<meta name=\"description\" content=\"Sajam turizma METUBES 2011 koji danas po\u010dinje u Budvi i traje do 26.marta Nakon predstavljanja na sajmovima turizma u Berlinu i Moskvi, HTP Ulcinjska\" \/>\n<meta name=\"robots\" content=\"index, follow, max-snippet:-1, max-image-preview:large, max-video-preview:-1\" \/>\n<link rel=\"canonical\" href=\"https:\/\/www.visit-ulcinj.com\/blog\/2011\/03\/24\/htp-ulcinjska-rivijera-u-sajam-turizma-metubes-2011\/\" \/>\n<meta property=\"og:locale\" content=\"en_US\" \/>\n<meta property=\"og:type\" content=\"article\" \/>\n<meta property=\"og:title\" content=\"HTP Ulcinjska rivijera u sajam turizma METUBES 2011 - Lajme nga Ulqini\" \/>\n<meta property=\"og:description\" content=\"Sajam turizma METUBES 2011 koji danas po\u010dinje u Budvi i traje do 26.marta Nakon predstavljanja na sajmovima turizma u Berlinu i Moskvi, HTP Ulcinjska\" \/>\n<meta property=\"og:url\" content=\"https:\/\/www.visit-ulcinj.com\/blog\/2011\/03\/24\/htp-ulcinjska-rivijera-u-sajam-turizma-metubes-2011\/\" \/>\n<meta property=\"og:site_name\" content=\"Lajme nga Ulqini\" \/>\n<meta property=\"article:published_time\" content=\"2011-03-24T12:28:12+00:00\" \/>\n<meta property=\"article:modified_time\" content=\"2011-03-29T20:14:22+00:00\" \/>\n<meta property=\"og:image\" content=\"http:\/\/www.visit-ulcinj.com\/blog\/wp-content\/uploads\/2011\/03\/Ulcinjska-rivijera-_-METUBES-2011_Budva.jpg\" \/>\n<meta name=\"twitter:label1\" content=\"Written by\" \/>\n\t<meta name=\"twitter:data1\" content=\"ulqini\" \/>\n\t<meta name=\"twitter:label2\" content=\"Est. reading time\" \/>\n\t<meta name=\"twitter:data2\" content=\"1 minute\" \/>\n<script type=\"application\/ld+json\" class=\"yoast-schema-graph\">{\"@context\":\"https:\/\/schema.org\",\"@graph\":[{\"@type\":\"WebSite\",\"@id\":\"https:\/\/www.visit-ulcinj.com\/blog\/#website\",\"url\":\"https:\/\/www.visit-ulcinj.com\/blog\/\",\"name\":\"Lajme nga Ulqini\",\"description\":\"Lajme,Vijesti,Ulqini,Ulqin,Crna Gora,Mali i Zi\",\"potentialAction\":[{\"@type\":\"SearchAction\",\"target\":{\"@type\":\"EntryPoint\",\"urlTemplate\":\"https:\/\/www.visit-ulcinj.com\/blog\/?s={search_term_string}\"},\"query-input\":\"required name=search_term_string\"}],\"inLanguage\":\"en-US\"},{\"@type\":\"ImageObject\",\"inLanguage\":\"en-US\",\"@id\":\"https:\/\/www.visit-ulcinj.com\/blog\/2011\/03\/24\/htp-ulcinjska-rivijera-u-sajam-turizma-metubes-2011\/#primaryimage\",\"url\":\"https:\/\/www.visit-ulcinj.com\/blog\/wp-content\/uploads\/2011\/03\/Ulcinjska-rivijera-_-METUBES-2011_Budva.jpg\",\"contentUrl\":\"https:\/\/www.visit-ulcinj.com\/blog\/wp-content\/uploads\/2011\/03\/Ulcinjska-rivijera-_-METUBES-2011_Budva.jpg\",\"width\":\"713\",\"height\":\"1020\"},{\"@type\":\"WebPage\",\"@id\":\"https:\/\/www.visit-ulcinj.com\/blog\/2011\/03\/24\/htp-ulcinjska-rivijera-u-sajam-turizma-metubes-2011\/#webpage\",\"url\":\"https:\/\/www.visit-ulcinj.com\/blog\/2011\/03\/24\/htp-ulcinjska-rivijera-u-sajam-turizma-metubes-2011\/\",\"name\":\"HTP Ulcinjska rivijera u sajam turizma METUBES 2011 - Lajme nga Ulqini\",\"isPartOf\":{\"@id\":\"https:\/\/www.visit-ulcinj.com\/blog\/#website\"},\"primaryImageOfPage\":{\"@id\":\"https:\/\/www.visit-ulcinj.com\/blog\/2011\/03\/24\/htp-ulcinjska-rivijera-u-sajam-turizma-metubes-2011\/#primaryimage\"},\"datePublished\":\"2011-03-24T12:28:12+00:00\",\"dateModified\":\"2011-03-29T20:14:22+00:00\",\"author\":{\"@id\":\"https:\/\/www.visit-ulcinj.com\/blog\/#\/schema\/person\/dcab619c614d3038751c63bc2aadc06d\"},\"description\":\"Sajam turizma METUBES 2011 koji danas po\u010dinje u Budvi i traje do 26.marta Nakon predstavljanja na sajmovima turizma u Berlinu i Moskvi, HTP Ulcinjska\",\"breadcrumb\":{\"@id\":\"https:\/\/www.visit-ulcinj.com\/blog\/2011\/03\/24\/htp-ulcinjska-rivijera-u-sajam-turizma-metubes-2011\/#breadcrumb\"},\"inLanguage\":\"en-US\",\"potentialAction\":[{\"@type\":\"ReadAction\",\"target\":[\"https:\/\/www.visit-ulcinj.com\/blog\/2011\/03\/24\/htp-ulcinjska-rivijera-u-sajam-turizma-metubes-2011\/\"]}]},{\"@type\":\"BreadcrumbList\",\"@id\":\"https:\/\/www.visit-ulcinj.com\/blog\/2011\/03\/24\/htp-ulcinjska-rivijera-u-sajam-turizma-metubes-2011\/#breadcrumb\",\"itemListElement\":[{\"@type\":\"ListItem\",\"position\":1,\"name\":\"HTP Ulcinjska rivijera u sajam turizma METUBES 2011\"}]},{\"@type\":\"Person\",\"@id\":\"https:\/\/www.visit-ulcinj.com\/blog\/#\/schema\/person\/dcab619c614d3038751c63bc2aadc06d\",\"name\":\"ulqini\",\"sameAs\":[\"http:\/\/www.visit-ulcinj.com\"],\"url\":\"https:\/\/www.visit-ulcinj.com\/blog\/author\/admin\/\"}]}<\/script>\n<!-- \/ Yoast SEO plugin. -->","yoast_head_json":{"title":"HTP Ulcinjska rivijera u sajam turizma METUBES 2011 - Lajme nga Ulqini","description":"Sajam turizma METUBES 2011 koji danas po\u010dinje u Budvi i traje do 26.marta Nakon predstavljanja na sajmovima turizma u Berlinu i Moskvi, HTP Ulcinjska","robots":{"index":"index","follow":"follow","max-snippet":"max-snippet:-1","max-image-preview":"max-image-preview:large","max-video-preview":"max-video-preview:-1"},"canonical":"https:\/\/www.visit-ulcinj.com\/blog\/2011\/03\/24\/htp-ulcinjska-rivijera-u-sajam-turizma-metubes-2011\/","og_locale":"en_US","og_type":"article","og_title":"HTP Ulcinjska rivijera u sajam turizma METUBES 2011 - Lajme nga Ulqini","og_description":"Sajam turizma METUBES 2011 koji danas po\u010dinje u Budvi i traje do 26.marta Nakon predstavljanja na sajmovima turizma u Berlinu i Moskvi, HTP Ulcinjska","og_url":"https:\/\/www.visit-ulcinj.com\/blog\/2011\/03\/24\/htp-ulcinjska-rivijera-u-sajam-turizma-metubes-2011\/","og_site_name":"Lajme nga Ulqini","article_published_time":"2011-03-24T12:28:12+00:00","article_modified_time":"2011-03-29T20:14:22+00:00","og_image":[{"url":"http:\/\/www.visit-ulcinj.com\/blog\/wp-content\/uploads\/2011\/03\/Ulcinjska-rivijera-_-METUBES-2011_Budva.jpg"}],"twitter_misc":{"Written by":"ulqini","Est. reading time":"1 minute"},"schema":{"@context":"https:\/\/schema.org","@graph":[{"@type":"WebSite","@id":"https:\/\/www.visit-ulcinj.com\/blog\/#website","url":"https:\/\/www.visit-ulcinj.com\/blog\/","name":"Lajme nga Ulqini","description":"Lajme,Vijesti,Ulqini,Ulqin,Crna Gora,Mali i Zi","potentialAction":[{"@type":"SearchAction","target":{"@type":"EntryPoint","urlTemplate":"https:\/\/www.visit-ulcinj.com\/blog\/?s={search_term_string}"},"query-input":"required name=search_term_string"}],"inLanguage":"en-US"},{"@type":"ImageObject","inLanguage":"en-US","@id":"https:\/\/www.visit-ulcinj.com\/blog\/2011\/03\/24\/htp-ulcinjska-rivijera-u-sajam-turizma-metubes-2011\/#primaryimage","url":"https:\/\/www.visit-ulcinj.com\/blog\/wp-content\/uploads\/2011\/03\/Ulcinjska-rivijera-_-METUBES-2011_Budva.jpg","contentUrl":"https:\/\/www.visit-ulcinj.com\/blog\/wp-content\/uploads\/2011\/03\/Ulcinjska-rivijera-_-METUBES-2011_Budva.jpg","width":"713","height":"1020"},{"@type":"WebPage","@id":"https:\/\/www.visit-ulcinj.com\/blog\/2011\/03\/24\/htp-ulcinjska-rivijera-u-sajam-turizma-metubes-2011\/#webpage","url":"https:\/\/www.visit-ulcinj.com\/blog\/2011\/03\/24\/htp-ulcinjska-rivijera-u-sajam-turizma-metubes-2011\/","name":"HTP Ulcinjska rivijera u sajam turizma METUBES 2011 - Lajme nga Ulqini","isPartOf":{"@id":"https:\/\/www.visit-ulcinj.com\/blog\/#website"},"primaryImageOfPage":{"@id":"https:\/\/www.visit-ulcinj.com\/blog\/2011\/03\/24\/htp-ulcinjska-rivijera-u-sajam-turizma-metubes-2011\/#primaryimage"},"datePublished":"2011-03-24T12:28:12+00:00","dateModified":"2011-03-29T20:14:22+00:00","author":{"@id":"https:\/\/www.visit-ulcinj.com\/blog\/#\/schema\/person\/dcab619c614d3038751c63bc2aadc06d"},"description":"Sajam turizma METUBES 2011 koji danas po\u010dinje u Budvi i traje do 26.marta Nakon predstavljanja na sajmovima turizma u Berlinu i Moskvi, HTP Ulcinjska","breadcrumb":{"@id":"https:\/\/www.visit-ulcinj.com\/blog\/2011\/03\/24\/htp-ulcinjska-rivijera-u-sajam-turizma-metubes-2011\/#breadcrumb"},"inLanguage":"en-US","potentialAction":[{"@type":"ReadAction","target":["https:\/\/www.visit-ulcinj.com\/blog\/2011\/03\/24\/htp-ulcinjska-rivijera-u-sajam-turizma-metubes-2011\/"]}]},{"@type":"BreadcrumbList","@id":"https:\/\/www.visit-ulcinj.com\/blog\/2011\/03\/24\/htp-ulcinjska-rivijera-u-sajam-turizma-metubes-2011\/#breadcrumb","itemListElement":[{"@type":"ListItem","position":1,"name":"HTP Ulcinjska rivijera u sajam turizma METUBES 2011"}]},{"@type":"Person","@id":"https:\/\/www.visit-ulcinj.com\/blog\/#\/schema\/person\/dcab619c614d3038751c63bc2aadc06d","name":"ulqini","sameAs":["http:\/\/www.visit-ulcinj.com"],"url":"https:\/\/www.visit-ulcinj.com\/blog\/author\/admin\/"}]}},"jetpack_featured_media_url":"","jetpack_sharing_enabled":true,"jetpack_shortlink":"https:\/\/wp.me\/pe6lTn-bJB","_links":{"self":[{"href":"https:\/\/www.visit-ulcinj.com\/blog\/wp-json\/wp\/v2\/posts\/45111"}],"collection":[{"href":"https:\/\/www.visit-ulcinj.com\/blog\/wp-json\/wp\/v2\/posts"}],"about":[{"href":"https:\/\/www.visit-ulcinj.com\/blog\/wp-json\/wp\/v2\/types\/post"}],"author":[{"embeddable":true,"href":"https:\/\/www.visit-ulcinj.com\/blog\/wp-json\/wp\/v2\/users\/1"}],"replies":[{"embeddable":true,"href":"https:\/\/www.visit-ulcinj.com\/blog\/wp-json\/wp\/v2\/comments?post=45111"}],"version-history":[{"count":0,"href":"https:\/\/www.visit-ulcinj.com\/blog\/wp-json\/wp\/v2\/posts\/45111\/revisions"}],"wp:attachment":[{"href":"https:\/\/www.visit-ulcinj.com\/blog\/wp-json\/wp\/v2\/media?parent=45111"}],"wp:term":[{"taxonomy":"category","embeddable":true,"href":"https:\/\/www.visit-ulcinj.com\/blog\/wp-json\/wp\/v2\/categories?post=45111"},{"taxonomy":"post_tag","embeddable":true,"href":"https:\/\/www.visit-ulcinj.com\/blog\/wp-json\/wp\/v2\/tags?post=45111"}],"curies":[{"name":"wp","href":"https:\/\/api.w.org\/{rel}","templated":true}]}}