{"id":45118,"date":"2011-03-24T16:41:18","date_gmt":"2011-03-24T15:41:18","guid":{"rendered":"http:\/\/www.visit-ulcinj.com\/blog\/?p=45118"},"modified":"2011-03-24T16:46:02","modified_gmt":"2011-03-24T15:46:02","slug":"apel-per-deklarim-te-perkatesise-nacionale-dhe-asaj-gjuhesore","status":"publish","type":"post","link":"https:\/\/www.visit-ulcinj.com\/blog\/2011\/03\/24\/apel-per-deklarim-te-perkatesise-nacionale-dhe-asaj-gjuhesore\/","title":{"rendered":"Apel p\u00ebr deklarim t\u00eb p\u00ebrkat\u00ebsis\u00eb nacionale dhe asaj gjuh\u00ebsore"},"content":{"rendered":"<p><a href=\"http:\/\/www.visit-ulcinj.com\/blog\/wp-content\/uploads\/2011\/03\/Regjistrimi-i-popullsis_logo_2011.png\"><img loading=\"lazy\" class=\"alignleft size-full wp-image-45119\" title=\"Regjistrimi i popullsis_logo_2011\" src=\"http:\/\/www.visit-ulcinj.com\/blog\/wp-content\/uploads\/2011\/03\/Regjistrimi-i-popullsis_logo_2011.png\" alt=\"\" width=\"184\" height=\"173\" \/><\/a>N\u00eb regjistrimin e popullsis\u00eb i cili do t\u00eb realizohet muajin e ardhsh\u00ebm, pik\u00ebrisht nga data 1-15 prill t\u00eb k\u00ebtij viti, m\u00eb vler\u00eb t\u00eb ve\u00e7ant\u00eb jan\u00eb deklarimi i qytetar\u00ebve sipas p\u00ebrkat\u00ebsis\u00eb nacionale dhe asaj gjuh\u00ebsore. Duke marr\u00eb parasysh s\u00eb n\u00eb t\u00eb kaluar\u00ebn t\u00eb dh\u00ebnat e tilla kan\u00eb qen\u00eb t\u00eb ndryshme, rol t\u00eb r\u00ebnd\u00ebsish\u00ebm luajn\u00eb regjistruesit, pra personat q\u00eb do t\u00eb merren me evidentimin e t\u00eb dh\u00ebnave n\u00eb fletet regjistruese, shpresojm\u00eb s\u00eb ata do t\u00eb punojn\u00eb m\u00eb nd\u00ebrgjegje, duke prezantuar t\u00eb dh\u00ebna reale.<\/p>\n<p>Duke marr\u00eb parasysh s\u00eb Ligji p\u00ebr regjistrimin e popullsis\u00eb lejon mund\u00ebsin\u00eb q\u00eb qytetar\u00ebt t\u00eb mos deklarojn\u00eb p\u00ebrkat\u00ebsin\u00eb e tyre komb\u00ebtare por edhe ate gjuh\u00ebsore dhe fetare, apelojm\u00eb tek qytetar\u00ebt m\u00eb komb\u00ebsi shqiptare t\u00eb deklarohen pa hezitim ashtu si\u00e7 jan\u00eb. Me nj\u00eb veprim t\u00eb till\u00eb ju do t\u00eb tregoni dinjitetin tuaj, se dini s\u00eb kush jeni dhe cil\u00ebn gjuh\u00eb e keni amtare.<\/p>\n<p>&nbsp;<\/p>\n<p><strong><a href=\"http:\/\/www.forca.me\/index.php?option=com_content&amp;view=article&amp;id=344%3Aapel-per-deklarim-te-perkatesise-nacionale-dhe-asaj-gjuhesore&amp;catid=34%3Aforca-press&amp;Itemid=131&amp;lang=sq\" target=\"_blank\">Lexo m\u00eb Shum\u00eb <span style=\"text-decoration: underline;\"> &gt;&gt; Forca Press<\/span><\/a><\/strong><br \/>\n<!--YouTube Error: bad URL entered--><br \/>\n<span style=\"color: #ffffff;\">Amull, ana malit, Aru\u00e7ij,  Bardhij, Berjashij, Blaca, Bojk\u00eb, Bolejt, Brajshe, bratic\u00eb, Brisku nelt,  Brisku pasht, \u00c7obaj, Cukaj, Curajt nelt, Curij pasht, Darz\u00eb, Demirijt,  Dodaj, Dragaj, Dragoviq, Durakij, Fraskanjell, Gjecbritij, Gjenashej,  Gjenciq, Gjyrjani, Hajdarijt, Hardajt, Hutij, Kacaj, Kaleci, Kalimani,  Kanaqi, katerkoll\u00eb, Klezna, Kod\u00ebr, Kolonza, Kosiq, Kova\u00e7ej, Kraj\u00eb,  Kravari, Kryth\u00eb, Lekperij, Leskovac, Liarja, Lihari, Likaj, Lisna Bore,  Lubanijt, Madgueshi, Mali i Zi, Markashij, Maxhurej, Megjure\u00e7, Millajt,  Mill\u00eb, Montenegro, Mozhur\u00eb, ostros, peraj, Perashij, Pistull, Priftij,  Qurkaj, Ramushje, Rastish, Re\u00e7, Runji, Sal\u00e7, Shas, Sh\u00ebngjergj, Shtodh\u00ebr,  Shtoji, Sjerci, Subashij, Sukobin\u00eb, Sutjell, Syrliq, Tafajt, ulqin,  ulqini, Veliqi, Vu\u00e7kij, Zogaj<\/span><\/p>\n","protected":false},"excerpt":{"rendered":"<p>N\u00eb regjistrimin e popullsis\u00eb i cili do t\u00eb realizohet muajin e ardhsh\u00ebm, pik\u00ebrisht nga data 1-15 prill t\u00eb k\u00ebtij viti, m\u00eb vler\u00eb t\u00eb ve\u00e7ant\u00eb jan\u00eb deklarimi i qytetar\u00ebve sipas p\u00ebrkat\u00ebsis\u00eb nacionale dhe asaj gjuh\u00ebsore. Duke marr\u00eb parasysh s\u00eb n\u00eb t\u00eb kaluar\u00ebn t\u00eb dh\u00ebnat e tilla kan\u00eb qen\u00eb t\u00eb ndryshme, rol t\u00eb r\u00ebnd\u00ebsish\u00ebm luajn\u00eb regjistruesit, pra [&hellip;]<\/p>\n","protected":false},"author":1,"featured_media":0,"comment_status":"open","ping_status":"closed","sticky":false,"template":"","format":"standard","meta":{"spay_email":"","jetpack_publicize_message":"","jetpack_is_tweetstorm":false,"jetpack_publicize_feature_enabled":true},"categories":[14249],"tags":[13363,498,1653,500,16882,208,1655,1645,200,18],"jetpack_publicize_connections":[],"yoast_head":"<!-- This site is optimized with the Yoast SEO plugin v19.1 - https:\/\/yoast.com\/wordpress\/plugins\/seo\/ -->\n<title>Apel p\u00ebr deklarim t\u00eb p\u00ebrkat\u00ebsis\u00eb nacionale dhe asaj gjuh\u00ebsore - Lajme nga Ulqini<\/title>\n<meta name=\"description\" content=\"N\u00eb regjistrimin e popullsis\u00eb i cili do t\u00eb realizohet muajin e ardhsh\u00ebm, pik\u00ebrisht nga data 1-15 prill t\u00eb k\u00ebtij viti, m\u00eb vler\u00eb t\u00eb ve\u00e7ant\u00eb jan\u00eb deklarimi i\" \/>\n<meta name=\"robots\" content=\"index, follow, max-snippet:-1, max-image-preview:large, max-video-preview:-1\" \/>\n<link rel=\"canonical\" href=\"https:\/\/www.visit-ulcinj.com\/blog\/2011\/03\/24\/apel-per-deklarim-te-perkatesise-nacionale-dhe-asaj-gjuhesore\/\" \/>\n<meta property=\"og:locale\" content=\"en_US\" \/>\n<meta property=\"og:type\" content=\"article\" \/>\n<meta property=\"og:title\" content=\"Apel p\u00ebr deklarim t\u00eb p\u00ebrkat\u00ebsis\u00eb nacionale dhe asaj gjuh\u00ebsore - Lajme nga Ulqini\" \/>\n<meta property=\"og:description\" content=\"N\u00eb regjistrimin e popullsis\u00eb i cili do t\u00eb realizohet muajin e ardhsh\u00ebm, pik\u00ebrisht nga data 1-15 prill t\u00eb k\u00ebtij viti, m\u00eb vler\u00eb t\u00eb ve\u00e7ant\u00eb jan\u00eb deklarimi i\" \/>\n<meta property=\"og:url\" content=\"https:\/\/www.visit-ulcinj.com\/blog\/2011\/03\/24\/apel-per-deklarim-te-perkatesise-nacionale-dhe-asaj-gjuhesore\/\" \/>\n<meta property=\"og:site_name\" content=\"Lajme nga Ulqini\" \/>\n<meta property=\"article:published_time\" content=\"2011-03-24T15:41:18+00:00\" \/>\n<meta property=\"article:modified_time\" content=\"2011-03-24T15:46:02+00:00\" \/>\n<meta property=\"og:image\" content=\"http:\/\/www.visit-ulcinj.com\/blog\/wp-content\/uploads\/2011\/03\/Regjistrimi-i-popullsis_logo_2011.png\" \/>\n<meta name=\"twitter:label1\" content=\"Written by\" \/>\n\t<meta name=\"twitter:data1\" content=\"ulqini\" \/>\n\t<meta name=\"twitter:label2\" content=\"Est. reading time\" \/>\n\t<meta name=\"twitter:data2\" content=\"1 minute\" \/>\n<script type=\"application\/ld+json\" class=\"yoast-schema-graph\">{\"@context\":\"https:\/\/schema.org\",\"@graph\":[{\"@type\":\"WebSite\",\"@id\":\"https:\/\/www.visit-ulcinj.com\/blog\/#website\",\"url\":\"https:\/\/www.visit-ulcinj.com\/blog\/\",\"name\":\"Lajme nga Ulqini\",\"description\":\"Lajme,Vijesti,Ulqini,Ulqin,Crna Gora,Mali i Zi\",\"potentialAction\":[{\"@type\":\"SearchAction\",\"target\":{\"@type\":\"EntryPoint\",\"urlTemplate\":\"https:\/\/www.visit-ulcinj.com\/blog\/?s={search_term_string}\"},\"query-input\":\"required name=search_term_string\"}],\"inLanguage\":\"en-US\"},{\"@type\":\"ImageObject\",\"inLanguage\":\"en-US\",\"@id\":\"https:\/\/www.visit-ulcinj.com\/blog\/2011\/03\/24\/apel-per-deklarim-te-perkatesise-nacionale-dhe-asaj-gjuhesore\/#primaryimage\",\"url\":\"https:\/\/www.visit-ulcinj.com\/blog\/wp-content\/uploads\/2011\/03\/Regjistrimi-i-popullsis_logo_2011.png\",\"contentUrl\":\"https:\/\/www.visit-ulcinj.com\/blog\/wp-content\/uploads\/2011\/03\/Regjistrimi-i-popullsis_logo_2011.png\",\"width\":\"157\",\"height\":\"173\"},{\"@type\":\"WebPage\",\"@id\":\"https:\/\/www.visit-ulcinj.com\/blog\/2011\/03\/24\/apel-per-deklarim-te-perkatesise-nacionale-dhe-asaj-gjuhesore\/#webpage\",\"url\":\"https:\/\/www.visit-ulcinj.com\/blog\/2011\/03\/24\/apel-per-deklarim-te-perkatesise-nacionale-dhe-asaj-gjuhesore\/\",\"name\":\"Apel p\u00ebr deklarim t\u00eb p\u00ebrkat\u00ebsis\u00eb nacionale dhe asaj gjuh\u00ebsore - Lajme nga Ulqini\",\"isPartOf\":{\"@id\":\"https:\/\/www.visit-ulcinj.com\/blog\/#website\"},\"primaryImageOfPage\":{\"@id\":\"https:\/\/www.visit-ulcinj.com\/blog\/2011\/03\/24\/apel-per-deklarim-te-perkatesise-nacionale-dhe-asaj-gjuhesore\/#primaryimage\"},\"datePublished\":\"2011-03-24T15:41:18+00:00\",\"dateModified\":\"2011-03-24T15:46:02+00:00\",\"author\":{\"@id\":\"https:\/\/www.visit-ulcinj.com\/blog\/#\/schema\/person\/dcab619c614d3038751c63bc2aadc06d\"},\"description\":\"N\u00eb regjistrimin e popullsis\u00eb i cili do t\u00eb realizohet muajin e ardhsh\u00ebm, pik\u00ebrisht nga data 1-15 prill t\u00eb k\u00ebtij viti, m\u00eb vler\u00eb t\u00eb ve\u00e7ant\u00eb jan\u00eb deklarimi i\",\"breadcrumb\":{\"@id\":\"https:\/\/www.visit-ulcinj.com\/blog\/2011\/03\/24\/apel-per-deklarim-te-perkatesise-nacionale-dhe-asaj-gjuhesore\/#breadcrumb\"},\"inLanguage\":\"en-US\",\"potentialAction\":[{\"@type\":\"ReadAction\",\"target\":[\"https:\/\/www.visit-ulcinj.com\/blog\/2011\/03\/24\/apel-per-deklarim-te-perkatesise-nacionale-dhe-asaj-gjuhesore\/\"]}]},{\"@type\":\"BreadcrumbList\",\"@id\":\"https:\/\/www.visit-ulcinj.com\/blog\/2011\/03\/24\/apel-per-deklarim-te-perkatesise-nacionale-dhe-asaj-gjuhesore\/#breadcrumb\",\"itemListElement\":[{\"@type\":\"ListItem\",\"position\":1,\"name\":\"Apel p\u00ebr deklarim t\u00eb p\u00ebrkat\u00ebsis\u00eb nacionale dhe asaj gjuh\u00ebsore\"}]},{\"@type\":\"Person\",\"@id\":\"https:\/\/www.visit-ulcinj.com\/blog\/#\/schema\/person\/dcab619c614d3038751c63bc2aadc06d\",\"name\":\"ulqini\",\"sameAs\":[\"http:\/\/www.visit-ulcinj.com\"],\"url\":\"https:\/\/www.visit-ulcinj.com\/blog\/author\/admin\/\"}]}<\/script>\n<!-- \/ Yoast SEO plugin. -->","yoast_head_json":{"title":"Apel p\u00ebr deklarim t\u00eb p\u00ebrkat\u00ebsis\u00eb nacionale dhe asaj gjuh\u00ebsore - Lajme nga Ulqini","description":"N\u00eb regjistrimin e popullsis\u00eb i cili do t\u00eb realizohet muajin e ardhsh\u00ebm, pik\u00ebrisht nga data 1-15 prill t\u00eb k\u00ebtij viti, m\u00eb vler\u00eb t\u00eb ve\u00e7ant\u00eb jan\u00eb deklarimi i","robots":{"index":"index","follow":"follow","max-snippet":"max-snippet:-1","max-image-preview":"max-image-preview:large","max-video-preview":"max-video-preview:-1"},"canonical":"https:\/\/www.visit-ulcinj.com\/blog\/2011\/03\/24\/apel-per-deklarim-te-perkatesise-nacionale-dhe-asaj-gjuhesore\/","og_locale":"en_US","og_type":"article","og_title":"Apel p\u00ebr deklarim t\u00eb p\u00ebrkat\u00ebsis\u00eb nacionale dhe asaj gjuh\u00ebsore - Lajme nga Ulqini","og_description":"N\u00eb regjistrimin e popullsis\u00eb i cili do t\u00eb realizohet muajin e ardhsh\u00ebm, pik\u00ebrisht nga data 1-15 prill t\u00eb k\u00ebtij viti, m\u00eb vler\u00eb t\u00eb ve\u00e7ant\u00eb jan\u00eb deklarimi i","og_url":"https:\/\/www.visit-ulcinj.com\/blog\/2011\/03\/24\/apel-per-deklarim-te-perkatesise-nacionale-dhe-asaj-gjuhesore\/","og_site_name":"Lajme nga Ulqini","article_published_time":"2011-03-24T15:41:18+00:00","article_modified_time":"2011-03-24T15:46:02+00:00","og_image":[{"url":"http:\/\/www.visit-ulcinj.com\/blog\/wp-content\/uploads\/2011\/03\/Regjistrimi-i-popullsis_logo_2011.png"}],"twitter_misc":{"Written by":"ulqini","Est. reading time":"1 minute"},"schema":{"@context":"https:\/\/schema.org","@graph":[{"@type":"WebSite","@id":"https:\/\/www.visit-ulcinj.com\/blog\/#website","url":"https:\/\/www.visit-ulcinj.com\/blog\/","name":"Lajme nga Ulqini","description":"Lajme,Vijesti,Ulqini,Ulqin,Crna Gora,Mali i Zi","potentialAction":[{"@type":"SearchAction","target":{"@type":"EntryPoint","urlTemplate":"https:\/\/www.visit-ulcinj.com\/blog\/?s={search_term_string}"},"query-input":"required name=search_term_string"}],"inLanguage":"en-US"},{"@type":"ImageObject","inLanguage":"en-US","@id":"https:\/\/www.visit-ulcinj.com\/blog\/2011\/03\/24\/apel-per-deklarim-te-perkatesise-nacionale-dhe-asaj-gjuhesore\/#primaryimage","url":"https:\/\/www.visit-ulcinj.com\/blog\/wp-content\/uploads\/2011\/03\/Regjistrimi-i-popullsis_logo_2011.png","contentUrl":"https:\/\/www.visit-ulcinj.com\/blog\/wp-content\/uploads\/2011\/03\/Regjistrimi-i-popullsis_logo_2011.png","width":"157","height":"173"},{"@type":"WebPage","@id":"https:\/\/www.visit-ulcinj.com\/blog\/2011\/03\/24\/apel-per-deklarim-te-perkatesise-nacionale-dhe-asaj-gjuhesore\/#webpage","url":"https:\/\/www.visit-ulcinj.com\/blog\/2011\/03\/24\/apel-per-deklarim-te-perkatesise-nacionale-dhe-asaj-gjuhesore\/","name":"Apel p\u00ebr deklarim t\u00eb p\u00ebrkat\u00ebsis\u00eb nacionale dhe asaj gjuh\u00ebsore - Lajme nga Ulqini","isPartOf":{"@id":"https:\/\/www.visit-ulcinj.com\/blog\/#website"},"primaryImageOfPage":{"@id":"https:\/\/www.visit-ulcinj.com\/blog\/2011\/03\/24\/apel-per-deklarim-te-perkatesise-nacionale-dhe-asaj-gjuhesore\/#primaryimage"},"datePublished":"2011-03-24T15:41:18+00:00","dateModified":"2011-03-24T15:46:02+00:00","author":{"@id":"https:\/\/www.visit-ulcinj.com\/blog\/#\/schema\/person\/dcab619c614d3038751c63bc2aadc06d"},"description":"N\u00eb regjistrimin e popullsis\u00eb i cili do t\u00eb realizohet muajin e ardhsh\u00ebm, pik\u00ebrisht nga data 1-15 prill t\u00eb k\u00ebtij viti, m\u00eb vler\u00eb t\u00eb ve\u00e7ant\u00eb jan\u00eb deklarimi i","breadcrumb":{"@id":"https:\/\/www.visit-ulcinj.com\/blog\/2011\/03\/24\/apel-per-deklarim-te-perkatesise-nacionale-dhe-asaj-gjuhesore\/#breadcrumb"},"inLanguage":"en-US","potentialAction":[{"@type":"ReadAction","target":["https:\/\/www.visit-ulcinj.com\/blog\/2011\/03\/24\/apel-per-deklarim-te-perkatesise-nacionale-dhe-asaj-gjuhesore\/"]}]},{"@type":"BreadcrumbList","@id":"https:\/\/www.visit-ulcinj.com\/blog\/2011\/03\/24\/apel-per-deklarim-te-perkatesise-nacionale-dhe-asaj-gjuhesore\/#breadcrumb","itemListElement":[{"@type":"ListItem","position":1,"name":"Apel p\u00ebr deklarim t\u00eb p\u00ebrkat\u00ebsis\u00eb nacionale dhe asaj gjuh\u00ebsore"}]},{"@type":"Person","@id":"https:\/\/www.visit-ulcinj.com\/blog\/#\/schema\/person\/dcab619c614d3038751c63bc2aadc06d","name":"ulqini","sameAs":["http:\/\/www.visit-ulcinj.com"],"url":"https:\/\/www.visit-ulcinj.com\/blog\/author\/admin\/"}]}},"jetpack_featured_media_url":"","jetpack_sharing_enabled":true,"jetpack_shortlink":"https:\/\/wp.me\/pe6lTn-bJI","_links":{"self":[{"href":"https:\/\/www.visit-ulcinj.com\/blog\/wp-json\/wp\/v2\/posts\/45118"}],"collection":[{"href":"https:\/\/www.visit-ulcinj.com\/blog\/wp-json\/wp\/v2\/posts"}],"about":[{"href":"https:\/\/www.visit-ulcinj.com\/blog\/wp-json\/wp\/v2\/types\/post"}],"author":[{"embeddable":true,"href":"https:\/\/www.visit-ulcinj.com\/blog\/wp-json\/wp\/v2\/users\/1"}],"replies":[{"embeddable":true,"href":"https:\/\/www.visit-ulcinj.com\/blog\/wp-json\/wp\/v2\/comments?post=45118"}],"version-history":[{"count":0,"href":"https:\/\/www.visit-ulcinj.com\/blog\/wp-json\/wp\/v2\/posts\/45118\/revisions"}],"wp:attachment":[{"href":"https:\/\/www.visit-ulcinj.com\/blog\/wp-json\/wp\/v2\/media?parent=45118"}],"wp:term":[{"taxonomy":"category","embeddable":true,"href":"https:\/\/www.visit-ulcinj.com\/blog\/wp-json\/wp\/v2\/categories?post=45118"},{"taxonomy":"post_tag","embeddable":true,"href":"https:\/\/www.visit-ulcinj.com\/blog\/wp-json\/wp\/v2\/tags?post=45118"}],"curies":[{"name":"wp","href":"https:\/\/api.w.org\/{rel}","templated":true}]}}