{"id":45136,"date":"2011-03-25T15:43:44","date_gmt":"2011-03-25T14:43:44","guid":{"rendered":"http:\/\/www.visit-ulcinj.com\/blog\/?p=45136"},"modified":"2011-03-25T15:45:20","modified_gmt":"2011-03-25T14:45:20","slug":"program-dan-opstine-ulcinj-2011","status":"publish","type":"post","link":"https:\/\/www.visit-ulcinj.com\/blog\/2011\/03\/25\/program-dan-opstine-ulcinj-2011\/","title":{"rendered":"Program, Dan Op\u0161tine Ulcinj 2011"},"content":{"rendered":"<p><strong><a href=\"http:\/\/www.visit-ulcinj.com\/blog\/wp-content\/uploads\/2011\/03\/Dan-Opstine-Ulcinj-2011.jpg\"><img loading=\"lazy\" class=\"alignleft size-full wp-image-45137\" title=\"Dan Opstine Ulcinj 2011\" src=\"http:\/\/www.visit-ulcinj.com\/blog\/wp-content\/uploads\/2011\/03\/Dan-Opstine-Ulcinj-2011.jpg\" alt=\"\" width=\"508\" height=\"300\" \/><\/a>Program, Dan Op\u0161tine Ulcinj 2011<\/strong><\/p>\n<p><strong><span style=\"text-decoration: underline;\">26.03.2011 (subota)<\/span><\/strong><\/p>\n<p>11.00\u00a0\u00a0\u00a0 Sve\u010dani po\u010detak manifestacije \u2019\u2019 Maslina \u2013 blago Ulcinja\u2019\u2019 (Hollegro)<\/p>\n<p>&nbsp;<\/p>\n<p><strong><span style=\"text-decoration: underline;\">28.03.2011 (ponedjeljak)<\/span><\/strong><\/p>\n<p>11.00 Prijem predstavnika vjerskih zajednica<\/p>\n<p>19.00 Koncert muzi\u010dke \u0161kole (Mu\u017ei\u010dka \u0161kola, Ulcinj)<\/p>\n<p>&nbsp;<\/p>\n<p><span style=\"text-decoration: underline;\">29.03.2011 (utorak)<\/span><\/p>\n<p>11.00 Dodjela priznanja najboljim u\u010denicima (Galerija centra za kulturu)<\/p>\n<p>18.00 Finale turnira u Ping-Pongu (sala kod kru\u017enog toka)<\/p>\n<p><span style=\"text-decoration: underline;\"> <\/span><\/p>\n<p><strong><span style=\"text-decoration: underline;\">30.03.2011 (srijeda)<\/span><\/strong><\/p>\n<p>11.00 Manifestacija \u2019\u20191000 cvjeta za Anamalit\u2019\u2019(Vladimir)<\/p>\n<p>19.00 Promocija knjiga \u2019\u2019Rje\u010dnik pomorskih termina\u2019\u2019 autora Hajro Ulqinaku i \u2019\u2019Pomorsko-trgova\u010dka flota Ulcinja kroz vijekove\u2019\u2019 autora dr.prof. Maksud Had\u017eibrahimi (gradska bibloteka)<\/p>\n<p>&nbsp;<\/p>\n<p><strong><span style=\"text-decoration: underline;\">31.03.2011 (\u010detvrtak)<\/span><\/strong><\/p>\n<p>19.00 Izlo\u017eba radova Agrona Ujka\u0161ija (galerija centra za kulturu)<\/p>\n<p>&nbsp;<\/p>\n<p><strong><span style=\"text-decoration: underline;\">01.03.2011 (petak)<\/span><\/strong><\/p>\n<p>10.00 Po\u010detak 3. nau\u010dne konferencije \u2019\u2019Perspektiva ekonomskog razvoja \u2013 \u0161anse i izazovi\u2019\u2019(sala S.O. Ulcinj)<\/p>\n<p>17.00 Posjeta gradili\u0161tu mosta na Port Mileni<\/p>\n<p>&nbsp;<\/p>\n<p><strong><span style=\"text-decoration: underline;\">02.03.2011 (subota)<\/span><\/strong><\/p>\n<p>11.00 Sve\u010dana sjednica Skup\u0161tine Op\u0161tine Ulcinj (Centar za kulturu)<\/p>\n<p>20.00 Zajedni\u010dki koncert zabavlja\u010da iz Ulcinja i Dra\u010da (Centar za kulturu)<\/p>\n<p>&nbsp;<\/p>\n<p><strong><span style=\"text-decoration: underline;\">03.03.2011 (nedjelja)<\/span><\/strong><\/p>\n<p>14.00 Sve\u010dano otvaranje turnira u karateu \u2019\u2019Samurai Karate Cup 2011 (sala Bratstvo Jedinstvo)<\/p>\n<p>&nbsp;<\/p>\n<p><strong>Municipality of Ulcinj \/ Ulqin<br \/>\nArsllan Hajdinaga<br \/>\n<!--YouTube Error: bad URL entered--><\/strong><\/p>\n","protected":false},"excerpt":{"rendered":"<p>Program, Dan Op\u0161tine Ulcinj 2011 26.03.2011 (subota) 11.00\u00a0\u00a0\u00a0 Sve\u010dani po\u010detak manifestacije \u2019\u2019 Maslina \u2013 blago Ulcinja\u2019\u2019 (Hollegro) &nbsp; 28.03.2011 (ponedjeljak) 11.00 Prijem predstavnika vjerskih zajednica 19.00 Koncert muzi\u010dke \u0161kole (Mu\u017ei\u010dka \u0161kola, Ulcinj) &nbsp; 29.03.2011 (utorak) 11.00 Dodjela priznanja najboljim u\u010denicima (Galerija centra za kulturu) 18.00 Finale turnira u Ping-Pongu (sala kod kru\u017enog toka) 30.03.2011 (srijeda) [&hellip;]<\/p>\n","protected":false},"author":1,"featured_media":0,"comment_status":"open","ping_status":"closed","sticky":false,"template":"","format":"standard","meta":{"spay_email":"","jetpack_publicize_message":"","jetpack_is_tweetstorm":false,"jetpack_publicize_feature_enabled":true},"categories":[8337],"tags":[8714],"jetpack_publicize_connections":[],"yoast_head":"<!-- This site is optimized with the Yoast SEO plugin v19.1 - https:\/\/yoast.com\/wordpress\/plugins\/seo\/ -->\n<title>Program, Dan Op\u0161tine Ulcinj 2011 - Lajme nga Ulqini<\/title>\n<meta name=\"description\" content=\"Program, Dan Op\u0161tine Ulcinj 2011 26.03.2011 (subota) 11.00\u00a0\u00a0\u00a0 Sve\u010dani po\u010detak manifestacije \u2019\u2019 Maslina \u2013 blago Ulcinja\u2019\u2019 (Hollegro) &nbsp; 28.03.2011\" \/>\n<meta name=\"robots\" content=\"index, follow, max-snippet:-1, max-image-preview:large, max-video-preview:-1\" \/>\n<link rel=\"canonical\" href=\"https:\/\/www.visit-ulcinj.com\/blog\/2011\/03\/25\/program-dan-opstine-ulcinj-2011\/\" \/>\n<meta property=\"og:locale\" content=\"en_US\" \/>\n<meta property=\"og:type\" content=\"article\" \/>\n<meta property=\"og:title\" content=\"Program, Dan Op\u0161tine Ulcinj 2011 - Lajme nga Ulqini\" \/>\n<meta property=\"og:description\" content=\"Program, Dan Op\u0161tine Ulcinj 2011 26.03.2011 (subota) 11.00\u00a0\u00a0\u00a0 Sve\u010dani po\u010detak manifestacije \u2019\u2019 Maslina \u2013 blago Ulcinja\u2019\u2019 (Hollegro) &nbsp; 28.03.2011\" \/>\n<meta property=\"og:url\" content=\"https:\/\/www.visit-ulcinj.com\/blog\/2011\/03\/25\/program-dan-opstine-ulcinj-2011\/\" \/>\n<meta property=\"og:site_name\" content=\"Lajme nga Ulqini\" \/>\n<meta property=\"article:published_time\" content=\"2011-03-25T14:43:44+00:00\" \/>\n<meta property=\"article:modified_time\" content=\"2011-03-25T14:45:20+00:00\" \/>\n<meta property=\"og:image\" content=\"http:\/\/www.visit-ulcinj.com\/blog\/wp-content\/uploads\/2011\/03\/Dan-Opstine-Ulcinj-2011.jpg\" \/>\n<meta name=\"twitter:label1\" content=\"Written by\" \/>\n\t<meta name=\"twitter:data1\" content=\"ulqini\" \/>\n\t<meta name=\"twitter:label2\" content=\"Est. reading time\" \/>\n\t<meta name=\"twitter:data2\" content=\"1 minute\" \/>\n<script type=\"application\/ld+json\" class=\"yoast-schema-graph\">{\"@context\":\"https:\/\/schema.org\",\"@graph\":[{\"@type\":\"WebSite\",\"@id\":\"https:\/\/www.visit-ulcinj.com\/blog\/#website\",\"url\":\"https:\/\/www.visit-ulcinj.com\/blog\/\",\"name\":\"Lajme nga Ulqini\",\"description\":\"Lajme,Vijesti,Ulqini,Ulqin,Crna Gora,Mali i Zi\",\"potentialAction\":[{\"@type\":\"SearchAction\",\"target\":{\"@type\":\"EntryPoint\",\"urlTemplate\":\"https:\/\/www.visit-ulcinj.com\/blog\/?s={search_term_string}\"},\"query-input\":\"required name=search_term_string\"}],\"inLanguage\":\"en-US\"},{\"@type\":\"ImageObject\",\"inLanguage\":\"en-US\",\"@id\":\"https:\/\/www.visit-ulcinj.com\/blog\/2011\/03\/25\/program-dan-opstine-ulcinj-2011\/#primaryimage\",\"url\":\"https:\/\/www.visit-ulcinj.com\/blog\/wp-content\/uploads\/2011\/03\/Dan-Opstine-Ulcinj-2011.jpg\",\"contentUrl\":\"https:\/\/www.visit-ulcinj.com\/blog\/wp-content\/uploads\/2011\/03\/Dan-Opstine-Ulcinj-2011.jpg\",\"width\":\"620\",\"height\":\"300\"},{\"@type\":\"WebPage\",\"@id\":\"https:\/\/www.visit-ulcinj.com\/blog\/2011\/03\/25\/program-dan-opstine-ulcinj-2011\/#webpage\",\"url\":\"https:\/\/www.visit-ulcinj.com\/blog\/2011\/03\/25\/program-dan-opstine-ulcinj-2011\/\",\"name\":\"Program, Dan Op\u0161tine Ulcinj 2011 - Lajme nga Ulqini\",\"isPartOf\":{\"@id\":\"https:\/\/www.visit-ulcinj.com\/blog\/#website\"},\"primaryImageOfPage\":{\"@id\":\"https:\/\/www.visit-ulcinj.com\/blog\/2011\/03\/25\/program-dan-opstine-ulcinj-2011\/#primaryimage\"},\"datePublished\":\"2011-03-25T14:43:44+00:00\",\"dateModified\":\"2011-03-25T14:45:20+00:00\",\"author\":{\"@id\":\"https:\/\/www.visit-ulcinj.com\/blog\/#\/schema\/person\/dcab619c614d3038751c63bc2aadc06d\"},\"description\":\"Program, Dan Op\u0161tine Ulcinj 2011 26.03.2011 (subota) 11.00\u00a0\u00a0\u00a0 Sve\u010dani po\u010detak manifestacije \u2019\u2019 Maslina \u2013 blago Ulcinja\u2019\u2019 (Hollegro) &nbsp; 28.03.2011\",\"breadcrumb\":{\"@id\":\"https:\/\/www.visit-ulcinj.com\/blog\/2011\/03\/25\/program-dan-opstine-ulcinj-2011\/#breadcrumb\"},\"inLanguage\":\"en-US\",\"potentialAction\":[{\"@type\":\"ReadAction\",\"target\":[\"https:\/\/www.visit-ulcinj.com\/blog\/2011\/03\/25\/program-dan-opstine-ulcinj-2011\/\"]}]},{\"@type\":\"BreadcrumbList\",\"@id\":\"https:\/\/www.visit-ulcinj.com\/blog\/2011\/03\/25\/program-dan-opstine-ulcinj-2011\/#breadcrumb\",\"itemListElement\":[{\"@type\":\"ListItem\",\"position\":1,\"name\":\"Program, Dan Op\u0161tine Ulcinj 2011\"}]},{\"@type\":\"Person\",\"@id\":\"https:\/\/www.visit-ulcinj.com\/blog\/#\/schema\/person\/dcab619c614d3038751c63bc2aadc06d\",\"name\":\"ulqini\",\"sameAs\":[\"http:\/\/www.visit-ulcinj.com\"],\"url\":\"https:\/\/www.visit-ulcinj.com\/blog\/author\/admin\/\"}]}<\/script>\n<!-- \/ Yoast SEO plugin. -->","yoast_head_json":{"title":"Program, Dan Op\u0161tine Ulcinj 2011 - Lajme nga Ulqini","description":"Program, Dan Op\u0161tine Ulcinj 2011 26.03.2011 (subota) 11.00\u00a0\u00a0\u00a0 Sve\u010dani po\u010detak manifestacije \u2019\u2019 Maslina \u2013 blago Ulcinja\u2019\u2019 (Hollegro) &nbsp; 28.03.2011","robots":{"index":"index","follow":"follow","max-snippet":"max-snippet:-1","max-image-preview":"max-image-preview:large","max-video-preview":"max-video-preview:-1"},"canonical":"https:\/\/www.visit-ulcinj.com\/blog\/2011\/03\/25\/program-dan-opstine-ulcinj-2011\/","og_locale":"en_US","og_type":"article","og_title":"Program, Dan Op\u0161tine Ulcinj 2011 - Lajme nga Ulqini","og_description":"Program, Dan Op\u0161tine Ulcinj 2011 26.03.2011 (subota) 11.00\u00a0\u00a0\u00a0 Sve\u010dani po\u010detak manifestacije \u2019\u2019 Maslina \u2013 blago Ulcinja\u2019\u2019 (Hollegro) &nbsp; 28.03.2011","og_url":"https:\/\/www.visit-ulcinj.com\/blog\/2011\/03\/25\/program-dan-opstine-ulcinj-2011\/","og_site_name":"Lajme nga Ulqini","article_published_time":"2011-03-25T14:43:44+00:00","article_modified_time":"2011-03-25T14:45:20+00:00","og_image":[{"url":"http:\/\/www.visit-ulcinj.com\/blog\/wp-content\/uploads\/2011\/03\/Dan-Opstine-Ulcinj-2011.jpg"}],"twitter_misc":{"Written by":"ulqini","Est. reading time":"1 minute"},"schema":{"@context":"https:\/\/schema.org","@graph":[{"@type":"WebSite","@id":"https:\/\/www.visit-ulcinj.com\/blog\/#website","url":"https:\/\/www.visit-ulcinj.com\/blog\/","name":"Lajme nga Ulqini","description":"Lajme,Vijesti,Ulqini,Ulqin,Crna Gora,Mali i Zi","potentialAction":[{"@type":"SearchAction","target":{"@type":"EntryPoint","urlTemplate":"https:\/\/www.visit-ulcinj.com\/blog\/?s={search_term_string}"},"query-input":"required name=search_term_string"}],"inLanguage":"en-US"},{"@type":"ImageObject","inLanguage":"en-US","@id":"https:\/\/www.visit-ulcinj.com\/blog\/2011\/03\/25\/program-dan-opstine-ulcinj-2011\/#primaryimage","url":"https:\/\/www.visit-ulcinj.com\/blog\/wp-content\/uploads\/2011\/03\/Dan-Opstine-Ulcinj-2011.jpg","contentUrl":"https:\/\/www.visit-ulcinj.com\/blog\/wp-content\/uploads\/2011\/03\/Dan-Opstine-Ulcinj-2011.jpg","width":"620","height":"300"},{"@type":"WebPage","@id":"https:\/\/www.visit-ulcinj.com\/blog\/2011\/03\/25\/program-dan-opstine-ulcinj-2011\/#webpage","url":"https:\/\/www.visit-ulcinj.com\/blog\/2011\/03\/25\/program-dan-opstine-ulcinj-2011\/","name":"Program, Dan Op\u0161tine Ulcinj 2011 - Lajme nga Ulqini","isPartOf":{"@id":"https:\/\/www.visit-ulcinj.com\/blog\/#website"},"primaryImageOfPage":{"@id":"https:\/\/www.visit-ulcinj.com\/blog\/2011\/03\/25\/program-dan-opstine-ulcinj-2011\/#primaryimage"},"datePublished":"2011-03-25T14:43:44+00:00","dateModified":"2011-03-25T14:45:20+00:00","author":{"@id":"https:\/\/www.visit-ulcinj.com\/blog\/#\/schema\/person\/dcab619c614d3038751c63bc2aadc06d"},"description":"Program, Dan Op\u0161tine Ulcinj 2011 26.03.2011 (subota) 11.00\u00a0\u00a0\u00a0 Sve\u010dani po\u010detak manifestacije \u2019\u2019 Maslina \u2013 blago Ulcinja\u2019\u2019 (Hollegro) &nbsp; 28.03.2011","breadcrumb":{"@id":"https:\/\/www.visit-ulcinj.com\/blog\/2011\/03\/25\/program-dan-opstine-ulcinj-2011\/#breadcrumb"},"inLanguage":"en-US","potentialAction":[{"@type":"ReadAction","target":["https:\/\/www.visit-ulcinj.com\/blog\/2011\/03\/25\/program-dan-opstine-ulcinj-2011\/"]}]},{"@type":"BreadcrumbList","@id":"https:\/\/www.visit-ulcinj.com\/blog\/2011\/03\/25\/program-dan-opstine-ulcinj-2011\/#breadcrumb","itemListElement":[{"@type":"ListItem","position":1,"name":"Program, Dan Op\u0161tine Ulcinj 2011"}]},{"@type":"Person","@id":"https:\/\/www.visit-ulcinj.com\/blog\/#\/schema\/person\/dcab619c614d3038751c63bc2aadc06d","name":"ulqini","sameAs":["http:\/\/www.visit-ulcinj.com"],"url":"https:\/\/www.visit-ulcinj.com\/blog\/author\/admin\/"}]}},"jetpack_featured_media_url":"","jetpack_sharing_enabled":true,"jetpack_shortlink":"https:\/\/wp.me\/pe6lTn-bK0","_links":{"self":[{"href":"https:\/\/www.visit-ulcinj.com\/blog\/wp-json\/wp\/v2\/posts\/45136"}],"collection":[{"href":"https:\/\/www.visit-ulcinj.com\/blog\/wp-json\/wp\/v2\/posts"}],"about":[{"href":"https:\/\/www.visit-ulcinj.com\/blog\/wp-json\/wp\/v2\/types\/post"}],"author":[{"embeddable":true,"href":"https:\/\/www.visit-ulcinj.com\/blog\/wp-json\/wp\/v2\/users\/1"}],"replies":[{"embeddable":true,"href":"https:\/\/www.visit-ulcinj.com\/blog\/wp-json\/wp\/v2\/comments?post=45136"}],"version-history":[{"count":0,"href":"https:\/\/www.visit-ulcinj.com\/blog\/wp-json\/wp\/v2\/posts\/45136\/revisions"}],"wp:attachment":[{"href":"https:\/\/www.visit-ulcinj.com\/blog\/wp-json\/wp\/v2\/media?parent=45136"}],"wp:term":[{"taxonomy":"category","embeddable":true,"href":"https:\/\/www.visit-ulcinj.com\/blog\/wp-json\/wp\/v2\/categories?post=45136"},{"taxonomy":"post_tag","embeddable":true,"href":"https:\/\/www.visit-ulcinj.com\/blog\/wp-json\/wp\/v2\/tags?post=45136"}],"curies":[{"name":"wp","href":"https:\/\/api.w.org\/{rel}","templated":true}]}}