{"id":45166,"date":"2011-03-27T17:37:44","date_gmt":"2011-03-27T16:37:44","guid":{"rendered":"http:\/\/www.visit-ulcinj.com\/blog\/?p=45166"},"modified":"2011-04-03T18:00:41","modified_gmt":"2011-04-03T17:00:41","slug":"mbahet-manifestimi-ulliri-ari-i-ulqinit","status":"publish","type":"post","link":"https:\/\/www.visit-ulcinj.com\/blog\/2011\/03\/27\/mbahet-manifestimi-ulliri-ari-i-ulqinit\/","title":{"rendered":"Mbahet manifestimi: Ulliri Ari i Ulqinit"},"content":{"rendered":"<div id=\"attachment_45167\" style=\"width: 518px\" class=\"wp-caption alignleft\"><a href=\"http:\/\/www.visit-ulcinj.com\/blog\/wp-content\/uploads\/2011\/03\/Manifestimi-Ulliri-Ari-i-Ulqinit.7.jpg\"><img aria-describedby=\"caption-attachment-45167\" loading=\"lazy\" class=\"size-full wp-image-45167\" title=\"Manifestimi Ulliri Ari i Ulqinit.7\" src=\"http:\/\/www.visit-ulcinj.com\/blog\/wp-content\/uploads\/2011\/03\/Manifestimi-Ulliri-Ari-i-Ulqinit.7.jpg\" alt=\"\" width=\"508\" height=\"380\" srcset=\"https:\/\/www.visit-ulcinj.com\/blog\/wp-content\/uploads\/2011\/03\/Manifestimi-Ulliri-Ari-i-Ulqinit.7.jpg 1000w, https:\/\/www.visit-ulcinj.com\/blog\/wp-content\/uploads\/2011\/03\/Manifestimi-Ulliri-Ari-i-Ulqinit.7-300x225.jpg 300w\" sizes=\"(max-width: 508px) 100vw, 508px\" \/><\/a><p id=\"caption-attachment-45167\" class=\"wp-caption-text\">FOTO VIJESTI<\/p><\/div>\n<p>Asnj\u00ebher\u00eb m\u00eb par\u00eb, ekspozimi i prodhimeve t\u00eb sip\u00ebrmarr\u00ebsve nuk kishte zbarkuar kaq masiv n\u00eb nj\u00eb ambient natyral n\u00eb qytetin e Ulqinit. Koncepti i organizimit dhe arkitektura e nd\u00ebrtimit t\u00eb Panairit mbi prodhimin dhe konkurimin e ullirit ne tregun vendas pati suksese t\u00eb ve\u00e7anta n\u00eb gazetat vendase dhe ato te huaja.<\/p>\n<p>A do jet\u00eb nj\u00eb Festival i vog\u00ebl\u00a0 nd\u00ebrkomb\u00ebtar t\u00eb Gastronomis\u00eb Ulqinake ,kjo p\u00ebr her\u00eb t\u00eb par\u00eb ishte risia m\u00eb e bukur e k\u00ebsaj mespranvere n\u00eb Ulqin, e servirur me mjesht\u00ebri nga kordinatorja e mirnjohur Leze Llazari me titullin \u00ab\u00a0Ulliri Ari i Ulqinit\u00a0\u00bb duke pasur mb\u00ebshtetje nga Carls Landrej\u00a0 dhe Organizata Jo Qeveritare nga Ulqini t\u00eb cili\u00ebt jan dhe organizator\u00ebt e k\u00ebtij manifestimi.<\/p>\n<p>Si n\u00eb zb\u00ebrthim t\u00eb nj\u00eb zinxhiri \u201cnga toka n\u00eb tryez\u00eb\u201d, protagonist\u00eb t\u00eb k\u00ebtij manifestimi \u00ab\u00a0Ulliri Ari i Ulqinit\u00a0\u00bb \u00a0ishin fermer\u00ebt nga Ulqini, Shkodra,Podgorica,Kraja,dhe viset tjera t\u00eb rajonit.<\/p>\n<p>Vet\u00eb Arti \u00a0i k\u00ebtij manifestimi u vu n\u00eb dispozicion t\u00eb shpalosjes s\u00eb sektorit agroushqimore, duke i p\u00ebrcjell\u00eb arritjet n\u00eb nj\u00eb m\u00ebnyr\u00eb krejt t\u00eb ve\u00e7ant\u00eb dhe aspak t\u00eb ngurt\u00eb si\u00e7 vet\u00ebm aft\u00ebsia e prodhuesve q\u00eb moren pjes.<\/p>\n<p>Si\u00e7 edhe ishte parashikuar, kultivimi i shijes s\u00eb produktit \u201cUlliri Ari i Ulqinit\u201d si rrall\u00ebher\u00eb, u shpalos n\u00eb arom\u00ebn dhe freskin\u00eb q\u00eb solli dje ky manifestim shum i sukses\u00ebshem. \u00c7elja e k\u00ebtij manifestimi t\u00eb Gastronomis\u00eb Ulqinake ishte nj\u00eb fest\u00eb si p\u00ebr ekspozuesit ashtu dhe p\u00ebr t\u00eb ftuarit e shumt\u00eb. Hyrja ishte e lir\u00eb p\u00ebr \u00e7do vizitor q\u00eb d\u00ebshironte t\u00eb shijonte produktet e prodhuara nga prodhimtar\u00ebt e viseve tona dhe gatimet e kuzhin\u00ebs ulqinake, por edhe atyre rajonale, etj.<\/p>\n<p>Munib Abazi p\u00ebrg\u00ebzoi organizator\u00ebt p\u00ebr realizimin e k\u00ebtij aktiviteti q\u00eb prezanton vlerat e gastronomis\u00eb me tradit\u00ebn dhe ve\u00e7antit\u00eb e tyre p\u00ebr secilin vend pjes\u00ebmarr\u00ebs n\u00eb k\u00ebt\u00eb manifestim dhe se ky manifesti ka karakter turistik theksoi ai,duke then\u00eb se jam shum\u00eb i k\u00ebnaqur m\u00eb vijimin e manifestimin dhe shprehi d\u00ebshir\u00ebn q\u00eb kjo tashm\u00eb do t\u00eb jet\u00eb tradicionale.<\/p>\n<p>Simbas prodhimtarit t\u00eb vajit \u00ab\u00a0BUZUKU\u00a0\u00bbhapat q\u00eb po hedh prodhimtaria e vajit t\u00eb Ulqinit asht\u00eb \u00a0n\u00eb drejtim t\u00eb rritjes s\u00eb investimeve p\u00ebr sigurin\u00eb dhe cil\u00ebsin\u00eb ushqimore, tregojn\u00eb edhe nj\u00eb her\u00eb tjet\u00ebr p\u00ebr standardet q\u00eb synon t\u00eb arrij\u00eb ky sektor drejt tregjeve rajonale dhe m\u00eb gjer\u00eb\u201d.<\/p>\n<p>Partikuliteti garues n\u00eb k\u00ebte manifestim Gastronomik i ofruan atmosfer\u00ebs festive nj\u00eb surpriz\u00eb t\u00eb \u00ebmb\u00ebl Ulqinit. An\u00ebtar\u00ebt e\u00a0 k\u00ebtij manifestimi kishin p\u00ebrgatitur p\u00ebr t\u2019u shijuar produktet e veta me p\u00ebrmasa marramend\u00ebse.<\/p>\n<p>Ky manifestim dhe gjith\u00eb ceremonia u pasurua nga prezantime artistike,kulturore,muzikore,turistike, veshjet kom\u00ebtare,p\u00ebrfaq\u00ebsimi i nj\u00eb karnevali t\u00eb vog\u00ebl t\u00eb cilat ishin p\u00ebrgatitur dhe do t\u00eb transferoheshin n\u00eb ekspozit\u00eb p\u00ebr tu par\u00eb e vler\u00ebsuar.<span style=\"color: #ffffff;\">Amull, ana malit, Aru\u00e7ij,  Bardhij, Berjashij, Blaca, Bojk\u00eb, Bolejt, Brajshe, bratic\u00eb, Brisku nelt,  Brisku pasht, \u00c7obaj, Cukaj, Curajt nelt, Curij pasht, Darz\u00eb, Demirijt,  Dodaj, Dragaj, Dragoviq, Durakij, Fraskanjell, Gjecbritij, Gjenashej,  Gjenciq, Gjyrjani, Hajdarijt, Hardajt, Hutij, Kacaj, Kaleci, Kalimani,  Kanaqi, katerkoll\u00eb, Klezna, Kod\u00ebr, Kolonza, Kosiq, Kova\u00e7ej, Kraj\u00eb,  Kravari, Kryth\u00eb, Lekperij, Leskovac, Liarja, Lihari, Likaj, Lisna Bore,  Lubanijt, Madgueshi, Mali i Zi, Markashij, Maxhurej, Megjure\u00e7, Millajt,  Mill\u00eb, Montenegro, Mozhur\u00eb, ostros, peraj, Perashij, Pistull, Priftij,  Qurkaj, Ramushje, Rastish, Re\u00e7, Runji, Sal\u00e7, Shas, Sh\u00ebngjergj, Shtodh\u00ebr,  Shtoji, Sjerci, Subashij, Sukobin\u00eb, Sutjell, Syrliq, Tafajt, ulqin,  ulqini, Veliqi, Vu\u00e7kij, Zogaj<\/span><a href=\"http:\/\/www.vijesti.me\/vijesti\/prva-maslinijada-ulcinju-galerija-12727\" target=\"_blank\"><strong><br \/>\nFOTO\u00a0 VIJESTI ONLINE<\/strong><\/a><br \/>\n\n\t\t<style type=\"text\/css\">\n\t\t\t#gallery-1 {\n\t\t\t\tmargin: auto;\n\t\t\t}\n\t\t\t#gallery-1 .gallery-item {\n\t\t\t\tfloat: left;\n\t\t\t\tmargin-top: 10px;\n\t\t\t\ttext-align: center;\n\t\t\t\twidth: 33%;\n\t\t\t}\n\t\t\t#gallery-1 img {\n\t\t\t\tborder: 2px solid #cfcfcf;\n\t\t\t}\n\t\t\t#gallery-1 .gallery-caption {\n\t\t\t\tmargin-left: 0;\n\t\t\t}\n\t\t\t\/* see gallery_shortcode() in wp-includes\/media.php *\/\n\t\t<\/style>\n\t\t<div id='gallery-1' class='gallery galleryid-45166 gallery-columns-3 gallery-size-thumbnail'><dl class='gallery-item'>\n\t\t\t<dt class='gallery-icon landscape'>\n\t\t\t\t<a href='https:\/\/www.visit-ulcinj.com\/blog\/wp-content\/uploads\/2011\/03\/Manifestimi-Ulliri-Ari-i-Ulqinit.7.jpg'><img width=\"150\" height=\"150\" src=\"https:\/\/www.visit-ulcinj.com\/blog\/wp-content\/uploads\/2011\/03\/Manifestimi-Ulliri-Ari-i-Ulqinit.7-150x150.jpg\" class=\"attachment-thumbnail size-thumbnail\" alt=\"\" loading=\"lazy\" \/><\/a>\n\t\t\t<\/dt><\/dl><dl class='gallery-item'>\n\t\t\t<dt class='gallery-icon landscape'>\n\t\t\t\t<a href='https:\/\/www.visit-ulcinj.com\/blog\/wp-content\/uploads\/2011\/03\/Manifestimi-Ulliri-Ari-i-Ulqinit.5.jpg'><img width=\"150\" height=\"150\" src=\"https:\/\/www.visit-ulcinj.com\/blog\/wp-content\/uploads\/2011\/03\/Manifestimi-Ulliri-Ari-i-Ulqinit.5-150x150.jpg\" class=\"attachment-thumbnail size-thumbnail\" alt=\"\" loading=\"lazy\" \/><\/a>\n\t\t\t<\/dt><\/dl><dl class='gallery-item'>\n\t\t\t<dt class='gallery-icon landscape'>\n\t\t\t\t<a href='https:\/\/www.visit-ulcinj.com\/blog\/wp-content\/uploads\/2011\/03\/Manifestimi-Ulliri-Ari-i-Ulqinit.1.jpg'><img width=\"150\" height=\"150\" src=\"https:\/\/www.visit-ulcinj.com\/blog\/wp-content\/uploads\/2011\/03\/Manifestimi-Ulliri-Ari-i-Ulqinit.1-150x150.jpg\" class=\"attachment-thumbnail size-thumbnail\" alt=\"\" loading=\"lazy\" \/><\/a>\n\t\t\t<\/dt><\/dl><br style=\"clear: both\" \/><dl class='gallery-item'>\n\t\t\t<dt class='gallery-icon landscape'>\n\t\t\t\t<a href='https:\/\/www.visit-ulcinj.com\/blog\/wp-content\/uploads\/2011\/03\/Manifestimi-Ulliri-Ari-i-Ulqinit.2.jpg'><img width=\"150\" height=\"150\" src=\"https:\/\/www.visit-ulcinj.com\/blog\/wp-content\/uploads\/2011\/03\/Manifestimi-Ulliri-Ari-i-Ulqinit.2-150x150.jpg\" class=\"attachment-thumbnail size-thumbnail\" alt=\"\" loading=\"lazy\" \/><\/a>\n\t\t\t<\/dt><\/dl><dl class='gallery-item'>\n\t\t\t<dt class='gallery-icon landscape'>\n\t\t\t\t<a href='https:\/\/www.visit-ulcinj.com\/blog\/wp-content\/uploads\/2011\/03\/Manifestimi-Ulliri-Ari-i-Ulqinit.3.jpg'><img width=\"150\" height=\"150\" src=\"https:\/\/www.visit-ulcinj.com\/blog\/wp-content\/uploads\/2011\/03\/Manifestimi-Ulliri-Ari-i-Ulqinit.3-150x150.jpg\" class=\"attachment-thumbnail size-thumbnail\" alt=\"\" loading=\"lazy\" \/><\/a>\n\t\t\t<\/dt><\/dl><dl class='gallery-item'>\n\t\t\t<dt class='gallery-icon landscape'>\n\t\t\t\t<a href='https:\/\/www.visit-ulcinj.com\/blog\/wp-content\/uploads\/2011\/03\/Manifestimi-Ulliri-Ari-i-Ulqinit.6.jpg'><img width=\"150\" height=\"150\" src=\"https:\/\/www.visit-ulcinj.com\/blog\/wp-content\/uploads\/2011\/03\/Manifestimi-Ulliri-Ari-i-Ulqinit.6-150x150.jpg\" class=\"attachment-thumbnail size-thumbnail\" alt=\"\" loading=\"lazy\" \/><\/a>\n\t\t\t<\/dt><\/dl><br style=\"clear: both\" \/>\n\t\t<\/div>\n<br \/>\n<!--YouTube Error: bad URL entered--><\/p>\n","protected":false},"excerpt":{"rendered":"<p>Asnj\u00ebher\u00eb m\u00eb par\u00eb, ekspozimi i prodhimeve t\u00eb sip\u00ebrmarr\u00ebsve nuk kishte zbarkuar kaq masiv n\u00eb nj\u00eb ambient natyral n\u00eb qytetin e Ulqinit. Koncepti i organizimit dhe arkitektura e nd\u00ebrtimit t\u00eb Panairit mbi prodhimin dhe konkurimin e ullirit ne tregun vendas pati suksese t\u00eb ve\u00e7anta n\u00eb gazetat vendase dhe ato te huaja. A do jet\u00eb nj\u00eb Festival [&hellip;]<\/p>\n","protected":false},"author":1,"featured_media":0,"comment_status":"open","ping_status":"closed","sticky":false,"template":"","format":"standard","meta":{"spay_email":"","jetpack_publicize_message":"","jetpack_is_tweetstorm":false,"jetpack_publicize_feature_enabled":true},"categories":[4,1],"tags":[10603,200,18],"jetpack_publicize_connections":[],"yoast_head":"<!-- This site is optimized with the Yoast SEO plugin v19.1 - https:\/\/yoast.com\/wordpress\/plugins\/seo\/ -->\n<title>Mbahet manifestimi: Ulliri Ari i Ulqinit - Lajme nga Ulqini<\/title>\n<meta name=\"description\" content=\"Asnj\u00ebher\u00eb m\u00eb par\u00eb, ekspozimi i prodhimeve t\u00eb sip\u00ebrmarr\u00ebsve nuk kishte zbarkuar kaq masiv n\u00eb nj\u00eb ambient natyral n\u00eb qytetin e Ulqinit. Koncepti i\" \/>\n<meta name=\"robots\" content=\"index, follow, max-snippet:-1, max-image-preview:large, max-video-preview:-1\" \/>\n<link rel=\"canonical\" href=\"https:\/\/www.visit-ulcinj.com\/blog\/2011\/03\/27\/mbahet-manifestimi-ulliri-ari-i-ulqinit\/\" \/>\n<meta property=\"og:locale\" content=\"en_US\" \/>\n<meta property=\"og:type\" content=\"article\" \/>\n<meta property=\"og:title\" content=\"Mbahet manifestimi: Ulliri Ari i Ulqinit - Lajme nga Ulqini\" \/>\n<meta property=\"og:description\" content=\"Asnj\u00ebher\u00eb m\u00eb par\u00eb, ekspozimi i prodhimeve t\u00eb sip\u00ebrmarr\u00ebsve nuk kishte zbarkuar kaq masiv n\u00eb nj\u00eb ambient natyral n\u00eb qytetin e Ulqinit. Koncepti i\" \/>\n<meta property=\"og:url\" content=\"https:\/\/www.visit-ulcinj.com\/blog\/2011\/03\/27\/mbahet-manifestimi-ulliri-ari-i-ulqinit\/\" \/>\n<meta property=\"og:site_name\" content=\"Lajme nga Ulqini\" \/>\n<meta property=\"article:published_time\" content=\"2011-03-27T16:37:44+00:00\" \/>\n<meta property=\"article:modified_time\" content=\"2011-04-03T17:00:41+00:00\" \/>\n<meta property=\"og:image\" content=\"https:\/\/www.visit-ulcinj.com\/blog\/wp-content\/uploads\/2011\/03\/Manifestimi-Ulliri-Ari-i-Ulqinit.7-150x150.jpg\" \/>\n<meta name=\"twitter:label1\" content=\"Written by\" \/>\n\t<meta name=\"twitter:data1\" content=\"ulqini\" \/>\n\t<meta name=\"twitter:label2\" content=\"Est. reading time\" \/>\n\t<meta name=\"twitter:data2\" content=\"3 minutes\" \/>\n<script type=\"application\/ld+json\" class=\"yoast-schema-graph\">{\"@context\":\"https:\/\/schema.org\",\"@graph\":[{\"@type\":\"WebSite\",\"@id\":\"https:\/\/www.visit-ulcinj.com\/blog\/#website\",\"url\":\"https:\/\/www.visit-ulcinj.com\/blog\/\",\"name\":\"Lajme nga Ulqini\",\"description\":\"Lajme,Vijesti,Ulqini,Ulqin,Crna Gora,Mali i Zi\",\"potentialAction\":[{\"@type\":\"SearchAction\",\"target\":{\"@type\":\"EntryPoint\",\"urlTemplate\":\"https:\/\/www.visit-ulcinj.com\/blog\/?s={search_term_string}\"},\"query-input\":\"required name=search_term_string\"}],\"inLanguage\":\"en-US\"},{\"@type\":\"ImageObject\",\"inLanguage\":\"en-US\",\"@id\":\"https:\/\/www.visit-ulcinj.com\/blog\/2011\/03\/27\/mbahet-manifestimi-ulliri-ari-i-ulqinit\/#primaryimage\",\"url\":\"https:\/\/www.visit-ulcinj.com\/blog\/wp-content\/uploads\/2011\/03\/Manifestimi-Ulliri-Ari-i-Ulqinit.7.jpg\",\"contentUrl\":\"https:\/\/www.visit-ulcinj.com\/blog\/wp-content\/uploads\/2011\/03\/Manifestimi-Ulliri-Ari-i-Ulqinit.7.jpg\",\"width\":\"1000\",\"height\":\"750\"},{\"@type\":\"WebPage\",\"@id\":\"https:\/\/www.visit-ulcinj.com\/blog\/2011\/03\/27\/mbahet-manifestimi-ulliri-ari-i-ulqinit\/#webpage\",\"url\":\"https:\/\/www.visit-ulcinj.com\/blog\/2011\/03\/27\/mbahet-manifestimi-ulliri-ari-i-ulqinit\/\",\"name\":\"Mbahet manifestimi: Ulliri Ari i Ulqinit - Lajme nga Ulqini\",\"isPartOf\":{\"@id\":\"https:\/\/www.visit-ulcinj.com\/blog\/#website\"},\"primaryImageOfPage\":{\"@id\":\"https:\/\/www.visit-ulcinj.com\/blog\/2011\/03\/27\/mbahet-manifestimi-ulliri-ari-i-ulqinit\/#primaryimage\"},\"datePublished\":\"2011-03-27T16:37:44+00:00\",\"dateModified\":\"2011-04-03T17:00:41+00:00\",\"author\":{\"@id\":\"https:\/\/www.visit-ulcinj.com\/blog\/#\/schema\/person\/dcab619c614d3038751c63bc2aadc06d\"},\"description\":\"Asnj\u00ebher\u00eb m\u00eb par\u00eb, ekspozimi i prodhimeve t\u00eb sip\u00ebrmarr\u00ebsve nuk kishte zbarkuar kaq masiv n\u00eb nj\u00eb ambient natyral n\u00eb qytetin e Ulqinit. Koncepti i\",\"breadcrumb\":{\"@id\":\"https:\/\/www.visit-ulcinj.com\/blog\/2011\/03\/27\/mbahet-manifestimi-ulliri-ari-i-ulqinit\/#breadcrumb\"},\"inLanguage\":\"en-US\",\"potentialAction\":[{\"@type\":\"ReadAction\",\"target\":[\"https:\/\/www.visit-ulcinj.com\/blog\/2011\/03\/27\/mbahet-manifestimi-ulliri-ari-i-ulqinit\/\"]}]},{\"@type\":\"BreadcrumbList\",\"@id\":\"https:\/\/www.visit-ulcinj.com\/blog\/2011\/03\/27\/mbahet-manifestimi-ulliri-ari-i-ulqinit\/#breadcrumb\",\"itemListElement\":[{\"@type\":\"ListItem\",\"position\":1,\"name\":\"Mbahet manifestimi: Ulliri Ari i Ulqinit\"}]},{\"@type\":\"Person\",\"@id\":\"https:\/\/www.visit-ulcinj.com\/blog\/#\/schema\/person\/dcab619c614d3038751c63bc2aadc06d\",\"name\":\"ulqini\",\"sameAs\":[\"http:\/\/www.visit-ulcinj.com\"],\"url\":\"https:\/\/www.visit-ulcinj.com\/blog\/author\/admin\/\"}]}<\/script>\n<!-- \/ Yoast SEO plugin. -->","yoast_head_json":{"title":"Mbahet manifestimi: Ulliri Ari i Ulqinit - Lajme nga Ulqini","description":"Asnj\u00ebher\u00eb m\u00eb par\u00eb, ekspozimi i prodhimeve t\u00eb sip\u00ebrmarr\u00ebsve nuk kishte zbarkuar kaq masiv n\u00eb nj\u00eb ambient natyral n\u00eb qytetin e Ulqinit. Koncepti i","robots":{"index":"index","follow":"follow","max-snippet":"max-snippet:-1","max-image-preview":"max-image-preview:large","max-video-preview":"max-video-preview:-1"},"canonical":"https:\/\/www.visit-ulcinj.com\/blog\/2011\/03\/27\/mbahet-manifestimi-ulliri-ari-i-ulqinit\/","og_locale":"en_US","og_type":"article","og_title":"Mbahet manifestimi: Ulliri Ari i Ulqinit - Lajme nga Ulqini","og_description":"Asnj\u00ebher\u00eb m\u00eb par\u00eb, ekspozimi i prodhimeve t\u00eb sip\u00ebrmarr\u00ebsve nuk kishte zbarkuar kaq masiv n\u00eb nj\u00eb ambient natyral n\u00eb qytetin e Ulqinit. Koncepti i","og_url":"https:\/\/www.visit-ulcinj.com\/blog\/2011\/03\/27\/mbahet-manifestimi-ulliri-ari-i-ulqinit\/","og_site_name":"Lajme nga Ulqini","article_published_time":"2011-03-27T16:37:44+00:00","article_modified_time":"2011-04-03T17:00:41+00:00","og_image":[{"url":"https:\/\/www.visit-ulcinj.com\/blog\/wp-content\/uploads\/2011\/03\/Manifestimi-Ulliri-Ari-i-Ulqinit.7-150x150.jpg"}],"twitter_misc":{"Written by":"ulqini","Est. reading time":"3 minutes"},"schema":{"@context":"https:\/\/schema.org","@graph":[{"@type":"WebSite","@id":"https:\/\/www.visit-ulcinj.com\/blog\/#website","url":"https:\/\/www.visit-ulcinj.com\/blog\/","name":"Lajme nga Ulqini","description":"Lajme,Vijesti,Ulqini,Ulqin,Crna Gora,Mali i Zi","potentialAction":[{"@type":"SearchAction","target":{"@type":"EntryPoint","urlTemplate":"https:\/\/www.visit-ulcinj.com\/blog\/?s={search_term_string}"},"query-input":"required name=search_term_string"}],"inLanguage":"en-US"},{"@type":"ImageObject","inLanguage":"en-US","@id":"https:\/\/www.visit-ulcinj.com\/blog\/2011\/03\/27\/mbahet-manifestimi-ulliri-ari-i-ulqinit\/#primaryimage","url":"https:\/\/www.visit-ulcinj.com\/blog\/wp-content\/uploads\/2011\/03\/Manifestimi-Ulliri-Ari-i-Ulqinit.7.jpg","contentUrl":"https:\/\/www.visit-ulcinj.com\/blog\/wp-content\/uploads\/2011\/03\/Manifestimi-Ulliri-Ari-i-Ulqinit.7.jpg","width":"1000","height":"750"},{"@type":"WebPage","@id":"https:\/\/www.visit-ulcinj.com\/blog\/2011\/03\/27\/mbahet-manifestimi-ulliri-ari-i-ulqinit\/#webpage","url":"https:\/\/www.visit-ulcinj.com\/blog\/2011\/03\/27\/mbahet-manifestimi-ulliri-ari-i-ulqinit\/","name":"Mbahet manifestimi: Ulliri Ari i Ulqinit - Lajme nga Ulqini","isPartOf":{"@id":"https:\/\/www.visit-ulcinj.com\/blog\/#website"},"primaryImageOfPage":{"@id":"https:\/\/www.visit-ulcinj.com\/blog\/2011\/03\/27\/mbahet-manifestimi-ulliri-ari-i-ulqinit\/#primaryimage"},"datePublished":"2011-03-27T16:37:44+00:00","dateModified":"2011-04-03T17:00:41+00:00","author":{"@id":"https:\/\/www.visit-ulcinj.com\/blog\/#\/schema\/person\/dcab619c614d3038751c63bc2aadc06d"},"description":"Asnj\u00ebher\u00eb m\u00eb par\u00eb, ekspozimi i prodhimeve t\u00eb sip\u00ebrmarr\u00ebsve nuk kishte zbarkuar kaq masiv n\u00eb nj\u00eb ambient natyral n\u00eb qytetin e Ulqinit. Koncepti i","breadcrumb":{"@id":"https:\/\/www.visit-ulcinj.com\/blog\/2011\/03\/27\/mbahet-manifestimi-ulliri-ari-i-ulqinit\/#breadcrumb"},"inLanguage":"en-US","potentialAction":[{"@type":"ReadAction","target":["https:\/\/www.visit-ulcinj.com\/blog\/2011\/03\/27\/mbahet-manifestimi-ulliri-ari-i-ulqinit\/"]}]},{"@type":"BreadcrumbList","@id":"https:\/\/www.visit-ulcinj.com\/blog\/2011\/03\/27\/mbahet-manifestimi-ulliri-ari-i-ulqinit\/#breadcrumb","itemListElement":[{"@type":"ListItem","position":1,"name":"Mbahet manifestimi: Ulliri Ari i Ulqinit"}]},{"@type":"Person","@id":"https:\/\/www.visit-ulcinj.com\/blog\/#\/schema\/person\/dcab619c614d3038751c63bc2aadc06d","name":"ulqini","sameAs":["http:\/\/www.visit-ulcinj.com"],"url":"https:\/\/www.visit-ulcinj.com\/blog\/author\/admin\/"}]}},"jetpack_featured_media_url":"","jetpack_sharing_enabled":true,"jetpack_shortlink":"https:\/\/wp.me\/pe6lTn-bKu","_links":{"self":[{"href":"https:\/\/www.visit-ulcinj.com\/blog\/wp-json\/wp\/v2\/posts\/45166"}],"collection":[{"href":"https:\/\/www.visit-ulcinj.com\/blog\/wp-json\/wp\/v2\/posts"}],"about":[{"href":"https:\/\/www.visit-ulcinj.com\/blog\/wp-json\/wp\/v2\/types\/post"}],"author":[{"embeddable":true,"href":"https:\/\/www.visit-ulcinj.com\/blog\/wp-json\/wp\/v2\/users\/1"}],"replies":[{"embeddable":true,"href":"https:\/\/www.visit-ulcinj.com\/blog\/wp-json\/wp\/v2\/comments?post=45166"}],"version-history":[{"count":0,"href":"https:\/\/www.visit-ulcinj.com\/blog\/wp-json\/wp\/v2\/posts\/45166\/revisions"}],"wp:attachment":[{"href":"https:\/\/www.visit-ulcinj.com\/blog\/wp-json\/wp\/v2\/media?parent=45166"}],"wp:term":[{"taxonomy":"category","embeddable":true,"href":"https:\/\/www.visit-ulcinj.com\/blog\/wp-json\/wp\/v2\/categories?post=45166"},{"taxonomy":"post_tag","embeddable":true,"href":"https:\/\/www.visit-ulcinj.com\/blog\/wp-json\/wp\/v2\/tags?post=45166"}],"curies":[{"name":"wp","href":"https:\/\/api.w.org\/{rel}","templated":true}]}}