{"id":45188,"date":"2011-03-28T15:14:37","date_gmt":"2011-03-28T14:14:37","guid":{"rendered":"http:\/\/www.visit-ulcinj.com\/blog\/?p=45188"},"modified":"2011-03-29T13:12:09","modified_gmt":"2011-03-29T12:12:09","slug":"kumtese-per-media-te-keshillit-nacional-te-shqiptareve-ne-malin-e-zi","status":"publish","type":"post","link":"https:\/\/www.visit-ulcinj.com\/blog\/2011\/03\/28\/kumtese-per-media-te-keshillit-nacional-te-shqiptareve-ne-malin-e-zi\/","title":{"rendered":"Kumtes\u00eb p\u00ebr media t\u00eb K\u00ebshillit Nacional t\u00eb Shqiptar\u00ebve n\u00eb Malin e Zi"},"content":{"rendered":"<p style=\"text-align: left;\"><a href=\"http:\/\/www.visit-ulcinj.com\/blog\/wp-content\/uploads\/2011\/03\/KNSH_MZ_logo.jpg\"><img loading=\"lazy\" class=\"alignleft size-full wp-image-45189\" title=\"KNSH_MZ_logo\" src=\"http:\/\/www.visit-ulcinj.com\/blog\/wp-content\/uploads\/2011\/03\/KNSH_MZ_logo.jpg\" alt=\"\" width=\"318\" height=\"142\" srcset=\"https:\/\/www.visit-ulcinj.com\/blog\/wp-content\/uploads\/2011\/03\/KNSH_MZ_logo.jpg 318w, https:\/\/www.visit-ulcinj.com\/blog\/wp-content\/uploads\/2011\/03\/KNSH_MZ_logo-300x133.jpg 300w\" sizes=\"(max-width: 318px) 100vw, 318px\" \/><\/a>K\u00cbSHILLI NACIONAL I SHQIPTAR\u00cbVE N\u00cb MALIN E ZI<\/p>\n<p style=\"text-align: left;\">NACIONALNI SAVJET ALBANACA U CRNOJ GORI<\/p>\n<p style=\"text-align: left;\">ALBANIAN\u00a0 NATIONAL COUNCIL IN MONTENEGRO<\/p>\n<p style=\"text-align: left;\">Nr.\u00a0 53\/2011<\/p>\n<p style=\"text-align: left;\">Ulqin, m\u00eb 26 mars 2011<\/p>\n<p style=\"text-align: left;\">&nbsp;<\/p>\n<p><strong> <\/strong><\/p>\n<p><strong> <\/strong><\/p>\n<p style=\"text-align: center;\"><strong>Kumtes\u00eb p\u00ebr media<\/strong><\/p>\n<p>K\u00ebshilli Nacional i Shqiptar\u00ebve dhe OJQ \u201dPAX, t\u00eb shtun\u00ebn, m\u00eb 26. 3. 2011 n\u00eb Ulqin, n\u00eb organizim t\u00eb p\u00ebrbashk\u00ebt, mbajt\u00ebn Tryez\u00eb t\u00eb rrumbullak\u00ebt\u00a0 m\u00eb tem\u00ebn \u201d<strong>R\u00ebnd\u00ebsia e Regjistrimit t\u00eb Popullsis\u00eb p\u00ebr Realizimin e t\u00eb Drejtave Nacionale<\/strong>\u201d. N\u00eb saj t\u00eb diskutimit konstruktiv dhe t\u00eb argumentuar t\u00eb pjes\u00ebmarr\u00ebsve u prun\u00eb k\u00ebto p\u00ebrfundime:<\/p>\n<p><strong>1.<\/strong> \u00cbsht\u00eb e papranueshme dhe n\u00eb kund\u00ebrshtim me\u00a0 Kushtetut\u00ebn dhe aktet nd\u00ebrkomb\u00ebtare q\u00eb pyet\u00ebsori dhe materialet e tjera p\u00ebr regjistrimin e popullsis\u00eb, p\u00ebr pjes\u00ebtar\u00ebt e popullit shqiptar, t\u00eb mos jet\u00eb n\u00eb gjuh\u00ebn shqipe, sikurse ka qen\u00eb n\u00eb regjistrimet e m\u00ebparshme. P\u00ebr ne shqiptar\u00ebt nj\u00eb veprim i till\u00eb diskriminues e antikushtetutes \u00ebsht\u00eb i papranuesh\u00ebm. Prandaj k\u00ebrkojm\u00eb nga Monstat-i q\u00eb t\u00eb eliminoj\u00eb sa m\u00eb par\u00eb nj\u00eb akt t\u00eb till\u00eb, n\u00eb t\u00eb kund\u00ebrt\u00ebn ne nuk mund t\u00eb jemi p\u00ebrgjegj\u00ebs p\u00ebr pasojat eventuale.<\/p>\n<p><strong>2. <\/strong>Problem i ve\u00e7ant\u00eb paraqet mosp\u00ebrfshirja a moslejimi i regjistrimit t\u00eb diaspor\u00ebs son\u00eb me elementet e identitetit, si: p\u00ebrkat\u00ebsia nacionale, gjuha amtare dhe p\u00ebrkat\u00ebsia konfesionale. Me nj\u00eb veprim t\u00eb till\u00eb ne do t\u00eb kemi diaspor\u00eb t\u00eb regjistruar, por pa identitet q\u00eb \u00ebsht\u00eb absurd i llojit t\u00eb vet. Prandaj k\u00ebrkojm\u00eb q\u00eb Institucioni i MONSTAT-it, t\u00eb eliminoj\u00eb penges\u00ebn restriktive politike diskriminuese, n\u00eb m\u00ebnyr\u00eb q\u00eb t\u00eb b\u00ebhet e mundshme regjistrimi i plot\u00eb e pa pengesa i gjith\u00eb qytetar\u00ebve, pra edhe i bashk\u00ebkomb\u00ebsve tan\u00eb q\u00eb p\u00ebrkoh\u00ebsisht gjend\u00ebn jasht\u00eb.<\/p>\n<p><strong>3.<\/strong> Shqet\u00ebson fakti s\u00eb numri i regjistrueseve t\u00eb popullsis\u00eb nuk \u00ebsht\u00eb n\u00eb harmoni me struktur\u00ebn nacionale t\u00eb popullsis\u00eb n\u00eb komunat ku shqiptar\u00ebt jan\u00eb popullsi autoktone. Po ashtu shqet\u00ebsues \u00ebsht\u00eb fakti q\u00eb zgjedhja e regjistruesve e instruktor\u00ebve u b\u00eb me kriteret\u00a0 politike pushtetare. K\u00ebshtu p.sh. n\u00eb Komisionin e Regjistrimit t\u00eb Komun\u00ebs s\u00eb Tivarit, nga 7 an\u00ebtar\u00eb nuk ka asnj\u00eb an\u00ebtar shqiptar, megjith\u00ebse shqiptar\u00ebt p\u00ebrb\u00ebjn\u00eb 12,5 % t\u00eb popullat\u00ebs!?<\/p>\n<p><strong>4.<\/strong> Shqet\u00ebsues \u00ebsht\u00eb fakti\u00a0 q\u00eb n\u00eb lidhje me regjistrimin e popullsis\u00eb n\u00eb Malin e Zi \u00ebsht\u00eb duke u zhvilluar nj\u00eb fushat\u00eb selektive nga subjektet e ndryshme ku jan\u00eb ky\u00e7ur edhe institucionet shtet\u00ebrore, ku dallohet m\u00eb nj\u00ebanshm\u00ebrin\u00eb e vet servisi publik Radio Televizioni i Malit t\u00eb Zi.<\/p>\n<p><strong>5.<\/strong> K\u00ebshilli Nacional i Shqiptar\u00ebve, n\u00eb saje t\u00eb ingerencave,\u00a0 p\u00ebr k\u00ebt\u00eb \u00e7\u00ebshtje jetike \u00ebsht\u00eb duke b\u00ebr\u00eb nj\u00eb ser\u00eb aktivitetesh n\u00eb drejtim t\u00eb parandalimit t\u00eb pasojave t\u00eb k\u00ebtyre parregullsive, andaj \u00ebsht\u00eb formuar Komisioni p\u00ebr V\u00ebzhgim. Po ashtu do t\u00eb formohen edhe\u00a0 komisionet vendore.<\/p>\n<p><strong>6.<\/strong> K\u00ebshilli Nacional i Shqiptar\u00ebve do t\u00eb angazhohet p\u00ebr realizimin e nj\u00eb projekti t\u00eb regjistrimit t\u00eb popullat\u00ebs shqiptare n\u00eb MZ, e sidomos regjistrimin e Diaspor\u00ebs shqiptare.<\/p>\n<p><strong>7.<\/strong> N\u00eb lidhje me keto \u00e7\u00ebshtje, njoftojm\u00eb opinionin, s\u00eb do t\u00eb b\u00ebhen ankimime \u00a0n\u00eb adresat relevante vendore dhe nd\u00ebrkomb\u00ebtare<br \/>\n<a href=\"http:\/\/www.visit-ulcinj.com\/blog\/wp-content\/uploads\/2011\/03\/Keshilli-Nacional-Shqiptar-ne-Mal-te-Zi_KUMTES-MEDIA.jpg\"><img loading=\"lazy\" class=\"alignleft size-full wp-image-45190\" title=\"Keshilli Nacional Shqiptar ne Mal te Zi_KUMTES MEDIA\" src=\"http:\/\/www.visit-ulcinj.com\/blog\/wp-content\/uploads\/2011\/03\/Keshilli-Nacional-Shqiptar-ne-Mal-te-Zi_KUMTES-MEDIA.jpg\" alt=\"\" width=\"508\" height=\"158\" \/><\/a><span style=\"color: #000000;\"><br \/>\n<span style=\"color: #ffffff;\"> <\/span><\/span><br \/>\n<span style=\"color: #ffffff;\">Amull, ana malit, Aru\u00e7ij, Bardhij, Berjashij, Blaca, Bojk\u00eb, Bolejt, Brajshe, bratic\u00eb, Brisku nelt, Brisku pasht, \u00c7obaj, Cukaj, Curajt nelt, Curij pasht, Darz\u00eb, Demirijt, Dodaj, Dragaj, Dragoviq, Durakij, Fraskanjell, Gjecbritij, Gjenashej, Gjenciq, Gjyrjani, Hajdarijt, Hardajt, Hutij, Kacaj, Kaleci, Kalimani, Kanaqi, katerkoll\u00eb, Klezna, Kod\u00ebr, Kolonza, Kosiq, Kova\u00e7ej, Kraj\u00eb, Kravari, Kryth\u00eb, Lekperij, Leskovac, Liarja, Lihari, Likaj, Lisna Bore, Lubanijt, Madgueshi, Mali i Zi, Markashij, Maxhurej, Megjure\u00e7, Millajt, Mill\u00eb, Montenegro, Mozhur\u00eb, ostros, peraj, Perashij, Pistull, Priftij, Qurkaj, Ramushje, Rastish, Re\u00e7, Runji, Sal\u00e7, Shas, Sh\u00ebngjergj, Shtodh\u00ebr, Shtoji, Sjerci, Subashij, Sukobin\u00eb, Sutjell, Syrliq, Tafajt, ulqin, ulqini, Veliqi, Vu\u00e7kij, Zogaj<\/span><\/p>\n","protected":false},"excerpt":{"rendered":"<p>K\u00cbSHILLI NACIONAL I SHQIPTAR\u00cbVE N\u00cb MALIN E ZI NACIONALNI SAVJET ALBANACA U CRNOJ GORI ALBANIAN\u00a0 NATIONAL COUNCIL IN MONTENEGRO Nr.\u00a0 53\/2011 Ulqin, m\u00eb 26 mars 2011 &nbsp; Kumtes\u00eb p\u00ebr media K\u00ebshilli Nacional i Shqiptar\u00ebve dhe OJQ \u201dPAX, t\u00eb shtun\u00ebn, m\u00eb 26. 3. 2011 n\u00eb Ulqin, n\u00eb organizim t\u00eb p\u00ebrbashk\u00ebt, mbajt\u00ebn Tryez\u00eb t\u00eb rrumbullak\u00ebt\u00a0 m\u00eb tem\u00ebn [&hellip;]<\/p>\n","protected":false},"author":1,"featured_media":0,"comment_status":"open","ping_status":"closed","sticky":false,"template":"","format":"standard","meta":{"spay_email":"","jetpack_publicize_message":"","jetpack_is_tweetstorm":false,"jetpack_publicize_feature_enabled":true},"categories":[5],"tags":[12280,14351,212,17828,17834,17811,17831,14353,17808,14354,12340,17840,17839,17835,17814,17810,17816,17071,17807,3516,14652,17837,17827,14358,17802,17812,17803,17820,17825,17817,17805,17823,17832,3506,17818,214,5913,17680,14362,14363,3507,17800,498,3500,14364,17799,3327,17841,17826,15213,3512,17806,17838,95,17813,17804,15141,17836,14366,79,17073,12279,1653,1909,17815,14367,17801,14663,17822,14368,14369,17824,14370,2083,14371,14372,17844,17821,17830,17077,14375,17833,17829,200,18,17819,17809,14376],"jetpack_publicize_connections":[],"yoast_head":"<!-- This site is optimized with the Yoast SEO plugin v19.1 - https:\/\/yoast.com\/wordpress\/plugins\/seo\/ -->\n<title>Kumtes\u00eb p\u00ebr media t\u00eb K\u00ebshillit Nacional t\u00eb Shqiptar\u00ebve n\u00eb Malin e Zi - Lajme nga Ulqini<\/title>\n<meta name=\"description\" content=\"K\u00cbSHILLI NACIONAL I SHQIPTAR\u00cbVE N\u00cb MALIN E ZI NACIONALNI SAVJET ALBANACA U CRNOJ GORI ALBANIAN\u00a0 NATIONAL COUNCIL IN MONTENEGRO Nr.\u00a0 53\/2011 Ulqin, m\u00eb 26\" \/>\n<meta name=\"robots\" content=\"index, follow, max-snippet:-1, max-image-preview:large, max-video-preview:-1\" \/>\n<link rel=\"canonical\" href=\"https:\/\/www.visit-ulcinj.com\/blog\/2011\/03\/28\/kumtese-per-media-te-keshillit-nacional-te-shqiptareve-ne-malin-e-zi\/\" \/>\n<meta property=\"og:locale\" content=\"en_US\" \/>\n<meta property=\"og:type\" content=\"article\" \/>\n<meta property=\"og:title\" content=\"Kumtes\u00eb p\u00ebr media t\u00eb K\u00ebshillit Nacional t\u00eb Shqiptar\u00ebve n\u00eb Malin e Zi - Lajme nga Ulqini\" \/>\n<meta property=\"og:description\" content=\"K\u00cbSHILLI NACIONAL I SHQIPTAR\u00cbVE N\u00cb MALIN E ZI NACIONALNI SAVJET ALBANACA U CRNOJ GORI ALBANIAN\u00a0 NATIONAL COUNCIL IN MONTENEGRO Nr.\u00a0 53\/2011 Ulqin, m\u00eb 26\" \/>\n<meta property=\"og:url\" content=\"https:\/\/www.visit-ulcinj.com\/blog\/2011\/03\/28\/kumtese-per-media-te-keshillit-nacional-te-shqiptareve-ne-malin-e-zi\/\" \/>\n<meta property=\"og:site_name\" content=\"Lajme nga Ulqini\" \/>\n<meta property=\"article:published_time\" content=\"2011-03-28T14:14:37+00:00\" \/>\n<meta property=\"article:modified_time\" content=\"2011-03-29T12:12:09+00:00\" \/>\n<meta property=\"og:image\" content=\"http:\/\/www.visit-ulcinj.com\/blog\/wp-content\/uploads\/2011\/03\/KNSH_MZ_logo.jpg\" \/>\n<meta name=\"twitter:label1\" content=\"Written by\" \/>\n\t<meta name=\"twitter:data1\" content=\"ulqini\" \/>\n\t<meta name=\"twitter:label2\" content=\"Est. reading time\" \/>\n\t<meta name=\"twitter:data2\" content=\"3 minutes\" \/>\n<script type=\"application\/ld+json\" class=\"yoast-schema-graph\">{\"@context\":\"https:\/\/schema.org\",\"@graph\":[{\"@type\":\"WebSite\",\"@id\":\"https:\/\/www.visit-ulcinj.com\/blog\/#website\",\"url\":\"https:\/\/www.visit-ulcinj.com\/blog\/\",\"name\":\"Lajme nga Ulqini\",\"description\":\"Lajme,Vijesti,Ulqini,Ulqin,Crna Gora,Mali i Zi\",\"potentialAction\":[{\"@type\":\"SearchAction\",\"target\":{\"@type\":\"EntryPoint\",\"urlTemplate\":\"https:\/\/www.visit-ulcinj.com\/blog\/?s={search_term_string}\"},\"query-input\":\"required name=search_term_string\"}],\"inLanguage\":\"en-US\"},{\"@type\":\"ImageObject\",\"inLanguage\":\"en-US\",\"@id\":\"https:\/\/www.visit-ulcinj.com\/blog\/2011\/03\/28\/kumtese-per-media-te-keshillit-nacional-te-shqiptareve-ne-malin-e-zi\/#primaryimage\",\"url\":\"https:\/\/www.visit-ulcinj.com\/blog\/wp-content\/uploads\/2011\/03\/KNSH_MZ_logo.jpg\",\"contentUrl\":\"https:\/\/www.visit-ulcinj.com\/blog\/wp-content\/uploads\/2011\/03\/KNSH_MZ_logo.jpg\",\"width\":\"318\",\"height\":\"142\"},{\"@type\":\"WebPage\",\"@id\":\"https:\/\/www.visit-ulcinj.com\/blog\/2011\/03\/28\/kumtese-per-media-te-keshillit-nacional-te-shqiptareve-ne-malin-e-zi\/#webpage\",\"url\":\"https:\/\/www.visit-ulcinj.com\/blog\/2011\/03\/28\/kumtese-per-media-te-keshillit-nacional-te-shqiptareve-ne-malin-e-zi\/\",\"name\":\"Kumtes\u00eb p\u00ebr media t\u00eb K\u00ebshillit Nacional t\u00eb Shqiptar\u00ebve n\u00eb Malin e Zi - Lajme nga Ulqini\",\"isPartOf\":{\"@id\":\"https:\/\/www.visit-ulcinj.com\/blog\/#website\"},\"primaryImageOfPage\":{\"@id\":\"https:\/\/www.visit-ulcinj.com\/blog\/2011\/03\/28\/kumtese-per-media-te-keshillit-nacional-te-shqiptareve-ne-malin-e-zi\/#primaryimage\"},\"datePublished\":\"2011-03-28T14:14:37+00:00\",\"dateModified\":\"2011-03-29T12:12:09+00:00\",\"author\":{\"@id\":\"https:\/\/www.visit-ulcinj.com\/blog\/#\/schema\/person\/dcab619c614d3038751c63bc2aadc06d\"},\"description\":\"K\u00cbSHILLI NACIONAL I SHQIPTAR\u00cbVE N\u00cb MALIN E ZI NACIONALNI SAVJET ALBANACA U CRNOJ GORI ALBANIAN\u00a0 NATIONAL COUNCIL IN MONTENEGRO Nr.\u00a0 53\/2011 Ulqin, m\u00eb 26\",\"breadcrumb\":{\"@id\":\"https:\/\/www.visit-ulcinj.com\/blog\/2011\/03\/28\/kumtese-per-media-te-keshillit-nacional-te-shqiptareve-ne-malin-e-zi\/#breadcrumb\"},\"inLanguage\":\"en-US\",\"potentialAction\":[{\"@type\":\"ReadAction\",\"target\":[\"https:\/\/www.visit-ulcinj.com\/blog\/2011\/03\/28\/kumtese-per-media-te-keshillit-nacional-te-shqiptareve-ne-malin-e-zi\/\"]}]},{\"@type\":\"BreadcrumbList\",\"@id\":\"https:\/\/www.visit-ulcinj.com\/blog\/2011\/03\/28\/kumtese-per-media-te-keshillit-nacional-te-shqiptareve-ne-malin-e-zi\/#breadcrumb\",\"itemListElement\":[{\"@type\":\"ListItem\",\"position\":1,\"name\":\"Kumtes\u00eb p\u00ebr media t\u00eb K\u00ebshillit Nacional t\u00eb Shqiptar\u00ebve n\u00eb Malin e Zi\"}]},{\"@type\":\"Person\",\"@id\":\"https:\/\/www.visit-ulcinj.com\/blog\/#\/schema\/person\/dcab619c614d3038751c63bc2aadc06d\",\"name\":\"ulqini\",\"sameAs\":[\"http:\/\/www.visit-ulcinj.com\"],\"url\":\"https:\/\/www.visit-ulcinj.com\/blog\/author\/admin\/\"}]}<\/script>\n<!-- \/ Yoast SEO plugin. -->","yoast_head_json":{"title":"Kumtes\u00eb p\u00ebr media t\u00eb K\u00ebshillit Nacional t\u00eb Shqiptar\u00ebve n\u00eb Malin e Zi - Lajme nga Ulqini","description":"K\u00cbSHILLI NACIONAL I SHQIPTAR\u00cbVE N\u00cb MALIN E ZI NACIONALNI SAVJET ALBANACA U CRNOJ GORI ALBANIAN\u00a0 NATIONAL COUNCIL IN MONTENEGRO Nr.\u00a0 53\/2011 Ulqin, m\u00eb 26","robots":{"index":"index","follow":"follow","max-snippet":"max-snippet:-1","max-image-preview":"max-image-preview:large","max-video-preview":"max-video-preview:-1"},"canonical":"https:\/\/www.visit-ulcinj.com\/blog\/2011\/03\/28\/kumtese-per-media-te-keshillit-nacional-te-shqiptareve-ne-malin-e-zi\/","og_locale":"en_US","og_type":"article","og_title":"Kumtes\u00eb p\u00ebr media t\u00eb K\u00ebshillit Nacional t\u00eb Shqiptar\u00ebve n\u00eb Malin e Zi - Lajme nga Ulqini","og_description":"K\u00cbSHILLI NACIONAL I SHQIPTAR\u00cbVE N\u00cb MALIN E ZI NACIONALNI SAVJET ALBANACA U CRNOJ GORI ALBANIAN\u00a0 NATIONAL COUNCIL IN MONTENEGRO Nr.\u00a0 53\/2011 Ulqin, m\u00eb 26","og_url":"https:\/\/www.visit-ulcinj.com\/blog\/2011\/03\/28\/kumtese-per-media-te-keshillit-nacional-te-shqiptareve-ne-malin-e-zi\/","og_site_name":"Lajme nga Ulqini","article_published_time":"2011-03-28T14:14:37+00:00","article_modified_time":"2011-03-29T12:12:09+00:00","og_image":[{"url":"http:\/\/www.visit-ulcinj.com\/blog\/wp-content\/uploads\/2011\/03\/KNSH_MZ_logo.jpg"}],"twitter_misc":{"Written by":"ulqini","Est. reading time":"3 minutes"},"schema":{"@context":"https:\/\/schema.org","@graph":[{"@type":"WebSite","@id":"https:\/\/www.visit-ulcinj.com\/blog\/#website","url":"https:\/\/www.visit-ulcinj.com\/blog\/","name":"Lajme nga Ulqini","description":"Lajme,Vijesti,Ulqini,Ulqin,Crna Gora,Mali i Zi","potentialAction":[{"@type":"SearchAction","target":{"@type":"EntryPoint","urlTemplate":"https:\/\/www.visit-ulcinj.com\/blog\/?s={search_term_string}"},"query-input":"required name=search_term_string"}],"inLanguage":"en-US"},{"@type":"ImageObject","inLanguage":"en-US","@id":"https:\/\/www.visit-ulcinj.com\/blog\/2011\/03\/28\/kumtese-per-media-te-keshillit-nacional-te-shqiptareve-ne-malin-e-zi\/#primaryimage","url":"https:\/\/www.visit-ulcinj.com\/blog\/wp-content\/uploads\/2011\/03\/KNSH_MZ_logo.jpg","contentUrl":"https:\/\/www.visit-ulcinj.com\/blog\/wp-content\/uploads\/2011\/03\/KNSH_MZ_logo.jpg","width":"318","height":"142"},{"@type":"WebPage","@id":"https:\/\/www.visit-ulcinj.com\/blog\/2011\/03\/28\/kumtese-per-media-te-keshillit-nacional-te-shqiptareve-ne-malin-e-zi\/#webpage","url":"https:\/\/www.visit-ulcinj.com\/blog\/2011\/03\/28\/kumtese-per-media-te-keshillit-nacional-te-shqiptareve-ne-malin-e-zi\/","name":"Kumtes\u00eb p\u00ebr media t\u00eb K\u00ebshillit Nacional t\u00eb Shqiptar\u00ebve n\u00eb Malin e Zi - Lajme nga Ulqini","isPartOf":{"@id":"https:\/\/www.visit-ulcinj.com\/blog\/#website"},"primaryImageOfPage":{"@id":"https:\/\/www.visit-ulcinj.com\/blog\/2011\/03\/28\/kumtese-per-media-te-keshillit-nacional-te-shqiptareve-ne-malin-e-zi\/#primaryimage"},"datePublished":"2011-03-28T14:14:37+00:00","dateModified":"2011-03-29T12:12:09+00:00","author":{"@id":"https:\/\/www.visit-ulcinj.com\/blog\/#\/schema\/person\/dcab619c614d3038751c63bc2aadc06d"},"description":"K\u00cbSHILLI NACIONAL I SHQIPTAR\u00cbVE N\u00cb MALIN E ZI NACIONALNI SAVJET ALBANACA U CRNOJ GORI ALBANIAN\u00a0 NATIONAL COUNCIL IN MONTENEGRO Nr.\u00a0 53\/2011 Ulqin, m\u00eb 26","breadcrumb":{"@id":"https:\/\/www.visit-ulcinj.com\/blog\/2011\/03\/28\/kumtese-per-media-te-keshillit-nacional-te-shqiptareve-ne-malin-e-zi\/#breadcrumb"},"inLanguage":"en-US","potentialAction":[{"@type":"ReadAction","target":["https:\/\/www.visit-ulcinj.com\/blog\/2011\/03\/28\/kumtese-per-media-te-keshillit-nacional-te-shqiptareve-ne-malin-e-zi\/"]}]},{"@type":"BreadcrumbList","@id":"https:\/\/www.visit-ulcinj.com\/blog\/2011\/03\/28\/kumtese-per-media-te-keshillit-nacional-te-shqiptareve-ne-malin-e-zi\/#breadcrumb","itemListElement":[{"@type":"ListItem","position":1,"name":"Kumtes\u00eb p\u00ebr media t\u00eb K\u00ebshillit Nacional t\u00eb Shqiptar\u00ebve n\u00eb Malin e Zi"}]},{"@type":"Person","@id":"https:\/\/www.visit-ulcinj.com\/blog\/#\/schema\/person\/dcab619c614d3038751c63bc2aadc06d","name":"ulqini","sameAs":["http:\/\/www.visit-ulcinj.com"],"url":"https:\/\/www.visit-ulcinj.com\/blog\/author\/admin\/"}]}},"jetpack_featured_media_url":"","jetpack_sharing_enabled":true,"jetpack_shortlink":"https:\/\/wp.me\/pe6lTn-bKQ","_links":{"self":[{"href":"https:\/\/www.visit-ulcinj.com\/blog\/wp-json\/wp\/v2\/posts\/45188"}],"collection":[{"href":"https:\/\/www.visit-ulcinj.com\/blog\/wp-json\/wp\/v2\/posts"}],"about":[{"href":"https:\/\/www.visit-ulcinj.com\/blog\/wp-json\/wp\/v2\/types\/post"}],"author":[{"embeddable":true,"href":"https:\/\/www.visit-ulcinj.com\/blog\/wp-json\/wp\/v2\/users\/1"}],"replies":[{"embeddable":true,"href":"https:\/\/www.visit-ulcinj.com\/blog\/wp-json\/wp\/v2\/comments?post=45188"}],"version-history":[{"count":1,"href":"https:\/\/www.visit-ulcinj.com\/blog\/wp-json\/wp\/v2\/posts\/45188\/revisions"}],"predecessor-version":[{"id":48071,"href":"https:\/\/www.visit-ulcinj.com\/blog\/wp-json\/wp\/v2\/posts\/45188\/revisions\/48071"}],"wp:attachment":[{"href":"https:\/\/www.visit-ulcinj.com\/blog\/wp-json\/wp\/v2\/media?parent=45188"}],"wp:term":[{"taxonomy":"category","embeddable":true,"href":"https:\/\/www.visit-ulcinj.com\/blog\/wp-json\/wp\/v2\/categories?post=45188"},{"taxonomy":"post_tag","embeddable":true,"href":"https:\/\/www.visit-ulcinj.com\/blog\/wp-json\/wp\/v2\/tags?post=45188"}],"curies":[{"name":"wp","href":"https:\/\/api.w.org\/{rel}","templated":true}]}}