{"id":45203,"date":"2011-03-28T15:39:04","date_gmt":"2011-03-28T14:39:04","guid":{"rendered":"http:\/\/www.visit-ulcinj.com\/blog\/?p=45203"},"modified":"2011-04-03T18:01:35","modified_gmt":"2011-04-03T17:01:35","slug":"festa-e-ullirit-atraksion-turistik-ne-ulqin","status":"publish","type":"post","link":"https:\/\/www.visit-ulcinj.com\/blog\/2011\/03\/28\/festa-e-ullirit-atraksion-turistik-ne-ulqin\/","title":{"rendered":"Festa e ullirit, atraksion turistik n\u00eb Ulqin"},"content":{"rendered":"<div id=\"attachment_45204\" style=\"width: 518px\" class=\"wp-caption alignleft\"><a href=\"http:\/\/www.visit-ulcinj.com\/blog\/wp-content\/uploads\/2011\/03\/Festa-e-ullirit-atraksion-turistik-ne-Ulqin.jpg\"><img aria-describedby=\"caption-attachment-45204\" loading=\"lazy\" class=\"size-full wp-image-45204 \" title=\"Festa e ullirit, atraksion turistik ne Ulqin\" src=\"http:\/\/www.visit-ulcinj.com\/blog\/wp-content\/uploads\/2011\/03\/Festa-e-ullirit-atraksion-turistik-ne-Ulqin.jpg\" alt=\"\" width=\"508\" height=\"380\" srcset=\"https:\/\/www.visit-ulcinj.com\/blog\/wp-content\/uploads\/2011\/03\/Festa-e-ullirit-atraksion-turistik-ne-Ulqin.jpg 1000w, https:\/\/www.visit-ulcinj.com\/blog\/wp-content\/uploads\/2011\/03\/Festa-e-ullirit-atraksion-turistik-ne-Ulqin-300x225.jpg 300w\" sizes=\"(max-width: 508px) 100vw, 508px\" \/><\/a><p id=\"caption-attachment-45204\" class=\"wp-caption-text\">FOTO VIJESTI<\/p><\/div>\n<p>Ulqin, 28 mars &#8211; N\u00eb ambientin m\u00eb t\u00eb njohur turistik t\u00eb Ulqinit, Ran\u00eb,fundjav\u00ebn q\u00eb l\u00ebm\u00eb pas, u mbajt Festa e par\u00eb e ullirit n\u00eb k\u00ebt\u00eb qytet, ndon\u00ebse me shekuj njihet si kultivues i spikatur i k\u00ebsaj peme industriale.<\/p>\n<p>Ky manifestim, i organizuar nga komuniteti \u201cQytetet kreative t\u00eb Evrop\u00ebs\u201d, Komun\u00ebn e Ulqinit dhe organizata e t\u00eb rinjve t\u00eb Ulqinit, iu p\u00ebrkushtua gastronomis\u00eb tradicionale ulqinake, t\u00ebrhoqi prodhuesit nga t\u00eb gjitha qytetet e bregdetit t\u00eb Malit t\u00eb Zi, Podgorica dhe Shkodra, njofton KosovaLive. Ata u prezantuan me produktet e tyre, jo vet\u00ebm nga ulliri.<\/p>\n<p>Pa m\u00ebdyshje, n\u00eb k\u00ebt\u00eb panair, si\u00e7 e quajt\u00ebn vet\u00eb pjes\u00ebmarr\u00ebsit, p\u00ebrve\u00e7 gatimeve tradicionale, dominonte vaji i ullirit, por edhe ullinj t\u00eb konservuar, sapun natyror ulliri, i cili ende vazhdon te jet\u00eb i k\u00ebrkuar n\u00eb treg p\u00ebr vetit\u00eb e tij sh\u00ebruese t\u00eb l\u00ebkur\u00ebs dhe kund\u00ebr r\u00ebnive t\u00eb flok\u00ebve.<\/p>\n<p>&#8220;Ky \u00ebsht\u00eb vet\u00ebm fillimi i k\u00ebtij projekti kompleks, edhe nuk dua t\u00eb flas shum\u00eb, dua t\u00eb shijoj e blej derisa jan\u00eb n\u00eb stenda sa m\u00eb shum\u00eb k\u00ebso prodhimesh fantastike \u201c,- u shpreh Carls Landrei, p\u00ebrfaq\u00ebsues i \u201cQyteteve kreative t\u00eb Evrop\u00ebs\u201d.<\/p>\n<p><a href=\"http:\/\/www.visit-ulcinj.com\/blog\/wp-content\/uploads\/2011\/03\/Munib-Abazi.jpg\"><img loading=\"lazy\" class=\"alignleft size-medium wp-image-45205\" title=\"Munib Abazi\" src=\"http:\/\/www.visit-ulcinj.com\/blog\/wp-content\/uploads\/2011\/03\/Munib-Abazi-294x300.jpg\" alt=\"\" width=\"294\" height=\"300\" srcset=\"https:\/\/www.visit-ulcinj.com\/blog\/wp-content\/uploads\/2011\/03\/Munib-Abazi-294x300.jpg 294w, https:\/\/www.visit-ulcinj.com\/blog\/wp-content\/uploads\/2011\/03\/Munib-Abazi.jpg 343w\" sizes=\"(max-width: 294px) 100vw, 294px\" \/><\/a>Nd\u00ebr ekspozuesit ishte edhe fermeri i njohur i dhive nga Ana e Malit, Selatin Gjeloshi. Ai kishte ekspozuar djathin edhe qum\u00ebshtin e dhive. Ai shpjegon se prodhimet e tij jan\u00eb unikale, jo vet\u00ebm me k\u00ebt\u00eb rast n\u00eb Ulqin, por edhe n\u00eb t\u00eb gjitha panairet tjera t\u00eb rajonit, n\u00eb Mal t\u00eb Zi apo Shqip\u00ebri, meq\u00eb vijn\u00eb nga nj\u00eb ambient me mjedis t\u00eb past\u00ebr malor.<\/p>\n<p>Ulqinaku, Munib Abazi, i cili merret tash 3 dekada me turiz\u00ebm, vler\u00ebson se secili manifestim q\u00eb mbahet n\u00eb Ulqin duhet t\u00eb ket\u00eb karakter turistik.<\/p>\n<p>&#8220;Kjo ka nj\u00eb r\u00ebnd\u00ebsi t\u00eb posa\u00e7me p\u00ebr t\u00eb prezantuar vlerat tradicionale dhe moderne n\u00eb m\u00ebnyr\u00ebn m\u00eb origjinale t\u00eb Ulqinit edhe jasht\u00eb tij, sidomos n\u00eb vendet evropiane\u201d,- thot\u00eb Munibi duke theksuar se projektet e k\u00ebtilla duhet t&#8217;i p\u00ebrkrahin e ngrisin n\u00eb nivelin m\u00eb t\u00eb lart\u00eb institucionet lokale, e t\u00eb l\u00ebn\u00eb anash interesat personale dhe grindjet politike.<\/p>\n<p>Nd\u00ebrkaq, bashk\u00ebrenduesja e manifestimit, Leze Lazari vler\u00ebson se Festa e ullirit n\u00eb Ulqin ia ka arritur q\u00ebllimit edhe ajo duhet t\u00eb b\u00ebhet tradicionale.<\/p>\n<p>&nbsp;<\/p>\n<p><strong>KOHA NET<br \/>\n<!--YouTube Error: bad URL entered--><\/strong><\/p>\n","protected":false},"excerpt":{"rendered":"<p>Ulqin, 28 mars &#8211; N\u00eb ambientin m\u00eb t\u00eb njohur turistik t\u00eb Ulqinit, Ran\u00eb,fundjav\u00ebn q\u00eb l\u00ebm\u00eb pas, u mbajt Festa e par\u00eb e ullirit n\u00eb k\u00ebt\u00eb qytet, ndon\u00ebse me shekuj njihet si kultivues i spikatur i k\u00ebsaj peme industriale. Ky manifestim, i organizuar nga komuniteti \u201cQytetet kreative t\u00eb Evrop\u00ebs\u201d, Komun\u00ebn e Ulqinit dhe organizata e t\u00eb [&hellip;]<\/p>\n","protected":false},"author":1,"featured_media":0,"comment_status":"open","ping_status":"closed","sticky":false,"template":"","format":"standard","meta":{"spay_email":"","jetpack_publicize_message":"","jetpack_is_tweetstorm":false,"jetpack_publicize_feature_enabled":true},"categories":[11],"tags":[17885,18],"jetpack_publicize_connections":[],"yoast_head":"<!-- This site is optimized with the Yoast SEO plugin v19.1 - https:\/\/yoast.com\/wordpress\/plugins\/seo\/ -->\n<title>Festa e ullirit, atraksion turistik n\u00eb Ulqin - Lajme nga Ulqini<\/title>\n<meta name=\"description\" content=\"Ulqin, 28 mars - N\u00eb ambientin m\u00eb t\u00eb njohur turistik t\u00eb Ulqinit, Ran\u00eb,fundjav\u00ebn q\u00eb l\u00ebm\u00eb pas, u mbajt Festa e par\u00eb e ullirit n\u00eb k\u00ebt\u00eb qytet, ndon\u00ebse me\" \/>\n<meta name=\"robots\" content=\"index, follow, max-snippet:-1, max-image-preview:large, max-video-preview:-1\" \/>\n<link rel=\"canonical\" href=\"https:\/\/www.visit-ulcinj.com\/blog\/2011\/03\/28\/festa-e-ullirit-atraksion-turistik-ne-ulqin\/\" \/>\n<meta property=\"og:locale\" content=\"en_US\" \/>\n<meta property=\"og:type\" content=\"article\" \/>\n<meta property=\"og:title\" content=\"Festa e ullirit, atraksion turistik n\u00eb Ulqin - Lajme nga Ulqini\" \/>\n<meta property=\"og:description\" content=\"Ulqin, 28 mars - N\u00eb ambientin m\u00eb t\u00eb njohur turistik t\u00eb Ulqinit, Ran\u00eb,fundjav\u00ebn q\u00eb l\u00ebm\u00eb pas, u mbajt Festa e par\u00eb e ullirit n\u00eb k\u00ebt\u00eb qytet, ndon\u00ebse me\" \/>\n<meta property=\"og:url\" content=\"https:\/\/www.visit-ulcinj.com\/blog\/2011\/03\/28\/festa-e-ullirit-atraksion-turistik-ne-ulqin\/\" \/>\n<meta property=\"og:site_name\" content=\"Lajme nga Ulqini\" \/>\n<meta property=\"article:published_time\" content=\"2011-03-28T14:39:04+00:00\" \/>\n<meta property=\"article:modified_time\" content=\"2011-04-03T17:01:35+00:00\" \/>\n<meta property=\"og:image\" content=\"http:\/\/www.visit-ulcinj.com\/blog\/wp-content\/uploads\/2011\/03\/Festa-e-ullirit-atraksion-turistik-ne-Ulqin.jpg\" \/>\n<meta name=\"twitter:label1\" content=\"Written by\" \/>\n\t<meta name=\"twitter:data1\" content=\"ulqini\" \/>\n\t<meta name=\"twitter:label2\" content=\"Est. reading time\" \/>\n\t<meta name=\"twitter:data2\" content=\"2 minutes\" \/>\n<script type=\"application\/ld+json\" class=\"yoast-schema-graph\">{\"@context\":\"https:\/\/schema.org\",\"@graph\":[{\"@type\":\"WebSite\",\"@id\":\"https:\/\/www.visit-ulcinj.com\/blog\/#website\",\"url\":\"https:\/\/www.visit-ulcinj.com\/blog\/\",\"name\":\"Lajme nga Ulqini\",\"description\":\"Lajme,Vijesti,Ulqini,Ulqin,Crna Gora,Mali i Zi\",\"potentialAction\":[{\"@type\":\"SearchAction\",\"target\":{\"@type\":\"EntryPoint\",\"urlTemplate\":\"https:\/\/www.visit-ulcinj.com\/blog\/?s={search_term_string}\"},\"query-input\":\"required name=search_term_string\"}],\"inLanguage\":\"en-US\"},{\"@type\":\"ImageObject\",\"inLanguage\":\"en-US\",\"@id\":\"https:\/\/www.visit-ulcinj.com\/blog\/2011\/03\/28\/festa-e-ullirit-atraksion-turistik-ne-ulqin\/#primaryimage\",\"url\":\"https:\/\/www.visit-ulcinj.com\/blog\/wp-content\/uploads\/2011\/03\/Festa-e-ullirit-atraksion-turistik-ne-Ulqin.jpg\",\"contentUrl\":\"https:\/\/www.visit-ulcinj.com\/blog\/wp-content\/uploads\/2011\/03\/Festa-e-ullirit-atraksion-turistik-ne-Ulqin.jpg\",\"width\":\"1000\",\"height\":\"750\"},{\"@type\":\"WebPage\",\"@id\":\"https:\/\/www.visit-ulcinj.com\/blog\/2011\/03\/28\/festa-e-ullirit-atraksion-turistik-ne-ulqin\/#webpage\",\"url\":\"https:\/\/www.visit-ulcinj.com\/blog\/2011\/03\/28\/festa-e-ullirit-atraksion-turistik-ne-ulqin\/\",\"name\":\"Festa e ullirit, atraksion turistik n\u00eb Ulqin - Lajme nga Ulqini\",\"isPartOf\":{\"@id\":\"https:\/\/www.visit-ulcinj.com\/blog\/#website\"},\"primaryImageOfPage\":{\"@id\":\"https:\/\/www.visit-ulcinj.com\/blog\/2011\/03\/28\/festa-e-ullirit-atraksion-turistik-ne-ulqin\/#primaryimage\"},\"datePublished\":\"2011-03-28T14:39:04+00:00\",\"dateModified\":\"2011-04-03T17:01:35+00:00\",\"author\":{\"@id\":\"https:\/\/www.visit-ulcinj.com\/blog\/#\/schema\/person\/dcab619c614d3038751c63bc2aadc06d\"},\"description\":\"Ulqin, 28 mars - N\u00eb ambientin m\u00eb t\u00eb njohur turistik t\u00eb Ulqinit, Ran\u00eb,fundjav\u00ebn q\u00eb l\u00ebm\u00eb pas, u mbajt Festa e par\u00eb e ullirit n\u00eb k\u00ebt\u00eb qytet, ndon\u00ebse me\",\"breadcrumb\":{\"@id\":\"https:\/\/www.visit-ulcinj.com\/blog\/2011\/03\/28\/festa-e-ullirit-atraksion-turistik-ne-ulqin\/#breadcrumb\"},\"inLanguage\":\"en-US\",\"potentialAction\":[{\"@type\":\"ReadAction\",\"target\":[\"https:\/\/www.visit-ulcinj.com\/blog\/2011\/03\/28\/festa-e-ullirit-atraksion-turistik-ne-ulqin\/\"]}]},{\"@type\":\"BreadcrumbList\",\"@id\":\"https:\/\/www.visit-ulcinj.com\/blog\/2011\/03\/28\/festa-e-ullirit-atraksion-turistik-ne-ulqin\/#breadcrumb\",\"itemListElement\":[{\"@type\":\"ListItem\",\"position\":1,\"name\":\"Festa e ullirit, atraksion turistik n\u00eb Ulqin\"}]},{\"@type\":\"Person\",\"@id\":\"https:\/\/www.visit-ulcinj.com\/blog\/#\/schema\/person\/dcab619c614d3038751c63bc2aadc06d\",\"name\":\"ulqini\",\"sameAs\":[\"http:\/\/www.visit-ulcinj.com\"],\"url\":\"https:\/\/www.visit-ulcinj.com\/blog\/author\/admin\/\"}]}<\/script>\n<!-- \/ Yoast SEO plugin. -->","yoast_head_json":{"title":"Festa e ullirit, atraksion turistik n\u00eb Ulqin - Lajme nga Ulqini","description":"Ulqin, 28 mars - N\u00eb ambientin m\u00eb t\u00eb njohur turistik t\u00eb Ulqinit, Ran\u00eb,fundjav\u00ebn q\u00eb l\u00ebm\u00eb pas, u mbajt Festa e par\u00eb e ullirit n\u00eb k\u00ebt\u00eb qytet, ndon\u00ebse me","robots":{"index":"index","follow":"follow","max-snippet":"max-snippet:-1","max-image-preview":"max-image-preview:large","max-video-preview":"max-video-preview:-1"},"canonical":"https:\/\/www.visit-ulcinj.com\/blog\/2011\/03\/28\/festa-e-ullirit-atraksion-turistik-ne-ulqin\/","og_locale":"en_US","og_type":"article","og_title":"Festa e ullirit, atraksion turistik n\u00eb Ulqin - Lajme nga Ulqini","og_description":"Ulqin, 28 mars - N\u00eb ambientin m\u00eb t\u00eb njohur turistik t\u00eb Ulqinit, Ran\u00eb,fundjav\u00ebn q\u00eb l\u00ebm\u00eb pas, u mbajt Festa e par\u00eb e ullirit n\u00eb k\u00ebt\u00eb qytet, ndon\u00ebse me","og_url":"https:\/\/www.visit-ulcinj.com\/blog\/2011\/03\/28\/festa-e-ullirit-atraksion-turistik-ne-ulqin\/","og_site_name":"Lajme nga Ulqini","article_published_time":"2011-03-28T14:39:04+00:00","article_modified_time":"2011-04-03T17:01:35+00:00","og_image":[{"url":"http:\/\/www.visit-ulcinj.com\/blog\/wp-content\/uploads\/2011\/03\/Festa-e-ullirit-atraksion-turistik-ne-Ulqin.jpg"}],"twitter_misc":{"Written by":"ulqini","Est. reading time":"2 minutes"},"schema":{"@context":"https:\/\/schema.org","@graph":[{"@type":"WebSite","@id":"https:\/\/www.visit-ulcinj.com\/blog\/#website","url":"https:\/\/www.visit-ulcinj.com\/blog\/","name":"Lajme nga Ulqini","description":"Lajme,Vijesti,Ulqini,Ulqin,Crna Gora,Mali i Zi","potentialAction":[{"@type":"SearchAction","target":{"@type":"EntryPoint","urlTemplate":"https:\/\/www.visit-ulcinj.com\/blog\/?s={search_term_string}"},"query-input":"required name=search_term_string"}],"inLanguage":"en-US"},{"@type":"ImageObject","inLanguage":"en-US","@id":"https:\/\/www.visit-ulcinj.com\/blog\/2011\/03\/28\/festa-e-ullirit-atraksion-turistik-ne-ulqin\/#primaryimage","url":"https:\/\/www.visit-ulcinj.com\/blog\/wp-content\/uploads\/2011\/03\/Festa-e-ullirit-atraksion-turistik-ne-Ulqin.jpg","contentUrl":"https:\/\/www.visit-ulcinj.com\/blog\/wp-content\/uploads\/2011\/03\/Festa-e-ullirit-atraksion-turistik-ne-Ulqin.jpg","width":"1000","height":"750"},{"@type":"WebPage","@id":"https:\/\/www.visit-ulcinj.com\/blog\/2011\/03\/28\/festa-e-ullirit-atraksion-turistik-ne-ulqin\/#webpage","url":"https:\/\/www.visit-ulcinj.com\/blog\/2011\/03\/28\/festa-e-ullirit-atraksion-turistik-ne-ulqin\/","name":"Festa e ullirit, atraksion turistik n\u00eb Ulqin - Lajme nga Ulqini","isPartOf":{"@id":"https:\/\/www.visit-ulcinj.com\/blog\/#website"},"primaryImageOfPage":{"@id":"https:\/\/www.visit-ulcinj.com\/blog\/2011\/03\/28\/festa-e-ullirit-atraksion-turistik-ne-ulqin\/#primaryimage"},"datePublished":"2011-03-28T14:39:04+00:00","dateModified":"2011-04-03T17:01:35+00:00","author":{"@id":"https:\/\/www.visit-ulcinj.com\/blog\/#\/schema\/person\/dcab619c614d3038751c63bc2aadc06d"},"description":"Ulqin, 28 mars - N\u00eb ambientin m\u00eb t\u00eb njohur turistik t\u00eb Ulqinit, Ran\u00eb,fundjav\u00ebn q\u00eb l\u00ebm\u00eb pas, u mbajt Festa e par\u00eb e ullirit n\u00eb k\u00ebt\u00eb qytet, ndon\u00ebse me","breadcrumb":{"@id":"https:\/\/www.visit-ulcinj.com\/blog\/2011\/03\/28\/festa-e-ullirit-atraksion-turistik-ne-ulqin\/#breadcrumb"},"inLanguage":"en-US","potentialAction":[{"@type":"ReadAction","target":["https:\/\/www.visit-ulcinj.com\/blog\/2011\/03\/28\/festa-e-ullirit-atraksion-turistik-ne-ulqin\/"]}]},{"@type":"BreadcrumbList","@id":"https:\/\/www.visit-ulcinj.com\/blog\/2011\/03\/28\/festa-e-ullirit-atraksion-turistik-ne-ulqin\/#breadcrumb","itemListElement":[{"@type":"ListItem","position":1,"name":"Festa e ullirit, atraksion turistik n\u00eb Ulqin"}]},{"@type":"Person","@id":"https:\/\/www.visit-ulcinj.com\/blog\/#\/schema\/person\/dcab619c614d3038751c63bc2aadc06d","name":"ulqini","sameAs":["http:\/\/www.visit-ulcinj.com"],"url":"https:\/\/www.visit-ulcinj.com\/blog\/author\/admin\/"}]}},"jetpack_featured_media_url":"","jetpack_sharing_enabled":true,"jetpack_shortlink":"https:\/\/wp.me\/pe6lTn-bL5","_links":{"self":[{"href":"https:\/\/www.visit-ulcinj.com\/blog\/wp-json\/wp\/v2\/posts\/45203"}],"collection":[{"href":"https:\/\/www.visit-ulcinj.com\/blog\/wp-json\/wp\/v2\/posts"}],"about":[{"href":"https:\/\/www.visit-ulcinj.com\/blog\/wp-json\/wp\/v2\/types\/post"}],"author":[{"embeddable":true,"href":"https:\/\/www.visit-ulcinj.com\/blog\/wp-json\/wp\/v2\/users\/1"}],"replies":[{"embeddable":true,"href":"https:\/\/www.visit-ulcinj.com\/blog\/wp-json\/wp\/v2\/comments?post=45203"}],"version-history":[{"count":0,"href":"https:\/\/www.visit-ulcinj.com\/blog\/wp-json\/wp\/v2\/posts\/45203\/revisions"}],"wp:attachment":[{"href":"https:\/\/www.visit-ulcinj.com\/blog\/wp-json\/wp\/v2\/media?parent=45203"}],"wp:term":[{"taxonomy":"category","embeddable":true,"href":"https:\/\/www.visit-ulcinj.com\/blog\/wp-json\/wp\/v2\/categories?post=45203"},{"taxonomy":"post_tag","embeddable":true,"href":"https:\/\/www.visit-ulcinj.com\/blog\/wp-json\/wp\/v2\/tags?post=45203"}],"curies":[{"name":"wp","href":"https:\/\/api.w.org\/{rel}","templated":true}]}}