{"id":45210,"date":"2011-03-28T19:30:14","date_gmt":"2011-03-28T18:30:14","guid":{"rendered":"http:\/\/www.visit-ulcinj.com\/blog\/?p=45210"},"modified":"2011-03-29T08:32:49","modified_gmt":"2011-03-29T07:32:49","slug":"u-mbajt-turneu-xi-nderkombetar-i-karatese-ulqini-open-2011","status":"publish","type":"post","link":"https:\/\/www.visit-ulcinj.com\/blog\/2011\/03\/28\/u-mbajt-turneu-xi-nderkombetar-i-karatese-ulqini-open-2011\/","title":{"rendered":"U mbajt Turneu XI Nd\u00ebrkomb\u00ebtar i Karates\u00eb Ulqini Open 2011"},"content":{"rendered":"<p><strong><a href=\"http:\/\/www.visit-ulcinj.com\/blog\/wp-content\/uploads\/2011\/03\/Turneu-XI-Nderkombetar-i-Karatese-Ulqini-Open-2011_1_.jpg\"><img loading=\"lazy\" class=\"alignleft size-large wp-image-45211\" title=\"Turneu XI Nderkombetar i Karatese Ulqini Open 2011_1_\" src=\"http:\/\/www.visit-ulcinj.com\/blog\/wp-content\/uploads\/2011\/03\/Turneu-XI-Nderkombetar-i-Karatese-Ulqini-Open-2011_1_-1024x682.jpg\" alt=\"\" width=\"508\" height=\"380\" \/><\/a>Turne masovik dhe cil\u00ebsor<\/strong><\/p>\n<p>Ulqin \u2013 Klubi i Karates\u00eb \u201cUlqini\u201d n\u00eb bashk\u00ebpunim\u00a0me Federat\u00ebn e Karates\u00eb s\u00eb Malit\u00a0t\u00eb Zi organizoi t\u00eb diel\u00ebn n\u00eb sall\u00ebn e Shkoll\u00ebs\u00a0s\u00eb Mesme \u201cV\u00ebllaz\u00ebrim Bashkim\u201d n\u00eb Ulqin\u00a0Turneun XI Nd\u00ebrkomb\u00ebtar t\u00eb Karates\u00eb\u00a0\u201cUlqini Open 2011\u201d. Turneu i sivjetsh\u00ebm u\u00a0mbajt p\u00ebr nder t\u00eb ish trajnerit t\u00eb KK \u201cUlqini\u201d,\u00a0Domeniko Beli Elezoviq, nj\u00ebrit prej\u00a0themeluesve t\u00eb k\u00ebtij klubi t\u00eb par\u00eb t\u00eb karates\u00eb\u00a0n\u00eb Ulqin, i cili ka merita t\u00eb m\u00ebdha p\u00ebr\u00a0zhvillimin e sportit t\u00eb karates\u00eb n\u00eb Ulqin.<\/p>\n<p><a href=\"http:\/\/www.visit-ulcinj.com\/blog\/wp-content\/uploads\/2011\/03\/Turneu-XI-Nderkombetar-i-Karatese-Ulqini-Open-2011.jpg\"><img loading=\"lazy\" class=\"alignleft size-large wp-image-45212\" title=\"Turneu XI Nderkombetar i Karatese Ulqini Open 2011,Domeniko Beli Elezovic\" src=\"http:\/\/www.visit-ulcinj.com\/blog\/wp-content\/uploads\/2011\/03\/Turneu-XI-Nderkombetar-i-Karatese-Ulqini-Open-2011-1024x682.jpg\" alt=\"\" width=\"508\" height=\"360\" \/><\/a><\/p>\n<p>N\u00eb turne mor\u00ebn pjes\u00eb 39 klube t\u00eb karates\u00eb\u00a0nga Mali i Zi, Kosova, Shqip\u00ebria, Maqedonia,\u00a0Bosnja e Hercegovina, Kroacia dhe\u00a0Serbia, me gjithsej 719 garues.\u00a0Vendi i par\u00eb n\u00eb renditjen e p\u00ebrgjithshme i\u00a0takoi KK \u201cBuduqnost\u201d nga Podgorica, vendi\u00a0i dyt\u00eb KK \u201cOmlladinac\u201d nga Podgorica\u00a0dhe vendi i tret\u00eb KK \u201cBar\u201d nga Tivari, t\u00eb cil\u00ebt\u00a0u shp\u00ebrblyen me kupa. Garuesja m\u00eb e mir\u00eb\u00a0e Turneut u shpall Anja Joviq nga KK \u201cOmlladinac\u201d,\u00a0nd\u00ebrsa garuesi m\u00eb i mir\u00eb Abdurahim\u00a0Idrizi i KK \u201cForca\u201d nga Shkupi.\u00a0N\u00eb kategorin\u00eb open t\u00eb grupmosh\u00ebs 1993\u00a0e m\u00eb t\u00eb vjet\u00ebr punuan shum\u00eb garues t\u00eb\u00a0njohur, t\u00eb cil\u00ebt u shp\u00ebrblyen me kupa dhe\u00a0t\u00eb holla. Nga radh\u00ebt e djemve, n\u00eb k\u00ebt\u00eb\u00a0kategori, vendi i par\u00eb i takoi Lubisha Mihajloviqit\u00a0nga KK \u201cBuduqnost\u201d nga Podgorica,\u00a0kurse p\u00ebr femra, vendi i par\u00eb i takoi\u00a0Drenushe Merkos s\u00eb KK \u201cDrini\u201d nga Struga.\u00a0Pjes\u00ebmarrja e garuesve m\u00eb t\u00eb mir\u00eb nga klubet\u00a0pjes\u00ebmarr\u00ebse b\u00ebri q\u00eb konkurrenca t\u00eb\u00a0jet\u00eb shum\u00eb e madhe. Nga KK \u201cUlqini\u201d kan\u00eb\u00a0b\u00ebr\u00eb t\u00eb ditur se jan\u00eb shum\u00eb t\u00eb k\u00ebnaqur me\u00a0pjes\u00ebmarrjen e klubeve duke b\u00ebr\u00eb q\u00eb ky t\u00eb\u00a0jet\u00eb nj\u00ebri nd\u00ebr turnet\u00eb m\u00eb masovik\u00eb dhe\u00a0m\u00eb cil\u00ebsor\u00eb n\u00eb vend dhe rajon.\u00a0Garuesit e KK \u201cUlqini\u201d-t, p\u00ebr\u00a0shkak se ishin organizator t\u00eb turneut, nuk\u00a0konkurruan p\u00ebr shp\u00ebrblime.<\/p>\n<p>&nbsp;<\/p>\n<p><strong>Klubi i karates Ulqini<\/strong><\/p>\n<p><strong>\n\t\t<style type=\"text\/css\">\n\t\t\t#gallery-1 {\n\t\t\t\tmargin: auto;\n\t\t\t}\n\t\t\t#gallery-1 .gallery-item {\n\t\t\t\tfloat: left;\n\t\t\t\tmargin-top: 10px;\n\t\t\t\ttext-align: center;\n\t\t\t\twidth: 33%;\n\t\t\t}\n\t\t\t#gallery-1 img {\n\t\t\t\tborder: 2px solid #cfcfcf;\n\t\t\t}\n\t\t\t#gallery-1 .gallery-caption {\n\t\t\t\tmargin-left: 0;\n\t\t\t}\n\t\t\t\/* see gallery_shortcode() in wp-includes\/media.php *\/\n\t\t<\/style>\n\t\t<div id='gallery-1' class='gallery galleryid-45210 gallery-columns-3 gallery-size-thumbnail'><dl class='gallery-item'>\n\t\t\t<dt class='gallery-icon landscape'>\n\t\t\t\t<a href='https:\/\/www.visit-ulcinj.com\/blog\/wp-content\/uploads\/2011\/03\/Turneu-XI-Nderkombetar-i-Karatese-Ulqini-Open-2011_1_.jpg'><img width=\"150\" height=\"150\" src=\"https:\/\/www.visit-ulcinj.com\/blog\/wp-content\/uploads\/2011\/03\/Turneu-XI-Nderkombetar-i-Karatese-Ulqini-Open-2011_1_-150x150.jpg\" class=\"attachment-thumbnail size-thumbnail\" alt=\"\" loading=\"lazy\" \/><\/a>\n\t\t\t<\/dt><\/dl><dl class='gallery-item'>\n\t\t\t<dt class='gallery-icon landscape'>\n\t\t\t\t<a href='https:\/\/www.visit-ulcinj.com\/blog\/wp-content\/uploads\/2011\/03\/Turneu-XI-Nderkombetar-i-Karatese-Ulqini-Open-2011.jpg'><img width=\"150\" height=\"150\" src=\"https:\/\/www.visit-ulcinj.com\/blog\/wp-content\/uploads\/2011\/03\/Turneu-XI-Nderkombetar-i-Karatese-Ulqini-Open-2011-150x150.jpg\" class=\"attachment-thumbnail size-thumbnail\" alt=\"\" loading=\"lazy\" \/><\/a>\n\t\t\t<\/dt><\/dl><dl class='gallery-item'>\n\t\t\t<dt class='gallery-icon landscape'>\n\t\t\t\t<a href='https:\/\/www.visit-ulcinj.com\/blog\/wp-content\/uploads\/2011\/03\/Turneu-XI-Nderkombetar-i-Karatese-Ulqini-Open-2011_2_picnik.jpg'><img width=\"150\" height=\"150\" src=\"https:\/\/www.visit-ulcinj.com\/blog\/wp-content\/uploads\/2011\/03\/Turneu-XI-Nderkombetar-i-Karatese-Ulqini-Open-2011_2_picnik-150x150.jpg\" class=\"attachment-thumbnail size-thumbnail\" alt=\"\" loading=\"lazy\" \/><\/a>\n\t\t\t<\/dt><\/dl><br style=\"clear: both\" \/><dl class='gallery-item'>\n\t\t\t<dt class='gallery-icon landscape'>\n\t\t\t\t<a href='https:\/\/www.visit-ulcinj.com\/blog\/wp-content\/uploads\/2011\/03\/Turneu-XI-Nderkombetar-i-Karatese-Ulqini-Open-2011_3.jpg'><img width=\"150\" height=\"150\" src=\"https:\/\/www.visit-ulcinj.com\/blog\/wp-content\/uploads\/2011\/03\/Turneu-XI-Nderkombetar-i-Karatese-Ulqini-Open-2011_3-150x150.jpg\" class=\"attachment-thumbnail size-thumbnail\" alt=\"\" loading=\"lazy\" \/><\/a>\n\t\t\t<\/dt><\/dl><dl class='gallery-item'>\n\t\t\t<dt class='gallery-icon landscape'>\n\t\t\t\t<a href='https:\/\/www.visit-ulcinj.com\/blog\/wp-content\/uploads\/2011\/03\/Turneu-XI-Nderkombetar-i-Karatese-Ulqini-Open-2011_4.jpg'><img width=\"150\" height=\"150\" src=\"https:\/\/www.visit-ulcinj.com\/blog\/wp-content\/uploads\/2011\/03\/Turneu-XI-Nderkombetar-i-Karatese-Ulqini-Open-2011_4-150x150.jpg\" class=\"attachment-thumbnail size-thumbnail\" alt=\"\" loading=\"lazy\" \/><\/a>\n\t\t\t<\/dt><\/dl><dl class='gallery-item'>\n\t\t\t<dt class='gallery-icon landscape'>\n\t\t\t\t<a href='https:\/\/www.visit-ulcinj.com\/blog\/wp-content\/uploads\/2011\/03\/Turneu-XI-Nderkombetar-i-Karatese-Ulqini-Open-2011_5.jpg'><img width=\"150\" height=\"150\" src=\"https:\/\/www.visit-ulcinj.com\/blog\/wp-content\/uploads\/2011\/03\/Turneu-XI-Nderkombetar-i-Karatese-Ulqini-Open-2011_5-150x150.jpg\" class=\"attachment-thumbnail size-thumbnail\" alt=\"\" loading=\"lazy\" \/><\/a>\n\t\t\t<\/dt><\/dl><br style=\"clear: both\" \/><dl class='gallery-item'>\n\t\t\t<dt class='gallery-icon landscape'>\n\t\t\t\t<a href='https:\/\/www.visit-ulcinj.com\/blog\/wp-content\/uploads\/2011\/03\/Turneu-XI-Nderkombetar-i-Karatese-Ulqini-Open-2011_7_picnik.jpg'><img width=\"150\" height=\"150\" src=\"https:\/\/www.visit-ulcinj.com\/blog\/wp-content\/uploads\/2011\/03\/Turneu-XI-Nderkombetar-i-Karatese-Ulqini-Open-2011_7_picnik-150x150.jpg\" class=\"attachment-thumbnail size-thumbnail\" alt=\"\" loading=\"lazy\" \/><\/a>\n\t\t\t<\/dt><\/dl><dl class='gallery-item'>\n\t\t\t<dt class='gallery-icon landscape'>\n\t\t\t\t<a href='https:\/\/www.visit-ulcinj.com\/blog\/wp-content\/uploads\/2011\/03\/Turneu-XI-Nderkombetar-i-Karatese-Ulqini-Open-2011_10_picnik.jpg'><img width=\"150\" height=\"150\" src=\"https:\/\/www.visit-ulcinj.com\/blog\/wp-content\/uploads\/2011\/03\/Turneu-XI-Nderkombetar-i-Karatese-Ulqini-Open-2011_10_picnik-150x150.jpg\" class=\"attachment-thumbnail size-thumbnail\" alt=\"\" loading=\"lazy\" \/><\/a>\n\t\t\t<\/dt><\/dl><dl class='gallery-item'>\n\t\t\t<dt class='gallery-icon landscape'>\n\t\t\t\t<a href='https:\/\/www.visit-ulcinj.com\/blog\/wp-content\/uploads\/2011\/03\/Turneu-XI-Nderkombetar-i-Karatese-Ulqini-Open-2011_9_picnik.jpg'><img width=\"150\" height=\"150\" src=\"https:\/\/www.visit-ulcinj.com\/blog\/wp-content\/uploads\/2011\/03\/Turneu-XI-Nderkombetar-i-Karatese-Ulqini-Open-2011_9_picnik-150x150.jpg\" class=\"attachment-thumbnail size-thumbnail\" alt=\"\" loading=\"lazy\" \/><\/a>\n\t\t\t<\/dt><\/dl><br style=\"clear: both\" \/>\n\t\t<\/div>\n<br \/>\n<\/strong><\/p>\n<p>&nbsp;<\/p>\n","protected":false},"excerpt":{"rendered":"<p>Turne masovik dhe cil\u00ebsor Ulqin \u2013 Klubi i Karates\u00eb \u201cUlqini\u201d n\u00eb bashk\u00ebpunim\u00a0me Federat\u00ebn e Karates\u00eb s\u00eb Malit\u00a0t\u00eb Zi organizoi t\u00eb diel\u00ebn n\u00eb sall\u00ebn e Shkoll\u00ebs\u00a0s\u00eb Mesme \u201cV\u00ebllaz\u00ebrim Bashkim\u201d n\u00eb Ulqin\u00a0Turneun XI Nd\u00ebrkomb\u00ebtar t\u00eb Karates\u00eb\u00a0\u201cUlqini Open 2011\u201d. Turneu i sivjetsh\u00ebm u\u00a0mbajt p\u00ebr nder t\u00eb ish trajnerit t\u00eb KK \u201cUlqini\u201d,\u00a0Domeniko Beli Elezoviq, nj\u00ebrit prej\u00a0themeluesve t\u00eb k\u00ebtij klubi [&hellip;]<\/p>\n","protected":false},"author":1,"featured_media":0,"comment_status":"open","ping_status":"closed","sticky":false,"template":"","format":"standard","meta":{"spay_email":"","jetpack_publicize_message":"","jetpack_is_tweetstorm":false,"jetpack_publicize_feature_enabled":true},"categories":[3],"tags":[17888,17887,5025,17886],"jetpack_publicize_connections":[],"yoast_head":"<!-- This site is optimized with the Yoast SEO plugin v19.1 - https:\/\/yoast.com\/wordpress\/plugins\/seo\/ -->\n<title>U mbajt Turneu XI Nd\u00ebrkomb\u00ebtar i Karates\u00eb Ulqini Open 2011 - Lajme nga Ulqini<\/title>\n<meta name=\"description\" content=\"Turne masovik dhe cil\u00ebsor Ulqin \u2013 Klubi i Karates\u00eb \u201cUlqini\u201d n\u00eb bashk\u00ebpunim\u00a0me Federat\u00ebn e Karates\u00eb s\u00eb Malit\u00a0t\u00eb Zi organizoi t\u00eb diel\u00ebn n\u00eb sall\u00ebn e\" \/>\n<meta name=\"robots\" content=\"index, follow, max-snippet:-1, max-image-preview:large, max-video-preview:-1\" \/>\n<link rel=\"canonical\" href=\"https:\/\/www.visit-ulcinj.com\/blog\/2011\/03\/28\/u-mbajt-turneu-xi-nderkombetar-i-karatese-ulqini-open-2011\/\" \/>\n<meta property=\"og:locale\" content=\"en_US\" \/>\n<meta property=\"og:type\" content=\"article\" \/>\n<meta property=\"og:title\" content=\"U mbajt Turneu XI Nd\u00ebrkomb\u00ebtar i Karates\u00eb Ulqini Open 2011 - Lajme nga Ulqini\" \/>\n<meta property=\"og:description\" content=\"Turne masovik dhe cil\u00ebsor Ulqin \u2013 Klubi i Karates\u00eb \u201cUlqini\u201d n\u00eb bashk\u00ebpunim\u00a0me Federat\u00ebn e Karates\u00eb s\u00eb Malit\u00a0t\u00eb Zi organizoi t\u00eb diel\u00ebn n\u00eb sall\u00ebn e\" \/>\n<meta property=\"og:url\" content=\"https:\/\/www.visit-ulcinj.com\/blog\/2011\/03\/28\/u-mbajt-turneu-xi-nderkombetar-i-karatese-ulqini-open-2011\/\" \/>\n<meta property=\"og:site_name\" content=\"Lajme nga Ulqini\" \/>\n<meta property=\"article:published_time\" content=\"2011-03-28T18:30:14+00:00\" \/>\n<meta property=\"article:modified_time\" content=\"2011-03-29T07:32:49+00:00\" \/>\n<meta property=\"og:image\" content=\"https:\/\/www.visit-ulcinj.com\/blog\/wp-content\/uploads\/2011\/03\/Turneu-XI-Nderkombetar-i-Karatese-Ulqini-Open-2011_1_-150x150.jpg\" \/>\n<meta name=\"twitter:label1\" content=\"Written by\" \/>\n\t<meta name=\"twitter:data1\" content=\"ulqini\" \/>\n\t<meta name=\"twitter:label2\" content=\"Est. reading time\" \/>\n\t<meta name=\"twitter:data2\" content=\"2 minutes\" \/>\n<script type=\"application\/ld+json\" class=\"yoast-schema-graph\">{\"@context\":\"https:\/\/schema.org\",\"@graph\":[{\"@type\":\"WebSite\",\"@id\":\"https:\/\/www.visit-ulcinj.com\/blog\/#website\",\"url\":\"https:\/\/www.visit-ulcinj.com\/blog\/\",\"name\":\"Lajme nga Ulqini\",\"description\":\"Lajme,Vijesti,Ulqini,Ulqin,Crna Gora,Mali i Zi\",\"potentialAction\":[{\"@type\":\"SearchAction\",\"target\":{\"@type\":\"EntryPoint\",\"urlTemplate\":\"https:\/\/www.visit-ulcinj.com\/blog\/?s={search_term_string}\"},\"query-input\":\"required name=search_term_string\"}],\"inLanguage\":\"en-US\"},{\"@type\":\"ImageObject\",\"inLanguage\":\"en-US\",\"@id\":\"https:\/\/www.visit-ulcinj.com\/blog\/2011\/03\/28\/u-mbajt-turneu-xi-nderkombetar-i-karatese-ulqini-open-2011\/#primaryimage\",\"url\":\"https:\/\/www.visit-ulcinj.com\/blog\/wp-content\/uploads\/2011\/03\/Turneu-XI-Nderkombetar-i-Karatese-Ulqini-Open-2011_1_.jpg\",\"contentUrl\":\"https:\/\/www.visit-ulcinj.com\/blog\/wp-content\/uploads\/2011\/03\/Turneu-XI-Nderkombetar-i-Karatese-Ulqini-Open-2011_1_.jpg\",\"width\":\"1041\",\"height\":\"694\"},{\"@type\":\"WebPage\",\"@id\":\"https:\/\/www.visit-ulcinj.com\/blog\/2011\/03\/28\/u-mbajt-turneu-xi-nderkombetar-i-karatese-ulqini-open-2011\/#webpage\",\"url\":\"https:\/\/www.visit-ulcinj.com\/blog\/2011\/03\/28\/u-mbajt-turneu-xi-nderkombetar-i-karatese-ulqini-open-2011\/\",\"name\":\"U mbajt Turneu XI Nd\u00ebrkomb\u00ebtar i Karates\u00eb Ulqini Open 2011 - Lajme nga Ulqini\",\"isPartOf\":{\"@id\":\"https:\/\/www.visit-ulcinj.com\/blog\/#website\"},\"primaryImageOfPage\":{\"@id\":\"https:\/\/www.visit-ulcinj.com\/blog\/2011\/03\/28\/u-mbajt-turneu-xi-nderkombetar-i-karatese-ulqini-open-2011\/#primaryimage\"},\"datePublished\":\"2011-03-28T18:30:14+00:00\",\"dateModified\":\"2011-03-29T07:32:49+00:00\",\"author\":{\"@id\":\"https:\/\/www.visit-ulcinj.com\/blog\/#\/schema\/person\/dcab619c614d3038751c63bc2aadc06d\"},\"description\":\"Turne masovik dhe cil\u00ebsor Ulqin \u2013 Klubi i Karates\u00eb \u201cUlqini\u201d n\u00eb bashk\u00ebpunim\u00a0me Federat\u00ebn e Karates\u00eb s\u00eb Malit\u00a0t\u00eb Zi organizoi t\u00eb diel\u00ebn n\u00eb sall\u00ebn e\",\"breadcrumb\":{\"@id\":\"https:\/\/www.visit-ulcinj.com\/blog\/2011\/03\/28\/u-mbajt-turneu-xi-nderkombetar-i-karatese-ulqini-open-2011\/#breadcrumb\"},\"inLanguage\":\"en-US\",\"potentialAction\":[{\"@type\":\"ReadAction\",\"target\":[\"https:\/\/www.visit-ulcinj.com\/blog\/2011\/03\/28\/u-mbajt-turneu-xi-nderkombetar-i-karatese-ulqini-open-2011\/\"]}]},{\"@type\":\"BreadcrumbList\",\"@id\":\"https:\/\/www.visit-ulcinj.com\/blog\/2011\/03\/28\/u-mbajt-turneu-xi-nderkombetar-i-karatese-ulqini-open-2011\/#breadcrumb\",\"itemListElement\":[{\"@type\":\"ListItem\",\"position\":1,\"name\":\"U mbajt Turneu XI Nd\u00ebrkomb\u00ebtar i Karates\u00eb Ulqini Open 2011\"}]},{\"@type\":\"Person\",\"@id\":\"https:\/\/www.visit-ulcinj.com\/blog\/#\/schema\/person\/dcab619c614d3038751c63bc2aadc06d\",\"name\":\"ulqini\",\"sameAs\":[\"http:\/\/www.visit-ulcinj.com\"],\"url\":\"https:\/\/www.visit-ulcinj.com\/blog\/author\/admin\/\"}]}<\/script>\n<!-- \/ Yoast SEO plugin. -->","yoast_head_json":{"title":"U mbajt Turneu XI Nd\u00ebrkomb\u00ebtar i Karates\u00eb Ulqini Open 2011 - Lajme nga Ulqini","description":"Turne masovik dhe cil\u00ebsor Ulqin \u2013 Klubi i Karates\u00eb \u201cUlqini\u201d n\u00eb bashk\u00ebpunim\u00a0me Federat\u00ebn e Karates\u00eb s\u00eb Malit\u00a0t\u00eb Zi organizoi t\u00eb diel\u00ebn n\u00eb sall\u00ebn e","robots":{"index":"index","follow":"follow","max-snippet":"max-snippet:-1","max-image-preview":"max-image-preview:large","max-video-preview":"max-video-preview:-1"},"canonical":"https:\/\/www.visit-ulcinj.com\/blog\/2011\/03\/28\/u-mbajt-turneu-xi-nderkombetar-i-karatese-ulqini-open-2011\/","og_locale":"en_US","og_type":"article","og_title":"U mbajt Turneu XI Nd\u00ebrkomb\u00ebtar i Karates\u00eb Ulqini Open 2011 - Lajme nga Ulqini","og_description":"Turne masovik dhe cil\u00ebsor Ulqin \u2013 Klubi i Karates\u00eb \u201cUlqini\u201d n\u00eb bashk\u00ebpunim\u00a0me Federat\u00ebn e Karates\u00eb s\u00eb Malit\u00a0t\u00eb Zi organizoi t\u00eb diel\u00ebn n\u00eb sall\u00ebn e","og_url":"https:\/\/www.visit-ulcinj.com\/blog\/2011\/03\/28\/u-mbajt-turneu-xi-nderkombetar-i-karatese-ulqini-open-2011\/","og_site_name":"Lajme nga Ulqini","article_published_time":"2011-03-28T18:30:14+00:00","article_modified_time":"2011-03-29T07:32:49+00:00","og_image":[{"url":"https:\/\/www.visit-ulcinj.com\/blog\/wp-content\/uploads\/2011\/03\/Turneu-XI-Nderkombetar-i-Karatese-Ulqini-Open-2011_1_-150x150.jpg"}],"twitter_misc":{"Written by":"ulqini","Est. reading time":"2 minutes"},"schema":{"@context":"https:\/\/schema.org","@graph":[{"@type":"WebSite","@id":"https:\/\/www.visit-ulcinj.com\/blog\/#website","url":"https:\/\/www.visit-ulcinj.com\/blog\/","name":"Lajme nga Ulqini","description":"Lajme,Vijesti,Ulqini,Ulqin,Crna Gora,Mali i Zi","potentialAction":[{"@type":"SearchAction","target":{"@type":"EntryPoint","urlTemplate":"https:\/\/www.visit-ulcinj.com\/blog\/?s={search_term_string}"},"query-input":"required name=search_term_string"}],"inLanguage":"en-US"},{"@type":"ImageObject","inLanguage":"en-US","@id":"https:\/\/www.visit-ulcinj.com\/blog\/2011\/03\/28\/u-mbajt-turneu-xi-nderkombetar-i-karatese-ulqini-open-2011\/#primaryimage","url":"https:\/\/www.visit-ulcinj.com\/blog\/wp-content\/uploads\/2011\/03\/Turneu-XI-Nderkombetar-i-Karatese-Ulqini-Open-2011_1_.jpg","contentUrl":"https:\/\/www.visit-ulcinj.com\/blog\/wp-content\/uploads\/2011\/03\/Turneu-XI-Nderkombetar-i-Karatese-Ulqini-Open-2011_1_.jpg","width":"1041","height":"694"},{"@type":"WebPage","@id":"https:\/\/www.visit-ulcinj.com\/blog\/2011\/03\/28\/u-mbajt-turneu-xi-nderkombetar-i-karatese-ulqini-open-2011\/#webpage","url":"https:\/\/www.visit-ulcinj.com\/blog\/2011\/03\/28\/u-mbajt-turneu-xi-nderkombetar-i-karatese-ulqini-open-2011\/","name":"U mbajt Turneu XI Nd\u00ebrkomb\u00ebtar i Karates\u00eb Ulqini Open 2011 - Lajme nga Ulqini","isPartOf":{"@id":"https:\/\/www.visit-ulcinj.com\/blog\/#website"},"primaryImageOfPage":{"@id":"https:\/\/www.visit-ulcinj.com\/blog\/2011\/03\/28\/u-mbajt-turneu-xi-nderkombetar-i-karatese-ulqini-open-2011\/#primaryimage"},"datePublished":"2011-03-28T18:30:14+00:00","dateModified":"2011-03-29T07:32:49+00:00","author":{"@id":"https:\/\/www.visit-ulcinj.com\/blog\/#\/schema\/person\/dcab619c614d3038751c63bc2aadc06d"},"description":"Turne masovik dhe cil\u00ebsor Ulqin \u2013 Klubi i Karates\u00eb \u201cUlqini\u201d n\u00eb bashk\u00ebpunim\u00a0me Federat\u00ebn e Karates\u00eb s\u00eb Malit\u00a0t\u00eb Zi organizoi t\u00eb diel\u00ebn n\u00eb sall\u00ebn e","breadcrumb":{"@id":"https:\/\/www.visit-ulcinj.com\/blog\/2011\/03\/28\/u-mbajt-turneu-xi-nderkombetar-i-karatese-ulqini-open-2011\/#breadcrumb"},"inLanguage":"en-US","potentialAction":[{"@type":"ReadAction","target":["https:\/\/www.visit-ulcinj.com\/blog\/2011\/03\/28\/u-mbajt-turneu-xi-nderkombetar-i-karatese-ulqini-open-2011\/"]}]},{"@type":"BreadcrumbList","@id":"https:\/\/www.visit-ulcinj.com\/blog\/2011\/03\/28\/u-mbajt-turneu-xi-nderkombetar-i-karatese-ulqini-open-2011\/#breadcrumb","itemListElement":[{"@type":"ListItem","position":1,"name":"U mbajt Turneu XI Nd\u00ebrkomb\u00ebtar i Karates\u00eb Ulqini Open 2011"}]},{"@type":"Person","@id":"https:\/\/www.visit-ulcinj.com\/blog\/#\/schema\/person\/dcab619c614d3038751c63bc2aadc06d","name":"ulqini","sameAs":["http:\/\/www.visit-ulcinj.com"],"url":"https:\/\/www.visit-ulcinj.com\/blog\/author\/admin\/"}]}},"jetpack_featured_media_url":"","jetpack_sharing_enabled":true,"jetpack_shortlink":"https:\/\/wp.me\/pe6lTn-bLc","_links":{"self":[{"href":"https:\/\/www.visit-ulcinj.com\/blog\/wp-json\/wp\/v2\/posts\/45210"}],"collection":[{"href":"https:\/\/www.visit-ulcinj.com\/blog\/wp-json\/wp\/v2\/posts"}],"about":[{"href":"https:\/\/www.visit-ulcinj.com\/blog\/wp-json\/wp\/v2\/types\/post"}],"author":[{"embeddable":true,"href":"https:\/\/www.visit-ulcinj.com\/blog\/wp-json\/wp\/v2\/users\/1"}],"replies":[{"embeddable":true,"href":"https:\/\/www.visit-ulcinj.com\/blog\/wp-json\/wp\/v2\/comments?post=45210"}],"version-history":[{"count":0,"href":"https:\/\/www.visit-ulcinj.com\/blog\/wp-json\/wp\/v2\/posts\/45210\/revisions"}],"wp:attachment":[{"href":"https:\/\/www.visit-ulcinj.com\/blog\/wp-json\/wp\/v2\/media?parent=45210"}],"wp:term":[{"taxonomy":"category","embeddable":true,"href":"https:\/\/www.visit-ulcinj.com\/blog\/wp-json\/wp\/v2\/categories?post=45210"},{"taxonomy":"post_tag","embeddable":true,"href":"https:\/\/www.visit-ulcinj.com\/blog\/wp-json\/wp\/v2\/tags?post=45210"}],"curies":[{"name":"wp","href":"https:\/\/api.w.org\/{rel}","templated":true}]}}