{"id":45227,"date":"2011-03-28T20:55:33","date_gmt":"2011-03-28T19:55:33","guid":{"rendered":"http:\/\/www.visit-ulcinj.com\/blog\/?p=45227"},"modified":"2011-03-30T11:00:57","modified_gmt":"2011-03-30T10:00:57","slug":"diskutimi-publik-sipas-projektit-te-planit-te-pdu-fusha-e-ulqinit-ne-ulqin","status":"publish","type":"post","link":"https:\/\/www.visit-ulcinj.com\/blog\/2011\/03\/28\/diskutimi-publik-sipas-projektit-te-planit-te-pdu-fusha-e-ulqinit-ne-ulqin\/","title":{"rendered":"Diskutimi publik sipas Projektit t\u00eb planit t\u00eb PDU &#8211; Fusha e Ulqinit &#8211; n\u00eb Ulqin"},"content":{"rendered":"<p><a href=\"http:\/\/www.visit-ulcinj.com\/blog\/wp-content\/uploads\/2011\/03\/Komuna-Ulqinit-Press.jpg\"><img loading=\"lazy\" class=\"alignleft size-medium wp-image-45228\" title=\"Komuna Ulqinit Press\" src=\"http:\/\/www.visit-ulcinj.com\/blog\/wp-content\/uploads\/2011\/03\/Komuna-Ulqinit-Press-300x240.jpg\" alt=\"\" width=\"300\" height=\"240\" srcset=\"https:\/\/www.visit-ulcinj.com\/blog\/wp-content\/uploads\/2011\/03\/Komuna-Ulqinit-Press-300x240.jpg 300w, https:\/\/www.visit-ulcinj.com\/blog\/wp-content\/uploads\/2011\/03\/Komuna-Ulqinit-Press.jpg 720w\" sizes=\"(max-width: 300px) 100vw, 300px\" \/><\/a>Crna Gora<\/p>\n<p>Mali i Zi<\/p>\n<p><strong>OP\u0160TINA ULCINJ<\/strong><\/p>\n<p><strong>KOMUNA E ULQINIT<\/strong><\/p>\n<p>Sekretariat za urbanizam i ure\u0111enje prostora<\/p>\n<p>Sekretariati p\u00ebr urbaniz\u00ebm dhe rregullim t\u00eb mjedisit<\/p>\n<p>Br.\/Nr. 05-1062\/11<\/p>\n<p>Ulcinj\/Ulqin, 25. 03. 2011<\/p>\n<p>&nbsp;<\/p>\n<p><strong>PROGRAMI I DISKUTIMIT PUBLIK<\/strong><\/p>\n<p><strong>sipas Projektit t\u00eb planit t\u00eb PDU \u201cFusha e Ulqinit\u201d n\u00eb Ulqin<\/strong><\/p>\n<p>&nbsp;<\/p>\n<p>&#8211;\u00a0\u00a0\u00a0\u00a0\u00a0\u00a0\u00a0\u00a0\u00a0 Me Vendimin mbi caktimin e Projektit t\u00eb\u00a0 Planit PDU \u201cFusha e Ulqinit\u201d i nxjerr\u00eb nga ana e Kryetarit t\u00eb Komun\u00ebs, nr. 01-1051\/1-11 i dat\u00ebs 17. 03. 2011 \u00ebsht\u00eb vendosur q\u00eb Projekti i Planit t\u00eb qitet n\u00eb diskutim publik.<\/p>\n<p>&#8211;\u00a0\u00a0\u00a0\u00a0\u00a0\u00a0\u00a0\u00a0\u00a0 Diskutimi publik do t\u00eb zgjas\u00eb 30 dit\u00eb, duke filluar nga data 28. 03. 2011 deri, me dat\u00ebn 27. 04. 2011.<\/p>\n<p>&nbsp;<\/p>\n<h3><a title=\"komuna e ulqinit\" href=\"http:\/\/komunaeulqinit.com\/?p=831\" target=\"_blank\"><strong><strong>Lexo m\u00eb Shum\u00eb &gt;&gt; <\/strong><\/strong><strong>Komuna e Ulqinit<\/strong><\/a><\/h3>\n<p><strong><!--YouTube Error: bad URL entered--><br \/>\n<\/strong><\/p>\n","protected":false},"excerpt":{"rendered":"<p>Crna Gora Mali i Zi OP\u0160TINA ULCINJ KOMUNA E ULQINIT Sekretariat za urbanizam i ure\u0111enje prostora Sekretariati p\u00ebr urbaniz\u00ebm dhe rregullim t\u00eb mjedisit Br.\/Nr. 05-1062\/11 Ulcinj\/Ulqin, 25. 03. 2011 &nbsp; PROGRAMI I DISKUTIMIT PUBLIK sipas Projektit t\u00eb planit t\u00eb PDU \u201cFusha e Ulqinit\u201d n\u00eb Ulqin &nbsp; &#8211;\u00a0\u00a0\u00a0\u00a0\u00a0\u00a0\u00a0\u00a0\u00a0 Me Vendimin mbi caktimin e Projektit t\u00eb\u00a0 Planit [&hellip;]<\/p>\n","protected":false},"author":1,"featured_media":0,"comment_status":"open","ping_status":"closed","sticky":false,"template":"","format":"standard","meta":{"spay_email":"","jetpack_publicize_message":"","jetpack_is_tweetstorm":false,"jetpack_publicize_feature_enabled":true},"categories":[12],"tags":[297,200,18],"jetpack_publicize_connections":[],"yoast_head":"<!-- This site is optimized with the Yoast SEO plugin v19.1 - https:\/\/yoast.com\/wordpress\/plugins\/seo\/ -->\n<title>Diskutimi publik sipas Projektit t\u00eb planit t\u00eb PDU - Fusha e Ulqinit - n\u00eb Ulqin - Lajme nga Ulqini<\/title>\n<meta name=\"description\" content=\"Crna Gora Mali i Zi OP\u0160TINA ULCINJ KOMUNA E ULQINIT Sekretariat za urbanizam i ure\u0111enje prostora Sekretariati p\u00ebr urbaniz\u00ebm dhe rregullim t\u00eb mjedisit\" \/>\n<meta name=\"robots\" content=\"index, follow, max-snippet:-1, max-image-preview:large, max-video-preview:-1\" \/>\n<link rel=\"canonical\" href=\"https:\/\/www.visit-ulcinj.com\/blog\/2011\/03\/28\/diskutimi-publik-sipas-projektit-te-planit-te-pdu-fusha-e-ulqinit-ne-ulqin\/\" \/>\n<meta property=\"og:locale\" content=\"en_US\" \/>\n<meta property=\"og:type\" content=\"article\" \/>\n<meta property=\"og:title\" content=\"Diskutimi publik sipas Projektit t\u00eb planit t\u00eb PDU - Fusha e Ulqinit - n\u00eb Ulqin - Lajme nga Ulqini\" \/>\n<meta property=\"og:description\" content=\"Crna Gora Mali i Zi OP\u0160TINA ULCINJ KOMUNA E ULQINIT Sekretariat za urbanizam i ure\u0111enje prostora Sekretariati p\u00ebr urbaniz\u00ebm dhe rregullim t\u00eb mjedisit\" \/>\n<meta property=\"og:url\" content=\"https:\/\/www.visit-ulcinj.com\/blog\/2011\/03\/28\/diskutimi-publik-sipas-projektit-te-planit-te-pdu-fusha-e-ulqinit-ne-ulqin\/\" \/>\n<meta property=\"og:site_name\" content=\"Lajme nga Ulqini\" \/>\n<meta property=\"article:published_time\" content=\"2011-03-28T19:55:33+00:00\" \/>\n<meta property=\"article:modified_time\" content=\"2011-03-30T10:00:57+00:00\" \/>\n<meta property=\"og:image\" content=\"http:\/\/www.visit-ulcinj.com\/blog\/wp-content\/uploads\/2011\/03\/Komuna-Ulqinit-Press-300x240.jpg\" \/>\n<meta name=\"twitter:label1\" content=\"Written by\" \/>\n\t<meta name=\"twitter:data1\" content=\"ulqini\" \/>\n\t<meta name=\"twitter:label2\" content=\"Est. reading time\" \/>\n\t<meta name=\"twitter:data2\" content=\"1 minute\" \/>\n<script type=\"application\/ld+json\" class=\"yoast-schema-graph\">{\"@context\":\"https:\/\/schema.org\",\"@graph\":[{\"@type\":\"WebSite\",\"@id\":\"https:\/\/www.visit-ulcinj.com\/blog\/#website\",\"url\":\"https:\/\/www.visit-ulcinj.com\/blog\/\",\"name\":\"Lajme nga Ulqini\",\"description\":\"Lajme,Vijesti,Ulqini,Ulqin,Crna Gora,Mali i Zi\",\"potentialAction\":[{\"@type\":\"SearchAction\",\"target\":{\"@type\":\"EntryPoint\",\"urlTemplate\":\"https:\/\/www.visit-ulcinj.com\/blog\/?s={search_term_string}\"},\"query-input\":\"required name=search_term_string\"}],\"inLanguage\":\"en-US\"},{\"@type\":\"ImageObject\",\"inLanguage\":\"en-US\",\"@id\":\"https:\/\/www.visit-ulcinj.com\/blog\/2011\/03\/28\/diskutimi-publik-sipas-projektit-te-planit-te-pdu-fusha-e-ulqinit-ne-ulqin\/#primaryimage\",\"url\":\"https:\/\/www.visit-ulcinj.com\/blog\/wp-content\/uploads\/2011\/03\/Komuna-Ulqinit-Press.jpg\",\"contentUrl\":\"https:\/\/www.visit-ulcinj.com\/blog\/wp-content\/uploads\/2011\/03\/Komuna-Ulqinit-Press.jpg\",\"width\":\"720\",\"height\":\"576\"},{\"@type\":\"WebPage\",\"@id\":\"https:\/\/www.visit-ulcinj.com\/blog\/2011\/03\/28\/diskutimi-publik-sipas-projektit-te-planit-te-pdu-fusha-e-ulqinit-ne-ulqin\/#webpage\",\"url\":\"https:\/\/www.visit-ulcinj.com\/blog\/2011\/03\/28\/diskutimi-publik-sipas-projektit-te-planit-te-pdu-fusha-e-ulqinit-ne-ulqin\/\",\"name\":\"Diskutimi publik sipas Projektit t\u00eb planit t\u00eb PDU - Fusha e Ulqinit - n\u00eb Ulqin - Lajme nga Ulqini\",\"isPartOf\":{\"@id\":\"https:\/\/www.visit-ulcinj.com\/blog\/#website\"},\"primaryImageOfPage\":{\"@id\":\"https:\/\/www.visit-ulcinj.com\/blog\/2011\/03\/28\/diskutimi-publik-sipas-projektit-te-planit-te-pdu-fusha-e-ulqinit-ne-ulqin\/#primaryimage\"},\"datePublished\":\"2011-03-28T19:55:33+00:00\",\"dateModified\":\"2011-03-30T10:00:57+00:00\",\"author\":{\"@id\":\"https:\/\/www.visit-ulcinj.com\/blog\/#\/schema\/person\/dcab619c614d3038751c63bc2aadc06d\"},\"description\":\"Crna Gora Mali i Zi OP\u0160TINA ULCINJ KOMUNA E ULQINIT Sekretariat za urbanizam i ure\u0111enje prostora Sekretariati p\u00ebr urbaniz\u00ebm dhe rregullim t\u00eb mjedisit\",\"breadcrumb\":{\"@id\":\"https:\/\/www.visit-ulcinj.com\/blog\/2011\/03\/28\/diskutimi-publik-sipas-projektit-te-planit-te-pdu-fusha-e-ulqinit-ne-ulqin\/#breadcrumb\"},\"inLanguage\":\"en-US\",\"potentialAction\":[{\"@type\":\"ReadAction\",\"target\":[\"https:\/\/www.visit-ulcinj.com\/blog\/2011\/03\/28\/diskutimi-publik-sipas-projektit-te-planit-te-pdu-fusha-e-ulqinit-ne-ulqin\/\"]}]},{\"@type\":\"BreadcrumbList\",\"@id\":\"https:\/\/www.visit-ulcinj.com\/blog\/2011\/03\/28\/diskutimi-publik-sipas-projektit-te-planit-te-pdu-fusha-e-ulqinit-ne-ulqin\/#breadcrumb\",\"itemListElement\":[{\"@type\":\"ListItem\",\"position\":1,\"name\":\"Diskutimi publik sipas Projektit t\u00eb planit t\u00eb PDU &#8211; Fusha e Ulqinit &#8211; n\u00eb Ulqin\"}]},{\"@type\":\"Person\",\"@id\":\"https:\/\/www.visit-ulcinj.com\/blog\/#\/schema\/person\/dcab619c614d3038751c63bc2aadc06d\",\"name\":\"ulqini\",\"sameAs\":[\"http:\/\/www.visit-ulcinj.com\"],\"url\":\"https:\/\/www.visit-ulcinj.com\/blog\/author\/admin\/\"}]}<\/script>\n<!-- \/ Yoast SEO plugin. -->","yoast_head_json":{"title":"Diskutimi publik sipas Projektit t\u00eb planit t\u00eb PDU - Fusha e Ulqinit - n\u00eb Ulqin - Lajme nga Ulqini","description":"Crna Gora Mali i Zi OP\u0160TINA ULCINJ KOMUNA E ULQINIT Sekretariat za urbanizam i ure\u0111enje prostora Sekretariati p\u00ebr urbaniz\u00ebm dhe rregullim t\u00eb mjedisit","robots":{"index":"index","follow":"follow","max-snippet":"max-snippet:-1","max-image-preview":"max-image-preview:large","max-video-preview":"max-video-preview:-1"},"canonical":"https:\/\/www.visit-ulcinj.com\/blog\/2011\/03\/28\/diskutimi-publik-sipas-projektit-te-planit-te-pdu-fusha-e-ulqinit-ne-ulqin\/","og_locale":"en_US","og_type":"article","og_title":"Diskutimi publik sipas Projektit t\u00eb planit t\u00eb PDU - Fusha e Ulqinit - n\u00eb Ulqin - Lajme nga Ulqini","og_description":"Crna Gora Mali i Zi OP\u0160TINA ULCINJ KOMUNA E ULQINIT Sekretariat za urbanizam i ure\u0111enje prostora Sekretariati p\u00ebr urbaniz\u00ebm dhe rregullim t\u00eb mjedisit","og_url":"https:\/\/www.visit-ulcinj.com\/blog\/2011\/03\/28\/diskutimi-publik-sipas-projektit-te-planit-te-pdu-fusha-e-ulqinit-ne-ulqin\/","og_site_name":"Lajme nga Ulqini","article_published_time":"2011-03-28T19:55:33+00:00","article_modified_time":"2011-03-30T10:00:57+00:00","og_image":[{"url":"http:\/\/www.visit-ulcinj.com\/blog\/wp-content\/uploads\/2011\/03\/Komuna-Ulqinit-Press-300x240.jpg"}],"twitter_misc":{"Written by":"ulqini","Est. reading time":"1 minute"},"schema":{"@context":"https:\/\/schema.org","@graph":[{"@type":"WebSite","@id":"https:\/\/www.visit-ulcinj.com\/blog\/#website","url":"https:\/\/www.visit-ulcinj.com\/blog\/","name":"Lajme nga Ulqini","description":"Lajme,Vijesti,Ulqini,Ulqin,Crna Gora,Mali i Zi","potentialAction":[{"@type":"SearchAction","target":{"@type":"EntryPoint","urlTemplate":"https:\/\/www.visit-ulcinj.com\/blog\/?s={search_term_string}"},"query-input":"required name=search_term_string"}],"inLanguage":"en-US"},{"@type":"ImageObject","inLanguage":"en-US","@id":"https:\/\/www.visit-ulcinj.com\/blog\/2011\/03\/28\/diskutimi-publik-sipas-projektit-te-planit-te-pdu-fusha-e-ulqinit-ne-ulqin\/#primaryimage","url":"https:\/\/www.visit-ulcinj.com\/blog\/wp-content\/uploads\/2011\/03\/Komuna-Ulqinit-Press.jpg","contentUrl":"https:\/\/www.visit-ulcinj.com\/blog\/wp-content\/uploads\/2011\/03\/Komuna-Ulqinit-Press.jpg","width":"720","height":"576"},{"@type":"WebPage","@id":"https:\/\/www.visit-ulcinj.com\/blog\/2011\/03\/28\/diskutimi-publik-sipas-projektit-te-planit-te-pdu-fusha-e-ulqinit-ne-ulqin\/#webpage","url":"https:\/\/www.visit-ulcinj.com\/blog\/2011\/03\/28\/diskutimi-publik-sipas-projektit-te-planit-te-pdu-fusha-e-ulqinit-ne-ulqin\/","name":"Diskutimi publik sipas Projektit t\u00eb planit t\u00eb PDU - Fusha e Ulqinit - n\u00eb Ulqin - Lajme nga Ulqini","isPartOf":{"@id":"https:\/\/www.visit-ulcinj.com\/blog\/#website"},"primaryImageOfPage":{"@id":"https:\/\/www.visit-ulcinj.com\/blog\/2011\/03\/28\/diskutimi-publik-sipas-projektit-te-planit-te-pdu-fusha-e-ulqinit-ne-ulqin\/#primaryimage"},"datePublished":"2011-03-28T19:55:33+00:00","dateModified":"2011-03-30T10:00:57+00:00","author":{"@id":"https:\/\/www.visit-ulcinj.com\/blog\/#\/schema\/person\/dcab619c614d3038751c63bc2aadc06d"},"description":"Crna Gora Mali i Zi OP\u0160TINA ULCINJ KOMUNA E ULQINIT Sekretariat za urbanizam i ure\u0111enje prostora Sekretariati p\u00ebr urbaniz\u00ebm dhe rregullim t\u00eb mjedisit","breadcrumb":{"@id":"https:\/\/www.visit-ulcinj.com\/blog\/2011\/03\/28\/diskutimi-publik-sipas-projektit-te-planit-te-pdu-fusha-e-ulqinit-ne-ulqin\/#breadcrumb"},"inLanguage":"en-US","potentialAction":[{"@type":"ReadAction","target":["https:\/\/www.visit-ulcinj.com\/blog\/2011\/03\/28\/diskutimi-publik-sipas-projektit-te-planit-te-pdu-fusha-e-ulqinit-ne-ulqin\/"]}]},{"@type":"BreadcrumbList","@id":"https:\/\/www.visit-ulcinj.com\/blog\/2011\/03\/28\/diskutimi-publik-sipas-projektit-te-planit-te-pdu-fusha-e-ulqinit-ne-ulqin\/#breadcrumb","itemListElement":[{"@type":"ListItem","position":1,"name":"Diskutimi publik sipas Projektit t\u00eb planit t\u00eb PDU &#8211; Fusha e Ulqinit &#8211; n\u00eb Ulqin"}]},{"@type":"Person","@id":"https:\/\/www.visit-ulcinj.com\/blog\/#\/schema\/person\/dcab619c614d3038751c63bc2aadc06d","name":"ulqini","sameAs":["http:\/\/www.visit-ulcinj.com"],"url":"https:\/\/www.visit-ulcinj.com\/blog\/author\/admin\/"}]}},"jetpack_featured_media_url":"","jetpack_sharing_enabled":true,"jetpack_shortlink":"https:\/\/wp.me\/pe6lTn-bLt","_links":{"self":[{"href":"https:\/\/www.visit-ulcinj.com\/blog\/wp-json\/wp\/v2\/posts\/45227"}],"collection":[{"href":"https:\/\/www.visit-ulcinj.com\/blog\/wp-json\/wp\/v2\/posts"}],"about":[{"href":"https:\/\/www.visit-ulcinj.com\/blog\/wp-json\/wp\/v2\/types\/post"}],"author":[{"embeddable":true,"href":"https:\/\/www.visit-ulcinj.com\/blog\/wp-json\/wp\/v2\/users\/1"}],"replies":[{"embeddable":true,"href":"https:\/\/www.visit-ulcinj.com\/blog\/wp-json\/wp\/v2\/comments?post=45227"}],"version-history":[{"count":0,"href":"https:\/\/www.visit-ulcinj.com\/blog\/wp-json\/wp\/v2\/posts\/45227\/revisions"}],"wp:attachment":[{"href":"https:\/\/www.visit-ulcinj.com\/blog\/wp-json\/wp\/v2\/media?parent=45227"}],"wp:term":[{"taxonomy":"category","embeddable":true,"href":"https:\/\/www.visit-ulcinj.com\/blog\/wp-json\/wp\/v2\/categories?post=45227"},{"taxonomy":"post_tag","embeddable":true,"href":"https:\/\/www.visit-ulcinj.com\/blog\/wp-json\/wp\/v2\/tags?post=45227"}],"curies":[{"name":"wp","href":"https:\/\/api.w.org\/{rel}","templated":true}]}}