{"id":45232,"date":"2011-03-28T21:09:10","date_gmt":"2011-03-28T20:09:10","guid":{"rendered":"http:\/\/www.visit-ulcinj.com\/blog\/?p=45232"},"modified":"2011-03-28T21:11:11","modified_gmt":"2011-03-28T20:11:11","slug":"45232","status":"publish","type":"post","link":"https:\/\/www.visit-ulcinj.com\/blog\/2011\/03\/28\/45232\/","title":{"rendered":"Javna rasprava po Nacrt plana DUP-a &#8211; Ulcinjsko polje &#8211; u Ulcinju"},"content":{"rendered":"<p><a href=\"http:\/\/www.visit-ulcinj.com\/blog\/wp-content\/uploads\/2011\/03\/Opstina-Ulcinj-Press.jpg\"><img loading=\"lazy\" class=\"alignleft size-medium wp-image-45233\" title=\"Opstina Ulcinj Press\" src=\"http:\/\/www.visit-ulcinj.com\/blog\/wp-content\/uploads\/2011\/03\/Opstina-Ulcinj-Press-300x240.jpg\" alt=\"\" width=\"300\" height=\"240\" srcset=\"https:\/\/www.visit-ulcinj.com\/blog\/wp-content\/uploads\/2011\/03\/Opstina-Ulcinj-Press-300x240.jpg 300w, https:\/\/www.visit-ulcinj.com\/blog\/wp-content\/uploads\/2011\/03\/Opstina-Ulcinj-Press.jpg 720w\" sizes=\"(max-width: 300px) 100vw, 300px\" \/><\/a><strong>Crna Gora<\/strong><\/p>\n<p><strong>Mali i Zi<\/strong><\/p>\n<p><strong>OP\u0160TINA ULCINJ<\/strong><\/p>\n<p><strong>KOMUNA E ULQINIT<\/strong><\/p>\n<p>Sekretarijat za urbanizam i uredjenje prostora<\/p>\n<p>Sekretariati p\u00ebr urbaniz\u00ebm dhe rregullim te hapsires<\/p>\n<p>Br.\/ Nr.: 05-1062\/11<\/p>\n<p>Ulcinj \/ Ulqin, 25.03.2011. god.<\/p>\n<p>&nbsp;<\/p>\n<p><strong> <\/strong><\/p>\n<p style=\"text-align: center;\"><strong>PROGRAM JAVNE RASPRAVE <\/strong><\/p>\n<p style=\"text-align: center;\"><strong>po Nacrt plana DUP-a \u201cUlcinjsko polje\u201d u Ulcinju <\/strong><\/p>\n<p><strong> <\/strong><\/p>\n<p><strong> <\/strong><\/p>\n<p>&#8211;\u00a0\u00a0\u00a0\u00a0 Odlukom o utvrdjivanju Nacrt plana DUP-a \u201cUlcinjsko polje\u201d doneta od strane Predsjednika Op\u0161tine, br. 01-1051\/1-11 od 17.03.2011 god. odlu\u010deno je da se Nacrt plan stavi na javnu raspravu.<\/p>\n<p>&#8211;\u00a0\u00a0\u00a0\u00a0 Javna rasprava Nacrt plana traja\u0107e 30 dan, po\u010dev od 28.03.2011 god. do 27.04.2011 godine.<\/p>\n<p>&#8211;\u00a0\u00a0\u00a0\u00a0 Prezentacija Nacrt plana radi javnog uvida zainteresovanih bi\u0107e u maloj sali zgrade Op\u0161tine Ulcinj, na I spratu.<\/p>\n<p>&nbsp;<\/p>\n<h3><a title=\"Opstina Ulcinj\" href=\"http:\/\/www.opstinaulcinj.com\/?p=671\" target=\"_blank\"><strong>Pro\u010ditaj vijest do kraja &gt;&gt; <\/strong>Op\u0161tine Ulcinj<\/a><\/h3>\n<!--YouTube Error: bad URL entered-->\n","protected":false},"excerpt":{"rendered":"<p>Crna Gora Mali i Zi OP\u0160TINA ULCINJ KOMUNA E ULQINIT Sekretarijat za urbanizam i uredjenje prostora Sekretariati p\u00ebr urbaniz\u00ebm dhe rregullim te hapsires Br.\/ Nr.: 05-1062\/11 Ulcinj \/ Ulqin, 25.03.2011. god. &nbsp; PROGRAM JAVNE RASPRAVE po Nacrt plana DUP-a \u201cUlcinjsko polje\u201d u Ulcinju &#8211;\u00a0\u00a0\u00a0\u00a0 Odlukom o utvrdjivanju Nacrt plana DUP-a \u201cUlcinjsko polje\u201d doneta od strane [&hellip;]<\/p>\n","protected":false},"author":1,"featured_media":0,"comment_status":"open","ping_status":"closed","sticky":false,"template":"","format":"standard","meta":{"spay_email":"","jetpack_publicize_message":"","jetpack_is_tweetstorm":false,"jetpack_publicize_feature_enabled":true},"categories":[8337],"tags":[20,264,19],"jetpack_publicize_connections":[],"yoast_head":"<!-- This site is optimized with the Yoast SEO plugin v19.1 - https:\/\/yoast.com\/wordpress\/plugins\/seo\/ -->\n<title>Javna rasprava po Nacrt plana DUP-a - Ulcinjsko polje - u Ulcinju - Lajme nga Ulqini<\/title>\n<meta name=\"description\" content=\"Crna Gora Mali i Zi OP\u0160TINA ULCINJ KOMUNA E ULQINIT Sekretarijat za urbanizam i uredjenje prostora Sekretariati p\u00ebr urbaniz\u00ebm dhe rregullim te hapsires\" \/>\n<meta name=\"robots\" content=\"index, follow, max-snippet:-1, max-image-preview:large, max-video-preview:-1\" \/>\n<link rel=\"canonical\" href=\"https:\/\/www.visit-ulcinj.com\/blog\/2011\/03\/28\/45232\/\" \/>\n<meta property=\"og:locale\" content=\"en_US\" \/>\n<meta property=\"og:type\" content=\"article\" \/>\n<meta property=\"og:title\" content=\"Javna rasprava po Nacrt plana DUP-a - Ulcinjsko polje - u Ulcinju - Lajme nga Ulqini\" \/>\n<meta property=\"og:description\" content=\"Crna Gora Mali i Zi OP\u0160TINA ULCINJ KOMUNA E ULQINIT Sekretarijat za urbanizam i uredjenje prostora Sekretariati p\u00ebr urbaniz\u00ebm dhe rregullim te hapsires\" \/>\n<meta property=\"og:url\" content=\"https:\/\/www.visit-ulcinj.com\/blog\/2011\/03\/28\/45232\/\" \/>\n<meta property=\"og:site_name\" content=\"Lajme nga Ulqini\" \/>\n<meta property=\"article:published_time\" content=\"2011-03-28T20:09:10+00:00\" \/>\n<meta property=\"article:modified_time\" content=\"2011-03-28T20:11:11+00:00\" \/>\n<meta property=\"og:image\" content=\"http:\/\/www.visit-ulcinj.com\/blog\/wp-content\/uploads\/2011\/03\/Opstina-Ulcinj-Press-300x240.jpg\" \/>\n<meta name=\"twitter:label1\" content=\"Written by\" \/>\n\t<meta name=\"twitter:data1\" content=\"ulqini\" \/>\n\t<meta name=\"twitter:label2\" content=\"Est. reading time\" \/>\n\t<meta name=\"twitter:data2\" content=\"1 minute\" \/>\n<script type=\"application\/ld+json\" class=\"yoast-schema-graph\">{\"@context\":\"https:\/\/schema.org\",\"@graph\":[{\"@type\":\"WebSite\",\"@id\":\"https:\/\/www.visit-ulcinj.com\/blog\/#website\",\"url\":\"https:\/\/www.visit-ulcinj.com\/blog\/\",\"name\":\"Lajme nga Ulqini\",\"description\":\"Lajme,Vijesti,Ulqini,Ulqin,Crna Gora,Mali i Zi\",\"potentialAction\":[{\"@type\":\"SearchAction\",\"target\":{\"@type\":\"EntryPoint\",\"urlTemplate\":\"https:\/\/www.visit-ulcinj.com\/blog\/?s={search_term_string}\"},\"query-input\":\"required name=search_term_string\"}],\"inLanguage\":\"en-US\"},{\"@type\":\"ImageObject\",\"inLanguage\":\"en-US\",\"@id\":\"https:\/\/www.visit-ulcinj.com\/blog\/2011\/03\/28\/45232\/#primaryimage\",\"url\":\"https:\/\/www.visit-ulcinj.com\/blog\/wp-content\/uploads\/2011\/03\/Opstina-Ulcinj-Press.jpg\",\"contentUrl\":\"https:\/\/www.visit-ulcinj.com\/blog\/wp-content\/uploads\/2011\/03\/Opstina-Ulcinj-Press.jpg\",\"width\":\"720\",\"height\":\"576\"},{\"@type\":\"WebPage\",\"@id\":\"https:\/\/www.visit-ulcinj.com\/blog\/2011\/03\/28\/45232\/#webpage\",\"url\":\"https:\/\/www.visit-ulcinj.com\/blog\/2011\/03\/28\/45232\/\",\"name\":\"Javna rasprava po Nacrt plana DUP-a - Ulcinjsko polje - u Ulcinju - Lajme nga Ulqini\",\"isPartOf\":{\"@id\":\"https:\/\/www.visit-ulcinj.com\/blog\/#website\"},\"primaryImageOfPage\":{\"@id\":\"https:\/\/www.visit-ulcinj.com\/blog\/2011\/03\/28\/45232\/#primaryimage\"},\"datePublished\":\"2011-03-28T20:09:10+00:00\",\"dateModified\":\"2011-03-28T20:11:11+00:00\",\"author\":{\"@id\":\"https:\/\/www.visit-ulcinj.com\/blog\/#\/schema\/person\/dcab619c614d3038751c63bc2aadc06d\"},\"description\":\"Crna Gora Mali i Zi OP\u0160TINA ULCINJ KOMUNA E ULQINIT Sekretarijat za urbanizam i uredjenje prostora Sekretariati p\u00ebr urbaniz\u00ebm dhe rregullim te hapsires\",\"breadcrumb\":{\"@id\":\"https:\/\/www.visit-ulcinj.com\/blog\/2011\/03\/28\/45232\/#breadcrumb\"},\"inLanguage\":\"en-US\",\"potentialAction\":[{\"@type\":\"ReadAction\",\"target\":[\"https:\/\/www.visit-ulcinj.com\/blog\/2011\/03\/28\/45232\/\"]}]},{\"@type\":\"BreadcrumbList\",\"@id\":\"https:\/\/www.visit-ulcinj.com\/blog\/2011\/03\/28\/45232\/#breadcrumb\",\"itemListElement\":[{\"@type\":\"ListItem\",\"position\":1,\"name\":\"Javna rasprava po Nacrt plana DUP-a &#8211; Ulcinjsko polje &#8211; u Ulcinju\"}]},{\"@type\":\"Person\",\"@id\":\"https:\/\/www.visit-ulcinj.com\/blog\/#\/schema\/person\/dcab619c614d3038751c63bc2aadc06d\",\"name\":\"ulqini\",\"sameAs\":[\"http:\/\/www.visit-ulcinj.com\"],\"url\":\"https:\/\/www.visit-ulcinj.com\/blog\/author\/admin\/\"}]}<\/script>\n<!-- \/ Yoast SEO plugin. -->","yoast_head_json":{"title":"Javna rasprava po Nacrt plana DUP-a - Ulcinjsko polje - u Ulcinju - Lajme nga Ulqini","description":"Crna Gora Mali i Zi OP\u0160TINA ULCINJ KOMUNA E ULQINIT Sekretarijat za urbanizam i uredjenje prostora Sekretariati p\u00ebr urbaniz\u00ebm dhe rregullim te hapsires","robots":{"index":"index","follow":"follow","max-snippet":"max-snippet:-1","max-image-preview":"max-image-preview:large","max-video-preview":"max-video-preview:-1"},"canonical":"https:\/\/www.visit-ulcinj.com\/blog\/2011\/03\/28\/45232\/","og_locale":"en_US","og_type":"article","og_title":"Javna rasprava po Nacrt plana DUP-a - Ulcinjsko polje - u Ulcinju - Lajme nga Ulqini","og_description":"Crna Gora Mali i Zi OP\u0160TINA ULCINJ KOMUNA E ULQINIT Sekretarijat za urbanizam i uredjenje prostora Sekretariati p\u00ebr urbaniz\u00ebm dhe rregullim te hapsires","og_url":"https:\/\/www.visit-ulcinj.com\/blog\/2011\/03\/28\/45232\/","og_site_name":"Lajme nga Ulqini","article_published_time":"2011-03-28T20:09:10+00:00","article_modified_time":"2011-03-28T20:11:11+00:00","og_image":[{"url":"http:\/\/www.visit-ulcinj.com\/blog\/wp-content\/uploads\/2011\/03\/Opstina-Ulcinj-Press-300x240.jpg"}],"twitter_misc":{"Written by":"ulqini","Est. reading time":"1 minute"},"schema":{"@context":"https:\/\/schema.org","@graph":[{"@type":"WebSite","@id":"https:\/\/www.visit-ulcinj.com\/blog\/#website","url":"https:\/\/www.visit-ulcinj.com\/blog\/","name":"Lajme nga Ulqini","description":"Lajme,Vijesti,Ulqini,Ulqin,Crna Gora,Mali i Zi","potentialAction":[{"@type":"SearchAction","target":{"@type":"EntryPoint","urlTemplate":"https:\/\/www.visit-ulcinj.com\/blog\/?s={search_term_string}"},"query-input":"required name=search_term_string"}],"inLanguage":"en-US"},{"@type":"ImageObject","inLanguage":"en-US","@id":"https:\/\/www.visit-ulcinj.com\/blog\/2011\/03\/28\/45232\/#primaryimage","url":"https:\/\/www.visit-ulcinj.com\/blog\/wp-content\/uploads\/2011\/03\/Opstina-Ulcinj-Press.jpg","contentUrl":"https:\/\/www.visit-ulcinj.com\/blog\/wp-content\/uploads\/2011\/03\/Opstina-Ulcinj-Press.jpg","width":"720","height":"576"},{"@type":"WebPage","@id":"https:\/\/www.visit-ulcinj.com\/blog\/2011\/03\/28\/45232\/#webpage","url":"https:\/\/www.visit-ulcinj.com\/blog\/2011\/03\/28\/45232\/","name":"Javna rasprava po Nacrt plana DUP-a - Ulcinjsko polje - u Ulcinju - Lajme nga Ulqini","isPartOf":{"@id":"https:\/\/www.visit-ulcinj.com\/blog\/#website"},"primaryImageOfPage":{"@id":"https:\/\/www.visit-ulcinj.com\/blog\/2011\/03\/28\/45232\/#primaryimage"},"datePublished":"2011-03-28T20:09:10+00:00","dateModified":"2011-03-28T20:11:11+00:00","author":{"@id":"https:\/\/www.visit-ulcinj.com\/blog\/#\/schema\/person\/dcab619c614d3038751c63bc2aadc06d"},"description":"Crna Gora Mali i Zi OP\u0160TINA ULCINJ KOMUNA E ULQINIT Sekretarijat za urbanizam i uredjenje prostora Sekretariati p\u00ebr urbaniz\u00ebm dhe rregullim te hapsires","breadcrumb":{"@id":"https:\/\/www.visit-ulcinj.com\/blog\/2011\/03\/28\/45232\/#breadcrumb"},"inLanguage":"en-US","potentialAction":[{"@type":"ReadAction","target":["https:\/\/www.visit-ulcinj.com\/blog\/2011\/03\/28\/45232\/"]}]},{"@type":"BreadcrumbList","@id":"https:\/\/www.visit-ulcinj.com\/blog\/2011\/03\/28\/45232\/#breadcrumb","itemListElement":[{"@type":"ListItem","position":1,"name":"Javna rasprava po Nacrt plana DUP-a &#8211; Ulcinjsko polje &#8211; u Ulcinju"}]},{"@type":"Person","@id":"https:\/\/www.visit-ulcinj.com\/blog\/#\/schema\/person\/dcab619c614d3038751c63bc2aadc06d","name":"ulqini","sameAs":["http:\/\/www.visit-ulcinj.com"],"url":"https:\/\/www.visit-ulcinj.com\/blog\/author\/admin\/"}]}},"jetpack_featured_media_url":"","jetpack_sharing_enabled":true,"jetpack_shortlink":"https:\/\/wp.me\/se6lTn-45232","_links":{"self":[{"href":"https:\/\/www.visit-ulcinj.com\/blog\/wp-json\/wp\/v2\/posts\/45232"}],"collection":[{"href":"https:\/\/www.visit-ulcinj.com\/blog\/wp-json\/wp\/v2\/posts"}],"about":[{"href":"https:\/\/www.visit-ulcinj.com\/blog\/wp-json\/wp\/v2\/types\/post"}],"author":[{"embeddable":true,"href":"https:\/\/www.visit-ulcinj.com\/blog\/wp-json\/wp\/v2\/users\/1"}],"replies":[{"embeddable":true,"href":"https:\/\/www.visit-ulcinj.com\/blog\/wp-json\/wp\/v2\/comments?post=45232"}],"version-history":[{"count":0,"href":"https:\/\/www.visit-ulcinj.com\/blog\/wp-json\/wp\/v2\/posts\/45232\/revisions"}],"wp:attachment":[{"href":"https:\/\/www.visit-ulcinj.com\/blog\/wp-json\/wp\/v2\/media?parent=45232"}],"wp:term":[{"taxonomy":"category","embeddable":true,"href":"https:\/\/www.visit-ulcinj.com\/blog\/wp-json\/wp\/v2\/categories?post=45232"},{"taxonomy":"post_tag","embeddable":true,"href":"https:\/\/www.visit-ulcinj.com\/blog\/wp-json\/wp\/v2\/tags?post=45232"}],"curies":[{"name":"wp","href":"https:\/\/api.w.org\/{rel}","templated":true}]}}